{"id":17194,"date":"2023-02-14T17:56:41","date_gmt":"2023-02-14T17:56:41","guid":{"rendered":"https:\/\/www.africa-press.net\/togo\/politique\/suspension-du-togo-de-litie-au-rapport-de-la-cour-des-comptes-sur-les-fonds-covid-entre-gestion-opaque-et-caporalisation-des-institutions"},"modified":"2023-02-15T02:12:17","modified_gmt":"2023-02-15T02:12:17","slug":"suspension-du-togo-de-litie-au-rapport-de-la-cour-des-comptes-sur-les-fonds-covid-entre-gestion-opaque-et-caporalisation-des-institutions","status":"publish","type":"post","link":"https:\/\/www.africa-press.net\/togo\/politique\/suspension-du-togo-de-litie-au-rapport-de-la-cour-des-comptes-sur-les-fonds-covid-entre-gestion-opaque-et-caporalisation-des-institutions","title":{"rendered":"Suspension du Togo de l\u2019ITIE au rapport de la Cour des Comptes sur les fonds covid : Entre gestion opaque et caporalisation des institutions"},"content":{"rendered":"<p><span style=\"color: #ff6600\"><strong>Africa-Press &#8211; Togo. <\/strong><\/span>Le Togo ne fait plus partie de de l\u2019Initiative pour la transparence dans les industries extractives (ITIE). Le Conseil d\u2019administration de cette organisation internationale charge\u0301e d\u2019e\u0301valuer dans quelle mesure les revenus des ressources pe\u0301trolie\u0300res, gazie\u0300res et mine\u0301rales d\u2019un pays sont ge\u0301re\u0301es de manie\u0300re transparente, reproche au Togo la non publication des rapports de l\u2019exercice fiscal de 2020.<\/p>\n<p>\u00ab Le Togo ne peut pas pre\u0301tendre a\u0300 une prorogation de l\u2019e\u0301che\u0301ance de rapportage pour l\u2019exercice fiscal du 1er janvier 2020 au 31 de\u0301cembre 2020.<\/p>\n<p>L\u2019e\u0301che\u0301ance de publication du rapport en suspens demeure le 31 de\u0301cembre 2022\u00bb, a estime\u0301 le Conseil d\u2019Administration de l\u2019ITIE dans sa de\u0301cision rendue publique le 1er fe\u0301vrier 2023.<\/p>\n<p>Me\u0302me si la sanction sera \u00ab automatiquement leve\u0301e si le rapport est publie\u0301 dans les 6 mois suivant la date limite de rapportage \u00bb, comme l\u2019a pre\u0301cise\u0301 les responsables de l\u2019ITIE, cette ubuesque situation que le Togo a bien cherche\u0301e ne fait d\u2019ailleurs que confirmer la gestion opaque de ses dirigeants quant aux richesses du pays depuis des de\u0301cennies.<\/p>\n<p>C\u2019est la 2e\u0300me fois en dix ans que le Togo est suspendu de l\u2019ITIE apre\u0300s 2019. Une gestion caracte\u0301ristique d\u2019un Togo aux mains d\u2019une minorite\u0301 pilleuse.<\/p>\n<p>Des gens se croyant de\u0301positaires d\u2019un pouvoir que nul ne saurait leur disputer, parce que tombe\u0301 du ciel, ont mieux a\u0300 faire que de rendre compte au peuple de la fac\u0327on dont les ressources pe\u0301trolie\u0300res, gazie\u0300res et mine\u0301rales du pays sont ge\u0301re\u0301es.<\/p>\n<p>L\u2019audit ope\u0301re\u0301 par la cour des comptes au sujet de la gestion des fonds de la covid 19, avec les re\u0301sultats que l\u2019on sait et de\u0301plore, est la preuve que bien des secteurs, a fortiori ceux des industries extractives, me\u0301ritent de se\u0301rieux coups de sulfateuse.<\/p>\n<p>A cette gestion digne d\u2019une taverne de seconde zone, s\u2019ajoute une caporalisation des institutions savamment mise en place pour remplir les poches de\u0301ja\u0300 bien pleines d\u2019une minorite\u0301 pilleuse qui, telle une sangsue, en veut toujours plus. Les Togolais ont l\u2019habitude. Triste<\/p>\n<p><strong>Pour plus d&rsquo;informations et d&rsquo;analyses sur la <a href=\"https:\/\/www.africa-press.net\/togo\">Togo<\/a>, suivez <a href=\"https:\/\/www.africa-press.net\/\">Africa-Press<\/a><\/strong><\/p>\n","protected":false},"excerpt":{"rendered":"<p>Africa-Press &#8211; Togo. Le Togo ne fait plus partie de de l\u2019Initiative pour la transparence dans les industries extractives (ITIE). Le Conseil d\u2019administration de cette organisation internationale charge\u0301e d\u2019e\u0301valuer dans quelle mesure les revenus des ressources pe\u0301trolie\u0300res, gazie\u0300res et mine\u0301rales d\u2019un pays sont ge\u0301re\u0301es de manie\u0300re transparente, reproche au Togo la non publication des rapports [&hellip;]<\/p>\n","protected":false},"author":82,"featured_media":17193,"comment_status":"open","ping_status":"closed","sticky":false,"template":"","format":"standard","meta":{"footnotes":""},"categories":[2,10],"tags":[36,49,50],"class_list":["post-17194","post","type-post","status-publish","format-standard","has-post-thumbnail","hentry","category-politique","category-toutes-les-actualites","tag-africa-press","tag-africa-press-togo","tag-togo"],"yoast_head":"<!-- This site is optimized with the Yoast SEO Premium plugin v26.1 (Yoast SEO v27.0) - https:\/\/yoast.com\/product\/yoast-seo-premium-wordpress\/ -->\n<title>Suspension du Togo de l\u2019ITIE au rapport de la Cour des Comptes sur les fonds covid : Entre gestion opaque et caporalisation des institutions - Togo<\/title>\n<meta name=\"description\" content=\"Le Togo ne fait plus partie de de l\u2019Initiative pour la transparence dans les industries extractives (ITIE). Le Conseil d ...\" \/>\n<meta name=\"robots\" content=\"index, follow, max-snippet:-1, max-image-preview:large, max-video-preview:-1\" \/>\n<link rel=\"canonical\" href=\"https:\/\/www.africa-press.net\/togo\/politique\/suspension-du-togo-de-litie-au-rapport-de-la-cour-des-comptes-sur-les-fonds-covid-entre-gestion-opaque-et-caporalisation-des-institutions\" \/>\n<meta property=\"og:locale\" content=\"fr_FR\" \/>\n<meta property=\"og:type\" content=\"article\" \/>\n<meta property=\"og:title\" content=\"Suspension du Togo de l\u2019ITIE au rapport de la Cour des Comptes sur les fonds covid : Entre gestion opaque et caporalisation des institutions\" \/>\n<meta property=\"og:description\" content=\"Le Togo ne fait plus partie de de l\u2019Initiative pour la transparence dans les industries extractives (ITIE). Le Conseil d ...\" \/>\n<meta property=\"og:url\" content=\"https:\/\/www.africa-press.net\/togo\/politique\/suspension-du-togo-de-litie-au-rapport-de-la-cour-des-comptes-sur-les-fonds-covid-entre-gestion-opaque-et-caporalisation-des-institutions\" \/>\n<meta property=\"og:site_name\" content=\"Togo\" \/>\n<meta property=\"article:published_time\" content=\"2023-02-14T17:56:41+00:00\" \/>\n<meta property=\"article:modified_time\" content=\"2023-02-15T02:12:17+00:00\" \/>\n<meta property=\"og:image\" content=\"https:\/\/static.africa-press.net\/togo\/sites\/58\/2023\/02\/postQueueImg_1676384808.32.jpg\" \/>\n\t<meta property=\"og:image:width\" content=\"720\" \/>\n\t<meta property=\"og:image:height\" content=\"479\" \/>\n\t<meta property=\"og:image:type\" content=\"image\/jpeg\" \/>\n<meta name=\"author\" content=\"cfeditorfr\" \/>\n<meta name=\"twitter:card\" content=\"summary_large_image\" \/>\n<meta name=\"twitter:label1\" content=\"\u00c9crit par\" \/>\n\t<meta name=\"twitter:data1\" content=\"cfeditorfr\" \/>\n\t<meta name=\"twitter:label2\" content=\"Dur\u00e9e de lecture estim\u00e9e\" \/>\n\t<meta name=\"twitter:data2\" content=\"2 minutes\" \/>\n<script type=\"application\/ld+json\" class=\"yoast-schema-graph\">{\"@context\":\"https:\/\/schema.org\",\"@graph\":[{\"@type\":\"Article\",\"@id\":\"https:\/\/www.africa-press.net\/togo\/politique\/suspension-du-togo-de-litie-au-rapport-de-la-cour-des-comptes-sur-les-fonds-covid-entre-gestion-opaque-et-caporalisation-des-institutions#article\",\"isPartOf\":{\"@id\":\"https:\/\/www.africa-press.net\/togo\/politique\/suspension-du-togo-de-litie-au-rapport-de-la-cour-des-comptes-sur-les-fonds-covid-entre-gestion-opaque-et-caporalisation-des-institutions\"},\"author\":{\"name\":\"cfeditorfr\",\"@id\":\"https:\/\/www.africa-press.net\/togo\/#\/schema\/person\/2b1cf3cd81a31e3cd26889ca66d677f1\"},\"headline\":\"Suspension du Togo de l\u2019ITIE au rapport de la Cour des Comptes sur les fonds covid : Entre gestion opaque et caporalisation des institutions\",\"datePublished\":\"2023-02-14T17:56:41+00:00\",\"dateModified\":\"2023-02-15T02:12:17+00:00\",\"mainEntityOfPage\":{\"@id\":\"https:\/\/www.africa-press.net\/togo\/politique\/suspension-du-togo-de-litie-au-rapport-de-la-cour-des-comptes-sur-les-fonds-covid-entre-gestion-opaque-et-caporalisation-des-institutions\"},\"wordCount\":413,\"commentCount\":0,\"image\":{\"@id\":\"https:\/\/www.africa-press.net\/togo\/politique\/suspension-du-togo-de-litie-au-rapport-de-la-cour-des-comptes-sur-les-fonds-covid-entre-gestion-opaque-et-caporalisation-des-institutions#primaryimage\"},\"thumbnailUrl\":\"https:\/\/static.africa-press.net\/togo\/sites\/58\/2023\/02\/postQueueImg_1676384808.32.jpg\",\"keywords\":[\"Africa Press\",\"Africa Press-Togo\",\"Togo\"],\"articleSection\":[\"Politique\",\"Toutes les actualit\u00e9s\"],\"inLanguage\":\"fr-FR\",\"potentialAction\":[{\"@type\":\"CommentAction\",\"name\":\"Comment\",\"target\":[\"https:\/\/www.africa-press.net\/togo\/politique\/suspension-du-togo-de-litie-au-rapport-de-la-cour-des-comptes-sur-les-fonds-covid-entre-gestion-opaque-et-caporalisation-des-institutions#respond\"]}]},{\"@type\":\"WebPage\",\"@id\":\"https:\/\/www.africa-press.net\/togo\/politique\/suspension-du-togo-de-litie-au-rapport-de-la-cour-des-comptes-sur-les-fonds-covid-entre-gestion-opaque-et-caporalisation-des-institutions\",\"url\":\"https:\/\/www.africa-press.net\/togo\/politique\/suspension-du-togo-de-litie-au-rapport-de-la-cour-des-comptes-sur-les-fonds-covid-entre-gestion-opaque-et-caporalisation-des-institutions\",\"name\":\"Suspension du Togo de l\u2019ITIE au rapport de la Cour des Comptes sur les fonds covid : Entre gestion opaque et caporalisation des institutions - Togo\",\"isPartOf\":{\"@id\":\"https:\/\/www.africa-press.net\/togo\/#website\"},\"primaryImageOfPage\":{\"@id\":\"https:\/\/www.africa-press.net\/togo\/politique\/suspension-du-togo-de-litie-au-rapport-de-la-cour-des-comptes-sur-les-fonds-covid-entre-gestion-opaque-et-caporalisation-des-institutions#primaryimage\"},\"image\":{\"@id\":\"https:\/\/www.africa-press.net\/togo\/politique\/suspension-du-togo-de-litie-au-rapport-de-la-cour-des-comptes-sur-les-fonds-covid-entre-gestion-opaque-et-caporalisation-des-institutions#primaryimage\"},\"thumbnailUrl\":\"https:\/\/static.africa-press.net\/togo\/sites\/58\/2023\/02\/postQueueImg_1676384808.32.jpg\",\"datePublished\":\"2023-02-14T17:56:41+00:00\",\"dateModified\":\"2023-02-15T02:12:17+00:00\",\"author\":{\"@id\":\"https:\/\/www.africa-press.net\/togo\/#\/schema\/person\/2b1cf3cd81a31e3cd26889ca66d677f1\"},\"description\":\"Le Togo ne fait plus partie de de l\u2019Initiative pour la transparence dans les industries extractives (ITIE). Le Conseil d ...\",\"breadcrumb\":{\"@id\":\"https:\/\/www.africa-press.net\/togo\/politique\/suspension-du-togo-de-litie-au-rapport-de-la-cour-des-comptes-sur-les-fonds-covid-entre-gestion-opaque-et-caporalisation-des-institutions#breadcrumb\"},\"inLanguage\":\"fr-FR\",\"potentialAction\":[{\"@type\":\"ReadAction\",\"target\":[\"https:\/\/www.africa-press.net\/togo\/politique\/suspension-du-togo-de-litie-au-rapport-de-la-cour-des-comptes-sur-les-fonds-covid-entre-gestion-opaque-et-caporalisation-des-institutions\"]}]},{\"@type\":\"ImageObject\",\"inLanguage\":\"fr-FR\",\"@id\":\"https:\/\/www.africa-press.net\/togo\/politique\/suspension-du-togo-de-litie-au-rapport-de-la-cour-des-comptes-sur-les-fonds-covid-entre-gestion-opaque-et-caporalisation-des-institutions#primaryimage\",\"url\":\"https:\/\/static.africa-press.net\/togo\/sites\/58\/2023\/02\/postQueueImg_1676384808.32.jpg\",\"contentUrl\":\"https:\/\/static.africa-press.net\/togo\/sites\/58\/2023\/02\/postQueueImg_1676384808.32.jpg\",\"width\":720,\"height\":479,\"caption\":\"Suspension du Togo de l\u2019ITIE au rapport de la Cour des Comptes sur les fonds covid : Entre gestion opaque et caporalisation des institutions\"},{\"@type\":\"BreadcrumbList\",\"@id\":\"https:\/\/www.africa-press.net\/togo\/politique\/suspension-du-togo-de-litie-au-rapport-de-la-cour-des-comptes-sur-les-fonds-covid-entre-gestion-opaque-et-caporalisation-des-institutions#breadcrumb\",\"itemListElement\":[{\"@type\":\"ListItem\",\"position\":1,\"name\":\"Accueil\",\"item\":\"https:\/\/www.africa-press.net\/togo\/\"},{\"@type\":\"ListItem\",\"position\":2,\"name\":\"Suspension du Togo de l\u2019ITIE au rapport de la Cour des Comptes sur les fonds covid : Entre gestion opaque et caporalisation des institutions\"}]},{\"@type\":\"WebSite\",\"@id\":\"https:\/\/www.africa-press.net\/togo\/#website\",\"url\":\"https:\/\/www.africa-press.net\/togo\/\",\"name\":\"Togo\",\"description\":\"Just another Africa News Agency Sites site\",\"potentialAction\":[{\"@type\":\"SearchAction\",\"target\":{\"@type\":\"EntryPoint\",\"urlTemplate\":\"https:\/\/www.africa-press.net\/togo\/?s={search_term_string}\"},\"query-input\":{\"@type\":\"PropertyValueSpecification\",\"valueRequired\":true,\"valueName\":\"search_term_string\"}}],\"inLanguage\":\"fr-FR\"},{\"@type\":\"Person\",\"@id\":\"https:\/\/www.africa-press.net\/togo\/#\/schema\/person\/2b1cf3cd81a31e3cd26889ca66d677f1\",\"name\":\"cfeditorfr\"}]}<\/script>\n<!-- \/ Yoast SEO Premium plugin. -->","yoast_head_json":{"title":"Suspension du Togo de l\u2019ITIE au rapport de la Cour des Comptes sur les fonds covid : Entre gestion opaque et caporalisation des institutions - Togo","description":"Le Togo ne fait plus partie de de l\u2019Initiative pour la transparence dans les industries extractives (ITIE). Le Conseil d ...","robots":{"index":"index","follow":"follow","max-snippet":"max-snippet:-1","max-image-preview":"max-image-preview:large","max-video-preview":"max-video-preview:-1"},"canonical":"https:\/\/www.africa-press.net\/togo\/politique\/suspension-du-togo-de-litie-au-rapport-de-la-cour-des-comptes-sur-les-fonds-covid-entre-gestion-opaque-et-caporalisation-des-institutions","og_locale":"fr_FR","og_type":"article","og_title":"Suspension du Togo de l\u2019ITIE au rapport de la Cour des Comptes sur les fonds covid : Entre gestion opaque et caporalisation des institutions","og_description":"Le Togo ne fait plus partie de de l\u2019Initiative pour la transparence dans les industries extractives (ITIE). Le Conseil d ...","og_url":"https:\/\/www.africa-press.net\/togo\/politique\/suspension-du-togo-de-litie-au-rapport-de-la-cour-des-comptes-sur-les-fonds-covid-entre-gestion-opaque-et-caporalisation-des-institutions","og_site_name":"Togo","article_published_time":"2023-02-14T17:56:41+00:00","article_modified_time":"2023-02-15T02:12:17+00:00","og_image":[{"width":720,"height":479,"url":"https:\/\/static.africa-press.net\/togo\/sites\/58\/2023\/02\/postQueueImg_1676384808.32.jpg","type":"image\/jpeg"}],"author":"cfeditorfr","twitter_card":"summary_large_image","twitter_misc":{"\u00c9crit par":"cfeditorfr","Dur\u00e9e de lecture estim\u00e9e":"2 minutes"},"schema":{"@context":"https:\/\/schema.org","@graph":[{"@type":"Article","@id":"https:\/\/www.africa-press.net\/togo\/politique\/suspension-du-togo-de-litie-au-rapport-de-la-cour-des-comptes-sur-les-fonds-covid-entre-gestion-opaque-et-caporalisation-des-institutions#article","isPartOf":{"@id":"https:\/\/www.africa-press.net\/togo\/politique\/suspension-du-togo-de-litie-au-rapport-de-la-cour-des-comptes-sur-les-fonds-covid-entre-gestion-opaque-et-caporalisation-des-institutions"},"author":{"name":"cfeditorfr","@id":"https:\/\/www.africa-press.net\/togo\/#\/schema\/person\/2b1cf3cd81a31e3cd26889ca66d677f1"},"headline":"Suspension du Togo de l\u2019ITIE au rapport de la Cour des Comptes sur les fonds covid : Entre gestion opaque et caporalisation des institutions","datePublished":"2023-02-14T17:56:41+00:00","dateModified":"2023-02-15T02:12:17+00:00","mainEntityOfPage":{"@id":"https:\/\/www.africa-press.net\/togo\/politique\/suspension-du-togo-de-litie-au-rapport-de-la-cour-des-comptes-sur-les-fonds-covid-entre-gestion-opaque-et-caporalisation-des-institutions"},"wordCount":413,"commentCount":0,"image":{"@id":"https:\/\/www.africa-press.net\/togo\/politique\/suspension-du-togo-de-litie-au-rapport-de-la-cour-des-comptes-sur-les-fonds-covid-entre-gestion-opaque-et-caporalisation-des-institutions#primaryimage"},"thumbnailUrl":"https:\/\/static.africa-press.net\/togo\/sites\/58\/2023\/02\/postQueueImg_1676384808.32.jpg","keywords":["Africa Press","Africa Press-Togo","Togo"],"articleSection":["Politique","Toutes les actualit\u00e9s"],"inLanguage":"fr-FR","potentialAction":[{"@type":"CommentAction","name":"Comment","target":["https:\/\/www.africa-press.net\/togo\/politique\/suspension-du-togo-de-litie-au-rapport-de-la-cour-des-comptes-sur-les-fonds-covid-entre-gestion-opaque-et-caporalisation-des-institutions#respond"]}]},{"@type":"WebPage","@id":"https:\/\/www.africa-press.net\/togo\/politique\/suspension-du-togo-de-litie-au-rapport-de-la-cour-des-comptes-sur-les-fonds-covid-entre-gestion-opaque-et-caporalisation-des-institutions","url":"https:\/\/www.africa-press.net\/togo\/politique\/suspension-du-togo-de-litie-au-rapport-de-la-cour-des-comptes-sur-les-fonds-covid-entre-gestion-opaque-et-caporalisation-des-institutions","name":"Suspension du Togo de l\u2019ITIE au rapport de la Cour des Comptes sur les fonds covid : Entre gestion opaque et caporalisation des institutions - Togo","isPartOf":{"@id":"https:\/\/www.africa-press.net\/togo\/#website"},"primaryImageOfPage":{"@id":"https:\/\/www.africa-press.net\/togo\/politique\/suspension-du-togo-de-litie-au-rapport-de-la-cour-des-comptes-sur-les-fonds-covid-entre-gestion-opaque-et-caporalisation-des-institutions#primaryimage"},"image":{"@id":"https:\/\/www.africa-press.net\/togo\/politique\/suspension-du-togo-de-litie-au-rapport-de-la-cour-des-comptes-sur-les-fonds-covid-entre-gestion-opaque-et-caporalisation-des-institutions#primaryimage"},"thumbnailUrl":"https:\/\/static.africa-press.net\/togo\/sites\/58\/2023\/02\/postQueueImg_1676384808.32.jpg","datePublished":"2023-02-14T17:56:41+00:00","dateModified":"2023-02-15T02:12:17+00:00","author":{"@id":"https:\/\/www.africa-press.net\/togo\/#\/schema\/person\/2b1cf3cd81a31e3cd26889ca66d677f1"},"description":"Le Togo ne fait plus partie de de l\u2019Initiative pour la transparence dans les industries extractives (ITIE). Le Conseil d ...","breadcrumb":{"@id":"https:\/\/www.africa-press.net\/togo\/politique\/suspension-du-togo-de-litie-au-rapport-de-la-cour-des-comptes-sur-les-fonds-covid-entre-gestion-opaque-et-caporalisation-des-institutions#breadcrumb"},"inLanguage":"fr-FR","potentialAction":[{"@type":"ReadAction","target":["https:\/\/www.africa-press.net\/togo\/politique\/suspension-du-togo-de-litie-au-rapport-de-la-cour-des-comptes-sur-les-fonds-covid-entre-gestion-opaque-et-caporalisation-des-institutions"]}]},{"@type":"ImageObject","inLanguage":"fr-FR","@id":"https:\/\/www.africa-press.net\/togo\/politique\/suspension-du-togo-de-litie-au-rapport-de-la-cour-des-comptes-sur-les-fonds-covid-entre-gestion-opaque-et-caporalisation-des-institutions#primaryimage","url":"https:\/\/static.africa-press.net\/togo\/sites\/58\/2023\/02\/postQueueImg_1676384808.32.jpg","contentUrl":"https:\/\/static.africa-press.net\/togo\/sites\/58\/2023\/02\/postQueueImg_1676384808.32.jpg","width":720,"height":479,"caption":"Suspension du Togo de l\u2019ITIE au rapport de la Cour des Comptes sur les fonds covid : Entre gestion opaque et caporalisation des institutions"},{"@type":"BreadcrumbList","@id":"https:\/\/www.africa-press.net\/togo\/politique\/suspension-du-togo-de-litie-au-rapport-de-la-cour-des-comptes-sur-les-fonds-covid-entre-gestion-opaque-et-caporalisation-des-institutions#breadcrumb","itemListElement":[{"@type":"ListItem","position":1,"name":"Accueil","item":"https:\/\/www.africa-press.net\/togo\/"},{"@type":"ListItem","position":2,"name":"Suspension du Togo de l\u2019ITIE au rapport de la Cour des Comptes sur les fonds covid : Entre gestion opaque et caporalisation des institutions"}]},{"@type":"WebSite","@id":"https:\/\/www.africa-press.net\/togo\/#website","url":"https:\/\/www.africa-press.net\/togo\/","name":"Togo","description":"Just another Africa News Agency Sites site","potentialAction":[{"@type":"SearchAction","target":{"@type":"EntryPoint","urlTemplate":"https:\/\/www.africa-press.net\/togo\/?s={search_term_string}"},"query-input":{"@type":"PropertyValueSpecification","valueRequired":true,"valueName":"search_term_string"}}],"inLanguage":"fr-FR"},{"@type":"Person","@id":"https:\/\/www.africa-press.net\/togo\/#\/schema\/person\/2b1cf3cd81a31e3cd26889ca66d677f1","name":"cfeditorfr"}]}},"_links":{"self":[{"href":"https:\/\/www.africa-press.net\/togo\/wp-json\/wp\/v2\/posts\/17194","targetHints":{"allow":["GET"]}}],"collection":[{"href":"https:\/\/www.africa-press.net\/togo\/wp-json\/wp\/v2\/posts"}],"about":[{"href":"https:\/\/www.africa-press.net\/togo\/wp-json\/wp\/v2\/types\/post"}],"author":[{"embeddable":true,"href":"https:\/\/www.africa-press.net\/togo\/wp-json\/wp\/v2\/users\/82"}],"replies":[{"embeddable":true,"href":"https:\/\/www.africa-press.net\/togo\/wp-json\/wp\/v2\/comments?post=17194"}],"version-history":[{"count":0,"href":"https:\/\/www.africa-press.net\/togo\/wp-json\/wp\/v2\/posts\/17194\/revisions"}],"wp:featuredmedia":[{"embeddable":true,"href":"https:\/\/www.africa-press.net\/togo\/wp-json\/wp\/v2\/media\/17193"}],"wp:attachment":[{"href":"https:\/\/www.africa-press.net\/togo\/wp-json\/wp\/v2\/media?parent=17194"}],"wp:term":[{"taxonomy":"category","embeddable":true,"href":"https:\/\/www.africa-press.net\/togo\/wp-json\/wp\/v2\/categories?post=17194"},{"taxonomy":"post_tag","embeddable":true,"href":"https:\/\/www.africa-press.net\/togo\/wp-json\/wp\/v2\/tags?post=17194"}],"curies":[{"name":"wp","href":"https:\/\/api.w.org\/{rel}","templated":true}]}}