{"id":17220,"date":"2023-02-15T20:22:11","date_gmt":"2023-02-15T20:22:11","guid":{"rendered":"https:\/\/www.africa-press.net\/togo\/politique\/togo-sante-vers-la-signature-de-la-convention-collective"},"modified":"2023-02-16T19:05:22","modified_gmt":"2023-02-16T19:05:22","slug":"togo-sante-vers-la-signature-de-la-convention-collective","status":"publish","type":"post","link":"https:\/\/www.africa-press.net\/togo\/politique\/togo-sante-vers-la-signature-de-la-convention-collective","title":{"rendered":"Togo-Sant\u00e9 : Vers la signature de la convention collective"},"content":{"rendered":"<p><span style=\"color: #ff6600\"><strong>Africa-Press &#8211; Togo. <\/strong><\/span><b>Depuis lundi, les acteurs du secteur de la sante\u0301 se sont re\u0301unis dans la ville de Kpalime\u0301 a\u0300 l\u2019initiative du Syndicat national des praticiens hospitaliers du Togo (Synphot)<\/b>.<\/p>\n<p>Cette rencontre vise principalement l\u2019harmonisation des re\u0301mune\u0301rations des praticiens hospitaliers, surtout dans le secteur prive\u0301 au Togo.<\/p>\n<p>Il s\u2019agit des \u201cAssises citoyennes\u201d qui, en dehors de la re\u0301mune\u0301ration dans le secteur de la sante\u0301 au Togo, aborderont e\u0301galement les enjeux actuels lie\u0301s a\u0300 la profession.<\/p>\n<p>En outre, les travaux porteront e\u0301galement sur des alternatives et l\u2019e\u0301laboration d\u2019une convention collective.<\/p>\n<p>\u00ab Il y a des efforts manifestes dans la profession et il existe des acquis qu\u2019il faudra consolider. \u201cToutefois il reste des choses a\u0300 ame\u0301liorer, a\u0300 assainir en termes de traitements de\u0301cents et des conditions de travail dans certains centres de sante\u0301 et au regard de plusieurs normes \u00bb, a indique\u0301 Dr Gilbert Tsolenyanu, SG du SYNPHOT.<\/p>\n<p>Notons que les travaux prennent fin le 16 fe\u0301vrier 2023.<\/p>\n<p><strong>Pour plus d&rsquo;informations et d&rsquo;analyses sur la <a href=\"https:\/\/www.africa-press.net\/togo\">Togo<\/a>, suivez <a href=\"https:\/\/www.africa-press.net\/\">Africa-Press<\/a><\/strong><\/p>\n","protected":false},"excerpt":{"rendered":"<p>Africa-Press &#8211; Togo. Depuis lundi, les acteurs du secteur de la sante\u0301 se sont re\u0301unis dans la ville de Kpalime\u0301 a\u0300 l\u2019initiative du Syndicat national des praticiens hospitaliers du Togo (Synphot). Cette rencontre vise principalement l\u2019harmonisation des re\u0301mune\u0301rations des praticiens hospitaliers, surtout dans le secteur prive\u0301 au Togo. Il s\u2019agit des \u201cAssises citoyennes\u201d qui, en [&hellip;]<\/p>\n","protected":false},"author":82,"featured_media":17219,"comment_status":"open","ping_status":"closed","sticky":false,"template":"","format":"standard","meta":{"footnotes":""},"categories":[2,10],"tags":[36,49,50],"class_list":["post-17220","post","type-post","status-publish","format-standard","has-post-thumbnail","hentry","category-politique","category-toutes-les-actualites","tag-africa-press","tag-africa-press-togo","tag-togo"],"yoast_head":"<!-- This site is optimized with the Yoast SEO Premium plugin v26.1 (Yoast SEO v27.0) - https:\/\/yoast.com\/product\/yoast-seo-premium-wordpress\/ -->\n<title>Togo-Sant\u00e9 : Vers la signature de la convention collective - Togo<\/title>\n<meta name=\"description\" content=\"Depuis lundi, les acteurs du secteur de la sante\u0301 se sont re\u0301unis dans la ville de Kpalime\u0301 a\u0300 l\u2019initiative du Syndic ...\" \/>\n<meta name=\"robots\" content=\"index, follow, max-snippet:-1, max-image-preview:large, max-video-preview:-1\" \/>\n<link rel=\"canonical\" href=\"https:\/\/www.africa-press.net\/togo\/politique\/togo-sante-vers-la-signature-de-la-convention-collective\" \/>\n<meta property=\"og:locale\" content=\"fr_FR\" \/>\n<meta property=\"og:type\" content=\"article\" \/>\n<meta property=\"og:title\" content=\"Togo-Sant\u00e9 : Vers la signature de la convention collective\" \/>\n<meta property=\"og:description\" content=\"Depuis lundi, les acteurs du secteur de la sante\u0301 se sont re\u0301unis dans la ville de Kpalime\u0301 a\u0300 l\u2019initiative du Syndic ...\" \/>\n<meta property=\"og:url\" content=\"https:\/\/www.africa-press.net\/togo\/politique\/togo-sante-vers-la-signature-de-la-convention-collective\" \/>\n<meta property=\"og:site_name\" content=\"Togo\" \/>\n<meta property=\"article:published_time\" content=\"2023-02-15T20:22:11+00:00\" \/>\n<meta property=\"article:modified_time\" content=\"2023-02-16T19:05:22+00:00\" \/>\n<meta property=\"og:image\" content=\"https:\/\/static.africa-press.net\/togo\/sites\/58\/2023\/02\/postQueueImg_1676479936.10.jpg\" \/>\n\t<meta property=\"og:image:width\" content=\"1280\" \/>\n\t<meta property=\"og:image:height\" content=\"800\" \/>\n\t<meta property=\"og:image:type\" content=\"image\/jpeg\" \/>\n<meta name=\"author\" content=\"cfeditorfr\" \/>\n<meta name=\"twitter:card\" content=\"summary_large_image\" \/>\n<meta name=\"twitter:label1\" content=\"\u00c9crit par\" \/>\n\t<meta name=\"twitter:data1\" content=\"cfeditorfr\" \/>\n\t<meta name=\"twitter:label2\" content=\"Dur\u00e9e de lecture estim\u00e9e\" \/>\n\t<meta name=\"twitter:data2\" content=\"1 minute\" \/>\n<script type=\"application\/ld+json\" class=\"yoast-schema-graph\">{\"@context\":\"https:\/\/schema.org\",\"@graph\":[{\"@type\":\"Article\",\"@id\":\"https:\/\/www.africa-press.net\/togo\/politique\/togo-sante-vers-la-signature-de-la-convention-collective#article\",\"isPartOf\":{\"@id\":\"https:\/\/www.africa-press.net\/togo\/politique\/togo-sante-vers-la-signature-de-la-convention-collective\"},\"author\":{\"name\":\"cfeditorfr\",\"@id\":\"https:\/\/www.africa-press.net\/togo\/#\/schema\/person\/2b1cf3cd81a31e3cd26889ca66d677f1\"},\"headline\":\"Togo-Sant\u00e9 : Vers la signature de la convention collective\",\"datePublished\":\"2023-02-15T20:22:11+00:00\",\"dateModified\":\"2023-02-16T19:05:22+00:00\",\"mainEntityOfPage\":{\"@id\":\"https:\/\/www.africa-press.net\/togo\/politique\/togo-sante-vers-la-signature-de-la-convention-collective\"},\"wordCount\":191,\"commentCount\":0,\"image\":{\"@id\":\"https:\/\/www.africa-press.net\/togo\/politique\/togo-sante-vers-la-signature-de-la-convention-collective#primaryimage\"},\"thumbnailUrl\":\"https:\/\/static.africa-press.net\/togo\/sites\/58\/2023\/02\/postQueueImg_1676479936.10.jpg\",\"keywords\":[\"Africa Press\",\"Africa Press-Togo\",\"Togo\"],\"articleSection\":[\"Politique\",\"Toutes les actualit\u00e9s\"],\"inLanguage\":\"fr-FR\",\"potentialAction\":[{\"@type\":\"CommentAction\",\"name\":\"Comment\",\"target\":[\"https:\/\/www.africa-press.net\/togo\/politique\/togo-sante-vers-la-signature-de-la-convention-collective#respond\"]}]},{\"@type\":\"WebPage\",\"@id\":\"https:\/\/www.africa-press.net\/togo\/politique\/togo-sante-vers-la-signature-de-la-convention-collective\",\"url\":\"https:\/\/www.africa-press.net\/togo\/politique\/togo-sante-vers-la-signature-de-la-convention-collective\",\"name\":\"Togo-Sant\u00e9 : Vers la signature de la convention collective - Togo\",\"isPartOf\":{\"@id\":\"https:\/\/www.africa-press.net\/togo\/#website\"},\"primaryImageOfPage\":{\"@id\":\"https:\/\/www.africa-press.net\/togo\/politique\/togo-sante-vers-la-signature-de-la-convention-collective#primaryimage\"},\"image\":{\"@id\":\"https:\/\/www.africa-press.net\/togo\/politique\/togo-sante-vers-la-signature-de-la-convention-collective#primaryimage\"},\"thumbnailUrl\":\"https:\/\/static.africa-press.net\/togo\/sites\/58\/2023\/02\/postQueueImg_1676479936.10.jpg\",\"datePublished\":\"2023-02-15T20:22:11+00:00\",\"dateModified\":\"2023-02-16T19:05:22+00:00\",\"author\":{\"@id\":\"https:\/\/www.africa-press.net\/togo\/#\/schema\/person\/2b1cf3cd81a31e3cd26889ca66d677f1\"},\"description\":\"Depuis lundi, les acteurs du secteur de la sante\u0301 se sont re\u0301unis dans la ville de Kpalime\u0301 a\u0300 l\u2019initiative du Syndic ...\",\"breadcrumb\":{\"@id\":\"https:\/\/www.africa-press.net\/togo\/politique\/togo-sante-vers-la-signature-de-la-convention-collective#breadcrumb\"},\"inLanguage\":\"fr-FR\",\"potentialAction\":[{\"@type\":\"ReadAction\",\"target\":[\"https:\/\/www.africa-press.net\/togo\/politique\/togo-sante-vers-la-signature-de-la-convention-collective\"]}]},{\"@type\":\"ImageObject\",\"inLanguage\":\"fr-FR\",\"@id\":\"https:\/\/www.africa-press.net\/togo\/politique\/togo-sante-vers-la-signature-de-la-convention-collective#primaryimage\",\"url\":\"https:\/\/static.africa-press.net\/togo\/sites\/58\/2023\/02\/postQueueImg_1676479936.10.jpg\",\"contentUrl\":\"https:\/\/static.africa-press.net\/togo\/sites\/58\/2023\/02\/postQueueImg_1676479936.10.jpg\",\"width\":1280,\"height\":800,\"caption\":\"Togo-Sant\u00e9 : Vers la signature de la convention collective\"},{\"@type\":\"BreadcrumbList\",\"@id\":\"https:\/\/www.africa-press.net\/togo\/politique\/togo-sante-vers-la-signature-de-la-convention-collective#breadcrumb\",\"itemListElement\":[{\"@type\":\"ListItem\",\"position\":1,\"name\":\"Accueil\",\"item\":\"https:\/\/www.africa-press.net\/togo\/\"},{\"@type\":\"ListItem\",\"position\":2,\"name\":\"Togo-Sant\u00e9 : Vers la signature de la convention collective\"}]},{\"@type\":\"WebSite\",\"@id\":\"https:\/\/www.africa-press.net\/togo\/#website\",\"url\":\"https:\/\/www.africa-press.net\/togo\/\",\"name\":\"Togo\",\"description\":\"Just another Africa News Agency Sites site\",\"potentialAction\":[{\"@type\":\"SearchAction\",\"target\":{\"@type\":\"EntryPoint\",\"urlTemplate\":\"https:\/\/www.africa-press.net\/togo\/?s={search_term_string}\"},\"query-input\":{\"@type\":\"PropertyValueSpecification\",\"valueRequired\":true,\"valueName\":\"search_term_string\"}}],\"inLanguage\":\"fr-FR\"},{\"@type\":\"Person\",\"@id\":\"https:\/\/www.africa-press.net\/togo\/#\/schema\/person\/2b1cf3cd81a31e3cd26889ca66d677f1\",\"name\":\"cfeditorfr\"}]}<\/script>\n<!-- \/ Yoast SEO Premium plugin. -->","yoast_head_json":{"title":"Togo-Sant\u00e9 : Vers la signature de la convention collective - Togo","description":"Depuis lundi, les acteurs du secteur de la sante\u0301 se sont re\u0301unis dans la ville de Kpalime\u0301 a\u0300 l\u2019initiative du Syndic ...","robots":{"index":"index","follow":"follow","max-snippet":"max-snippet:-1","max-image-preview":"max-image-preview:large","max-video-preview":"max-video-preview:-1"},"canonical":"https:\/\/www.africa-press.net\/togo\/politique\/togo-sante-vers-la-signature-de-la-convention-collective","og_locale":"fr_FR","og_type":"article","og_title":"Togo-Sant\u00e9 : Vers la signature de la convention collective","og_description":"Depuis lundi, les acteurs du secteur de la sante\u0301 se sont re\u0301unis dans la ville de Kpalime\u0301 a\u0300 l\u2019initiative du Syndic ...","og_url":"https:\/\/www.africa-press.net\/togo\/politique\/togo-sante-vers-la-signature-de-la-convention-collective","og_site_name":"Togo","article_published_time":"2023-02-15T20:22:11+00:00","article_modified_time":"2023-02-16T19:05:22+00:00","og_image":[{"width":1280,"height":800,"url":"https:\/\/static.africa-press.net\/togo\/sites\/58\/2023\/02\/postQueueImg_1676479936.10.jpg","type":"image\/jpeg"}],"author":"cfeditorfr","twitter_card":"summary_large_image","twitter_misc":{"\u00c9crit par":"cfeditorfr","Dur\u00e9e de lecture estim\u00e9e":"1 minute"},"schema":{"@context":"https:\/\/schema.org","@graph":[{"@type":"Article","@id":"https:\/\/www.africa-press.net\/togo\/politique\/togo-sante-vers-la-signature-de-la-convention-collective#article","isPartOf":{"@id":"https:\/\/www.africa-press.net\/togo\/politique\/togo-sante-vers-la-signature-de-la-convention-collective"},"author":{"name":"cfeditorfr","@id":"https:\/\/www.africa-press.net\/togo\/#\/schema\/person\/2b1cf3cd81a31e3cd26889ca66d677f1"},"headline":"Togo-Sant\u00e9 : Vers la signature de la convention collective","datePublished":"2023-02-15T20:22:11+00:00","dateModified":"2023-02-16T19:05:22+00:00","mainEntityOfPage":{"@id":"https:\/\/www.africa-press.net\/togo\/politique\/togo-sante-vers-la-signature-de-la-convention-collective"},"wordCount":191,"commentCount":0,"image":{"@id":"https:\/\/www.africa-press.net\/togo\/politique\/togo-sante-vers-la-signature-de-la-convention-collective#primaryimage"},"thumbnailUrl":"https:\/\/static.africa-press.net\/togo\/sites\/58\/2023\/02\/postQueueImg_1676479936.10.jpg","keywords":["Africa Press","Africa Press-Togo","Togo"],"articleSection":["Politique","Toutes les actualit\u00e9s"],"inLanguage":"fr-FR","potentialAction":[{"@type":"CommentAction","name":"Comment","target":["https:\/\/www.africa-press.net\/togo\/politique\/togo-sante-vers-la-signature-de-la-convention-collective#respond"]}]},{"@type":"WebPage","@id":"https:\/\/www.africa-press.net\/togo\/politique\/togo-sante-vers-la-signature-de-la-convention-collective","url":"https:\/\/www.africa-press.net\/togo\/politique\/togo-sante-vers-la-signature-de-la-convention-collective","name":"Togo-Sant\u00e9 : Vers la signature de la convention collective - Togo","isPartOf":{"@id":"https:\/\/www.africa-press.net\/togo\/#website"},"primaryImageOfPage":{"@id":"https:\/\/www.africa-press.net\/togo\/politique\/togo-sante-vers-la-signature-de-la-convention-collective#primaryimage"},"image":{"@id":"https:\/\/www.africa-press.net\/togo\/politique\/togo-sante-vers-la-signature-de-la-convention-collective#primaryimage"},"thumbnailUrl":"https:\/\/static.africa-press.net\/togo\/sites\/58\/2023\/02\/postQueueImg_1676479936.10.jpg","datePublished":"2023-02-15T20:22:11+00:00","dateModified":"2023-02-16T19:05:22+00:00","author":{"@id":"https:\/\/www.africa-press.net\/togo\/#\/schema\/person\/2b1cf3cd81a31e3cd26889ca66d677f1"},"description":"Depuis lundi, les acteurs du secteur de la sante\u0301 se sont re\u0301unis dans la ville de Kpalime\u0301 a\u0300 l\u2019initiative du Syndic ...","breadcrumb":{"@id":"https:\/\/www.africa-press.net\/togo\/politique\/togo-sante-vers-la-signature-de-la-convention-collective#breadcrumb"},"inLanguage":"fr-FR","potentialAction":[{"@type":"ReadAction","target":["https:\/\/www.africa-press.net\/togo\/politique\/togo-sante-vers-la-signature-de-la-convention-collective"]}]},{"@type":"ImageObject","inLanguage":"fr-FR","@id":"https:\/\/www.africa-press.net\/togo\/politique\/togo-sante-vers-la-signature-de-la-convention-collective#primaryimage","url":"https:\/\/static.africa-press.net\/togo\/sites\/58\/2023\/02\/postQueueImg_1676479936.10.jpg","contentUrl":"https:\/\/static.africa-press.net\/togo\/sites\/58\/2023\/02\/postQueueImg_1676479936.10.jpg","width":1280,"height":800,"caption":"Togo-Sant\u00e9 : Vers la signature de la convention collective"},{"@type":"BreadcrumbList","@id":"https:\/\/www.africa-press.net\/togo\/politique\/togo-sante-vers-la-signature-de-la-convention-collective#breadcrumb","itemListElement":[{"@type":"ListItem","position":1,"name":"Accueil","item":"https:\/\/www.africa-press.net\/togo\/"},{"@type":"ListItem","position":2,"name":"Togo-Sant\u00e9 : Vers la signature de la convention collective"}]},{"@type":"WebSite","@id":"https:\/\/www.africa-press.net\/togo\/#website","url":"https:\/\/www.africa-press.net\/togo\/","name":"Togo","description":"Just another Africa News Agency Sites site","potentialAction":[{"@type":"SearchAction","target":{"@type":"EntryPoint","urlTemplate":"https:\/\/www.africa-press.net\/togo\/?s={search_term_string}"},"query-input":{"@type":"PropertyValueSpecification","valueRequired":true,"valueName":"search_term_string"}}],"inLanguage":"fr-FR"},{"@type":"Person","@id":"https:\/\/www.africa-press.net\/togo\/#\/schema\/person\/2b1cf3cd81a31e3cd26889ca66d677f1","name":"cfeditorfr"}]}},"_links":{"self":[{"href":"https:\/\/www.africa-press.net\/togo\/wp-json\/wp\/v2\/posts\/17220","targetHints":{"allow":["GET"]}}],"collection":[{"href":"https:\/\/www.africa-press.net\/togo\/wp-json\/wp\/v2\/posts"}],"about":[{"href":"https:\/\/www.africa-press.net\/togo\/wp-json\/wp\/v2\/types\/post"}],"author":[{"embeddable":true,"href":"https:\/\/www.africa-press.net\/togo\/wp-json\/wp\/v2\/users\/82"}],"replies":[{"embeddable":true,"href":"https:\/\/www.africa-press.net\/togo\/wp-json\/wp\/v2\/comments?post=17220"}],"version-history":[{"count":0,"href":"https:\/\/www.africa-press.net\/togo\/wp-json\/wp\/v2\/posts\/17220\/revisions"}],"wp:featuredmedia":[{"embeddable":true,"href":"https:\/\/www.africa-press.net\/togo\/wp-json\/wp\/v2\/media\/17219"}],"wp:attachment":[{"href":"https:\/\/www.africa-press.net\/togo\/wp-json\/wp\/v2\/media?parent=17220"}],"wp:term":[{"taxonomy":"category","embeddable":true,"href":"https:\/\/www.africa-press.net\/togo\/wp-json\/wp\/v2\/categories?post=17220"},{"taxonomy":"post_tag","embeddable":true,"href":"https:\/\/www.africa-press.net\/togo\/wp-json\/wp\/v2\/tags?post=17220"}],"curies":[{"name":"wp","href":"https:\/\/api.w.org\/{rel}","templated":true}]}}