{"id":17222,"date":"2023-02-15T20:22:20","date_gmt":"2023-02-15T20:22:20","guid":{"rendered":"https:\/\/www.africa-press.net\/togo\/politique\/fievre-virale-marburg-et-ebola-voici-les-recommandations-de-prof-mijiyawa"},"modified":"2023-02-16T19:05:46","modified_gmt":"2023-02-16T19:05:46","slug":"fievre-virale-marburg-et-ebola-voici-les-recommandations-de-prof-mijiyawa","status":"publish","type":"post","link":"https:\/\/www.africa-press.net\/togo\/toutes-les-actualites\/fievre-virale-marburg-et-ebola-voici-les-recommandations-de-prof-mijiyawa","title":{"rendered":"Fi\u00e8vre virale Marburg et Ebola : Voici les recommandations de prof Mijiyawa"},"content":{"rendered":"<p><span style=\"color: #ff6600\"><strong>Africa-Press &#8211; Togo. <\/strong><\/span><b>La communaute\u0301 ouest-africaine fait de nouveau face a\u0300 la fie\u0300vre virale Marburg et Ebola. <\/b><\/p>\n<p>Deux pays, notamment la Guine\u0301e Conakry et la Co\u0302te d\u2019Ivoire ont respectivement enregistre\u0301s des cas de fie\u0300vre Marburg et Ebola. Le ministre togolais en charge de la Sante\u0301, prof Moustapha Mijiyawa prenant la mesure de la chose, a invite\u0301 les Togolais a\u0300 faire preuve de vigilance.<\/p>\n<p>Il recommande en outre le lavage re\u0301gulier des mains, d\u2019e\u0301viter tout contact avec le sang, les selles, les urines, la salive et les vomissures d\u2019une personne suspecte ou atteinte d\u2019une maladie avec fie\u0300vre et saignements.<\/p>\n<p>Aussi, prof Moustapha Mijiyawa pre\u0301conise \u201cd\u2019e\u0301viter de manipuler, en l\u2019absence de toutes mesures de protection adapte\u0301e, le corps d\u2019une personne de\u0301ce\u0301de\u0301e d\u2019une maladie avec fie\u0300vre et saignements et bien cuire les aliments, surtout les viandes avant de les consommer\u201d.<\/p>\n<p>Le ministre en charge de la Sante\u0301 demande a\u0300 la population d\u2019informe le personnel du centre de sante\u0301 le plus proche pour une prise en charge rapide et ade\u0301quate en cas de doute.<\/p>\n<p><strong>Pour plus d&rsquo;informations et d&rsquo;analyses sur la <a href=\"https:\/\/www.africa-press.net\/togo\">Togo<\/a>, suivez <a href=\"https:\/\/www.africa-press.net\/\">Africa-Press<\/a><\/strong><\/p>\n","protected":false},"excerpt":{"rendered":"<p>Africa-Press &#8211; Togo. La communaute\u0301 ouest-africaine fait de nouveau face a\u0300 la fie\u0300vre virale Marburg et Ebola. Deux pays, notamment la Guine\u0301e Conakry et la Co\u0302te d\u2019Ivoire ont respectivement enregistre\u0301s des cas de fie\u0300vre Marburg et Ebola. Le ministre togolais en charge de la Sante\u0301, prof Moustapha Mijiyawa prenant la mesure de la chose, a [&hellip;]<\/p>\n","protected":false},"author":82,"featured_media":17221,"comment_status":"open","ping_status":"closed","sticky":false,"template":"","format":"standard","meta":{"footnotes":""},"categories":[21,10],"tags":[36,49,50],"class_list":["post-17222","post","type-post","status-publish","format-standard","has-post-thumbnail","hentry","category-communaute","category-toutes-les-actualites","tag-africa-press","tag-africa-press-togo","tag-togo"],"yoast_head":"<!-- This site is optimized with the Yoast SEO Premium plugin v26.1 (Yoast SEO v27.0) - https:\/\/yoast.com\/product\/yoast-seo-premium-wordpress\/ -->\n<title>Fi\u00e8vre virale Marburg et Ebola : Voici les recommandations de prof Mijiyawa - Togo<\/title>\n<meta name=\"description\" content=\"La communaute\u0301 ouest-africaine fait de nouveau face a\u0300 la fie\u0300vre virale Marburg et Ebola. Deux pays, notamment ...\" \/>\n<meta name=\"robots\" content=\"index, follow, max-snippet:-1, max-image-preview:large, max-video-preview:-1\" \/>\n<link rel=\"canonical\" href=\"https:\/\/www.africa-press.net\/togo\/toutes-les-actualites\/fievre-virale-marburg-et-ebola-voici-les-recommandations-de-prof-mijiyawa\" \/>\n<meta property=\"og:locale\" content=\"fr_FR\" \/>\n<meta property=\"og:type\" content=\"article\" \/>\n<meta property=\"og:title\" content=\"Fi\u00e8vre virale Marburg et Ebola : Voici les recommandations de prof Mijiyawa\" \/>\n<meta property=\"og:description\" content=\"La communaute\u0301 ouest-africaine fait de nouveau face a\u0300 la fie\u0300vre virale Marburg et Ebola. Deux pays, notamment ...\" \/>\n<meta property=\"og:url\" content=\"https:\/\/www.africa-press.net\/togo\/toutes-les-actualites\/fievre-virale-marburg-et-ebola-voici-les-recommandations-de-prof-mijiyawa\" \/>\n<meta property=\"og:site_name\" content=\"Togo\" \/>\n<meta property=\"article:published_time\" content=\"2023-02-15T20:22:20+00:00\" \/>\n<meta property=\"article:modified_time\" content=\"2023-02-16T19:05:46+00:00\" \/>\n<meta property=\"og:image\" content=\"https:\/\/static.africa-press.net\/togo\/sites\/58\/2023\/02\/postQueueImg_1676479947.99.jpg\" \/>\n\t<meta property=\"og:image:width\" content=\"1280\" \/>\n\t<meta property=\"og:image:height\" content=\"800\" \/>\n\t<meta property=\"og:image:type\" content=\"image\/jpeg\" \/>\n<meta name=\"author\" content=\"cfeditorfr\" \/>\n<meta name=\"twitter:card\" content=\"summary_large_image\" \/>\n<meta name=\"twitter:label1\" content=\"\u00c9crit par\" \/>\n\t<meta name=\"twitter:data1\" content=\"cfeditorfr\" \/>\n\t<meta name=\"twitter:label2\" content=\"Dur\u00e9e de lecture estim\u00e9e\" \/>\n\t<meta name=\"twitter:data2\" content=\"1 minute\" \/>\n<script type=\"application\/ld+json\" class=\"yoast-schema-graph\">{\"@context\":\"https:\/\/schema.org\",\"@graph\":[{\"@type\":\"Article\",\"@id\":\"https:\/\/www.africa-press.net\/togo\/toutes-les-actualites\/fievre-virale-marburg-et-ebola-voici-les-recommandations-de-prof-mijiyawa#article\",\"isPartOf\":{\"@id\":\"https:\/\/www.africa-press.net\/togo\/toutes-les-actualites\/fievre-virale-marburg-et-ebola-voici-les-recommandations-de-prof-mijiyawa\"},\"author\":{\"name\":\"cfeditorfr\",\"@id\":\"https:\/\/www.africa-press.net\/togo\/#\/schema\/person\/2b1cf3cd81a31e3cd26889ca66d677f1\"},\"headline\":\"Fi\u00e8vre virale Marburg et Ebola : Voici les recommandations de prof Mijiyawa\",\"datePublished\":\"2023-02-15T20:22:20+00:00\",\"dateModified\":\"2023-02-16T19:05:46+00:00\",\"mainEntityOfPage\":{\"@id\":\"https:\/\/www.africa-press.net\/togo\/toutes-les-actualites\/fievre-virale-marburg-et-ebola-voici-les-recommandations-de-prof-mijiyawa\"},\"wordCount\":219,\"commentCount\":0,\"image\":{\"@id\":\"https:\/\/www.africa-press.net\/togo\/toutes-les-actualites\/fievre-virale-marburg-et-ebola-voici-les-recommandations-de-prof-mijiyawa#primaryimage\"},\"thumbnailUrl\":\"https:\/\/static.africa-press.net\/togo\/sites\/58\/2023\/02\/postQueueImg_1676479947.99.jpg\",\"keywords\":[\"Africa Press\",\"Africa Press-Togo\",\"Togo\"],\"articleSection\":[\"Communaut\u00e9\",\"Toutes les actualit\u00e9s\"],\"inLanguage\":\"fr-FR\",\"potentialAction\":[{\"@type\":\"CommentAction\",\"name\":\"Comment\",\"target\":[\"https:\/\/www.africa-press.net\/togo\/toutes-les-actualites\/fievre-virale-marburg-et-ebola-voici-les-recommandations-de-prof-mijiyawa#respond\"]}]},{\"@type\":\"WebPage\",\"@id\":\"https:\/\/www.africa-press.net\/togo\/toutes-les-actualites\/fievre-virale-marburg-et-ebola-voici-les-recommandations-de-prof-mijiyawa\",\"url\":\"https:\/\/www.africa-press.net\/togo\/toutes-les-actualites\/fievre-virale-marburg-et-ebola-voici-les-recommandations-de-prof-mijiyawa\",\"name\":\"Fi\u00e8vre virale Marburg et Ebola : Voici les recommandations de prof Mijiyawa - Togo\",\"isPartOf\":{\"@id\":\"https:\/\/www.africa-press.net\/togo\/#website\"},\"primaryImageOfPage\":{\"@id\":\"https:\/\/www.africa-press.net\/togo\/toutes-les-actualites\/fievre-virale-marburg-et-ebola-voici-les-recommandations-de-prof-mijiyawa#primaryimage\"},\"image\":{\"@id\":\"https:\/\/www.africa-press.net\/togo\/toutes-les-actualites\/fievre-virale-marburg-et-ebola-voici-les-recommandations-de-prof-mijiyawa#primaryimage\"},\"thumbnailUrl\":\"https:\/\/static.africa-press.net\/togo\/sites\/58\/2023\/02\/postQueueImg_1676479947.99.jpg\",\"datePublished\":\"2023-02-15T20:22:20+00:00\",\"dateModified\":\"2023-02-16T19:05:46+00:00\",\"author\":{\"@id\":\"https:\/\/www.africa-press.net\/togo\/#\/schema\/person\/2b1cf3cd81a31e3cd26889ca66d677f1\"},\"description\":\"La communaute\u0301 ouest-africaine fait de nouveau face a\u0300 la fie\u0300vre virale Marburg et Ebola. Deux pays, notamment ...\",\"breadcrumb\":{\"@id\":\"https:\/\/www.africa-press.net\/togo\/toutes-les-actualites\/fievre-virale-marburg-et-ebola-voici-les-recommandations-de-prof-mijiyawa#breadcrumb\"},\"inLanguage\":\"fr-FR\",\"potentialAction\":[{\"@type\":\"ReadAction\",\"target\":[\"https:\/\/www.africa-press.net\/togo\/toutes-les-actualites\/fievre-virale-marburg-et-ebola-voici-les-recommandations-de-prof-mijiyawa\"]}]},{\"@type\":\"ImageObject\",\"inLanguage\":\"fr-FR\",\"@id\":\"https:\/\/www.africa-press.net\/togo\/toutes-les-actualites\/fievre-virale-marburg-et-ebola-voici-les-recommandations-de-prof-mijiyawa#primaryimage\",\"url\":\"https:\/\/static.africa-press.net\/togo\/sites\/58\/2023\/02\/postQueueImg_1676479947.99.jpg\",\"contentUrl\":\"https:\/\/static.africa-press.net\/togo\/sites\/58\/2023\/02\/postQueueImg_1676479947.99.jpg\",\"width\":1280,\"height\":800,\"caption\":\"Fi\u00e8vre virale Marburg et Ebola : Voici les recommandations de prof Mijiyawa\"},{\"@type\":\"BreadcrumbList\",\"@id\":\"https:\/\/www.africa-press.net\/togo\/toutes-les-actualites\/fievre-virale-marburg-et-ebola-voici-les-recommandations-de-prof-mijiyawa#breadcrumb\",\"itemListElement\":[{\"@type\":\"ListItem\",\"position\":1,\"name\":\"Accueil\",\"item\":\"https:\/\/www.africa-press.net\/togo\/\"},{\"@type\":\"ListItem\",\"position\":2,\"name\":\"Fi\u00e8vre virale Marburg et Ebola : Voici les recommandations de prof Mijiyawa\"}]},{\"@type\":\"WebSite\",\"@id\":\"https:\/\/www.africa-press.net\/togo\/#website\",\"url\":\"https:\/\/www.africa-press.net\/togo\/\",\"name\":\"Togo\",\"description\":\"Just another Africa News Agency Sites site\",\"potentialAction\":[{\"@type\":\"SearchAction\",\"target\":{\"@type\":\"EntryPoint\",\"urlTemplate\":\"https:\/\/www.africa-press.net\/togo\/?s={search_term_string}\"},\"query-input\":{\"@type\":\"PropertyValueSpecification\",\"valueRequired\":true,\"valueName\":\"search_term_string\"}}],\"inLanguage\":\"fr-FR\"},{\"@type\":\"Person\",\"@id\":\"https:\/\/www.africa-press.net\/togo\/#\/schema\/person\/2b1cf3cd81a31e3cd26889ca66d677f1\",\"name\":\"cfeditorfr\"}]}<\/script>\n<!-- \/ Yoast SEO Premium plugin. -->","yoast_head_json":{"title":"Fi\u00e8vre virale Marburg et Ebola : Voici les recommandations de prof Mijiyawa - Togo","description":"La communaute\u0301 ouest-africaine fait de nouveau face a\u0300 la fie\u0300vre virale Marburg et Ebola. Deux pays, notamment ...","robots":{"index":"index","follow":"follow","max-snippet":"max-snippet:-1","max-image-preview":"max-image-preview:large","max-video-preview":"max-video-preview:-1"},"canonical":"https:\/\/www.africa-press.net\/togo\/toutes-les-actualites\/fievre-virale-marburg-et-ebola-voici-les-recommandations-de-prof-mijiyawa","og_locale":"fr_FR","og_type":"article","og_title":"Fi\u00e8vre virale Marburg et Ebola : Voici les recommandations de prof Mijiyawa","og_description":"La communaute\u0301 ouest-africaine fait de nouveau face a\u0300 la fie\u0300vre virale Marburg et Ebola. Deux pays, notamment ...","og_url":"https:\/\/www.africa-press.net\/togo\/toutes-les-actualites\/fievre-virale-marburg-et-ebola-voici-les-recommandations-de-prof-mijiyawa","og_site_name":"Togo","article_published_time":"2023-02-15T20:22:20+00:00","article_modified_time":"2023-02-16T19:05:46+00:00","og_image":[{"width":1280,"height":800,"url":"https:\/\/static.africa-press.net\/togo\/sites\/58\/2023\/02\/postQueueImg_1676479947.99.jpg","type":"image\/jpeg"}],"author":"cfeditorfr","twitter_card":"summary_large_image","twitter_misc":{"\u00c9crit par":"cfeditorfr","Dur\u00e9e de lecture estim\u00e9e":"1 minute"},"schema":{"@context":"https:\/\/schema.org","@graph":[{"@type":"Article","@id":"https:\/\/www.africa-press.net\/togo\/toutes-les-actualites\/fievre-virale-marburg-et-ebola-voici-les-recommandations-de-prof-mijiyawa#article","isPartOf":{"@id":"https:\/\/www.africa-press.net\/togo\/toutes-les-actualites\/fievre-virale-marburg-et-ebola-voici-les-recommandations-de-prof-mijiyawa"},"author":{"name":"cfeditorfr","@id":"https:\/\/www.africa-press.net\/togo\/#\/schema\/person\/2b1cf3cd81a31e3cd26889ca66d677f1"},"headline":"Fi\u00e8vre virale Marburg et Ebola : Voici les recommandations de prof Mijiyawa","datePublished":"2023-02-15T20:22:20+00:00","dateModified":"2023-02-16T19:05:46+00:00","mainEntityOfPage":{"@id":"https:\/\/www.africa-press.net\/togo\/toutes-les-actualites\/fievre-virale-marburg-et-ebola-voici-les-recommandations-de-prof-mijiyawa"},"wordCount":219,"commentCount":0,"image":{"@id":"https:\/\/www.africa-press.net\/togo\/toutes-les-actualites\/fievre-virale-marburg-et-ebola-voici-les-recommandations-de-prof-mijiyawa#primaryimage"},"thumbnailUrl":"https:\/\/static.africa-press.net\/togo\/sites\/58\/2023\/02\/postQueueImg_1676479947.99.jpg","keywords":["Africa Press","Africa Press-Togo","Togo"],"articleSection":["Communaut\u00e9","Toutes les actualit\u00e9s"],"inLanguage":"fr-FR","potentialAction":[{"@type":"CommentAction","name":"Comment","target":["https:\/\/www.africa-press.net\/togo\/toutes-les-actualites\/fievre-virale-marburg-et-ebola-voici-les-recommandations-de-prof-mijiyawa#respond"]}]},{"@type":"WebPage","@id":"https:\/\/www.africa-press.net\/togo\/toutes-les-actualites\/fievre-virale-marburg-et-ebola-voici-les-recommandations-de-prof-mijiyawa","url":"https:\/\/www.africa-press.net\/togo\/toutes-les-actualites\/fievre-virale-marburg-et-ebola-voici-les-recommandations-de-prof-mijiyawa","name":"Fi\u00e8vre virale Marburg et Ebola : Voici les recommandations de prof Mijiyawa - Togo","isPartOf":{"@id":"https:\/\/www.africa-press.net\/togo\/#website"},"primaryImageOfPage":{"@id":"https:\/\/www.africa-press.net\/togo\/toutes-les-actualites\/fievre-virale-marburg-et-ebola-voici-les-recommandations-de-prof-mijiyawa#primaryimage"},"image":{"@id":"https:\/\/www.africa-press.net\/togo\/toutes-les-actualites\/fievre-virale-marburg-et-ebola-voici-les-recommandations-de-prof-mijiyawa#primaryimage"},"thumbnailUrl":"https:\/\/static.africa-press.net\/togo\/sites\/58\/2023\/02\/postQueueImg_1676479947.99.jpg","datePublished":"2023-02-15T20:22:20+00:00","dateModified":"2023-02-16T19:05:46+00:00","author":{"@id":"https:\/\/www.africa-press.net\/togo\/#\/schema\/person\/2b1cf3cd81a31e3cd26889ca66d677f1"},"description":"La communaute\u0301 ouest-africaine fait de nouveau face a\u0300 la fie\u0300vre virale Marburg et Ebola. Deux pays, notamment ...","breadcrumb":{"@id":"https:\/\/www.africa-press.net\/togo\/toutes-les-actualites\/fievre-virale-marburg-et-ebola-voici-les-recommandations-de-prof-mijiyawa#breadcrumb"},"inLanguage":"fr-FR","potentialAction":[{"@type":"ReadAction","target":["https:\/\/www.africa-press.net\/togo\/toutes-les-actualites\/fievre-virale-marburg-et-ebola-voici-les-recommandations-de-prof-mijiyawa"]}]},{"@type":"ImageObject","inLanguage":"fr-FR","@id":"https:\/\/www.africa-press.net\/togo\/toutes-les-actualites\/fievre-virale-marburg-et-ebola-voici-les-recommandations-de-prof-mijiyawa#primaryimage","url":"https:\/\/static.africa-press.net\/togo\/sites\/58\/2023\/02\/postQueueImg_1676479947.99.jpg","contentUrl":"https:\/\/static.africa-press.net\/togo\/sites\/58\/2023\/02\/postQueueImg_1676479947.99.jpg","width":1280,"height":800,"caption":"Fi\u00e8vre virale Marburg et Ebola : Voici les recommandations de prof Mijiyawa"},{"@type":"BreadcrumbList","@id":"https:\/\/www.africa-press.net\/togo\/toutes-les-actualites\/fievre-virale-marburg-et-ebola-voici-les-recommandations-de-prof-mijiyawa#breadcrumb","itemListElement":[{"@type":"ListItem","position":1,"name":"Accueil","item":"https:\/\/www.africa-press.net\/togo\/"},{"@type":"ListItem","position":2,"name":"Fi\u00e8vre virale Marburg et Ebola : Voici les recommandations de prof Mijiyawa"}]},{"@type":"WebSite","@id":"https:\/\/www.africa-press.net\/togo\/#website","url":"https:\/\/www.africa-press.net\/togo\/","name":"Togo","description":"Just another Africa News Agency Sites site","potentialAction":[{"@type":"SearchAction","target":{"@type":"EntryPoint","urlTemplate":"https:\/\/www.africa-press.net\/togo\/?s={search_term_string}"},"query-input":{"@type":"PropertyValueSpecification","valueRequired":true,"valueName":"search_term_string"}}],"inLanguage":"fr-FR"},{"@type":"Person","@id":"https:\/\/www.africa-press.net\/togo\/#\/schema\/person\/2b1cf3cd81a31e3cd26889ca66d677f1","name":"cfeditorfr"}]}},"_links":{"self":[{"href":"https:\/\/www.africa-press.net\/togo\/wp-json\/wp\/v2\/posts\/17222","targetHints":{"allow":["GET"]}}],"collection":[{"href":"https:\/\/www.africa-press.net\/togo\/wp-json\/wp\/v2\/posts"}],"about":[{"href":"https:\/\/www.africa-press.net\/togo\/wp-json\/wp\/v2\/types\/post"}],"author":[{"embeddable":true,"href":"https:\/\/www.africa-press.net\/togo\/wp-json\/wp\/v2\/users\/82"}],"replies":[{"embeddable":true,"href":"https:\/\/www.africa-press.net\/togo\/wp-json\/wp\/v2\/comments?post=17222"}],"version-history":[{"count":0,"href":"https:\/\/www.africa-press.net\/togo\/wp-json\/wp\/v2\/posts\/17222\/revisions"}],"wp:featuredmedia":[{"embeddable":true,"href":"https:\/\/www.africa-press.net\/togo\/wp-json\/wp\/v2\/media\/17221"}],"wp:attachment":[{"href":"https:\/\/www.africa-press.net\/togo\/wp-json\/wp\/v2\/media?parent=17222"}],"wp:term":[{"taxonomy":"category","embeddable":true,"href":"https:\/\/www.africa-press.net\/togo\/wp-json\/wp\/v2\/categories?post=17222"},{"taxonomy":"post_tag","embeddable":true,"href":"https:\/\/www.africa-press.net\/togo\/wp-json\/wp\/v2\/tags?post=17222"}],"curies":[{"name":"wp","href":"https:\/\/api.w.org\/{rel}","templated":true}]}}