{"id":17224,"date":"2023-02-15T20:22:30","date_gmt":"2023-02-15T20:22:30","guid":{"rendered":"https:\/\/www.africa-press.net\/togo\/politique\/togo-vers-la-desactivation-des-wifi-zone-par-togocom"},"modified":"2023-02-16T19:06:18","modified_gmt":"2023-02-16T19:06:18","slug":"togo-vers-la-desactivation-des-wifi-zone-par-togocom","status":"publish","type":"post","link":"https:\/\/www.africa-press.net\/togo\/toutes-les-actualites\/togo-vers-la-desactivation-des-wifi-zone-par-togocom","title":{"rendered":"Togo-Vers la d\u00e9sactivation des \u201cWiFi Zone\u201d par Togocom"},"content":{"rendered":"<p><span style=\"color: #ff6600\"><strong>Africa-Press &#8211; Togo. <\/strong><\/span><b>Togocom provoque a\u0300 nouveau des de\u0301bats sur les re\u0301seaux sociaux suite a\u0300 son annonce ce mardi soir concernant le service commune\u0301ment appele\u0301 \u201cWiFi Zone\u201d. Selon l\u2019ope\u0301rateur du re\u0301seau, il est ille\u0301gal de mone\u0301tiser ses services de WiFi.<\/b><\/p>\n<p>Dans un bref communique\u0301 ce mardi 14 fe\u0301vrier 2023, Togocom a de\u0301clare\u0301 que \u201cdans le cadre de la re\u0301gulation de l\u2019activite\u0301 illicite WIFI ZONE, TOGOCOM rappelle que le produit ou le service TOGOCOM est destine\u0301 a\u0300 des besoins propres dans le cadre d\u2019un usage prive\u0301.\u201d<\/p>\n<p>\u00ab Toute utilisation a\u0300 but lucratif sous quelque forme et en quelque lieu que ce soit est illicite et abusive. A\u0300 cet effet, TOGOCOM informe ses clients qu\u2019il proce\u0301dera a\u0300 la de\u0301sactivation progressive des lignes WIFI ZONE dans les jours a\u0300 venir \u00bb, ajoute la note.<\/p>\n<p>C\u2019est e\u0301videmment une nouvelle qu\u2019un grand nombre de togolais et de clients de Togocom n\u2019ont pas accueillie en cette soire\u0301e de la Saint Valentin.<\/p>\n<p>Plus de blagues sur la fameuse fe\u0302te. La socie\u0301te\u0301 rec\u0327oit beaucoup de commentaires ne\u0301gatifs sur les re\u0301seaux sociaux alors que d\u2019autres influenceurs manifestent leur indignation et appellent au boycott.<\/p>\n<p>Nous y reviendrons.<\/p>\n<p><strong>Pour plus d&rsquo;informations et d&rsquo;analyses sur la <a href=\"https:\/\/www.africa-press.net\/togo\">Togo<\/a>, suivez <a href=\"https:\/\/www.africa-press.net\/\">Africa-Press<\/a><\/strong><\/p>\n","protected":false},"excerpt":{"rendered":"<p>Africa-Press &#8211; Togo. Togocom provoque a\u0300 nouveau des de\u0301bats sur les re\u0301seaux sociaux suite a\u0300 son annonce ce mardi soir concernant le service commune\u0301ment appele\u0301 \u201cWiFi Zone\u201d. Selon l\u2019ope\u0301rateur du re\u0301seau, il est ille\u0301gal de mone\u0301tiser ses services de WiFi. Dans un bref communique\u0301 ce mardi 14 fe\u0301vrier 2023, Togocom a de\u0301clare\u0301 que \u201cdans le [&hellip;]<\/p>\n","protected":false},"author":82,"featured_media":17223,"comment_status":"open","ping_status":"closed","sticky":false,"template":"","format":"standard","meta":{"footnotes":""},"categories":[21,10],"tags":[36,49,50],"class_list":["post-17224","post","type-post","status-publish","format-standard","has-post-thumbnail","hentry","category-communaute","category-toutes-les-actualites","tag-africa-press","tag-africa-press-togo","tag-togo"],"yoast_head":"<!-- This site is optimized with the Yoast SEO Premium plugin v26.1 (Yoast SEO v27.0) - https:\/\/yoast.com\/product\/yoast-seo-premium-wordpress\/ -->\n<title>Togo-Vers la d\u00e9sactivation des \u201cWiFi Zone\u201d par Togocom - Togo<\/title>\n<meta name=\"description\" content=\"Togocom provoque a\u0300 nouveau des de\u0301bats sur les re\u0301seaux sociaux suite a\u0300 son annonce ce mardi soir concernant le ser ...\" \/>\n<meta name=\"robots\" content=\"index, follow, max-snippet:-1, max-image-preview:large, max-video-preview:-1\" \/>\n<link rel=\"canonical\" href=\"https:\/\/www.africa-press.net\/togo\/toutes-les-actualites\/togo-vers-la-desactivation-des-wifi-zone-par-togocom\" \/>\n<meta property=\"og:locale\" content=\"fr_FR\" \/>\n<meta property=\"og:type\" content=\"article\" \/>\n<meta property=\"og:title\" content=\"Togo-Vers la d\u00e9sactivation des \u201cWiFi Zone\u201d par Togocom\" \/>\n<meta property=\"og:description\" content=\"Togocom provoque a\u0300 nouveau des de\u0301bats sur les re\u0301seaux sociaux suite a\u0300 son annonce ce mardi soir concernant le ser ...\" \/>\n<meta property=\"og:url\" content=\"https:\/\/www.africa-press.net\/togo\/toutes-les-actualites\/togo-vers-la-desactivation-des-wifi-zone-par-togocom\" \/>\n<meta property=\"og:site_name\" content=\"Togo\" \/>\n<meta property=\"article:published_time\" content=\"2023-02-15T20:22:30+00:00\" \/>\n<meta property=\"article:modified_time\" content=\"2023-02-16T19:06:18+00:00\" \/>\n<meta property=\"og:image\" content=\"https:\/\/static.africa-press.net\/togo\/sites\/58\/2023\/02\/postQueueImg_1676479958.10.jpg\" \/>\n\t<meta property=\"og:image:width\" content=\"1556\" \/>\n\t<meta property=\"og:image:height\" content=\"1216\" \/>\n\t<meta property=\"og:image:type\" content=\"image\/jpeg\" \/>\n<meta name=\"author\" content=\"cfeditorfr\" \/>\n<meta name=\"twitter:card\" content=\"summary_large_image\" \/>\n<meta name=\"twitter:label1\" content=\"\u00c9crit par\" \/>\n\t<meta name=\"twitter:data1\" content=\"cfeditorfr\" \/>\n\t<meta name=\"twitter:label2\" content=\"Dur\u00e9e de lecture estim\u00e9e\" \/>\n\t<meta name=\"twitter:data2\" content=\"1 minute\" \/>\n<script type=\"application\/ld+json\" class=\"yoast-schema-graph\">{\"@context\":\"https:\/\/schema.org\",\"@graph\":[{\"@type\":\"Article\",\"@id\":\"https:\/\/www.africa-press.net\/togo\/toutes-les-actualites\/togo-vers-la-desactivation-des-wifi-zone-par-togocom#article\",\"isPartOf\":{\"@id\":\"https:\/\/www.africa-press.net\/togo\/toutes-les-actualites\/togo-vers-la-desactivation-des-wifi-zone-par-togocom\"},\"author\":{\"name\":\"cfeditorfr\",\"@id\":\"https:\/\/www.africa-press.net\/togo\/#\/schema\/person\/2b1cf3cd81a31e3cd26889ca66d677f1\"},\"headline\":\"Togo-Vers la d\u00e9sactivation des \u201cWiFi Zone\u201d par Togocom\",\"datePublished\":\"2023-02-15T20:22:30+00:00\",\"dateModified\":\"2023-02-16T19:06:18+00:00\",\"mainEntityOfPage\":{\"@id\":\"https:\/\/www.africa-press.net\/togo\/toutes-les-actualites\/togo-vers-la-desactivation-des-wifi-zone-par-togocom\"},\"wordCount\":231,\"commentCount\":0,\"image\":{\"@id\":\"https:\/\/www.africa-press.net\/togo\/toutes-les-actualites\/togo-vers-la-desactivation-des-wifi-zone-par-togocom#primaryimage\"},\"thumbnailUrl\":\"https:\/\/static.africa-press.net\/togo\/sites\/58\/2023\/02\/postQueueImg_1676479958.10.jpg\",\"keywords\":[\"Africa Press\",\"Africa Press-Togo\",\"Togo\"],\"articleSection\":[\"Communaut\u00e9\",\"Toutes les actualit\u00e9s\"],\"inLanguage\":\"fr-FR\",\"potentialAction\":[{\"@type\":\"CommentAction\",\"name\":\"Comment\",\"target\":[\"https:\/\/www.africa-press.net\/togo\/toutes-les-actualites\/togo-vers-la-desactivation-des-wifi-zone-par-togocom#respond\"]}]},{\"@type\":\"WebPage\",\"@id\":\"https:\/\/www.africa-press.net\/togo\/toutes-les-actualites\/togo-vers-la-desactivation-des-wifi-zone-par-togocom\",\"url\":\"https:\/\/www.africa-press.net\/togo\/toutes-les-actualites\/togo-vers-la-desactivation-des-wifi-zone-par-togocom\",\"name\":\"Togo-Vers la d\u00e9sactivation des \u201cWiFi Zone\u201d par Togocom - Togo\",\"isPartOf\":{\"@id\":\"https:\/\/www.africa-press.net\/togo\/#website\"},\"primaryImageOfPage\":{\"@id\":\"https:\/\/www.africa-press.net\/togo\/toutes-les-actualites\/togo-vers-la-desactivation-des-wifi-zone-par-togocom#primaryimage\"},\"image\":{\"@id\":\"https:\/\/www.africa-press.net\/togo\/toutes-les-actualites\/togo-vers-la-desactivation-des-wifi-zone-par-togocom#primaryimage\"},\"thumbnailUrl\":\"https:\/\/static.africa-press.net\/togo\/sites\/58\/2023\/02\/postQueueImg_1676479958.10.jpg\",\"datePublished\":\"2023-02-15T20:22:30+00:00\",\"dateModified\":\"2023-02-16T19:06:18+00:00\",\"author\":{\"@id\":\"https:\/\/www.africa-press.net\/togo\/#\/schema\/person\/2b1cf3cd81a31e3cd26889ca66d677f1\"},\"description\":\"Togocom provoque a\u0300 nouveau des de\u0301bats sur les re\u0301seaux sociaux suite a\u0300 son annonce ce mardi soir concernant le ser ...\",\"breadcrumb\":{\"@id\":\"https:\/\/www.africa-press.net\/togo\/toutes-les-actualites\/togo-vers-la-desactivation-des-wifi-zone-par-togocom#breadcrumb\"},\"inLanguage\":\"fr-FR\",\"potentialAction\":[{\"@type\":\"ReadAction\",\"target\":[\"https:\/\/www.africa-press.net\/togo\/toutes-les-actualites\/togo-vers-la-desactivation-des-wifi-zone-par-togocom\"]}]},{\"@type\":\"ImageObject\",\"inLanguage\":\"fr-FR\",\"@id\":\"https:\/\/www.africa-press.net\/togo\/toutes-les-actualites\/togo-vers-la-desactivation-des-wifi-zone-par-togocom#primaryimage\",\"url\":\"https:\/\/static.africa-press.net\/togo\/sites\/58\/2023\/02\/postQueueImg_1676479958.10.jpg\",\"contentUrl\":\"https:\/\/static.africa-press.net\/togo\/sites\/58\/2023\/02\/postQueueImg_1676479958.10.jpg\",\"width\":1556,\"height\":1216,\"caption\":\"Togo-Vers la d\u00e9sactivation des \u201cWiFi Zone\u201d par Togocom\"},{\"@type\":\"BreadcrumbList\",\"@id\":\"https:\/\/www.africa-press.net\/togo\/toutes-les-actualites\/togo-vers-la-desactivation-des-wifi-zone-par-togocom#breadcrumb\",\"itemListElement\":[{\"@type\":\"ListItem\",\"position\":1,\"name\":\"Accueil\",\"item\":\"https:\/\/www.africa-press.net\/togo\/\"},{\"@type\":\"ListItem\",\"position\":2,\"name\":\"Togo-Vers la d\u00e9sactivation des \u201cWiFi Zone\u201d par Togocom\"}]},{\"@type\":\"WebSite\",\"@id\":\"https:\/\/www.africa-press.net\/togo\/#website\",\"url\":\"https:\/\/www.africa-press.net\/togo\/\",\"name\":\"Togo\",\"description\":\"Just another Africa News Agency Sites site\",\"potentialAction\":[{\"@type\":\"SearchAction\",\"target\":{\"@type\":\"EntryPoint\",\"urlTemplate\":\"https:\/\/www.africa-press.net\/togo\/?s={search_term_string}\"},\"query-input\":{\"@type\":\"PropertyValueSpecification\",\"valueRequired\":true,\"valueName\":\"search_term_string\"}}],\"inLanguage\":\"fr-FR\"},{\"@type\":\"Person\",\"@id\":\"https:\/\/www.africa-press.net\/togo\/#\/schema\/person\/2b1cf3cd81a31e3cd26889ca66d677f1\",\"name\":\"cfeditorfr\"}]}<\/script>\n<!-- \/ Yoast SEO Premium plugin. -->","yoast_head_json":{"title":"Togo-Vers la d\u00e9sactivation des \u201cWiFi Zone\u201d par Togocom - Togo","description":"Togocom provoque a\u0300 nouveau des de\u0301bats sur les re\u0301seaux sociaux suite a\u0300 son annonce ce mardi soir concernant le ser ...","robots":{"index":"index","follow":"follow","max-snippet":"max-snippet:-1","max-image-preview":"max-image-preview:large","max-video-preview":"max-video-preview:-1"},"canonical":"https:\/\/www.africa-press.net\/togo\/toutes-les-actualites\/togo-vers-la-desactivation-des-wifi-zone-par-togocom","og_locale":"fr_FR","og_type":"article","og_title":"Togo-Vers la d\u00e9sactivation des \u201cWiFi Zone\u201d par Togocom","og_description":"Togocom provoque a\u0300 nouveau des de\u0301bats sur les re\u0301seaux sociaux suite a\u0300 son annonce ce mardi soir concernant le ser ...","og_url":"https:\/\/www.africa-press.net\/togo\/toutes-les-actualites\/togo-vers-la-desactivation-des-wifi-zone-par-togocom","og_site_name":"Togo","article_published_time":"2023-02-15T20:22:30+00:00","article_modified_time":"2023-02-16T19:06:18+00:00","og_image":[{"width":1556,"height":1216,"url":"https:\/\/static.africa-press.net\/togo\/sites\/58\/2023\/02\/postQueueImg_1676479958.10.jpg","type":"image\/jpeg"}],"author":"cfeditorfr","twitter_card":"summary_large_image","twitter_misc":{"\u00c9crit par":"cfeditorfr","Dur\u00e9e de lecture estim\u00e9e":"1 minute"},"schema":{"@context":"https:\/\/schema.org","@graph":[{"@type":"Article","@id":"https:\/\/www.africa-press.net\/togo\/toutes-les-actualites\/togo-vers-la-desactivation-des-wifi-zone-par-togocom#article","isPartOf":{"@id":"https:\/\/www.africa-press.net\/togo\/toutes-les-actualites\/togo-vers-la-desactivation-des-wifi-zone-par-togocom"},"author":{"name":"cfeditorfr","@id":"https:\/\/www.africa-press.net\/togo\/#\/schema\/person\/2b1cf3cd81a31e3cd26889ca66d677f1"},"headline":"Togo-Vers la d\u00e9sactivation des \u201cWiFi Zone\u201d par Togocom","datePublished":"2023-02-15T20:22:30+00:00","dateModified":"2023-02-16T19:06:18+00:00","mainEntityOfPage":{"@id":"https:\/\/www.africa-press.net\/togo\/toutes-les-actualites\/togo-vers-la-desactivation-des-wifi-zone-par-togocom"},"wordCount":231,"commentCount":0,"image":{"@id":"https:\/\/www.africa-press.net\/togo\/toutes-les-actualites\/togo-vers-la-desactivation-des-wifi-zone-par-togocom#primaryimage"},"thumbnailUrl":"https:\/\/static.africa-press.net\/togo\/sites\/58\/2023\/02\/postQueueImg_1676479958.10.jpg","keywords":["Africa Press","Africa Press-Togo","Togo"],"articleSection":["Communaut\u00e9","Toutes les actualit\u00e9s"],"inLanguage":"fr-FR","potentialAction":[{"@type":"CommentAction","name":"Comment","target":["https:\/\/www.africa-press.net\/togo\/toutes-les-actualites\/togo-vers-la-desactivation-des-wifi-zone-par-togocom#respond"]}]},{"@type":"WebPage","@id":"https:\/\/www.africa-press.net\/togo\/toutes-les-actualites\/togo-vers-la-desactivation-des-wifi-zone-par-togocom","url":"https:\/\/www.africa-press.net\/togo\/toutes-les-actualites\/togo-vers-la-desactivation-des-wifi-zone-par-togocom","name":"Togo-Vers la d\u00e9sactivation des \u201cWiFi Zone\u201d par Togocom - Togo","isPartOf":{"@id":"https:\/\/www.africa-press.net\/togo\/#website"},"primaryImageOfPage":{"@id":"https:\/\/www.africa-press.net\/togo\/toutes-les-actualites\/togo-vers-la-desactivation-des-wifi-zone-par-togocom#primaryimage"},"image":{"@id":"https:\/\/www.africa-press.net\/togo\/toutes-les-actualites\/togo-vers-la-desactivation-des-wifi-zone-par-togocom#primaryimage"},"thumbnailUrl":"https:\/\/static.africa-press.net\/togo\/sites\/58\/2023\/02\/postQueueImg_1676479958.10.jpg","datePublished":"2023-02-15T20:22:30+00:00","dateModified":"2023-02-16T19:06:18+00:00","author":{"@id":"https:\/\/www.africa-press.net\/togo\/#\/schema\/person\/2b1cf3cd81a31e3cd26889ca66d677f1"},"description":"Togocom provoque a\u0300 nouveau des de\u0301bats sur les re\u0301seaux sociaux suite a\u0300 son annonce ce mardi soir concernant le ser ...","breadcrumb":{"@id":"https:\/\/www.africa-press.net\/togo\/toutes-les-actualites\/togo-vers-la-desactivation-des-wifi-zone-par-togocom#breadcrumb"},"inLanguage":"fr-FR","potentialAction":[{"@type":"ReadAction","target":["https:\/\/www.africa-press.net\/togo\/toutes-les-actualites\/togo-vers-la-desactivation-des-wifi-zone-par-togocom"]}]},{"@type":"ImageObject","inLanguage":"fr-FR","@id":"https:\/\/www.africa-press.net\/togo\/toutes-les-actualites\/togo-vers-la-desactivation-des-wifi-zone-par-togocom#primaryimage","url":"https:\/\/static.africa-press.net\/togo\/sites\/58\/2023\/02\/postQueueImg_1676479958.10.jpg","contentUrl":"https:\/\/static.africa-press.net\/togo\/sites\/58\/2023\/02\/postQueueImg_1676479958.10.jpg","width":1556,"height":1216,"caption":"Togo-Vers la d\u00e9sactivation des \u201cWiFi Zone\u201d par Togocom"},{"@type":"BreadcrumbList","@id":"https:\/\/www.africa-press.net\/togo\/toutes-les-actualites\/togo-vers-la-desactivation-des-wifi-zone-par-togocom#breadcrumb","itemListElement":[{"@type":"ListItem","position":1,"name":"Accueil","item":"https:\/\/www.africa-press.net\/togo\/"},{"@type":"ListItem","position":2,"name":"Togo-Vers la d\u00e9sactivation des \u201cWiFi Zone\u201d par Togocom"}]},{"@type":"WebSite","@id":"https:\/\/www.africa-press.net\/togo\/#website","url":"https:\/\/www.africa-press.net\/togo\/","name":"Togo","description":"Just another Africa News Agency Sites site","potentialAction":[{"@type":"SearchAction","target":{"@type":"EntryPoint","urlTemplate":"https:\/\/www.africa-press.net\/togo\/?s={search_term_string}"},"query-input":{"@type":"PropertyValueSpecification","valueRequired":true,"valueName":"search_term_string"}}],"inLanguage":"fr-FR"},{"@type":"Person","@id":"https:\/\/www.africa-press.net\/togo\/#\/schema\/person\/2b1cf3cd81a31e3cd26889ca66d677f1","name":"cfeditorfr"}]}},"_links":{"self":[{"href":"https:\/\/www.africa-press.net\/togo\/wp-json\/wp\/v2\/posts\/17224","targetHints":{"allow":["GET"]}}],"collection":[{"href":"https:\/\/www.africa-press.net\/togo\/wp-json\/wp\/v2\/posts"}],"about":[{"href":"https:\/\/www.africa-press.net\/togo\/wp-json\/wp\/v2\/types\/post"}],"author":[{"embeddable":true,"href":"https:\/\/www.africa-press.net\/togo\/wp-json\/wp\/v2\/users\/82"}],"replies":[{"embeddable":true,"href":"https:\/\/www.africa-press.net\/togo\/wp-json\/wp\/v2\/comments?post=17224"}],"version-history":[{"count":0,"href":"https:\/\/www.africa-press.net\/togo\/wp-json\/wp\/v2\/posts\/17224\/revisions"}],"wp:featuredmedia":[{"embeddable":true,"href":"https:\/\/www.africa-press.net\/togo\/wp-json\/wp\/v2\/media\/17223"}],"wp:attachment":[{"href":"https:\/\/www.africa-press.net\/togo\/wp-json\/wp\/v2\/media?parent=17224"}],"wp:term":[{"taxonomy":"category","embeddable":true,"href":"https:\/\/www.africa-press.net\/togo\/wp-json\/wp\/v2\/categories?post=17224"},{"taxonomy":"post_tag","embeddable":true,"href":"https:\/\/www.africa-press.net\/togo\/wp-json\/wp\/v2\/tags?post=17224"}],"curies":[{"name":"wp","href":"https:\/\/api.w.org\/{rel}","templated":true}]}}