{"id":17226,"date":"2023-02-15T20:22:58","date_gmt":"2023-02-15T20:22:58","guid":{"rendered":"https:\/\/www.africa-press.net\/togo\/politique\/togo-un-pas-de-plus-dans-la-lutte-contre-la-traite-des-personnes"},"modified":"2023-02-16T19:06:42","modified_gmt":"2023-02-16T19:06:42","slug":"togo-un-pas-de-plus-dans-la-lutte-contre-la-traite-des-personnes","status":"publish","type":"post","link":"https:\/\/www.africa-press.net\/togo\/toutes-les-actualites\/togo-un-pas-de-plus-dans-la-lutte-contre-la-traite-des-personnes","title":{"rendered":"Togo-Un pas de plus dans la lutte contre la traite des personnes"},"content":{"rendered":"<p><span style=\"color: #ff6600\"><strong>Africa-Press &#8211; Togo. <\/strong><\/span><b>La Commission nationale contre la traite des personnes au Togo (CNLTP) est de\u0301sormais ope\u0301rationnelle, re\u0301pondant ainsi aux recommandations des institutions internationales.<\/b><\/p>\n<p>Nomme\u0301s par arre\u0302te\u0301 interministe\u0301riel N\u00b0004\/MASPFA\/MSPC\/MJL signe\u0301 le 19 janvier 2022, les membres de la CNLTP ont pris fonction ce mardi 14 fe\u0301vrier 2023 a\u0300 Lome\u0301 au cours d\u2019une ce\u0301re\u0301monie officielle.<\/p>\n<p>\u00ab Je reste convaincu que votre participation au sein de cette commission sera pleinement a\u0300 la hauteur de la confiance place\u0301e en vous par le pre\u0301sident de la Re\u0301publique \u00bb, estime Payadowa Boukpessi, le ministre de l\u2019Administration territoriale, de la De\u0301centralisation et du De\u0301veloppement des territoires.<\/p>\n<p>La Commission nationale contre la traite des personnes au Togo a pour mission de coordonner toutes les actions en matie\u0300re de lutte contre la traite des personnes au Togo afin de re\u0301pondre ve\u0301ritablement au besoin aussi bien au niveau national qu\u2019international, rappelle Kondoh Kandale\u0301, son premier responsable.<\/p>\n<p><strong>Pour plus d&rsquo;informations et d&rsquo;analyses sur la <a href=\"https:\/\/www.africa-press.net\/togo\">Togo<\/a>, suivez <a href=\"https:\/\/www.africa-press.net\/\">Africa-Press<\/a><\/strong><\/p>\n","protected":false},"excerpt":{"rendered":"<p>Africa-Press &#8211; Togo. La Commission nationale contre la traite des personnes au Togo (CNLTP) est de\u0301sormais ope\u0301rationnelle, re\u0301pondant ainsi aux recommandations des institutions internationales. Nomme\u0301s par arre\u0302te\u0301 interministe\u0301riel N\u00b0004\/MASPFA\/MSPC\/MJL signe\u0301 le 19 janvier 2022, les membres de la CNLTP ont pris fonction ce mardi 14 fe\u0301vrier 2023 a\u0300 Lome\u0301 au cours d\u2019une ce\u0301re\u0301monie officielle. \u00ab [&hellip;]<\/p>\n","protected":false},"author":82,"featured_media":17225,"comment_status":"open","ping_status":"closed","sticky":false,"template":"","format":"standard","meta":{"footnotes":""},"categories":[21,10],"tags":[36,49,50],"class_list":["post-17226","post","type-post","status-publish","format-standard","has-post-thumbnail","hentry","category-communaute","category-toutes-les-actualites","tag-africa-press","tag-africa-press-togo","tag-togo"],"yoast_head":"<!-- This site is optimized with the Yoast SEO Premium plugin v26.1 (Yoast SEO v27.0) - https:\/\/yoast.com\/product\/yoast-seo-premium-wordpress\/ -->\n<title>Togo-Un pas de plus dans la lutte contre la traite des personnes - Togo<\/title>\n<meta name=\"description\" content=\"La Commission nationale contre la traite des personnes au Togo (CNLTP) est de\u0301sormais ope\u0301rationnelle, re\u0301pondant ain ...\" \/>\n<meta name=\"robots\" content=\"index, follow, max-snippet:-1, max-image-preview:large, max-video-preview:-1\" \/>\n<link rel=\"canonical\" href=\"https:\/\/www.africa-press.net\/togo\/toutes-les-actualites\/togo-un-pas-de-plus-dans-la-lutte-contre-la-traite-des-personnes\" \/>\n<meta property=\"og:locale\" content=\"fr_FR\" \/>\n<meta property=\"og:type\" content=\"article\" \/>\n<meta property=\"og:title\" content=\"Togo-Un pas de plus dans la lutte contre la traite des personnes\" \/>\n<meta property=\"og:description\" content=\"La Commission nationale contre la traite des personnes au Togo (CNLTP) est de\u0301sormais ope\u0301rationnelle, re\u0301pondant ain ...\" \/>\n<meta property=\"og:url\" content=\"https:\/\/www.africa-press.net\/togo\/toutes-les-actualites\/togo-un-pas-de-plus-dans-la-lutte-contre-la-traite-des-personnes\" \/>\n<meta property=\"og:site_name\" content=\"Togo\" \/>\n<meta property=\"article:published_time\" content=\"2023-02-15T20:22:58+00:00\" \/>\n<meta property=\"article:modified_time\" content=\"2023-02-16T19:06:42+00:00\" \/>\n<meta property=\"og:image\" content=\"https:\/\/static.africa-press.net\/togo\/sites\/58\/2023\/02\/postQueueImg_1676479984.18.jpg\" \/>\n\t<meta property=\"og:image:width\" content=\"1280\" \/>\n\t<meta property=\"og:image:height\" content=\"800\" \/>\n\t<meta property=\"og:image:type\" content=\"image\/jpeg\" \/>\n<meta name=\"author\" content=\"cfeditorfr\" \/>\n<meta name=\"twitter:card\" content=\"summary_large_image\" \/>\n<meta name=\"twitter:label1\" content=\"\u00c9crit par\" \/>\n\t<meta name=\"twitter:data1\" content=\"cfeditorfr\" \/>\n\t<meta name=\"twitter:label2\" content=\"Dur\u00e9e de lecture estim\u00e9e\" \/>\n\t<meta name=\"twitter:data2\" content=\"1 minute\" \/>\n<script type=\"application\/ld+json\" class=\"yoast-schema-graph\">{\"@context\":\"https:\/\/schema.org\",\"@graph\":[{\"@type\":\"Article\",\"@id\":\"https:\/\/www.africa-press.net\/togo\/toutes-les-actualites\/togo-un-pas-de-plus-dans-la-lutte-contre-la-traite-des-personnes#article\",\"isPartOf\":{\"@id\":\"https:\/\/www.africa-press.net\/togo\/toutes-les-actualites\/togo-un-pas-de-plus-dans-la-lutte-contre-la-traite-des-personnes\"},\"author\":{\"name\":\"cfeditorfr\",\"@id\":\"https:\/\/www.africa-press.net\/togo\/#\/schema\/person\/2b1cf3cd81a31e3cd26889ca66d677f1\"},\"headline\":\"Togo-Un pas de plus dans la lutte contre la traite des personnes\",\"datePublished\":\"2023-02-15T20:22:58+00:00\",\"dateModified\":\"2023-02-16T19:06:42+00:00\",\"mainEntityOfPage\":{\"@id\":\"https:\/\/www.africa-press.net\/togo\/toutes-les-actualites\/togo-un-pas-de-plus-dans-la-lutte-contre-la-traite-des-personnes\"},\"wordCount\":188,\"commentCount\":0,\"image\":{\"@id\":\"https:\/\/www.africa-press.net\/togo\/toutes-les-actualites\/togo-un-pas-de-plus-dans-la-lutte-contre-la-traite-des-personnes#primaryimage\"},\"thumbnailUrl\":\"https:\/\/static.africa-press.net\/togo\/sites\/58\/2023\/02\/postQueueImg_1676479984.18.jpg\",\"keywords\":[\"Africa Press\",\"Africa Press-Togo\",\"Togo\"],\"articleSection\":[\"Communaut\u00e9\",\"Toutes les actualit\u00e9s\"],\"inLanguage\":\"fr-FR\",\"potentialAction\":[{\"@type\":\"CommentAction\",\"name\":\"Comment\",\"target\":[\"https:\/\/www.africa-press.net\/togo\/toutes-les-actualites\/togo-un-pas-de-plus-dans-la-lutte-contre-la-traite-des-personnes#respond\"]}]},{\"@type\":\"WebPage\",\"@id\":\"https:\/\/www.africa-press.net\/togo\/toutes-les-actualites\/togo-un-pas-de-plus-dans-la-lutte-contre-la-traite-des-personnes\",\"url\":\"https:\/\/www.africa-press.net\/togo\/toutes-les-actualites\/togo-un-pas-de-plus-dans-la-lutte-contre-la-traite-des-personnes\",\"name\":\"Togo-Un pas de plus dans la lutte contre la traite des personnes - Togo\",\"isPartOf\":{\"@id\":\"https:\/\/www.africa-press.net\/togo\/#website\"},\"primaryImageOfPage\":{\"@id\":\"https:\/\/www.africa-press.net\/togo\/toutes-les-actualites\/togo-un-pas-de-plus-dans-la-lutte-contre-la-traite-des-personnes#primaryimage\"},\"image\":{\"@id\":\"https:\/\/www.africa-press.net\/togo\/toutes-les-actualites\/togo-un-pas-de-plus-dans-la-lutte-contre-la-traite-des-personnes#primaryimage\"},\"thumbnailUrl\":\"https:\/\/static.africa-press.net\/togo\/sites\/58\/2023\/02\/postQueueImg_1676479984.18.jpg\",\"datePublished\":\"2023-02-15T20:22:58+00:00\",\"dateModified\":\"2023-02-16T19:06:42+00:00\",\"author\":{\"@id\":\"https:\/\/www.africa-press.net\/togo\/#\/schema\/person\/2b1cf3cd81a31e3cd26889ca66d677f1\"},\"description\":\"La Commission nationale contre la traite des personnes au Togo (CNLTP) est de\u0301sormais ope\u0301rationnelle, re\u0301pondant ain ...\",\"breadcrumb\":{\"@id\":\"https:\/\/www.africa-press.net\/togo\/toutes-les-actualites\/togo-un-pas-de-plus-dans-la-lutte-contre-la-traite-des-personnes#breadcrumb\"},\"inLanguage\":\"fr-FR\",\"potentialAction\":[{\"@type\":\"ReadAction\",\"target\":[\"https:\/\/www.africa-press.net\/togo\/toutes-les-actualites\/togo-un-pas-de-plus-dans-la-lutte-contre-la-traite-des-personnes\"]}]},{\"@type\":\"ImageObject\",\"inLanguage\":\"fr-FR\",\"@id\":\"https:\/\/www.africa-press.net\/togo\/toutes-les-actualites\/togo-un-pas-de-plus-dans-la-lutte-contre-la-traite-des-personnes#primaryimage\",\"url\":\"https:\/\/static.africa-press.net\/togo\/sites\/58\/2023\/02\/postQueueImg_1676479984.18.jpg\",\"contentUrl\":\"https:\/\/static.africa-press.net\/togo\/sites\/58\/2023\/02\/postQueueImg_1676479984.18.jpg\",\"width\":1280,\"height\":800,\"caption\":\"Togo-Un pas de plus dans la lutte contre la traite des personnes\"},{\"@type\":\"BreadcrumbList\",\"@id\":\"https:\/\/www.africa-press.net\/togo\/toutes-les-actualites\/togo-un-pas-de-plus-dans-la-lutte-contre-la-traite-des-personnes#breadcrumb\",\"itemListElement\":[{\"@type\":\"ListItem\",\"position\":1,\"name\":\"Accueil\",\"item\":\"https:\/\/www.africa-press.net\/togo\/\"},{\"@type\":\"ListItem\",\"position\":2,\"name\":\"Togo-Un pas de plus dans la lutte contre la traite des personnes\"}]},{\"@type\":\"WebSite\",\"@id\":\"https:\/\/www.africa-press.net\/togo\/#website\",\"url\":\"https:\/\/www.africa-press.net\/togo\/\",\"name\":\"Togo\",\"description\":\"Just another Africa News Agency Sites site\",\"potentialAction\":[{\"@type\":\"SearchAction\",\"target\":{\"@type\":\"EntryPoint\",\"urlTemplate\":\"https:\/\/www.africa-press.net\/togo\/?s={search_term_string}\"},\"query-input\":{\"@type\":\"PropertyValueSpecification\",\"valueRequired\":true,\"valueName\":\"search_term_string\"}}],\"inLanguage\":\"fr-FR\"},{\"@type\":\"Person\",\"@id\":\"https:\/\/www.africa-press.net\/togo\/#\/schema\/person\/2b1cf3cd81a31e3cd26889ca66d677f1\",\"name\":\"cfeditorfr\"}]}<\/script>\n<!-- \/ Yoast SEO Premium plugin. -->","yoast_head_json":{"title":"Togo-Un pas de plus dans la lutte contre la traite des personnes - Togo","description":"La Commission nationale contre la traite des personnes au Togo (CNLTP) est de\u0301sormais ope\u0301rationnelle, re\u0301pondant ain ...","robots":{"index":"index","follow":"follow","max-snippet":"max-snippet:-1","max-image-preview":"max-image-preview:large","max-video-preview":"max-video-preview:-1"},"canonical":"https:\/\/www.africa-press.net\/togo\/toutes-les-actualites\/togo-un-pas-de-plus-dans-la-lutte-contre-la-traite-des-personnes","og_locale":"fr_FR","og_type":"article","og_title":"Togo-Un pas de plus dans la lutte contre la traite des personnes","og_description":"La Commission nationale contre la traite des personnes au Togo (CNLTP) est de\u0301sormais ope\u0301rationnelle, re\u0301pondant ain ...","og_url":"https:\/\/www.africa-press.net\/togo\/toutes-les-actualites\/togo-un-pas-de-plus-dans-la-lutte-contre-la-traite-des-personnes","og_site_name":"Togo","article_published_time":"2023-02-15T20:22:58+00:00","article_modified_time":"2023-02-16T19:06:42+00:00","og_image":[{"width":1280,"height":800,"url":"https:\/\/static.africa-press.net\/togo\/sites\/58\/2023\/02\/postQueueImg_1676479984.18.jpg","type":"image\/jpeg"}],"author":"cfeditorfr","twitter_card":"summary_large_image","twitter_misc":{"\u00c9crit par":"cfeditorfr","Dur\u00e9e de lecture estim\u00e9e":"1 minute"},"schema":{"@context":"https:\/\/schema.org","@graph":[{"@type":"Article","@id":"https:\/\/www.africa-press.net\/togo\/toutes-les-actualites\/togo-un-pas-de-plus-dans-la-lutte-contre-la-traite-des-personnes#article","isPartOf":{"@id":"https:\/\/www.africa-press.net\/togo\/toutes-les-actualites\/togo-un-pas-de-plus-dans-la-lutte-contre-la-traite-des-personnes"},"author":{"name":"cfeditorfr","@id":"https:\/\/www.africa-press.net\/togo\/#\/schema\/person\/2b1cf3cd81a31e3cd26889ca66d677f1"},"headline":"Togo-Un pas de plus dans la lutte contre la traite des personnes","datePublished":"2023-02-15T20:22:58+00:00","dateModified":"2023-02-16T19:06:42+00:00","mainEntityOfPage":{"@id":"https:\/\/www.africa-press.net\/togo\/toutes-les-actualites\/togo-un-pas-de-plus-dans-la-lutte-contre-la-traite-des-personnes"},"wordCount":188,"commentCount":0,"image":{"@id":"https:\/\/www.africa-press.net\/togo\/toutes-les-actualites\/togo-un-pas-de-plus-dans-la-lutte-contre-la-traite-des-personnes#primaryimage"},"thumbnailUrl":"https:\/\/static.africa-press.net\/togo\/sites\/58\/2023\/02\/postQueueImg_1676479984.18.jpg","keywords":["Africa Press","Africa Press-Togo","Togo"],"articleSection":["Communaut\u00e9","Toutes les actualit\u00e9s"],"inLanguage":"fr-FR","potentialAction":[{"@type":"CommentAction","name":"Comment","target":["https:\/\/www.africa-press.net\/togo\/toutes-les-actualites\/togo-un-pas-de-plus-dans-la-lutte-contre-la-traite-des-personnes#respond"]}]},{"@type":"WebPage","@id":"https:\/\/www.africa-press.net\/togo\/toutes-les-actualites\/togo-un-pas-de-plus-dans-la-lutte-contre-la-traite-des-personnes","url":"https:\/\/www.africa-press.net\/togo\/toutes-les-actualites\/togo-un-pas-de-plus-dans-la-lutte-contre-la-traite-des-personnes","name":"Togo-Un pas de plus dans la lutte contre la traite des personnes - Togo","isPartOf":{"@id":"https:\/\/www.africa-press.net\/togo\/#website"},"primaryImageOfPage":{"@id":"https:\/\/www.africa-press.net\/togo\/toutes-les-actualites\/togo-un-pas-de-plus-dans-la-lutte-contre-la-traite-des-personnes#primaryimage"},"image":{"@id":"https:\/\/www.africa-press.net\/togo\/toutes-les-actualites\/togo-un-pas-de-plus-dans-la-lutte-contre-la-traite-des-personnes#primaryimage"},"thumbnailUrl":"https:\/\/static.africa-press.net\/togo\/sites\/58\/2023\/02\/postQueueImg_1676479984.18.jpg","datePublished":"2023-02-15T20:22:58+00:00","dateModified":"2023-02-16T19:06:42+00:00","author":{"@id":"https:\/\/www.africa-press.net\/togo\/#\/schema\/person\/2b1cf3cd81a31e3cd26889ca66d677f1"},"description":"La Commission nationale contre la traite des personnes au Togo (CNLTP) est de\u0301sormais ope\u0301rationnelle, re\u0301pondant ain ...","breadcrumb":{"@id":"https:\/\/www.africa-press.net\/togo\/toutes-les-actualites\/togo-un-pas-de-plus-dans-la-lutte-contre-la-traite-des-personnes#breadcrumb"},"inLanguage":"fr-FR","potentialAction":[{"@type":"ReadAction","target":["https:\/\/www.africa-press.net\/togo\/toutes-les-actualites\/togo-un-pas-de-plus-dans-la-lutte-contre-la-traite-des-personnes"]}]},{"@type":"ImageObject","inLanguage":"fr-FR","@id":"https:\/\/www.africa-press.net\/togo\/toutes-les-actualites\/togo-un-pas-de-plus-dans-la-lutte-contre-la-traite-des-personnes#primaryimage","url":"https:\/\/static.africa-press.net\/togo\/sites\/58\/2023\/02\/postQueueImg_1676479984.18.jpg","contentUrl":"https:\/\/static.africa-press.net\/togo\/sites\/58\/2023\/02\/postQueueImg_1676479984.18.jpg","width":1280,"height":800,"caption":"Togo-Un pas de plus dans la lutte contre la traite des personnes"},{"@type":"BreadcrumbList","@id":"https:\/\/www.africa-press.net\/togo\/toutes-les-actualites\/togo-un-pas-de-plus-dans-la-lutte-contre-la-traite-des-personnes#breadcrumb","itemListElement":[{"@type":"ListItem","position":1,"name":"Accueil","item":"https:\/\/www.africa-press.net\/togo\/"},{"@type":"ListItem","position":2,"name":"Togo-Un pas de plus dans la lutte contre la traite des personnes"}]},{"@type":"WebSite","@id":"https:\/\/www.africa-press.net\/togo\/#website","url":"https:\/\/www.africa-press.net\/togo\/","name":"Togo","description":"Just another Africa News Agency Sites site","potentialAction":[{"@type":"SearchAction","target":{"@type":"EntryPoint","urlTemplate":"https:\/\/www.africa-press.net\/togo\/?s={search_term_string}"},"query-input":{"@type":"PropertyValueSpecification","valueRequired":true,"valueName":"search_term_string"}}],"inLanguage":"fr-FR"},{"@type":"Person","@id":"https:\/\/www.africa-press.net\/togo\/#\/schema\/person\/2b1cf3cd81a31e3cd26889ca66d677f1","name":"cfeditorfr"}]}},"_links":{"self":[{"href":"https:\/\/www.africa-press.net\/togo\/wp-json\/wp\/v2\/posts\/17226","targetHints":{"allow":["GET"]}}],"collection":[{"href":"https:\/\/www.africa-press.net\/togo\/wp-json\/wp\/v2\/posts"}],"about":[{"href":"https:\/\/www.africa-press.net\/togo\/wp-json\/wp\/v2\/types\/post"}],"author":[{"embeddable":true,"href":"https:\/\/www.africa-press.net\/togo\/wp-json\/wp\/v2\/users\/82"}],"replies":[{"embeddable":true,"href":"https:\/\/www.africa-press.net\/togo\/wp-json\/wp\/v2\/comments?post=17226"}],"version-history":[{"count":0,"href":"https:\/\/www.africa-press.net\/togo\/wp-json\/wp\/v2\/posts\/17226\/revisions"}],"wp:featuredmedia":[{"embeddable":true,"href":"https:\/\/www.africa-press.net\/togo\/wp-json\/wp\/v2\/media\/17225"}],"wp:attachment":[{"href":"https:\/\/www.africa-press.net\/togo\/wp-json\/wp\/v2\/media?parent=17226"}],"wp:term":[{"taxonomy":"category","embeddable":true,"href":"https:\/\/www.africa-press.net\/togo\/wp-json\/wp\/v2\/categories?post=17226"},{"taxonomy":"post_tag","embeddable":true,"href":"https:\/\/www.africa-press.net\/togo\/wp-json\/wp\/v2\/tags?post=17226"}],"curies":[{"name":"wp","href":"https:\/\/api.w.org\/{rel}","templated":true}]}}