{"id":17228,"date":"2023-02-15T20:23:15","date_gmt":"2023-02-15T20:23:15","guid":{"rendered":"https:\/\/www.africa-press.net\/togo\/politique\/togo-la-decision-de-togocom-de-desactiver-les-wifi-zone-ne-passe-pas"},"modified":"2023-02-16T19:07:04","modified_gmt":"2023-02-16T19:07:04","slug":"togo-la-decision-de-togocom-de-desactiver-les-wifi-zone-ne-passe-pas","status":"publish","type":"post","link":"https:\/\/www.africa-press.net\/togo\/toutes-les-actualites\/togo-la-decision-de-togocom-de-desactiver-les-wifi-zone-ne-passe-pas","title":{"rendered":"Togo-La d\u00e9cision de Togocom de d\u00e9sactiver les wifi-zone ne passe pas"},"content":{"rendered":"<p><span style=\"color: #ff6600\"><strong>Africa-Press &#8211; Togo. <\/strong><\/span><b>La socie\u0301te\u0301 de te\u0301le\u0301communications annonce qu\u2019elle va proce\u0301der a\u0300 la de\u0301sactivation des lignes fibre a\u0300 usage domestique, mais transforme\u0301es en wifi-zone.<\/b><\/p>\n<p>Cette campagne qui s\u2019annonce fait de\u0301ja\u0300 grincer des dents dans plusieurs milieux. Me\u0302me si Tarik Boudiaf, le Directeur ge\u0301ne\u0301ral par inte\u0301rim du groupe Togocom, tente de rassurer : \u00ab Cette ope\u0301ration de de\u0301sactivation des lignes fibre Togocom a\u0300 usage commercial de Wifi-Zone, vise a\u0300 respecter les dispositions le\u0301gales et se\u0301curitaires en vigueur \u00bb.<\/p>\n<p>L\u2019ope\u0301rateur souligne que ces lignes ille\u0301gales sont diffe\u0301rentes de l\u2019offre initiale souscrite. Elles ne respecteraient donc pas \u00ab les offres re\u0301sidentielles d\u2019acce\u0300s internet haut de\u0301bit et tre\u0300s haut de\u0301bit sont exclusivement re\u0301serve\u0301es a\u0300 un usage prive\u0301 dans le cercle familial \u00bb, comme le stipule.<\/p>\n<p>Ceux qui sont dans ce cas, sont appele\u0301s a\u0300 se faire re\u0301gulariser leur situation, sinon leurs lignes fibre seront, dans les tout prochains jours, de\u0301sactive\u0301es, avertit M. Boudiaf.<\/p>\n<p>Cette de\u0301cision, disons-nous, ne passe pas. Jerry Taama, de\u0301pute\u0301 a\u0300 l\u2019Assemble\u0301e nationale, se demande par exemple s\u2019il faudra finalement \u00ab boycotter Togocom?\u00bb.<\/p>\n<p>Et de tacler se\u0301ve\u0300rement: \u00ab Donc si vous utilisez leur ligne Togocom pour faire wifi zone, ils te de\u0301sactivent. C\u2019est proprement stupide comme de\u0301cision. La bonne approche aurait e\u0301te\u0301 de proposer une offre wifi zone tellement inte\u0301ressante que les commerc\u0327ants aillent sur cette offre. Techniquement, ils peuvent brider le nombre de connexions maximum, pour dissuader ce type de commerce. Encore faudra-t-il prouver que le manque a\u0300 gagner est important\u00bb, s\u2019interrogeant \u00absi les gens marchent sur la te\u0302te dans ce pays. Wifi qui sauve les jeunes actuellement pour la connexion, on veut couper c\u0327a aussi\u00bb.<\/p>\n<p>Nombreux sont d\u2019autres Togolais, pas des moindres, qui critiquent cette de\u0301cision \u201cpeu re\u0301fle\u0301chie\u201d de cette socie\u0301te\u0301.<\/p>\n<p><strong>Pour plus d&rsquo;informations et d&rsquo;analyses sur la <a href=\"https:\/\/www.africa-press.net\/togo\">Togo<\/a>, suivez <a href=\"https:\/\/www.africa-press.net\/\">Africa-Press<\/a><\/strong><\/p>\n","protected":false},"excerpt":{"rendered":"<p>Africa-Press &#8211; Togo. La socie\u0301te\u0301 de te\u0301le\u0301communications annonce qu\u2019elle va proce\u0301der a\u0300 la de\u0301sactivation des lignes fibre a\u0300 usage domestique, mais transforme\u0301es en wifi-zone. Cette campagne qui s\u2019annonce fait de\u0301ja\u0300 grincer des dents dans plusieurs milieux. Me\u0302me si Tarik Boudiaf, le Directeur ge\u0301ne\u0301ral par inte\u0301rim du groupe Togocom, tente de rassurer : \u00ab Cette ope\u0301ration [&hellip;]<\/p>\n","protected":false},"author":82,"featured_media":17227,"comment_status":"open","ping_status":"closed","sticky":false,"template":"","format":"standard","meta":{"footnotes":""},"categories":[21,10],"tags":[36,49,50],"class_list":["post-17228","post","type-post","status-publish","format-standard","has-post-thumbnail","hentry","category-communaute","category-toutes-les-actualites","tag-africa-press","tag-africa-press-togo","tag-togo"],"yoast_head":"<!-- This site is optimized with the Yoast SEO Premium plugin v26.1 (Yoast SEO v27.0) - https:\/\/yoast.com\/product\/yoast-seo-premium-wordpress\/ -->\n<title>Togo-La d\u00e9cision de Togocom de d\u00e9sactiver les wifi-zone ne passe pas - Togo<\/title>\n<meta name=\"description\" content=\"La socie\u0301te\u0301 de te\u0301le\u0301communications annonce qu\u2019elle va proce\u0301der a\u0300 la de\u0301sactivation des lignes fibre a\u0300 usage dome ...\" \/>\n<meta name=\"robots\" content=\"index, follow, max-snippet:-1, max-image-preview:large, max-video-preview:-1\" \/>\n<link rel=\"canonical\" href=\"https:\/\/www.africa-press.net\/togo\/toutes-les-actualites\/togo-la-decision-de-togocom-de-desactiver-les-wifi-zone-ne-passe-pas\" \/>\n<meta property=\"og:locale\" content=\"fr_FR\" \/>\n<meta property=\"og:type\" content=\"article\" \/>\n<meta property=\"og:title\" content=\"Togo-La d\u00e9cision de Togocom de d\u00e9sactiver les wifi-zone ne passe pas\" \/>\n<meta property=\"og:description\" content=\"La socie\u0301te\u0301 de te\u0301le\u0301communications annonce qu\u2019elle va proce\u0301der a\u0300 la de\u0301sactivation des lignes fibre a\u0300 usage dome ...\" \/>\n<meta property=\"og:url\" content=\"https:\/\/www.africa-press.net\/togo\/toutes-les-actualites\/togo-la-decision-de-togocom-de-desactiver-les-wifi-zone-ne-passe-pas\" \/>\n<meta property=\"og:site_name\" content=\"Togo\" \/>\n<meta property=\"article:published_time\" content=\"2023-02-15T20:23:15+00:00\" \/>\n<meta property=\"article:modified_time\" content=\"2023-02-16T19:07:04+00:00\" \/>\n<meta property=\"og:image\" content=\"https:\/\/static.africa-press.net\/togo\/sites\/58\/2023\/02\/postQueueImg_1676480004.74.jpg\" \/>\n\t<meta property=\"og:image:width\" content=\"1280\" \/>\n\t<meta property=\"og:image:height\" content=\"800\" \/>\n\t<meta property=\"og:image:type\" content=\"image\/jpeg\" \/>\n<meta name=\"author\" content=\"cfeditorfr\" \/>\n<meta name=\"twitter:card\" content=\"summary_large_image\" \/>\n<meta name=\"twitter:label1\" content=\"\u00c9crit par\" \/>\n\t<meta name=\"twitter:data1\" content=\"cfeditorfr\" \/>\n\t<meta name=\"twitter:label2\" content=\"Dur\u00e9e de lecture estim\u00e9e\" \/>\n\t<meta name=\"twitter:data2\" content=\"2 minutes\" \/>\n<script type=\"application\/ld+json\" class=\"yoast-schema-graph\">{\"@context\":\"https:\/\/schema.org\",\"@graph\":[{\"@type\":\"Article\",\"@id\":\"https:\/\/www.africa-press.net\/togo\/toutes-les-actualites\/togo-la-decision-de-togocom-de-desactiver-les-wifi-zone-ne-passe-pas#article\",\"isPartOf\":{\"@id\":\"https:\/\/www.africa-press.net\/togo\/toutes-les-actualites\/togo-la-decision-de-togocom-de-desactiver-les-wifi-zone-ne-passe-pas\"},\"author\":{\"name\":\"cfeditorfr\",\"@id\":\"https:\/\/www.africa-press.net\/togo\/#\/schema\/person\/2b1cf3cd81a31e3cd26889ca66d677f1\"},\"headline\":\"Togo-La d\u00e9cision de Togocom de d\u00e9sactiver les wifi-zone ne passe pas\",\"datePublished\":\"2023-02-15T20:23:15+00:00\",\"dateModified\":\"2023-02-16T19:07:04+00:00\",\"mainEntityOfPage\":{\"@id\":\"https:\/\/www.africa-press.net\/togo\/toutes-les-actualites\/togo-la-decision-de-togocom-de-desactiver-les-wifi-zone-ne-passe-pas\"},\"wordCount\":354,\"commentCount\":0,\"image\":{\"@id\":\"https:\/\/www.africa-press.net\/togo\/toutes-les-actualites\/togo-la-decision-de-togocom-de-desactiver-les-wifi-zone-ne-passe-pas#primaryimage\"},\"thumbnailUrl\":\"https:\/\/static.africa-press.net\/togo\/sites\/58\/2023\/02\/postQueueImg_1676480004.74.jpg\",\"keywords\":[\"Africa Press\",\"Africa Press-Togo\",\"Togo\"],\"articleSection\":[\"Communaut\u00e9\",\"Toutes les actualit\u00e9s\"],\"inLanguage\":\"fr-FR\",\"potentialAction\":[{\"@type\":\"CommentAction\",\"name\":\"Comment\",\"target\":[\"https:\/\/www.africa-press.net\/togo\/toutes-les-actualites\/togo-la-decision-de-togocom-de-desactiver-les-wifi-zone-ne-passe-pas#respond\"]}]},{\"@type\":\"WebPage\",\"@id\":\"https:\/\/www.africa-press.net\/togo\/toutes-les-actualites\/togo-la-decision-de-togocom-de-desactiver-les-wifi-zone-ne-passe-pas\",\"url\":\"https:\/\/www.africa-press.net\/togo\/toutes-les-actualites\/togo-la-decision-de-togocom-de-desactiver-les-wifi-zone-ne-passe-pas\",\"name\":\"Togo-La d\u00e9cision de Togocom de d\u00e9sactiver les wifi-zone ne passe pas - Togo\",\"isPartOf\":{\"@id\":\"https:\/\/www.africa-press.net\/togo\/#website\"},\"primaryImageOfPage\":{\"@id\":\"https:\/\/www.africa-press.net\/togo\/toutes-les-actualites\/togo-la-decision-de-togocom-de-desactiver-les-wifi-zone-ne-passe-pas#primaryimage\"},\"image\":{\"@id\":\"https:\/\/www.africa-press.net\/togo\/toutes-les-actualites\/togo-la-decision-de-togocom-de-desactiver-les-wifi-zone-ne-passe-pas#primaryimage\"},\"thumbnailUrl\":\"https:\/\/static.africa-press.net\/togo\/sites\/58\/2023\/02\/postQueueImg_1676480004.74.jpg\",\"datePublished\":\"2023-02-15T20:23:15+00:00\",\"dateModified\":\"2023-02-16T19:07:04+00:00\",\"author\":{\"@id\":\"https:\/\/www.africa-press.net\/togo\/#\/schema\/person\/2b1cf3cd81a31e3cd26889ca66d677f1\"},\"description\":\"La socie\u0301te\u0301 de te\u0301le\u0301communications annonce qu\u2019elle va proce\u0301der a\u0300 la de\u0301sactivation des lignes fibre a\u0300 usage dome ...\",\"breadcrumb\":{\"@id\":\"https:\/\/www.africa-press.net\/togo\/toutes-les-actualites\/togo-la-decision-de-togocom-de-desactiver-les-wifi-zone-ne-passe-pas#breadcrumb\"},\"inLanguage\":\"fr-FR\",\"potentialAction\":[{\"@type\":\"ReadAction\",\"target\":[\"https:\/\/www.africa-press.net\/togo\/toutes-les-actualites\/togo-la-decision-de-togocom-de-desactiver-les-wifi-zone-ne-passe-pas\"]}]},{\"@type\":\"ImageObject\",\"inLanguage\":\"fr-FR\",\"@id\":\"https:\/\/www.africa-press.net\/togo\/toutes-les-actualites\/togo-la-decision-de-togocom-de-desactiver-les-wifi-zone-ne-passe-pas#primaryimage\",\"url\":\"https:\/\/static.africa-press.net\/togo\/sites\/58\/2023\/02\/postQueueImg_1676480004.74.jpg\",\"contentUrl\":\"https:\/\/static.africa-press.net\/togo\/sites\/58\/2023\/02\/postQueueImg_1676480004.74.jpg\",\"width\":1280,\"height\":800,\"caption\":\"Togo-La d\u00e9cision de Togocom de d\u00e9sactiver les wifi-zone ne passe pas\"},{\"@type\":\"BreadcrumbList\",\"@id\":\"https:\/\/www.africa-press.net\/togo\/toutes-les-actualites\/togo-la-decision-de-togocom-de-desactiver-les-wifi-zone-ne-passe-pas#breadcrumb\",\"itemListElement\":[{\"@type\":\"ListItem\",\"position\":1,\"name\":\"Accueil\",\"item\":\"https:\/\/www.africa-press.net\/togo\/\"},{\"@type\":\"ListItem\",\"position\":2,\"name\":\"Togo-La d\u00e9cision de Togocom de d\u00e9sactiver les wifi-zone ne passe pas\"}]},{\"@type\":\"WebSite\",\"@id\":\"https:\/\/www.africa-press.net\/togo\/#website\",\"url\":\"https:\/\/www.africa-press.net\/togo\/\",\"name\":\"Togo\",\"description\":\"Just another Africa News Agency Sites site\",\"potentialAction\":[{\"@type\":\"SearchAction\",\"target\":{\"@type\":\"EntryPoint\",\"urlTemplate\":\"https:\/\/www.africa-press.net\/togo\/?s={search_term_string}\"},\"query-input\":{\"@type\":\"PropertyValueSpecification\",\"valueRequired\":true,\"valueName\":\"search_term_string\"}}],\"inLanguage\":\"fr-FR\"},{\"@type\":\"Person\",\"@id\":\"https:\/\/www.africa-press.net\/togo\/#\/schema\/person\/2b1cf3cd81a31e3cd26889ca66d677f1\",\"name\":\"cfeditorfr\"}]}<\/script>\n<!-- \/ Yoast SEO Premium plugin. -->","yoast_head_json":{"title":"Togo-La d\u00e9cision de Togocom de d\u00e9sactiver les wifi-zone ne passe pas - Togo","description":"La socie\u0301te\u0301 de te\u0301le\u0301communications annonce qu\u2019elle va proce\u0301der a\u0300 la de\u0301sactivation des lignes fibre a\u0300 usage dome ...","robots":{"index":"index","follow":"follow","max-snippet":"max-snippet:-1","max-image-preview":"max-image-preview:large","max-video-preview":"max-video-preview:-1"},"canonical":"https:\/\/www.africa-press.net\/togo\/toutes-les-actualites\/togo-la-decision-de-togocom-de-desactiver-les-wifi-zone-ne-passe-pas","og_locale":"fr_FR","og_type":"article","og_title":"Togo-La d\u00e9cision de Togocom de d\u00e9sactiver les wifi-zone ne passe pas","og_description":"La socie\u0301te\u0301 de te\u0301le\u0301communications annonce qu\u2019elle va proce\u0301der a\u0300 la de\u0301sactivation des lignes fibre a\u0300 usage dome ...","og_url":"https:\/\/www.africa-press.net\/togo\/toutes-les-actualites\/togo-la-decision-de-togocom-de-desactiver-les-wifi-zone-ne-passe-pas","og_site_name":"Togo","article_published_time":"2023-02-15T20:23:15+00:00","article_modified_time":"2023-02-16T19:07:04+00:00","og_image":[{"width":1280,"height":800,"url":"https:\/\/static.africa-press.net\/togo\/sites\/58\/2023\/02\/postQueueImg_1676480004.74.jpg","type":"image\/jpeg"}],"author":"cfeditorfr","twitter_card":"summary_large_image","twitter_misc":{"\u00c9crit par":"cfeditorfr","Dur\u00e9e de lecture estim\u00e9e":"2 minutes"},"schema":{"@context":"https:\/\/schema.org","@graph":[{"@type":"Article","@id":"https:\/\/www.africa-press.net\/togo\/toutes-les-actualites\/togo-la-decision-de-togocom-de-desactiver-les-wifi-zone-ne-passe-pas#article","isPartOf":{"@id":"https:\/\/www.africa-press.net\/togo\/toutes-les-actualites\/togo-la-decision-de-togocom-de-desactiver-les-wifi-zone-ne-passe-pas"},"author":{"name":"cfeditorfr","@id":"https:\/\/www.africa-press.net\/togo\/#\/schema\/person\/2b1cf3cd81a31e3cd26889ca66d677f1"},"headline":"Togo-La d\u00e9cision de Togocom de d\u00e9sactiver les wifi-zone ne passe pas","datePublished":"2023-02-15T20:23:15+00:00","dateModified":"2023-02-16T19:07:04+00:00","mainEntityOfPage":{"@id":"https:\/\/www.africa-press.net\/togo\/toutes-les-actualites\/togo-la-decision-de-togocom-de-desactiver-les-wifi-zone-ne-passe-pas"},"wordCount":354,"commentCount":0,"image":{"@id":"https:\/\/www.africa-press.net\/togo\/toutes-les-actualites\/togo-la-decision-de-togocom-de-desactiver-les-wifi-zone-ne-passe-pas#primaryimage"},"thumbnailUrl":"https:\/\/static.africa-press.net\/togo\/sites\/58\/2023\/02\/postQueueImg_1676480004.74.jpg","keywords":["Africa Press","Africa Press-Togo","Togo"],"articleSection":["Communaut\u00e9","Toutes les actualit\u00e9s"],"inLanguage":"fr-FR","potentialAction":[{"@type":"CommentAction","name":"Comment","target":["https:\/\/www.africa-press.net\/togo\/toutes-les-actualites\/togo-la-decision-de-togocom-de-desactiver-les-wifi-zone-ne-passe-pas#respond"]}]},{"@type":"WebPage","@id":"https:\/\/www.africa-press.net\/togo\/toutes-les-actualites\/togo-la-decision-de-togocom-de-desactiver-les-wifi-zone-ne-passe-pas","url":"https:\/\/www.africa-press.net\/togo\/toutes-les-actualites\/togo-la-decision-de-togocom-de-desactiver-les-wifi-zone-ne-passe-pas","name":"Togo-La d\u00e9cision de Togocom de d\u00e9sactiver les wifi-zone ne passe pas - Togo","isPartOf":{"@id":"https:\/\/www.africa-press.net\/togo\/#website"},"primaryImageOfPage":{"@id":"https:\/\/www.africa-press.net\/togo\/toutes-les-actualites\/togo-la-decision-de-togocom-de-desactiver-les-wifi-zone-ne-passe-pas#primaryimage"},"image":{"@id":"https:\/\/www.africa-press.net\/togo\/toutes-les-actualites\/togo-la-decision-de-togocom-de-desactiver-les-wifi-zone-ne-passe-pas#primaryimage"},"thumbnailUrl":"https:\/\/static.africa-press.net\/togo\/sites\/58\/2023\/02\/postQueueImg_1676480004.74.jpg","datePublished":"2023-02-15T20:23:15+00:00","dateModified":"2023-02-16T19:07:04+00:00","author":{"@id":"https:\/\/www.africa-press.net\/togo\/#\/schema\/person\/2b1cf3cd81a31e3cd26889ca66d677f1"},"description":"La socie\u0301te\u0301 de te\u0301le\u0301communications annonce qu\u2019elle va proce\u0301der a\u0300 la de\u0301sactivation des lignes fibre a\u0300 usage dome ...","breadcrumb":{"@id":"https:\/\/www.africa-press.net\/togo\/toutes-les-actualites\/togo-la-decision-de-togocom-de-desactiver-les-wifi-zone-ne-passe-pas#breadcrumb"},"inLanguage":"fr-FR","potentialAction":[{"@type":"ReadAction","target":["https:\/\/www.africa-press.net\/togo\/toutes-les-actualites\/togo-la-decision-de-togocom-de-desactiver-les-wifi-zone-ne-passe-pas"]}]},{"@type":"ImageObject","inLanguage":"fr-FR","@id":"https:\/\/www.africa-press.net\/togo\/toutes-les-actualites\/togo-la-decision-de-togocom-de-desactiver-les-wifi-zone-ne-passe-pas#primaryimage","url":"https:\/\/static.africa-press.net\/togo\/sites\/58\/2023\/02\/postQueueImg_1676480004.74.jpg","contentUrl":"https:\/\/static.africa-press.net\/togo\/sites\/58\/2023\/02\/postQueueImg_1676480004.74.jpg","width":1280,"height":800,"caption":"Togo-La d\u00e9cision de Togocom de d\u00e9sactiver les wifi-zone ne passe pas"},{"@type":"BreadcrumbList","@id":"https:\/\/www.africa-press.net\/togo\/toutes-les-actualites\/togo-la-decision-de-togocom-de-desactiver-les-wifi-zone-ne-passe-pas#breadcrumb","itemListElement":[{"@type":"ListItem","position":1,"name":"Accueil","item":"https:\/\/www.africa-press.net\/togo\/"},{"@type":"ListItem","position":2,"name":"Togo-La d\u00e9cision de Togocom de d\u00e9sactiver les wifi-zone ne passe pas"}]},{"@type":"WebSite","@id":"https:\/\/www.africa-press.net\/togo\/#website","url":"https:\/\/www.africa-press.net\/togo\/","name":"Togo","description":"Just another Africa News Agency Sites site","potentialAction":[{"@type":"SearchAction","target":{"@type":"EntryPoint","urlTemplate":"https:\/\/www.africa-press.net\/togo\/?s={search_term_string}"},"query-input":{"@type":"PropertyValueSpecification","valueRequired":true,"valueName":"search_term_string"}}],"inLanguage":"fr-FR"},{"@type":"Person","@id":"https:\/\/www.africa-press.net\/togo\/#\/schema\/person\/2b1cf3cd81a31e3cd26889ca66d677f1","name":"cfeditorfr"}]}},"_links":{"self":[{"href":"https:\/\/www.africa-press.net\/togo\/wp-json\/wp\/v2\/posts\/17228","targetHints":{"allow":["GET"]}}],"collection":[{"href":"https:\/\/www.africa-press.net\/togo\/wp-json\/wp\/v2\/posts"}],"about":[{"href":"https:\/\/www.africa-press.net\/togo\/wp-json\/wp\/v2\/types\/post"}],"author":[{"embeddable":true,"href":"https:\/\/www.africa-press.net\/togo\/wp-json\/wp\/v2\/users\/82"}],"replies":[{"embeddable":true,"href":"https:\/\/www.africa-press.net\/togo\/wp-json\/wp\/v2\/comments?post=17228"}],"version-history":[{"count":0,"href":"https:\/\/www.africa-press.net\/togo\/wp-json\/wp\/v2\/posts\/17228\/revisions"}],"wp:featuredmedia":[{"embeddable":true,"href":"https:\/\/www.africa-press.net\/togo\/wp-json\/wp\/v2\/media\/17227"}],"wp:attachment":[{"href":"https:\/\/www.africa-press.net\/togo\/wp-json\/wp\/v2\/media?parent=17228"}],"wp:term":[{"taxonomy":"category","embeddable":true,"href":"https:\/\/www.africa-press.net\/togo\/wp-json\/wp\/v2\/categories?post=17228"},{"taxonomy":"post_tag","embeddable":true,"href":"https:\/\/www.africa-press.net\/togo\/wp-json\/wp\/v2\/tags?post=17228"}],"curies":[{"name":"wp","href":"https:\/\/api.w.org\/{rel}","templated":true}]}}