{"id":17230,"date":"2023-02-15T20:23:29","date_gmt":"2023-02-15T20:23:29","guid":{"rendered":"https:\/\/www.africa-press.net\/togo\/politique\/robert-dussey-rencontre-la-delegation-togolaise-de-lapp-acp-ue"},"modified":"2023-02-16T19:07:31","modified_gmt":"2023-02-16T19:07:31","slug":"robert-dussey-rencontre-la-delegation-togolaise-de-lapp-acp-ue","status":"publish","type":"post","link":"https:\/\/www.africa-press.net\/togo\/toutes-les-actualites\/robert-dussey-rencontre-la-delegation-togolaise-de-lapp-acp-ue","title":{"rendered":"Robert Dussey rencontre la d\u00e9l\u00e9gation togolaise de l\u2019APP (ACP-UE)"},"content":{"rendered":"<p><span style=\"color: #ff6600\"><strong>Africa-Press &#8211; Togo. <\/strong><\/span><b>Le chef de la diplomatie e\u0301change avec la de\u0301le\u0301gation togolaise de l\u2019Assemble\u0301e parlementaire paritaire (APP) ACP-UE a\u0300 Lome\u0301.<\/b><\/p>\n<p>Le jeudi 9 fe\u0301vrier 2023, Prof. Robert Dussey, ne\u0301gociateur en chef du Groupe ACP pour le Post-Cotonou 2020, se rend au sie\u0300ge de l\u2019Assemble\u0301e nationale pour discuter avec les de\u0301pute\u0301s (Me\u0301mounatou Ibrahima, Paco\u0302me Adjourouvi, Abira Bonfoh et Meyebine Esso Gnassingbe\u0301), membres de l\u2019Assemble\u0301e parlementaire paritaire ACP-UE.<\/p>\n<p>Si officiellement aucune information n\u2019a filtre\u0301 de ce qui a e\u0301te\u0301 exactement dit, certains confre\u0300res croient savoir que le ministre des Affaires Etrange\u0300res, de l\u2019Inte\u0301gration africaine et des Togolais de l\u2019Exte\u0301rieur a parle\u0301, souligne Lenouveaureporter, du \u00ab nouvel accord de partenariat entre l\u2019Union europe\u0301enne et les membres des Etats (ACP) connus maintenant sous l\u2019Organisation des E\u0301tats d\u2019Afrique, des Carai\u0308bes et du Pacifique (OEACP) \u00bb, marquant ainsi \u00ab la conclusion officielle des ne\u0301gociations de l\u2019accord post-Cotonou \u00bb.<\/p>\n<p>Le nouvel accord \u00ab fixe le cadre de la coope\u0301ration politique, e\u0301conomique et sectorielle \u00bb, poursuit le me\u0301dia en ligne.<\/p>\n<p>Dans le cadre des ne\u0301gociations ACP-UE pour le Post-Cotonou 2020, Prof. Robert Dussey a e\u0301te\u0301 le ne\u0301gociateur en chef du groupe des ACP. Les ne\u0301gociations ACP-UE Post-Cotonou 2020 ont de\u0301bouche\u0301 sur un accord le 03 de\u0301cembre 2020 et paraphe\u0301 par les deux ne\u0301gociateurs en chef, Prof. Robert Dussey pour les ACP et Jutta Urpilainen pour l\u2019Union europe\u0301enne le 15 avril 2021 .<\/p>\n<p><strong>Pour plus d&rsquo;informations et d&rsquo;analyses sur la <a href=\"https:\/\/www.africa-press.net\/togo\">Togo<\/a>, suivez <a href=\"https:\/\/www.africa-press.net\/\">Africa-Press<\/a><\/strong><\/p>\n","protected":false},"excerpt":{"rendered":"<p>Africa-Press &#8211; Togo. Le chef de la diplomatie e\u0301change avec la de\u0301le\u0301gation togolaise de l\u2019Assemble\u0301e parlementaire paritaire (APP) ACP-UE a\u0300 Lome\u0301. Le jeudi 9 fe\u0301vrier 2023, Prof. Robert Dussey, ne\u0301gociateur en chef du Groupe ACP pour le Post-Cotonou 2020, se rend au sie\u0300ge de l\u2019Assemble\u0301e nationale pour discuter avec les de\u0301pute\u0301s (Me\u0301mounatou Ibrahima, Paco\u0302me Adjourouvi, [&hellip;]<\/p>\n","protected":false},"author":82,"featured_media":17229,"comment_status":"open","ping_status":"closed","sticky":false,"template":"","format":"standard","meta":{"footnotes":""},"categories":[21,10],"tags":[36,49,50],"class_list":["post-17230","post","type-post","status-publish","format-standard","has-post-thumbnail","hentry","category-communaute","category-toutes-les-actualites","tag-africa-press","tag-africa-press-togo","tag-togo"],"yoast_head":"<!-- This site is optimized with the Yoast SEO Premium plugin v26.1 (Yoast SEO v27.0) - https:\/\/yoast.com\/product\/yoast-seo-premium-wordpress\/ -->\n<title>Robert Dussey rencontre la d\u00e9l\u00e9gation togolaise de l\u2019APP (ACP-UE) - Togo<\/title>\n<meta name=\"description\" content=\"Le chef de la diplomatie e\u0301change avec la de\u0301le\u0301gation togolaise de l\u2019Assemble\u0301e parlementaire paritaire (APP) ACP-UE ...\" \/>\n<meta name=\"robots\" content=\"index, follow, max-snippet:-1, max-image-preview:large, max-video-preview:-1\" \/>\n<link rel=\"canonical\" href=\"https:\/\/www.africa-press.net\/togo\/toutes-les-actualites\/robert-dussey-rencontre-la-delegation-togolaise-de-lapp-acp-ue\" \/>\n<meta property=\"og:locale\" content=\"fr_FR\" \/>\n<meta property=\"og:type\" content=\"article\" \/>\n<meta property=\"og:title\" content=\"Robert Dussey rencontre la d\u00e9l\u00e9gation togolaise de l\u2019APP (ACP-UE)\" \/>\n<meta property=\"og:description\" content=\"Le chef de la diplomatie e\u0301change avec la de\u0301le\u0301gation togolaise de l\u2019Assemble\u0301e parlementaire paritaire (APP) ACP-UE ...\" \/>\n<meta property=\"og:url\" content=\"https:\/\/www.africa-press.net\/togo\/toutes-les-actualites\/robert-dussey-rencontre-la-delegation-togolaise-de-lapp-acp-ue\" \/>\n<meta property=\"og:site_name\" content=\"Togo\" \/>\n<meta property=\"article:published_time\" content=\"2023-02-15T20:23:29+00:00\" \/>\n<meta property=\"article:modified_time\" content=\"2023-02-16T19:07:31+00:00\" \/>\n<meta property=\"og:image\" content=\"https:\/\/static.africa-press.net\/togo\/sites\/58\/2023\/02\/postQueueImg_1676480030.57.jpg\" \/>\n\t<meta property=\"og:image:width\" content=\"1280\" \/>\n\t<meta property=\"og:image:height\" content=\"800\" \/>\n\t<meta property=\"og:image:type\" content=\"image\/jpeg\" \/>\n<meta name=\"author\" content=\"cfeditorfr\" \/>\n<meta name=\"twitter:card\" content=\"summary_large_image\" \/>\n<meta name=\"twitter:label1\" content=\"\u00c9crit par\" \/>\n\t<meta name=\"twitter:data1\" content=\"cfeditorfr\" \/>\n\t<meta name=\"twitter:label2\" content=\"Dur\u00e9e de lecture estim\u00e9e\" \/>\n\t<meta name=\"twitter:data2\" content=\"2 minutes\" \/>\n<script type=\"application\/ld+json\" class=\"yoast-schema-graph\">{\"@context\":\"https:\/\/schema.org\",\"@graph\":[{\"@type\":\"Article\",\"@id\":\"https:\/\/www.africa-press.net\/togo\/toutes-les-actualites\/robert-dussey-rencontre-la-delegation-togolaise-de-lapp-acp-ue#article\",\"isPartOf\":{\"@id\":\"https:\/\/www.africa-press.net\/togo\/toutes-les-actualites\/robert-dussey-rencontre-la-delegation-togolaise-de-lapp-acp-ue\"},\"author\":{\"name\":\"cfeditorfr\",\"@id\":\"https:\/\/www.africa-press.net\/togo\/#\/schema\/person\/2b1cf3cd81a31e3cd26889ca66d677f1\"},\"headline\":\"Robert Dussey rencontre la d\u00e9l\u00e9gation togolaise de l\u2019APP (ACP-UE)\",\"datePublished\":\"2023-02-15T20:23:29+00:00\",\"dateModified\":\"2023-02-16T19:07:31+00:00\",\"mainEntityOfPage\":{\"@id\":\"https:\/\/www.africa-press.net\/togo\/toutes-les-actualites\/robert-dussey-rencontre-la-delegation-togolaise-de-lapp-acp-ue\"},\"wordCount\":277,\"commentCount\":0,\"image\":{\"@id\":\"https:\/\/www.africa-press.net\/togo\/toutes-les-actualites\/robert-dussey-rencontre-la-delegation-togolaise-de-lapp-acp-ue#primaryimage\"},\"thumbnailUrl\":\"https:\/\/static.africa-press.net\/togo\/sites\/58\/2023\/02\/postQueueImg_1676480030.57.jpg\",\"keywords\":[\"Africa Press\",\"Africa Press-Togo\",\"Togo\"],\"articleSection\":[\"Communaut\u00e9\",\"Toutes les actualit\u00e9s\"],\"inLanguage\":\"fr-FR\",\"potentialAction\":[{\"@type\":\"CommentAction\",\"name\":\"Comment\",\"target\":[\"https:\/\/www.africa-press.net\/togo\/toutes-les-actualites\/robert-dussey-rencontre-la-delegation-togolaise-de-lapp-acp-ue#respond\"]}]},{\"@type\":\"WebPage\",\"@id\":\"https:\/\/www.africa-press.net\/togo\/toutes-les-actualites\/robert-dussey-rencontre-la-delegation-togolaise-de-lapp-acp-ue\",\"url\":\"https:\/\/www.africa-press.net\/togo\/toutes-les-actualites\/robert-dussey-rencontre-la-delegation-togolaise-de-lapp-acp-ue\",\"name\":\"Robert Dussey rencontre la d\u00e9l\u00e9gation togolaise de l\u2019APP (ACP-UE) - Togo\",\"isPartOf\":{\"@id\":\"https:\/\/www.africa-press.net\/togo\/#website\"},\"primaryImageOfPage\":{\"@id\":\"https:\/\/www.africa-press.net\/togo\/toutes-les-actualites\/robert-dussey-rencontre-la-delegation-togolaise-de-lapp-acp-ue#primaryimage\"},\"image\":{\"@id\":\"https:\/\/www.africa-press.net\/togo\/toutes-les-actualites\/robert-dussey-rencontre-la-delegation-togolaise-de-lapp-acp-ue#primaryimage\"},\"thumbnailUrl\":\"https:\/\/static.africa-press.net\/togo\/sites\/58\/2023\/02\/postQueueImg_1676480030.57.jpg\",\"datePublished\":\"2023-02-15T20:23:29+00:00\",\"dateModified\":\"2023-02-16T19:07:31+00:00\",\"author\":{\"@id\":\"https:\/\/www.africa-press.net\/togo\/#\/schema\/person\/2b1cf3cd81a31e3cd26889ca66d677f1\"},\"description\":\"Le chef de la diplomatie e\u0301change avec la de\u0301le\u0301gation togolaise de l\u2019Assemble\u0301e parlementaire paritaire (APP) ACP-UE ...\",\"breadcrumb\":{\"@id\":\"https:\/\/www.africa-press.net\/togo\/toutes-les-actualites\/robert-dussey-rencontre-la-delegation-togolaise-de-lapp-acp-ue#breadcrumb\"},\"inLanguage\":\"fr-FR\",\"potentialAction\":[{\"@type\":\"ReadAction\",\"target\":[\"https:\/\/www.africa-press.net\/togo\/toutes-les-actualites\/robert-dussey-rencontre-la-delegation-togolaise-de-lapp-acp-ue\"]}]},{\"@type\":\"ImageObject\",\"inLanguage\":\"fr-FR\",\"@id\":\"https:\/\/www.africa-press.net\/togo\/toutes-les-actualites\/robert-dussey-rencontre-la-delegation-togolaise-de-lapp-acp-ue#primaryimage\",\"url\":\"https:\/\/static.africa-press.net\/togo\/sites\/58\/2023\/02\/postQueueImg_1676480030.57.jpg\",\"contentUrl\":\"https:\/\/static.africa-press.net\/togo\/sites\/58\/2023\/02\/postQueueImg_1676480030.57.jpg\",\"width\":1280,\"height\":800,\"caption\":\"Robert Dussey rencontre la d\u00e9l\u00e9gation togolaise de l\u2019APP (ACP-UE)\"},{\"@type\":\"BreadcrumbList\",\"@id\":\"https:\/\/www.africa-press.net\/togo\/toutes-les-actualites\/robert-dussey-rencontre-la-delegation-togolaise-de-lapp-acp-ue#breadcrumb\",\"itemListElement\":[{\"@type\":\"ListItem\",\"position\":1,\"name\":\"Accueil\",\"item\":\"https:\/\/www.africa-press.net\/togo\/\"},{\"@type\":\"ListItem\",\"position\":2,\"name\":\"Robert Dussey rencontre la d\u00e9l\u00e9gation togolaise de l\u2019APP (ACP-UE)\"}]},{\"@type\":\"WebSite\",\"@id\":\"https:\/\/www.africa-press.net\/togo\/#website\",\"url\":\"https:\/\/www.africa-press.net\/togo\/\",\"name\":\"Togo\",\"description\":\"Just another Africa News Agency Sites site\",\"potentialAction\":[{\"@type\":\"SearchAction\",\"target\":{\"@type\":\"EntryPoint\",\"urlTemplate\":\"https:\/\/www.africa-press.net\/togo\/?s={search_term_string}\"},\"query-input\":{\"@type\":\"PropertyValueSpecification\",\"valueRequired\":true,\"valueName\":\"search_term_string\"}}],\"inLanguage\":\"fr-FR\"},{\"@type\":\"Person\",\"@id\":\"https:\/\/www.africa-press.net\/togo\/#\/schema\/person\/2b1cf3cd81a31e3cd26889ca66d677f1\",\"name\":\"cfeditorfr\"}]}<\/script>\n<!-- \/ Yoast SEO Premium plugin. -->","yoast_head_json":{"title":"Robert Dussey rencontre la d\u00e9l\u00e9gation togolaise de l\u2019APP (ACP-UE) - Togo","description":"Le chef de la diplomatie e\u0301change avec la de\u0301le\u0301gation togolaise de l\u2019Assemble\u0301e parlementaire paritaire (APP) ACP-UE ...","robots":{"index":"index","follow":"follow","max-snippet":"max-snippet:-1","max-image-preview":"max-image-preview:large","max-video-preview":"max-video-preview:-1"},"canonical":"https:\/\/www.africa-press.net\/togo\/toutes-les-actualites\/robert-dussey-rencontre-la-delegation-togolaise-de-lapp-acp-ue","og_locale":"fr_FR","og_type":"article","og_title":"Robert Dussey rencontre la d\u00e9l\u00e9gation togolaise de l\u2019APP (ACP-UE)","og_description":"Le chef de la diplomatie e\u0301change avec la de\u0301le\u0301gation togolaise de l\u2019Assemble\u0301e parlementaire paritaire (APP) ACP-UE ...","og_url":"https:\/\/www.africa-press.net\/togo\/toutes-les-actualites\/robert-dussey-rencontre-la-delegation-togolaise-de-lapp-acp-ue","og_site_name":"Togo","article_published_time":"2023-02-15T20:23:29+00:00","article_modified_time":"2023-02-16T19:07:31+00:00","og_image":[{"width":1280,"height":800,"url":"https:\/\/static.africa-press.net\/togo\/sites\/58\/2023\/02\/postQueueImg_1676480030.57.jpg","type":"image\/jpeg"}],"author":"cfeditorfr","twitter_card":"summary_large_image","twitter_misc":{"\u00c9crit par":"cfeditorfr","Dur\u00e9e de lecture estim\u00e9e":"2 minutes"},"schema":{"@context":"https:\/\/schema.org","@graph":[{"@type":"Article","@id":"https:\/\/www.africa-press.net\/togo\/toutes-les-actualites\/robert-dussey-rencontre-la-delegation-togolaise-de-lapp-acp-ue#article","isPartOf":{"@id":"https:\/\/www.africa-press.net\/togo\/toutes-les-actualites\/robert-dussey-rencontre-la-delegation-togolaise-de-lapp-acp-ue"},"author":{"name":"cfeditorfr","@id":"https:\/\/www.africa-press.net\/togo\/#\/schema\/person\/2b1cf3cd81a31e3cd26889ca66d677f1"},"headline":"Robert Dussey rencontre la d\u00e9l\u00e9gation togolaise de l\u2019APP (ACP-UE)","datePublished":"2023-02-15T20:23:29+00:00","dateModified":"2023-02-16T19:07:31+00:00","mainEntityOfPage":{"@id":"https:\/\/www.africa-press.net\/togo\/toutes-les-actualites\/robert-dussey-rencontre-la-delegation-togolaise-de-lapp-acp-ue"},"wordCount":277,"commentCount":0,"image":{"@id":"https:\/\/www.africa-press.net\/togo\/toutes-les-actualites\/robert-dussey-rencontre-la-delegation-togolaise-de-lapp-acp-ue#primaryimage"},"thumbnailUrl":"https:\/\/static.africa-press.net\/togo\/sites\/58\/2023\/02\/postQueueImg_1676480030.57.jpg","keywords":["Africa Press","Africa Press-Togo","Togo"],"articleSection":["Communaut\u00e9","Toutes les actualit\u00e9s"],"inLanguage":"fr-FR","potentialAction":[{"@type":"CommentAction","name":"Comment","target":["https:\/\/www.africa-press.net\/togo\/toutes-les-actualites\/robert-dussey-rencontre-la-delegation-togolaise-de-lapp-acp-ue#respond"]}]},{"@type":"WebPage","@id":"https:\/\/www.africa-press.net\/togo\/toutes-les-actualites\/robert-dussey-rencontre-la-delegation-togolaise-de-lapp-acp-ue","url":"https:\/\/www.africa-press.net\/togo\/toutes-les-actualites\/robert-dussey-rencontre-la-delegation-togolaise-de-lapp-acp-ue","name":"Robert Dussey rencontre la d\u00e9l\u00e9gation togolaise de l\u2019APP (ACP-UE) - Togo","isPartOf":{"@id":"https:\/\/www.africa-press.net\/togo\/#website"},"primaryImageOfPage":{"@id":"https:\/\/www.africa-press.net\/togo\/toutes-les-actualites\/robert-dussey-rencontre-la-delegation-togolaise-de-lapp-acp-ue#primaryimage"},"image":{"@id":"https:\/\/www.africa-press.net\/togo\/toutes-les-actualites\/robert-dussey-rencontre-la-delegation-togolaise-de-lapp-acp-ue#primaryimage"},"thumbnailUrl":"https:\/\/static.africa-press.net\/togo\/sites\/58\/2023\/02\/postQueueImg_1676480030.57.jpg","datePublished":"2023-02-15T20:23:29+00:00","dateModified":"2023-02-16T19:07:31+00:00","author":{"@id":"https:\/\/www.africa-press.net\/togo\/#\/schema\/person\/2b1cf3cd81a31e3cd26889ca66d677f1"},"description":"Le chef de la diplomatie e\u0301change avec la de\u0301le\u0301gation togolaise de l\u2019Assemble\u0301e parlementaire paritaire (APP) ACP-UE ...","breadcrumb":{"@id":"https:\/\/www.africa-press.net\/togo\/toutes-les-actualites\/robert-dussey-rencontre-la-delegation-togolaise-de-lapp-acp-ue#breadcrumb"},"inLanguage":"fr-FR","potentialAction":[{"@type":"ReadAction","target":["https:\/\/www.africa-press.net\/togo\/toutes-les-actualites\/robert-dussey-rencontre-la-delegation-togolaise-de-lapp-acp-ue"]}]},{"@type":"ImageObject","inLanguage":"fr-FR","@id":"https:\/\/www.africa-press.net\/togo\/toutes-les-actualites\/robert-dussey-rencontre-la-delegation-togolaise-de-lapp-acp-ue#primaryimage","url":"https:\/\/static.africa-press.net\/togo\/sites\/58\/2023\/02\/postQueueImg_1676480030.57.jpg","contentUrl":"https:\/\/static.africa-press.net\/togo\/sites\/58\/2023\/02\/postQueueImg_1676480030.57.jpg","width":1280,"height":800,"caption":"Robert Dussey rencontre la d\u00e9l\u00e9gation togolaise de l\u2019APP (ACP-UE)"},{"@type":"BreadcrumbList","@id":"https:\/\/www.africa-press.net\/togo\/toutes-les-actualites\/robert-dussey-rencontre-la-delegation-togolaise-de-lapp-acp-ue#breadcrumb","itemListElement":[{"@type":"ListItem","position":1,"name":"Accueil","item":"https:\/\/www.africa-press.net\/togo\/"},{"@type":"ListItem","position":2,"name":"Robert Dussey rencontre la d\u00e9l\u00e9gation togolaise de l\u2019APP (ACP-UE)"}]},{"@type":"WebSite","@id":"https:\/\/www.africa-press.net\/togo\/#website","url":"https:\/\/www.africa-press.net\/togo\/","name":"Togo","description":"Just another Africa News Agency Sites site","potentialAction":[{"@type":"SearchAction","target":{"@type":"EntryPoint","urlTemplate":"https:\/\/www.africa-press.net\/togo\/?s={search_term_string}"},"query-input":{"@type":"PropertyValueSpecification","valueRequired":true,"valueName":"search_term_string"}}],"inLanguage":"fr-FR"},{"@type":"Person","@id":"https:\/\/www.africa-press.net\/togo\/#\/schema\/person\/2b1cf3cd81a31e3cd26889ca66d677f1","name":"cfeditorfr"}]}},"_links":{"self":[{"href":"https:\/\/www.africa-press.net\/togo\/wp-json\/wp\/v2\/posts\/17230","targetHints":{"allow":["GET"]}}],"collection":[{"href":"https:\/\/www.africa-press.net\/togo\/wp-json\/wp\/v2\/posts"}],"about":[{"href":"https:\/\/www.africa-press.net\/togo\/wp-json\/wp\/v2\/types\/post"}],"author":[{"embeddable":true,"href":"https:\/\/www.africa-press.net\/togo\/wp-json\/wp\/v2\/users\/82"}],"replies":[{"embeddable":true,"href":"https:\/\/www.africa-press.net\/togo\/wp-json\/wp\/v2\/comments?post=17230"}],"version-history":[{"count":0,"href":"https:\/\/www.africa-press.net\/togo\/wp-json\/wp\/v2\/posts\/17230\/revisions"}],"wp:featuredmedia":[{"embeddable":true,"href":"https:\/\/www.africa-press.net\/togo\/wp-json\/wp\/v2\/media\/17229"}],"wp:attachment":[{"href":"https:\/\/www.africa-press.net\/togo\/wp-json\/wp\/v2\/media?parent=17230"}],"wp:term":[{"taxonomy":"category","embeddable":true,"href":"https:\/\/www.africa-press.net\/togo\/wp-json\/wp\/v2\/categories?post=17230"},{"taxonomy":"post_tag","embeddable":true,"href":"https:\/\/www.africa-press.net\/togo\/wp-json\/wp\/v2\/tags?post=17230"}],"curies":[{"name":"wp","href":"https:\/\/api.w.org\/{rel}","templated":true}]}}