{"id":17234,"date":"2023-02-15T20:24:09","date_gmt":"2023-02-15T20:24:09","guid":{"rendered":"https:\/\/www.africa-press.net\/togo\/politique\/togo-congres-du-car-operation-de-deminage-en-cours"},"modified":"2023-02-16T19:08:36","modified_gmt":"2023-02-16T19:08:36","slug":"togo-congres-du-car-operation-de-deminage-en-cours","status":"publish","type":"post","link":"https:\/\/www.africa-press.net\/togo\/toutes-les-actualites\/togo-congres-du-car-operation-de-deminage-en-cours","title":{"rendered":"Togo-Congr\u00e8s du CAR : op\u00e9ration de d\u00e9minage  en cours"},"content":{"rendered":"<p><span style=\"color: #ff6600\"><strong>Africa-Press &#8211; Togo. <\/strong><\/span><b>La fe\u0301de\u0301ration de Yoto, en pre\u0301lude au congre\u0300s extraordinaire du Comite\u0301 d\u2019action pour le renouveau (CAR) les 14 et 15 avril prochains, tente de mobiliser les militants.<\/b><\/p>\n<p>La fe\u0301de\u0301ration de Yoto va organiser une rencontre le samedi 18 samedi prochain. L\u2019objectif de cette re\u0301union est d\u2019expliquer aux moins initie\u0301s comment se de\u0301roulent les pre\u0301paratifs de l\u2019assemble\u0301e ge\u0301ne\u0301rale extraordinaire de leur parti.<\/p>\n<p>Il s\u2019agira, en re\u0301alite\u0301, de convaincre certains re\u0301ticents a\u0300 suivre un certain nombre de consignes afin que le rendez-vous de ces 14 et 15 avril 2023 se passe dans de bonnes conditions, surtout que le CAR est divise\u0301 depuis la mort du \u00ab pre\u0301sident-fondateur \u00bb, Mai\u0302tre Yawovi Agboyibo le 30 mai 2020 a\u0300 Clichy en terre franc\u0327aise.<\/p>\n<p>Pour le moment, aucun candidat ne s\u2019est officiellement de\u0301clare\u0301. On sait que certains man\u0153uvrent pour succe\u0301der au \u00ab Be\u0301lier noir \u00bb. L\u2019ope\u0301ration ne sera pas facile ou simple. Bien qu\u2019ils soient une poigne\u0301e de cadres a\u0300 convoiter la pre\u0301sidence du parti, personne n\u2019e\u0301merge. Du moins pour l\u2019heure.<\/p>\n<p><strong>Pour plus d&rsquo;informations et d&rsquo;analyses sur la <a href=\"https:\/\/www.africa-press.net\/togo\">Togo<\/a>, suivez <a href=\"https:\/\/www.africa-press.net\/\">Africa-Press<\/a><\/strong><\/p>\n","protected":false},"excerpt":{"rendered":"<p>Africa-Press &#8211; Togo. La fe\u0301de\u0301ration de Yoto, en pre\u0301lude au congre\u0300s extraordinaire du Comite\u0301 d\u2019action pour le renouveau (CAR) les 14 et 15 avril prochains, tente de mobiliser les militants. La fe\u0301de\u0301ration de Yoto va organiser une rencontre le samedi 18 samedi prochain. L\u2019objectif de cette re\u0301union est d\u2019expliquer aux moins initie\u0301s comment se de\u0301roulent [&hellip;]<\/p>\n","protected":false},"author":82,"featured_media":17233,"comment_status":"open","ping_status":"closed","sticky":false,"template":"","format":"standard","meta":{"footnotes":""},"categories":[21,10],"tags":[36,49,50],"class_list":["post-17234","post","type-post","status-publish","format-standard","has-post-thumbnail","hentry","category-communaute","category-toutes-les-actualites","tag-africa-press","tag-africa-press-togo","tag-togo"],"yoast_head":"<!-- This site is optimized with the Yoast SEO Premium plugin v26.1 (Yoast SEO v27.0) - https:\/\/yoast.com\/product\/yoast-seo-premium-wordpress\/ -->\n<title>Togo-Congr\u00e8s du CAR : op\u00e9ration de d\u00e9minage en cours - Togo<\/title>\n<meta name=\"description\" content=\"La fe\u0301de\u0301ration de Yoto, en pre\u0301lude au congre\u0300s extraordinaire du Comite\u0301 d\u2019action pour le renouveau (CAR) les 14 et ...\" \/>\n<meta name=\"robots\" content=\"index, follow, max-snippet:-1, max-image-preview:large, max-video-preview:-1\" \/>\n<link rel=\"canonical\" href=\"https:\/\/www.africa-press.net\/togo\/toutes-les-actualites\/togo-congres-du-car-operation-de-deminage-en-cours\" \/>\n<meta property=\"og:locale\" content=\"fr_FR\" \/>\n<meta property=\"og:type\" content=\"article\" \/>\n<meta property=\"og:title\" content=\"Togo-Congr\u00e8s du CAR : op\u00e9ration de d\u00e9minage en cours\" \/>\n<meta property=\"og:description\" content=\"La fe\u0301de\u0301ration de Yoto, en pre\u0301lude au congre\u0300s extraordinaire du Comite\u0301 d\u2019action pour le renouveau (CAR) les 14 et ...\" \/>\n<meta property=\"og:url\" content=\"https:\/\/www.africa-press.net\/togo\/toutes-les-actualites\/togo-congres-du-car-operation-de-deminage-en-cours\" \/>\n<meta property=\"og:site_name\" content=\"Togo\" \/>\n<meta property=\"article:published_time\" content=\"2023-02-15T20:24:09+00:00\" \/>\n<meta property=\"article:modified_time\" content=\"2023-02-16T19:08:36+00:00\" \/>\n<meta property=\"og:image\" content=\"https:\/\/static.africa-press.net\/togo\/sites\/58\/2023\/02\/postQueueImg_1676480052.54.jpg\" \/>\n\t<meta property=\"og:image:width\" content=\"1280\" \/>\n\t<meta property=\"og:image:height\" content=\"799\" \/>\n\t<meta property=\"og:image:type\" content=\"image\/jpeg\" \/>\n<meta name=\"author\" content=\"cfeditorfr\" \/>\n<meta name=\"twitter:card\" content=\"summary_large_image\" \/>\n<meta name=\"twitter:label1\" content=\"\u00c9crit par\" \/>\n\t<meta name=\"twitter:data1\" content=\"cfeditorfr\" \/>\n\t<meta name=\"twitter:label2\" content=\"Dur\u00e9e de lecture estim\u00e9e\" \/>\n\t<meta name=\"twitter:data2\" content=\"1 minute\" \/>\n<script type=\"application\/ld+json\" class=\"yoast-schema-graph\">{\"@context\":\"https:\/\/schema.org\",\"@graph\":[{\"@type\":\"Article\",\"@id\":\"https:\/\/www.africa-press.net\/togo\/toutes-les-actualites\/togo-congres-du-car-operation-de-deminage-en-cours#article\",\"isPartOf\":{\"@id\":\"https:\/\/www.africa-press.net\/togo\/toutes-les-actualites\/togo-congres-du-car-operation-de-deminage-en-cours\"},\"author\":{\"name\":\"cfeditorfr\",\"@id\":\"https:\/\/www.africa-press.net\/togo\/#\/schema\/person\/2b1cf3cd81a31e3cd26889ca66d677f1\"},\"headline\":\"Togo-Congr\u00e8s du CAR : op\u00e9ration de d\u00e9minage en cours\",\"datePublished\":\"2023-02-15T20:24:09+00:00\",\"dateModified\":\"2023-02-16T19:08:36+00:00\",\"mainEntityOfPage\":{\"@id\":\"https:\/\/www.africa-press.net\/togo\/toutes-les-actualites\/togo-congres-du-car-operation-de-deminage-en-cours\"},\"wordCount\":215,\"commentCount\":0,\"image\":{\"@id\":\"https:\/\/www.africa-press.net\/togo\/toutes-les-actualites\/togo-congres-du-car-operation-de-deminage-en-cours#primaryimage\"},\"thumbnailUrl\":\"https:\/\/static.africa-press.net\/togo\/sites\/58\/2023\/02\/postQueueImg_1676480052.54.jpg\",\"keywords\":[\"Africa Press\",\"Africa Press-Togo\",\"Togo\"],\"articleSection\":[\"Communaut\u00e9\",\"Toutes les actualit\u00e9s\"],\"inLanguage\":\"fr-FR\",\"potentialAction\":[{\"@type\":\"CommentAction\",\"name\":\"Comment\",\"target\":[\"https:\/\/www.africa-press.net\/togo\/toutes-les-actualites\/togo-congres-du-car-operation-de-deminage-en-cours#respond\"]}]},{\"@type\":\"WebPage\",\"@id\":\"https:\/\/www.africa-press.net\/togo\/toutes-les-actualites\/togo-congres-du-car-operation-de-deminage-en-cours\",\"url\":\"https:\/\/www.africa-press.net\/togo\/toutes-les-actualites\/togo-congres-du-car-operation-de-deminage-en-cours\",\"name\":\"Togo-Congr\u00e8s du CAR : op\u00e9ration de d\u00e9minage en cours - Togo\",\"isPartOf\":{\"@id\":\"https:\/\/www.africa-press.net\/togo\/#website\"},\"primaryImageOfPage\":{\"@id\":\"https:\/\/www.africa-press.net\/togo\/toutes-les-actualites\/togo-congres-du-car-operation-de-deminage-en-cours#primaryimage\"},\"image\":{\"@id\":\"https:\/\/www.africa-press.net\/togo\/toutes-les-actualites\/togo-congres-du-car-operation-de-deminage-en-cours#primaryimage\"},\"thumbnailUrl\":\"https:\/\/static.africa-press.net\/togo\/sites\/58\/2023\/02\/postQueueImg_1676480052.54.jpg\",\"datePublished\":\"2023-02-15T20:24:09+00:00\",\"dateModified\":\"2023-02-16T19:08:36+00:00\",\"author\":{\"@id\":\"https:\/\/www.africa-press.net\/togo\/#\/schema\/person\/2b1cf3cd81a31e3cd26889ca66d677f1\"},\"description\":\"La fe\u0301de\u0301ration de Yoto, en pre\u0301lude au congre\u0300s extraordinaire du Comite\u0301 d\u2019action pour le renouveau (CAR) les 14 et ...\",\"breadcrumb\":{\"@id\":\"https:\/\/www.africa-press.net\/togo\/toutes-les-actualites\/togo-congres-du-car-operation-de-deminage-en-cours#breadcrumb\"},\"inLanguage\":\"fr-FR\",\"potentialAction\":[{\"@type\":\"ReadAction\",\"target\":[\"https:\/\/www.africa-press.net\/togo\/toutes-les-actualites\/togo-congres-du-car-operation-de-deminage-en-cours\"]}]},{\"@type\":\"ImageObject\",\"inLanguage\":\"fr-FR\",\"@id\":\"https:\/\/www.africa-press.net\/togo\/toutes-les-actualites\/togo-congres-du-car-operation-de-deminage-en-cours#primaryimage\",\"url\":\"https:\/\/static.africa-press.net\/togo\/sites\/58\/2023\/02\/postQueueImg_1676480052.54.jpg\",\"contentUrl\":\"https:\/\/static.africa-press.net\/togo\/sites\/58\/2023\/02\/postQueueImg_1676480052.54.jpg\",\"width\":1280,\"height\":799,\"caption\":\"Togo-Congr\u00e8s du CAR : op\u00e9ration de d\u00e9minage en cours\"},{\"@type\":\"BreadcrumbList\",\"@id\":\"https:\/\/www.africa-press.net\/togo\/toutes-les-actualites\/togo-congres-du-car-operation-de-deminage-en-cours#breadcrumb\",\"itemListElement\":[{\"@type\":\"ListItem\",\"position\":1,\"name\":\"Accueil\",\"item\":\"https:\/\/www.africa-press.net\/togo\/\"},{\"@type\":\"ListItem\",\"position\":2,\"name\":\"Togo-Congr\u00e8s du CAR : op\u00e9ration de d\u00e9minage en cours\"}]},{\"@type\":\"WebSite\",\"@id\":\"https:\/\/www.africa-press.net\/togo\/#website\",\"url\":\"https:\/\/www.africa-press.net\/togo\/\",\"name\":\"Togo\",\"description\":\"Just another Africa News Agency Sites site\",\"potentialAction\":[{\"@type\":\"SearchAction\",\"target\":{\"@type\":\"EntryPoint\",\"urlTemplate\":\"https:\/\/www.africa-press.net\/togo\/?s={search_term_string}\"},\"query-input\":{\"@type\":\"PropertyValueSpecification\",\"valueRequired\":true,\"valueName\":\"search_term_string\"}}],\"inLanguage\":\"fr-FR\"},{\"@type\":\"Person\",\"@id\":\"https:\/\/www.africa-press.net\/togo\/#\/schema\/person\/2b1cf3cd81a31e3cd26889ca66d677f1\",\"name\":\"cfeditorfr\"}]}<\/script>\n<!-- \/ Yoast SEO Premium plugin. -->","yoast_head_json":{"title":"Togo-Congr\u00e8s du CAR : op\u00e9ration de d\u00e9minage en cours - Togo","description":"La fe\u0301de\u0301ration de Yoto, en pre\u0301lude au congre\u0300s extraordinaire du Comite\u0301 d\u2019action pour le renouveau (CAR) les 14 et ...","robots":{"index":"index","follow":"follow","max-snippet":"max-snippet:-1","max-image-preview":"max-image-preview:large","max-video-preview":"max-video-preview:-1"},"canonical":"https:\/\/www.africa-press.net\/togo\/toutes-les-actualites\/togo-congres-du-car-operation-de-deminage-en-cours","og_locale":"fr_FR","og_type":"article","og_title":"Togo-Congr\u00e8s du CAR : op\u00e9ration de d\u00e9minage en cours","og_description":"La fe\u0301de\u0301ration de Yoto, en pre\u0301lude au congre\u0300s extraordinaire du Comite\u0301 d\u2019action pour le renouveau (CAR) les 14 et ...","og_url":"https:\/\/www.africa-press.net\/togo\/toutes-les-actualites\/togo-congres-du-car-operation-de-deminage-en-cours","og_site_name":"Togo","article_published_time":"2023-02-15T20:24:09+00:00","article_modified_time":"2023-02-16T19:08:36+00:00","og_image":[{"width":1280,"height":799,"url":"https:\/\/static.africa-press.net\/togo\/sites\/58\/2023\/02\/postQueueImg_1676480052.54.jpg","type":"image\/jpeg"}],"author":"cfeditorfr","twitter_card":"summary_large_image","twitter_misc":{"\u00c9crit par":"cfeditorfr","Dur\u00e9e de lecture estim\u00e9e":"1 minute"},"schema":{"@context":"https:\/\/schema.org","@graph":[{"@type":"Article","@id":"https:\/\/www.africa-press.net\/togo\/toutes-les-actualites\/togo-congres-du-car-operation-de-deminage-en-cours#article","isPartOf":{"@id":"https:\/\/www.africa-press.net\/togo\/toutes-les-actualites\/togo-congres-du-car-operation-de-deminage-en-cours"},"author":{"name":"cfeditorfr","@id":"https:\/\/www.africa-press.net\/togo\/#\/schema\/person\/2b1cf3cd81a31e3cd26889ca66d677f1"},"headline":"Togo-Congr\u00e8s du CAR : op\u00e9ration de d\u00e9minage en cours","datePublished":"2023-02-15T20:24:09+00:00","dateModified":"2023-02-16T19:08:36+00:00","mainEntityOfPage":{"@id":"https:\/\/www.africa-press.net\/togo\/toutes-les-actualites\/togo-congres-du-car-operation-de-deminage-en-cours"},"wordCount":215,"commentCount":0,"image":{"@id":"https:\/\/www.africa-press.net\/togo\/toutes-les-actualites\/togo-congres-du-car-operation-de-deminage-en-cours#primaryimage"},"thumbnailUrl":"https:\/\/static.africa-press.net\/togo\/sites\/58\/2023\/02\/postQueueImg_1676480052.54.jpg","keywords":["Africa Press","Africa Press-Togo","Togo"],"articleSection":["Communaut\u00e9","Toutes les actualit\u00e9s"],"inLanguage":"fr-FR","potentialAction":[{"@type":"CommentAction","name":"Comment","target":["https:\/\/www.africa-press.net\/togo\/toutes-les-actualites\/togo-congres-du-car-operation-de-deminage-en-cours#respond"]}]},{"@type":"WebPage","@id":"https:\/\/www.africa-press.net\/togo\/toutes-les-actualites\/togo-congres-du-car-operation-de-deminage-en-cours","url":"https:\/\/www.africa-press.net\/togo\/toutes-les-actualites\/togo-congres-du-car-operation-de-deminage-en-cours","name":"Togo-Congr\u00e8s du CAR : op\u00e9ration de d\u00e9minage en cours - Togo","isPartOf":{"@id":"https:\/\/www.africa-press.net\/togo\/#website"},"primaryImageOfPage":{"@id":"https:\/\/www.africa-press.net\/togo\/toutes-les-actualites\/togo-congres-du-car-operation-de-deminage-en-cours#primaryimage"},"image":{"@id":"https:\/\/www.africa-press.net\/togo\/toutes-les-actualites\/togo-congres-du-car-operation-de-deminage-en-cours#primaryimage"},"thumbnailUrl":"https:\/\/static.africa-press.net\/togo\/sites\/58\/2023\/02\/postQueueImg_1676480052.54.jpg","datePublished":"2023-02-15T20:24:09+00:00","dateModified":"2023-02-16T19:08:36+00:00","author":{"@id":"https:\/\/www.africa-press.net\/togo\/#\/schema\/person\/2b1cf3cd81a31e3cd26889ca66d677f1"},"description":"La fe\u0301de\u0301ration de Yoto, en pre\u0301lude au congre\u0300s extraordinaire du Comite\u0301 d\u2019action pour le renouveau (CAR) les 14 et ...","breadcrumb":{"@id":"https:\/\/www.africa-press.net\/togo\/toutes-les-actualites\/togo-congres-du-car-operation-de-deminage-en-cours#breadcrumb"},"inLanguage":"fr-FR","potentialAction":[{"@type":"ReadAction","target":["https:\/\/www.africa-press.net\/togo\/toutes-les-actualites\/togo-congres-du-car-operation-de-deminage-en-cours"]}]},{"@type":"ImageObject","inLanguage":"fr-FR","@id":"https:\/\/www.africa-press.net\/togo\/toutes-les-actualites\/togo-congres-du-car-operation-de-deminage-en-cours#primaryimage","url":"https:\/\/static.africa-press.net\/togo\/sites\/58\/2023\/02\/postQueueImg_1676480052.54.jpg","contentUrl":"https:\/\/static.africa-press.net\/togo\/sites\/58\/2023\/02\/postQueueImg_1676480052.54.jpg","width":1280,"height":799,"caption":"Togo-Congr\u00e8s du CAR : op\u00e9ration de d\u00e9minage en cours"},{"@type":"BreadcrumbList","@id":"https:\/\/www.africa-press.net\/togo\/toutes-les-actualites\/togo-congres-du-car-operation-de-deminage-en-cours#breadcrumb","itemListElement":[{"@type":"ListItem","position":1,"name":"Accueil","item":"https:\/\/www.africa-press.net\/togo\/"},{"@type":"ListItem","position":2,"name":"Togo-Congr\u00e8s du CAR : op\u00e9ration de d\u00e9minage en cours"}]},{"@type":"WebSite","@id":"https:\/\/www.africa-press.net\/togo\/#website","url":"https:\/\/www.africa-press.net\/togo\/","name":"Togo","description":"Just another Africa News Agency Sites site","potentialAction":[{"@type":"SearchAction","target":{"@type":"EntryPoint","urlTemplate":"https:\/\/www.africa-press.net\/togo\/?s={search_term_string}"},"query-input":{"@type":"PropertyValueSpecification","valueRequired":true,"valueName":"search_term_string"}}],"inLanguage":"fr-FR"},{"@type":"Person","@id":"https:\/\/www.africa-press.net\/togo\/#\/schema\/person\/2b1cf3cd81a31e3cd26889ca66d677f1","name":"cfeditorfr"}]}},"_links":{"self":[{"href":"https:\/\/www.africa-press.net\/togo\/wp-json\/wp\/v2\/posts\/17234","targetHints":{"allow":["GET"]}}],"collection":[{"href":"https:\/\/www.africa-press.net\/togo\/wp-json\/wp\/v2\/posts"}],"about":[{"href":"https:\/\/www.africa-press.net\/togo\/wp-json\/wp\/v2\/types\/post"}],"author":[{"embeddable":true,"href":"https:\/\/www.africa-press.net\/togo\/wp-json\/wp\/v2\/users\/82"}],"replies":[{"embeddable":true,"href":"https:\/\/www.africa-press.net\/togo\/wp-json\/wp\/v2\/comments?post=17234"}],"version-history":[{"count":0,"href":"https:\/\/www.africa-press.net\/togo\/wp-json\/wp\/v2\/posts\/17234\/revisions"}],"wp:featuredmedia":[{"embeddable":true,"href":"https:\/\/www.africa-press.net\/togo\/wp-json\/wp\/v2\/media\/17233"}],"wp:attachment":[{"href":"https:\/\/www.africa-press.net\/togo\/wp-json\/wp\/v2\/media?parent=17234"}],"wp:term":[{"taxonomy":"category","embeddable":true,"href":"https:\/\/www.africa-press.net\/togo\/wp-json\/wp\/v2\/categories?post=17234"},{"taxonomy":"post_tag","embeddable":true,"href":"https:\/\/www.africa-press.net\/togo\/wp-json\/wp\/v2\/tags?post=17234"}],"curies":[{"name":"wp","href":"https:\/\/api.w.org\/{rel}","templated":true}]}}