{"id":17238,"date":"2023-02-15T20:24:54","date_gmt":"2023-02-15T20:24:54","guid":{"rendered":"https:\/\/www.africa-press.net\/togo\/politique\/terrorisme-de-nouveau-attaque-le-togo-choisit-de-ne-plus-communiquer"},"modified":"2023-02-16T19:09:36","modified_gmt":"2023-02-16T19:09:36","slug":"terrorisme-de-nouveau-attaque-le-togo-choisit-de-ne-plus-communiquer","status":"publish","type":"post","link":"https:\/\/www.africa-press.net\/togo\/politique\/terrorisme-de-nouveau-attaque-le-togo-choisit-de-ne-plus-communiquer","title":{"rendered":"Terrorisme\u00a0: De nouveau attaqu\u00e9, le Togo choisit de ne plus communiquer"},"content":{"rendered":"<p><span style=\"color: #ff6600\"><strong>Africa-Press &#8211; Togo. <\/strong><\/span>Par Flore MONTEAU, Charles Djade<\/p>\n<p>Vendredi 10 fe\u0301vrier, une nouvelle attaque terroriste a fait 31 victimes dans le nord du pays. Le gouvernement peine a\u0300 endiguer la menace jihadiste et choisit la strate\u0301gie de la discre\u0301tion.<\/p>\n<p>Il fait nuit noire, aux environs de 2h du matin vendredi 10 fe\u0301vrier, quand les habitants de Tola et Gningou, deux villages de la pre\u0301fecture de Kpendjal au nord du Togo, sont attaque\u0301s par des groupes arme\u0301s djihadistes. Enleve\u0301es puis e\u0301gorge\u0301es, les 31 victimes ont e\u0301te\u0301 retrouve\u0301es sans vie au lever du jour. Selon nos sources, une dizaine de terroristes ont e\u0301te\u0301 tue\u0301s lors d\u2019un ratissage des Forces arme\u0301es togolaises (FAT) le lendemain matin non loin des lieux du crime.<\/p>\n<p>Cette zone de la re\u0301gion des Savanes, enclave\u0301e a\u0300 la frontie\u0300re du Burkina Faso et du Ghana a\u0300 plus de 600 kilome\u0300tres de Lome\u0301, est depuis plusieurs mois cible\u0301e par le Groupe de soutien a\u0300 l\u2019islam et aux musulmans (GSIM), principale alliance jihadiste au Sahel, lie\u0301 a\u0300 Al- Qai\u0308da. Une attaque de plus, qui survient malgre\u0301 la re\u0301ponse se\u0301curitaire des autorite\u0301s togolaises, et que le gouvernement de Faure Gnassingbe\u0301 a pre\u0301fe\u0301re\u0301 ne pas rendre publique.<\/p>\n<p>Baisse de moral<\/p>\n<p>\u00ab Nous avons de\u0301cide\u0301 de ne plus communiquer pour le moral des troupes et pour ne pas trop stresser la population \u00bb, soutient une source gouvernementale. Depuis la premie\u0300re attaque jihadiste meurtrie\u0300re qui a endeuille\u0301 le pays les 10 et 11 mai 2022, le Togo a enregistre\u0301 au moins quatre autres offensives, celle de vendredi faisant suite a\u0300 une attaque par engins explosifs improvise\u0301s le 2 fe\u0301vrier n\u2019ayant pas davantage fait l\u2019objet d\u2019une communication des autorite\u0301s. Un silence qui en dit long sur les difficulte\u0301s pour Lome\u0301 de combattre les incursions des groupes jihadistes implante\u0301s juste de l\u2019autre co\u0302te\u0301 de sa frontie\u0300re, au Burkina Faso.<\/p>\n<p>Pourtant, face a\u0300 la menace, le Togo semblait pluto\u0302t dans l\u2019anticipation. En 2018 de\u0301ja\u0300, il pre\u0301venait l\u2019infiltration des mouvements et combattants terroristes en cre\u0301ant l\u2019ope\u0301ration \u00ab Koundjoare \u00bb a\u0300 Kpendjal, ou\u0300 les militaires sont de\u0301ploye\u0301s en grand nombre. En 2020, une loi de programmation militaire e\u0301tait adopte\u0301e, comprenant une enveloppe de 772 milliards de Francs CFA avec pour objectif de renforcer les e\u0301quipements des Forces arme\u0301es togolaises.<\/p>\n<p>Mais les attaques ont continue\u0301. En juin 2022 les autorite\u0301s se sont vues oblige\u0301es de de\u0301clarer \u00ab l\u2019e\u0301tat d\u2019urgence se\u0301curitaire \u00bb dans la re\u0301gion des Savanes. Quelques semaines apre\u0300s, elles annonc\u0327aient des mesures urgentes comme l\u2019approvisionnement en drones turcs et une coope\u0301ration renforce\u0301e avec les pays voisins. En de\u0301cembre 2022, un grand remaniement de la direction de l\u2019arme\u0301e devait remonter le moral des troupes.<\/p>\n<p>Inte\u0301re\u0302ts<\/p>\n<p>Mais la zone frontalie\u0300re entre le Togo, le Burkina Faso et le Be\u0301nin pre\u0301sente de nombreux inte\u0301re\u0302ts pour le GSIM, notamment ses espaces forestiers, comme l\u2019explique Mathieu Pellerin, expert Sahel, dans une note de fe\u0301vrier 2022. \u00ab Cet espace transfrontalier, appele\u0301 WAPO, du nom des parcs du W, d\u2019Arly, de la Pendjari et de l\u2019Oti, qui traversent les frontie\u0300res du Niger, du Burkina Faso, du Be\u0301nin et du Togo, constitue le second fief de GSIM au Sahel apre\u0300s le Delta inte\u0301rieur du Niger \u00bb. E\u0301galement zone de trafic, le nord du Togo est utilise\u0301 par les djihadistes ope\u0301rant dans l\u2019est du Burkina Faso \u00ab pour l\u2019approvisionnement a\u0300 moto en produits de premie\u0300re ne\u0301cessite\u0301 et en armes \u00bb.<\/p>\n<p>Les inte\u0301re\u0302ts du GSIM ne s\u2019arre\u0302tent pas la\u0300. Selon lui, la multiplication des attaques au Togo a fait basculer le pays \u00ab du statut de zone d\u2019approvisionnement logistique a\u0300 celui de territoire d\u2019ope\u0301ration \u00bb, comme ses voisins le Ghana et le Be\u0301nin. Une e\u0301volution de la menace qui fait de\u0301sormais craindre, comme ce fut le cas dans les pays frontaliers, un recrutement de jihadistes parmi les populations locales.<\/p>\n<p><strong>Pour plus d&rsquo;informations et d&rsquo;analyses sur la <a href=\"https:\/\/www.africa-press.net\/togo\">Togo<\/a>, suivez <a href=\"https:\/\/www.africa-press.net\/\">Africa-Press<\/a><\/strong><\/p>\n","protected":false},"excerpt":{"rendered":"<p>Africa-Press &#8211; Togo. Par Flore MONTEAU, Charles Djade Vendredi 10 fe\u0301vrier, une nouvelle attaque terroriste a fait 31 victimes dans le nord du pays. Le gouvernement peine a\u0300 endiguer la menace jihadiste et choisit la strate\u0301gie de la discre\u0301tion. Il fait nuit noire, aux environs de 2h du matin vendredi 10 fe\u0301vrier, quand les habitants [&hellip;]<\/p>\n","protected":false},"author":82,"featured_media":17237,"comment_status":"open","ping_status":"closed","sticky":false,"template":"","format":"standard","meta":{"footnotes":""},"categories":[2,56,20,10],"tags":[36,49,459,50],"class_list":["post-17238","post","type-post","status-publish","format-standard","has-post-thumbnail","hentry","category-politique","category-to-homepage","category-top-nouvelles","category-toutes-les-actualites","tag-africa-press","tag-africa-press-togo","tag-terrorisme","tag-togo"],"yoast_head":"<!-- This site is optimized with the Yoast SEO Premium plugin v26.1 (Yoast SEO v27.0) - https:\/\/yoast.com\/product\/yoast-seo-premium-wordpress\/ -->\n<title>Terrorisme\u00a0: De nouveau attaqu\u00e9, le Togo choisit de ne plus communiquer - Togo<\/title>\n<meta name=\"description\" content=\"Par Flore MONTEAU, Charles Djade Vendredi 10 fe\u0301vrier, une nouvelle attaque terroriste a fait 31 victimes dans le nord ...\" \/>\n<meta name=\"robots\" content=\"index, follow, max-snippet:-1, max-image-preview:large, max-video-preview:-1\" \/>\n<link rel=\"canonical\" href=\"https:\/\/www.africa-press.net\/togo\/politique\/terrorisme-de-nouveau-attaque-le-togo-choisit-de-ne-plus-communiquer\" \/>\n<meta property=\"og:locale\" content=\"fr_FR\" \/>\n<meta property=\"og:type\" content=\"article\" \/>\n<meta property=\"og:title\" content=\"Terrorisme\u00a0: De nouveau attaqu\u00e9, le Togo choisit de ne plus communiquer\" \/>\n<meta property=\"og:description\" content=\"Par Flore MONTEAU, Charles Djade Vendredi 10 fe\u0301vrier, une nouvelle attaque terroriste a fait 31 victimes dans le nord ...\" \/>\n<meta property=\"og:url\" content=\"https:\/\/www.africa-press.net\/togo\/politique\/terrorisme-de-nouveau-attaque-le-togo-choisit-de-ne-plus-communiquer\" \/>\n<meta property=\"og:site_name\" content=\"Togo\" \/>\n<meta property=\"article:published_time\" content=\"2023-02-15T20:24:54+00:00\" \/>\n<meta property=\"article:modified_time\" content=\"2023-02-16T19:09:36+00:00\" \/>\n<meta property=\"og:image\" content=\"https:\/\/static.africa-press.net\/togo\/sites\/58\/2023\/02\/postQueueImg_1676480106.94.jpg\" \/>\n\t<meta property=\"og:image:width\" content=\"720\" \/>\n\t<meta property=\"og:image:height\" content=\"479\" \/>\n\t<meta property=\"og:image:type\" content=\"image\/jpeg\" \/>\n<meta name=\"author\" content=\"cfeditorfr\" \/>\n<meta name=\"twitter:card\" content=\"summary_large_image\" \/>\n<meta name=\"twitter:label1\" content=\"\u00c9crit par\" \/>\n\t<meta name=\"twitter:data1\" content=\"cfeditorfr\" \/>\n\t<meta name=\"twitter:label2\" content=\"Dur\u00e9e de lecture estim\u00e9e\" \/>\n\t<meta name=\"twitter:data2\" content=\"4 minutes\" \/>\n<script type=\"application\/ld+json\" class=\"yoast-schema-graph\">{\"@context\":\"https:\/\/schema.org\",\"@graph\":[{\"@type\":\"Article\",\"@id\":\"https:\/\/www.africa-press.net\/togo\/politique\/terrorisme-de-nouveau-attaque-le-togo-choisit-de-ne-plus-communiquer#article\",\"isPartOf\":{\"@id\":\"https:\/\/www.africa-press.net\/togo\/politique\/terrorisme-de-nouveau-attaque-le-togo-choisit-de-ne-plus-communiquer\"},\"author\":{\"name\":\"cfeditorfr\",\"@id\":\"https:\/\/www.africa-press.net\/togo\/#\/schema\/person\/2b1cf3cd81a31e3cd26889ca66d677f1\"},\"headline\":\"Terrorisme\u00a0: De nouveau attaqu\u00e9, le Togo choisit de ne plus communiquer\",\"datePublished\":\"2023-02-15T20:24:54+00:00\",\"dateModified\":\"2023-02-16T19:09:36+00:00\",\"mainEntityOfPage\":{\"@id\":\"https:\/\/www.africa-press.net\/togo\/politique\/terrorisme-de-nouveau-attaque-le-togo-choisit-de-ne-plus-communiquer\"},\"wordCount\":718,\"commentCount\":0,\"image\":{\"@id\":\"https:\/\/www.africa-press.net\/togo\/politique\/terrorisme-de-nouveau-attaque-le-togo-choisit-de-ne-plus-communiquer#primaryimage\"},\"thumbnailUrl\":\"https:\/\/static.africa-press.net\/togo\/sites\/58\/2023\/02\/postQueueImg_1676480106.94.jpg\",\"keywords\":[\"Africa Press\",\"Africa Press-Togo\",\"Terrorisme\",\"Togo\"],\"articleSection\":[\"Politique\",\"to-homepage\",\"Top Nouvelles\",\"Toutes les actualit\u00e9s\"],\"inLanguage\":\"fr-FR\",\"potentialAction\":[{\"@type\":\"CommentAction\",\"name\":\"Comment\",\"target\":[\"https:\/\/www.africa-press.net\/togo\/politique\/terrorisme-de-nouveau-attaque-le-togo-choisit-de-ne-plus-communiquer#respond\"]}]},{\"@type\":\"WebPage\",\"@id\":\"https:\/\/www.africa-press.net\/togo\/politique\/terrorisme-de-nouveau-attaque-le-togo-choisit-de-ne-plus-communiquer\",\"url\":\"https:\/\/www.africa-press.net\/togo\/politique\/terrorisme-de-nouveau-attaque-le-togo-choisit-de-ne-plus-communiquer\",\"name\":\"Terrorisme\u00a0: De nouveau attaqu\u00e9, le Togo choisit de ne plus communiquer - Togo\",\"isPartOf\":{\"@id\":\"https:\/\/www.africa-press.net\/togo\/#website\"},\"primaryImageOfPage\":{\"@id\":\"https:\/\/www.africa-press.net\/togo\/politique\/terrorisme-de-nouveau-attaque-le-togo-choisit-de-ne-plus-communiquer#primaryimage\"},\"image\":{\"@id\":\"https:\/\/www.africa-press.net\/togo\/politique\/terrorisme-de-nouveau-attaque-le-togo-choisit-de-ne-plus-communiquer#primaryimage\"},\"thumbnailUrl\":\"https:\/\/static.africa-press.net\/togo\/sites\/58\/2023\/02\/postQueueImg_1676480106.94.jpg\",\"datePublished\":\"2023-02-15T20:24:54+00:00\",\"dateModified\":\"2023-02-16T19:09:36+00:00\",\"author\":{\"@id\":\"https:\/\/www.africa-press.net\/togo\/#\/schema\/person\/2b1cf3cd81a31e3cd26889ca66d677f1\"},\"description\":\"Par Flore MONTEAU, Charles Djade Vendredi 10 fe\u0301vrier, une nouvelle attaque terroriste a fait 31 victimes dans le nord ...\",\"breadcrumb\":{\"@id\":\"https:\/\/www.africa-press.net\/togo\/politique\/terrorisme-de-nouveau-attaque-le-togo-choisit-de-ne-plus-communiquer#breadcrumb\"},\"inLanguage\":\"fr-FR\",\"potentialAction\":[{\"@type\":\"ReadAction\",\"target\":[\"https:\/\/www.africa-press.net\/togo\/politique\/terrorisme-de-nouveau-attaque-le-togo-choisit-de-ne-plus-communiquer\"]}]},{\"@type\":\"ImageObject\",\"inLanguage\":\"fr-FR\",\"@id\":\"https:\/\/www.africa-press.net\/togo\/politique\/terrorisme-de-nouveau-attaque-le-togo-choisit-de-ne-plus-communiquer#primaryimage\",\"url\":\"https:\/\/static.africa-press.net\/togo\/sites\/58\/2023\/02\/postQueueImg_1676480106.94.jpg\",\"contentUrl\":\"https:\/\/static.africa-press.net\/togo\/sites\/58\/2023\/02\/postQueueImg_1676480106.94.jpg\",\"width\":720,\"height\":479,\"caption\":\"Terrorisme\u00a0: De nouveau attaqu\u00e9, le Togo choisit de ne plus communiquer\"},{\"@type\":\"BreadcrumbList\",\"@id\":\"https:\/\/www.africa-press.net\/togo\/politique\/terrorisme-de-nouveau-attaque-le-togo-choisit-de-ne-plus-communiquer#breadcrumb\",\"itemListElement\":[{\"@type\":\"ListItem\",\"position\":1,\"name\":\"Accueil\",\"item\":\"https:\/\/www.africa-press.net\/togo\/\"},{\"@type\":\"ListItem\",\"position\":2,\"name\":\"Terrorisme\u00a0: De nouveau attaqu\u00e9, le Togo choisit de ne plus communiquer\"}]},{\"@type\":\"WebSite\",\"@id\":\"https:\/\/www.africa-press.net\/togo\/#website\",\"url\":\"https:\/\/www.africa-press.net\/togo\/\",\"name\":\"Togo\",\"description\":\"Just another Africa News Agency Sites site\",\"potentialAction\":[{\"@type\":\"SearchAction\",\"target\":{\"@type\":\"EntryPoint\",\"urlTemplate\":\"https:\/\/www.africa-press.net\/togo\/?s={search_term_string}\"},\"query-input\":{\"@type\":\"PropertyValueSpecification\",\"valueRequired\":true,\"valueName\":\"search_term_string\"}}],\"inLanguage\":\"fr-FR\"},{\"@type\":\"Person\",\"@id\":\"https:\/\/www.africa-press.net\/togo\/#\/schema\/person\/2b1cf3cd81a31e3cd26889ca66d677f1\",\"name\":\"cfeditorfr\"}]}<\/script>\n<!-- \/ Yoast SEO Premium plugin. -->","yoast_head_json":{"title":"Terrorisme\u00a0: De nouveau attaqu\u00e9, le Togo choisit de ne plus communiquer - Togo","description":"Par Flore MONTEAU, Charles Djade Vendredi 10 fe\u0301vrier, une nouvelle attaque terroriste a fait 31 victimes dans le nord ...","robots":{"index":"index","follow":"follow","max-snippet":"max-snippet:-1","max-image-preview":"max-image-preview:large","max-video-preview":"max-video-preview:-1"},"canonical":"https:\/\/www.africa-press.net\/togo\/politique\/terrorisme-de-nouveau-attaque-le-togo-choisit-de-ne-plus-communiquer","og_locale":"fr_FR","og_type":"article","og_title":"Terrorisme\u00a0: De nouveau attaqu\u00e9, le Togo choisit de ne plus communiquer","og_description":"Par Flore MONTEAU, Charles Djade Vendredi 10 fe\u0301vrier, une nouvelle attaque terroriste a fait 31 victimes dans le nord ...","og_url":"https:\/\/www.africa-press.net\/togo\/politique\/terrorisme-de-nouveau-attaque-le-togo-choisit-de-ne-plus-communiquer","og_site_name":"Togo","article_published_time":"2023-02-15T20:24:54+00:00","article_modified_time":"2023-02-16T19:09:36+00:00","og_image":[{"width":720,"height":479,"url":"https:\/\/static.africa-press.net\/togo\/sites\/58\/2023\/02\/postQueueImg_1676480106.94.jpg","type":"image\/jpeg"}],"author":"cfeditorfr","twitter_card":"summary_large_image","twitter_misc":{"\u00c9crit par":"cfeditorfr","Dur\u00e9e de lecture estim\u00e9e":"4 minutes"},"schema":{"@context":"https:\/\/schema.org","@graph":[{"@type":"Article","@id":"https:\/\/www.africa-press.net\/togo\/politique\/terrorisme-de-nouveau-attaque-le-togo-choisit-de-ne-plus-communiquer#article","isPartOf":{"@id":"https:\/\/www.africa-press.net\/togo\/politique\/terrorisme-de-nouveau-attaque-le-togo-choisit-de-ne-plus-communiquer"},"author":{"name":"cfeditorfr","@id":"https:\/\/www.africa-press.net\/togo\/#\/schema\/person\/2b1cf3cd81a31e3cd26889ca66d677f1"},"headline":"Terrorisme\u00a0: De nouveau attaqu\u00e9, le Togo choisit de ne plus communiquer","datePublished":"2023-02-15T20:24:54+00:00","dateModified":"2023-02-16T19:09:36+00:00","mainEntityOfPage":{"@id":"https:\/\/www.africa-press.net\/togo\/politique\/terrorisme-de-nouveau-attaque-le-togo-choisit-de-ne-plus-communiquer"},"wordCount":718,"commentCount":0,"image":{"@id":"https:\/\/www.africa-press.net\/togo\/politique\/terrorisme-de-nouveau-attaque-le-togo-choisit-de-ne-plus-communiquer#primaryimage"},"thumbnailUrl":"https:\/\/static.africa-press.net\/togo\/sites\/58\/2023\/02\/postQueueImg_1676480106.94.jpg","keywords":["Africa Press","Africa Press-Togo","Terrorisme","Togo"],"articleSection":["Politique","to-homepage","Top Nouvelles","Toutes les actualit\u00e9s"],"inLanguage":"fr-FR","potentialAction":[{"@type":"CommentAction","name":"Comment","target":["https:\/\/www.africa-press.net\/togo\/politique\/terrorisme-de-nouveau-attaque-le-togo-choisit-de-ne-plus-communiquer#respond"]}]},{"@type":"WebPage","@id":"https:\/\/www.africa-press.net\/togo\/politique\/terrorisme-de-nouveau-attaque-le-togo-choisit-de-ne-plus-communiquer","url":"https:\/\/www.africa-press.net\/togo\/politique\/terrorisme-de-nouveau-attaque-le-togo-choisit-de-ne-plus-communiquer","name":"Terrorisme\u00a0: De nouveau attaqu\u00e9, le Togo choisit de ne plus communiquer - Togo","isPartOf":{"@id":"https:\/\/www.africa-press.net\/togo\/#website"},"primaryImageOfPage":{"@id":"https:\/\/www.africa-press.net\/togo\/politique\/terrorisme-de-nouveau-attaque-le-togo-choisit-de-ne-plus-communiquer#primaryimage"},"image":{"@id":"https:\/\/www.africa-press.net\/togo\/politique\/terrorisme-de-nouveau-attaque-le-togo-choisit-de-ne-plus-communiquer#primaryimage"},"thumbnailUrl":"https:\/\/static.africa-press.net\/togo\/sites\/58\/2023\/02\/postQueueImg_1676480106.94.jpg","datePublished":"2023-02-15T20:24:54+00:00","dateModified":"2023-02-16T19:09:36+00:00","author":{"@id":"https:\/\/www.africa-press.net\/togo\/#\/schema\/person\/2b1cf3cd81a31e3cd26889ca66d677f1"},"description":"Par Flore MONTEAU, Charles Djade Vendredi 10 fe\u0301vrier, une nouvelle attaque terroriste a fait 31 victimes dans le nord ...","breadcrumb":{"@id":"https:\/\/www.africa-press.net\/togo\/politique\/terrorisme-de-nouveau-attaque-le-togo-choisit-de-ne-plus-communiquer#breadcrumb"},"inLanguage":"fr-FR","potentialAction":[{"@type":"ReadAction","target":["https:\/\/www.africa-press.net\/togo\/politique\/terrorisme-de-nouveau-attaque-le-togo-choisit-de-ne-plus-communiquer"]}]},{"@type":"ImageObject","inLanguage":"fr-FR","@id":"https:\/\/www.africa-press.net\/togo\/politique\/terrorisme-de-nouveau-attaque-le-togo-choisit-de-ne-plus-communiquer#primaryimage","url":"https:\/\/static.africa-press.net\/togo\/sites\/58\/2023\/02\/postQueueImg_1676480106.94.jpg","contentUrl":"https:\/\/static.africa-press.net\/togo\/sites\/58\/2023\/02\/postQueueImg_1676480106.94.jpg","width":720,"height":479,"caption":"Terrorisme\u00a0: De nouveau attaqu\u00e9, le Togo choisit de ne plus communiquer"},{"@type":"BreadcrumbList","@id":"https:\/\/www.africa-press.net\/togo\/politique\/terrorisme-de-nouveau-attaque-le-togo-choisit-de-ne-plus-communiquer#breadcrumb","itemListElement":[{"@type":"ListItem","position":1,"name":"Accueil","item":"https:\/\/www.africa-press.net\/togo\/"},{"@type":"ListItem","position":2,"name":"Terrorisme\u00a0: De nouveau attaqu\u00e9, le Togo choisit de ne plus communiquer"}]},{"@type":"WebSite","@id":"https:\/\/www.africa-press.net\/togo\/#website","url":"https:\/\/www.africa-press.net\/togo\/","name":"Togo","description":"Just another Africa News Agency Sites site","potentialAction":[{"@type":"SearchAction","target":{"@type":"EntryPoint","urlTemplate":"https:\/\/www.africa-press.net\/togo\/?s={search_term_string}"},"query-input":{"@type":"PropertyValueSpecification","valueRequired":true,"valueName":"search_term_string"}}],"inLanguage":"fr-FR"},{"@type":"Person","@id":"https:\/\/www.africa-press.net\/togo\/#\/schema\/person\/2b1cf3cd81a31e3cd26889ca66d677f1","name":"cfeditorfr"}]}},"_links":{"self":[{"href":"https:\/\/www.africa-press.net\/togo\/wp-json\/wp\/v2\/posts\/17238","targetHints":{"allow":["GET"]}}],"collection":[{"href":"https:\/\/www.africa-press.net\/togo\/wp-json\/wp\/v2\/posts"}],"about":[{"href":"https:\/\/www.africa-press.net\/togo\/wp-json\/wp\/v2\/types\/post"}],"author":[{"embeddable":true,"href":"https:\/\/www.africa-press.net\/togo\/wp-json\/wp\/v2\/users\/82"}],"replies":[{"embeddable":true,"href":"https:\/\/www.africa-press.net\/togo\/wp-json\/wp\/v2\/comments?post=17238"}],"version-history":[{"count":0,"href":"https:\/\/www.africa-press.net\/togo\/wp-json\/wp\/v2\/posts\/17238\/revisions"}],"wp:featuredmedia":[{"embeddable":true,"href":"https:\/\/www.africa-press.net\/togo\/wp-json\/wp\/v2\/media\/17237"}],"wp:attachment":[{"href":"https:\/\/www.africa-press.net\/togo\/wp-json\/wp\/v2\/media?parent=17238"}],"wp:term":[{"taxonomy":"category","embeddable":true,"href":"https:\/\/www.africa-press.net\/togo\/wp-json\/wp\/v2\/categories?post=17238"},{"taxonomy":"post_tag","embeddable":true,"href":"https:\/\/www.africa-press.net\/togo\/wp-json\/wp\/v2\/tags?post=17238"}],"curies":[{"name":"wp","href":"https:\/\/api.w.org\/{rel}","templated":true}]}}