{"id":17256,"date":"2023-02-16T19:00:08","date_gmt":"2023-02-16T19:00:08","guid":{"rendered":"https:\/\/www.africa-press.net\/togo\/politique\/prise-en-otage-dune-togolaise-au-benin-le-mmlk-lance-un-sos"},"modified":"2023-02-16T20:03:00","modified_gmt":"2023-02-16T20:03:00","slug":"prise-en-otage-dune-togolaise-au-benin-le-mmlk-lance-un-sos","status":"publish","type":"post","link":"https:\/\/www.africa-press.net\/togo\/toutes-les-actualites\/prise-en-otage-dune-togolaise-au-benin-le-mmlk-lance-un-sos","title":{"rendered":"Prise en otage d\u2019une togolaise au Benin : Le MMLK lance un SOS"},"content":{"rendered":"<p><span style=\"color: #ff6600\"><strong>Africa-Press &#8211; Togo. <\/strong><\/span><b>Le Mouvement Martin Luther King appelle a\u0300 l\u2019aide pour sauver une togolaise prise en otage au Benin. Dans une de\u0301claration en date du 15 fe\u0301vrier 2023, l\u2019organisation interpelle le Togo et le Be\u0301nin en vue de de\u0301masquer les auteurs. <\/b><br \/>\n<b>MMLK \/TOGO: UNE COMPATRIOTE PRISE EN OTAGE AU BENIN PAR LES ARNAQUEURS, LA FAMILLE EN DETRESSE<\/b><\/p>\n<p>LE MOUVEMENT MARTIN LUTHER KING APPEL AU SECOURS.<\/p>\n<p>Depuis juin dernier, une compatriote du nom de FOLLY Tsotso Simone est tombe\u0301e dans le jeu des arnaqueurs.<\/p>\n<p>Ces derniers, base\u0301s a\u0300 Abomey Calavi Ayitsedji (Bureau Zone Ho\u0302pital) lui ont demande\u0301e d\u2019 y venir pour jouir des be\u0301ne\u0301fices des activite\u0301s d\u2019un magasin plein de marchandises abandonne\u0301 par une tierce personne. La\u0300, elle va faire le commerce et les be\u0301ne\u0301fices vont e\u0302tre partage\u0301s avec elle.<\/p>\n<p>Sans re\u0301fle\u0301chir, c\u2019est une aubaine et il faut la saisir. Elle s\u2019est rendue dans la localite\u0301 en juin dernier et a e\u0301te\u0301 retenue et prise en otage. Ses ravisseurs proce\u0300dent autrement avec leur proie (la compatriote) qui demande aux parents qu\u2019elle a besoin d\u2019une somme de cinq cent mille francs (500.000) pour s\u2019installer dans le magasin imaginaire et de\u0301marrer ses activite\u0301s comme convenu ; ce que la famille n\u2019a pas he\u0301site\u0301 a\u0300 faire.<\/p>\n<p>Tre\u0300s rapidement, la compatriote est initie\u0301e aux caprices du syste\u0300me et commence par de\u0301fendre bec et ongle la cause de ses ravisseurs. Elle devient membre et doit faire venir d\u2019autres personnes au Be\u0301nin. Elle dit e\u0302tre dans les bons soins, vivant a\u0300 l\u2019aise (ce que les arnaqueurs lui faisaient miroiter) alors que tout est chime\u0301rique.<\/p>\n<p>Dans cette entreprise sordide, elle appelle ses amies et proches en leur vendant le pre\u0301tendu bonheur qu\u2019elle vit actuellement en vue de les convaincre a\u0300 aller la rejoindre.<\/p>\n<p>Curieusement, c\u2019est a\u0300 son jeune fre\u0300re qu\u2019elle demanda de venir l\u2019aider a\u0300 faire l\u2019entretien et le me\u0301nage dans son magasin et de sa maison. Croyant en la since\u0301rite\u0301 des propos de sa soeur, le jeune fre\u0300re s\u2019y est rendu et a vu autrement les choses. Elle ne lui parla finalement qu\u2019au te\u0301le\u0301phone sans jamais le voir physiquement.<\/p>\n<p>Sa me\u0301saventure a commence\u0301 et il a e\u0301te\u0301 soumis a\u0300 une ple\u0301iade d\u2019interrogations qui ne sont que des astuces du syste\u0300me. Selon ce dernier, le lieu d\u2019otage est un grand domaine ou plusieurs sont retenus en situation difficile vivant dans des conditions dramatiques. C\u2019est un ve\u0301ritable camp de concentration ou\u0300 des individus cupides peu scrupuleux, sans foi ni loi y font la loi et jouissent des malheurs des autres. C\u2019est par la gra\u0302ce de Dieu que le jeune fre\u0300re a fini par s\u2019 e\u0301chapper et est rentre\u0301 au Togo laissant sa soeur dans les mains des ravisseurs.<\/p>\n<p>Face a\u0300 l\u2019ampleur et a\u0300 la gravite\u0301 de ces re\u0301ve\u0301lations, le Mouvement Martin Luther King appelle a\u0300 une concertation diplomatique entre le Togo et le Be\u0301nin en vue de de\u0301masquer les auteurs, les commanditaires et les complices de cet horrible et terrible camp de prise d\u2019otage d\u2019 Abome Calavi pour que les victimes puissent retrouver leur liberte\u0301.<\/p>\n<p><b>SECOURS POUR NOTRE COMPATRIOTE.<\/b><br \/>\n<b>Lome\u0301 , le 15 fe\u0301vrier 2023<\/b><br \/>\n<b>MMLk \/ La voix des sans voix<\/b><\/p>\n<p><strong>Pour plus d&rsquo;informations et d&rsquo;analyses sur la <a href=\"https:\/\/www.africa-press.net\/togo\">Togo<\/a>, suivez <a href=\"https:\/\/www.africa-press.net\/\">Africa-Press<\/a><\/strong><\/p>\n","protected":false},"excerpt":{"rendered":"<p>Africa-Press &#8211; Togo. Le Mouvement Martin Luther King appelle a\u0300 l\u2019aide pour sauver une togolaise prise en otage au Benin. Dans une de\u0301claration en date du 15 fe\u0301vrier 2023, l\u2019organisation interpelle le Togo et le Be\u0301nin en vue de de\u0301masquer les auteurs. MMLK \/TOGO: UNE COMPATRIOTE PRISE EN OTAGE AU BENIN PAR LES ARNAQUEURS, LA [&hellip;]<\/p>\n","protected":false},"author":82,"featured_media":17255,"comment_status":"open","ping_status":"closed","sticky":false,"template":"","format":"standard","meta":{"footnotes":""},"categories":[21,10],"tags":[36,49,50],"class_list":["post-17256","post","type-post","status-publish","format-standard","has-post-thumbnail","hentry","category-communaute","category-toutes-les-actualites","tag-africa-press","tag-africa-press-togo","tag-togo"],"yoast_head":"<!-- This site is optimized with the Yoast SEO Premium plugin v26.1 (Yoast SEO v27.0) - https:\/\/yoast.com\/product\/yoast-seo-premium-wordpress\/ -->\n<title>Prise en otage d\u2019une togolaise au Benin : Le MMLK lance un SOS - Togo<\/title>\n<meta name=\"description\" content=\"Le Mouvement Martin Luther King appelle a\u0300 l\u2019aide pour sauver une togolaise prise en otage au Benin. Dans une de\u0301clar ...\" \/>\n<meta name=\"robots\" content=\"index, follow, max-snippet:-1, max-image-preview:large, max-video-preview:-1\" \/>\n<link rel=\"canonical\" href=\"https:\/\/www.africa-press.net\/togo\/toutes-les-actualites\/prise-en-otage-dune-togolaise-au-benin-le-mmlk-lance-un-sos\" \/>\n<meta property=\"og:locale\" content=\"fr_FR\" \/>\n<meta property=\"og:type\" content=\"article\" \/>\n<meta property=\"og:title\" content=\"Prise en otage d\u2019une togolaise au Benin : Le MMLK lance un SOS\" \/>\n<meta property=\"og:description\" content=\"Le Mouvement Martin Luther King appelle a\u0300 l\u2019aide pour sauver une togolaise prise en otage au Benin. Dans une de\u0301clar ...\" \/>\n<meta property=\"og:url\" content=\"https:\/\/www.africa-press.net\/togo\/toutes-les-actualites\/prise-en-otage-dune-togolaise-au-benin-le-mmlk-lance-un-sos\" \/>\n<meta property=\"og:site_name\" content=\"Togo\" \/>\n<meta property=\"article:published_time\" content=\"2023-02-16T19:00:08+00:00\" \/>\n<meta property=\"article:modified_time\" content=\"2023-02-16T20:03:00+00:00\" \/>\n<meta property=\"og:image\" content=\"https:\/\/static.africa-press.net\/togo\/sites\/58\/2023\/02\/postQueueImg_1676561412.64.jpg\" \/>\n\t<meta property=\"og:image:width\" content=\"1280\" \/>\n\t<meta property=\"og:image:height\" content=\"800\" \/>\n\t<meta property=\"og:image:type\" content=\"image\/jpeg\" \/>\n<meta name=\"author\" content=\"cfeditorfr\" \/>\n<meta name=\"twitter:card\" content=\"summary_large_image\" \/>\n<meta name=\"twitter:label1\" content=\"\u00c9crit par\" \/>\n\t<meta name=\"twitter:data1\" content=\"cfeditorfr\" \/>\n\t<meta name=\"twitter:label2\" content=\"Dur\u00e9e de lecture estim\u00e9e\" \/>\n\t<meta name=\"twitter:data2\" content=\"3 minutes\" \/>\n<script type=\"application\/ld+json\" class=\"yoast-schema-graph\">{\"@context\":\"https:\/\/schema.org\",\"@graph\":[{\"@type\":\"Article\",\"@id\":\"https:\/\/www.africa-press.net\/togo\/toutes-les-actualites\/prise-en-otage-dune-togolaise-au-benin-le-mmlk-lance-un-sos#article\",\"isPartOf\":{\"@id\":\"https:\/\/www.africa-press.net\/togo\/toutes-les-actualites\/prise-en-otage-dune-togolaise-au-benin-le-mmlk-lance-un-sos\"},\"author\":{\"name\":\"cfeditorfr\",\"@id\":\"https:\/\/www.africa-press.net\/togo\/#\/schema\/person\/2b1cf3cd81a31e3cd26889ca66d677f1\"},\"headline\":\"Prise en otage d\u2019une togolaise au Benin : Le MMLK lance un SOS\",\"datePublished\":\"2023-02-16T19:00:08+00:00\",\"dateModified\":\"2023-02-16T20:03:00+00:00\",\"mainEntityOfPage\":{\"@id\":\"https:\/\/www.africa-press.net\/togo\/toutes-les-actualites\/prise-en-otage-dune-togolaise-au-benin-le-mmlk-lance-un-sos\"},\"wordCount\":604,\"commentCount\":0,\"image\":{\"@id\":\"https:\/\/www.africa-press.net\/togo\/toutes-les-actualites\/prise-en-otage-dune-togolaise-au-benin-le-mmlk-lance-un-sos#primaryimage\"},\"thumbnailUrl\":\"https:\/\/static.africa-press.net\/togo\/sites\/58\/2023\/02\/postQueueImg_1676561412.64.jpg\",\"keywords\":[\"Africa Press\",\"Africa Press-Togo\",\"Togo\"],\"articleSection\":[\"Communaut\u00e9\",\"Toutes les actualit\u00e9s\"],\"inLanguage\":\"fr-FR\",\"potentialAction\":[{\"@type\":\"CommentAction\",\"name\":\"Comment\",\"target\":[\"https:\/\/www.africa-press.net\/togo\/toutes-les-actualites\/prise-en-otage-dune-togolaise-au-benin-le-mmlk-lance-un-sos#respond\"]}]},{\"@type\":\"WebPage\",\"@id\":\"https:\/\/www.africa-press.net\/togo\/toutes-les-actualites\/prise-en-otage-dune-togolaise-au-benin-le-mmlk-lance-un-sos\",\"url\":\"https:\/\/www.africa-press.net\/togo\/toutes-les-actualites\/prise-en-otage-dune-togolaise-au-benin-le-mmlk-lance-un-sos\",\"name\":\"Prise en otage d\u2019une togolaise au Benin : Le MMLK lance un SOS - Togo\",\"isPartOf\":{\"@id\":\"https:\/\/www.africa-press.net\/togo\/#website\"},\"primaryImageOfPage\":{\"@id\":\"https:\/\/www.africa-press.net\/togo\/toutes-les-actualites\/prise-en-otage-dune-togolaise-au-benin-le-mmlk-lance-un-sos#primaryimage\"},\"image\":{\"@id\":\"https:\/\/www.africa-press.net\/togo\/toutes-les-actualites\/prise-en-otage-dune-togolaise-au-benin-le-mmlk-lance-un-sos#primaryimage\"},\"thumbnailUrl\":\"https:\/\/static.africa-press.net\/togo\/sites\/58\/2023\/02\/postQueueImg_1676561412.64.jpg\",\"datePublished\":\"2023-02-16T19:00:08+00:00\",\"dateModified\":\"2023-02-16T20:03:00+00:00\",\"author\":{\"@id\":\"https:\/\/www.africa-press.net\/togo\/#\/schema\/person\/2b1cf3cd81a31e3cd26889ca66d677f1\"},\"description\":\"Le Mouvement Martin Luther King appelle a\u0300 l\u2019aide pour sauver une togolaise prise en otage au Benin. Dans une de\u0301clar ...\",\"breadcrumb\":{\"@id\":\"https:\/\/www.africa-press.net\/togo\/toutes-les-actualites\/prise-en-otage-dune-togolaise-au-benin-le-mmlk-lance-un-sos#breadcrumb\"},\"inLanguage\":\"fr-FR\",\"potentialAction\":[{\"@type\":\"ReadAction\",\"target\":[\"https:\/\/www.africa-press.net\/togo\/toutes-les-actualites\/prise-en-otage-dune-togolaise-au-benin-le-mmlk-lance-un-sos\"]}]},{\"@type\":\"ImageObject\",\"inLanguage\":\"fr-FR\",\"@id\":\"https:\/\/www.africa-press.net\/togo\/toutes-les-actualites\/prise-en-otage-dune-togolaise-au-benin-le-mmlk-lance-un-sos#primaryimage\",\"url\":\"https:\/\/static.africa-press.net\/togo\/sites\/58\/2023\/02\/postQueueImg_1676561412.64.jpg\",\"contentUrl\":\"https:\/\/static.africa-press.net\/togo\/sites\/58\/2023\/02\/postQueueImg_1676561412.64.jpg\",\"width\":1280,\"height\":800,\"caption\":\"Prise en otage d\u2019une togolaise au Benin : Le MMLK lance un SOS\"},{\"@type\":\"BreadcrumbList\",\"@id\":\"https:\/\/www.africa-press.net\/togo\/toutes-les-actualites\/prise-en-otage-dune-togolaise-au-benin-le-mmlk-lance-un-sos#breadcrumb\",\"itemListElement\":[{\"@type\":\"ListItem\",\"position\":1,\"name\":\"Accueil\",\"item\":\"https:\/\/www.africa-press.net\/togo\/\"},{\"@type\":\"ListItem\",\"position\":2,\"name\":\"Prise en otage d\u2019une togolaise au Benin : Le MMLK lance un SOS\"}]},{\"@type\":\"WebSite\",\"@id\":\"https:\/\/www.africa-press.net\/togo\/#website\",\"url\":\"https:\/\/www.africa-press.net\/togo\/\",\"name\":\"Togo\",\"description\":\"Just another Africa News Agency Sites site\",\"potentialAction\":[{\"@type\":\"SearchAction\",\"target\":{\"@type\":\"EntryPoint\",\"urlTemplate\":\"https:\/\/www.africa-press.net\/togo\/?s={search_term_string}\"},\"query-input\":{\"@type\":\"PropertyValueSpecification\",\"valueRequired\":true,\"valueName\":\"search_term_string\"}}],\"inLanguage\":\"fr-FR\"},{\"@type\":\"Person\",\"@id\":\"https:\/\/www.africa-press.net\/togo\/#\/schema\/person\/2b1cf3cd81a31e3cd26889ca66d677f1\",\"name\":\"cfeditorfr\"}]}<\/script>\n<!-- \/ Yoast SEO Premium plugin. -->","yoast_head_json":{"title":"Prise en otage d\u2019une togolaise au Benin : Le MMLK lance un SOS - Togo","description":"Le Mouvement Martin Luther King appelle a\u0300 l\u2019aide pour sauver une togolaise prise en otage au Benin. Dans une de\u0301clar ...","robots":{"index":"index","follow":"follow","max-snippet":"max-snippet:-1","max-image-preview":"max-image-preview:large","max-video-preview":"max-video-preview:-1"},"canonical":"https:\/\/www.africa-press.net\/togo\/toutes-les-actualites\/prise-en-otage-dune-togolaise-au-benin-le-mmlk-lance-un-sos","og_locale":"fr_FR","og_type":"article","og_title":"Prise en otage d\u2019une togolaise au Benin : Le MMLK lance un SOS","og_description":"Le Mouvement Martin Luther King appelle a\u0300 l\u2019aide pour sauver une togolaise prise en otage au Benin. Dans une de\u0301clar ...","og_url":"https:\/\/www.africa-press.net\/togo\/toutes-les-actualites\/prise-en-otage-dune-togolaise-au-benin-le-mmlk-lance-un-sos","og_site_name":"Togo","article_published_time":"2023-02-16T19:00:08+00:00","article_modified_time":"2023-02-16T20:03:00+00:00","og_image":[{"width":1280,"height":800,"url":"https:\/\/static.africa-press.net\/togo\/sites\/58\/2023\/02\/postQueueImg_1676561412.64.jpg","type":"image\/jpeg"}],"author":"cfeditorfr","twitter_card":"summary_large_image","twitter_misc":{"\u00c9crit par":"cfeditorfr","Dur\u00e9e de lecture estim\u00e9e":"3 minutes"},"schema":{"@context":"https:\/\/schema.org","@graph":[{"@type":"Article","@id":"https:\/\/www.africa-press.net\/togo\/toutes-les-actualites\/prise-en-otage-dune-togolaise-au-benin-le-mmlk-lance-un-sos#article","isPartOf":{"@id":"https:\/\/www.africa-press.net\/togo\/toutes-les-actualites\/prise-en-otage-dune-togolaise-au-benin-le-mmlk-lance-un-sos"},"author":{"name":"cfeditorfr","@id":"https:\/\/www.africa-press.net\/togo\/#\/schema\/person\/2b1cf3cd81a31e3cd26889ca66d677f1"},"headline":"Prise en otage d\u2019une togolaise au Benin : Le MMLK lance un SOS","datePublished":"2023-02-16T19:00:08+00:00","dateModified":"2023-02-16T20:03:00+00:00","mainEntityOfPage":{"@id":"https:\/\/www.africa-press.net\/togo\/toutes-les-actualites\/prise-en-otage-dune-togolaise-au-benin-le-mmlk-lance-un-sos"},"wordCount":604,"commentCount":0,"image":{"@id":"https:\/\/www.africa-press.net\/togo\/toutes-les-actualites\/prise-en-otage-dune-togolaise-au-benin-le-mmlk-lance-un-sos#primaryimage"},"thumbnailUrl":"https:\/\/static.africa-press.net\/togo\/sites\/58\/2023\/02\/postQueueImg_1676561412.64.jpg","keywords":["Africa Press","Africa Press-Togo","Togo"],"articleSection":["Communaut\u00e9","Toutes les actualit\u00e9s"],"inLanguage":"fr-FR","potentialAction":[{"@type":"CommentAction","name":"Comment","target":["https:\/\/www.africa-press.net\/togo\/toutes-les-actualites\/prise-en-otage-dune-togolaise-au-benin-le-mmlk-lance-un-sos#respond"]}]},{"@type":"WebPage","@id":"https:\/\/www.africa-press.net\/togo\/toutes-les-actualites\/prise-en-otage-dune-togolaise-au-benin-le-mmlk-lance-un-sos","url":"https:\/\/www.africa-press.net\/togo\/toutes-les-actualites\/prise-en-otage-dune-togolaise-au-benin-le-mmlk-lance-un-sos","name":"Prise en otage d\u2019une togolaise au Benin : Le MMLK lance un SOS - Togo","isPartOf":{"@id":"https:\/\/www.africa-press.net\/togo\/#website"},"primaryImageOfPage":{"@id":"https:\/\/www.africa-press.net\/togo\/toutes-les-actualites\/prise-en-otage-dune-togolaise-au-benin-le-mmlk-lance-un-sos#primaryimage"},"image":{"@id":"https:\/\/www.africa-press.net\/togo\/toutes-les-actualites\/prise-en-otage-dune-togolaise-au-benin-le-mmlk-lance-un-sos#primaryimage"},"thumbnailUrl":"https:\/\/static.africa-press.net\/togo\/sites\/58\/2023\/02\/postQueueImg_1676561412.64.jpg","datePublished":"2023-02-16T19:00:08+00:00","dateModified":"2023-02-16T20:03:00+00:00","author":{"@id":"https:\/\/www.africa-press.net\/togo\/#\/schema\/person\/2b1cf3cd81a31e3cd26889ca66d677f1"},"description":"Le Mouvement Martin Luther King appelle a\u0300 l\u2019aide pour sauver une togolaise prise en otage au Benin. Dans une de\u0301clar ...","breadcrumb":{"@id":"https:\/\/www.africa-press.net\/togo\/toutes-les-actualites\/prise-en-otage-dune-togolaise-au-benin-le-mmlk-lance-un-sos#breadcrumb"},"inLanguage":"fr-FR","potentialAction":[{"@type":"ReadAction","target":["https:\/\/www.africa-press.net\/togo\/toutes-les-actualites\/prise-en-otage-dune-togolaise-au-benin-le-mmlk-lance-un-sos"]}]},{"@type":"ImageObject","inLanguage":"fr-FR","@id":"https:\/\/www.africa-press.net\/togo\/toutes-les-actualites\/prise-en-otage-dune-togolaise-au-benin-le-mmlk-lance-un-sos#primaryimage","url":"https:\/\/static.africa-press.net\/togo\/sites\/58\/2023\/02\/postQueueImg_1676561412.64.jpg","contentUrl":"https:\/\/static.africa-press.net\/togo\/sites\/58\/2023\/02\/postQueueImg_1676561412.64.jpg","width":1280,"height":800,"caption":"Prise en otage d\u2019une togolaise au Benin : Le MMLK lance un SOS"},{"@type":"BreadcrumbList","@id":"https:\/\/www.africa-press.net\/togo\/toutes-les-actualites\/prise-en-otage-dune-togolaise-au-benin-le-mmlk-lance-un-sos#breadcrumb","itemListElement":[{"@type":"ListItem","position":1,"name":"Accueil","item":"https:\/\/www.africa-press.net\/togo\/"},{"@type":"ListItem","position":2,"name":"Prise en otage d\u2019une togolaise au Benin : Le MMLK lance un SOS"}]},{"@type":"WebSite","@id":"https:\/\/www.africa-press.net\/togo\/#website","url":"https:\/\/www.africa-press.net\/togo\/","name":"Togo","description":"Just another Africa News Agency Sites site","potentialAction":[{"@type":"SearchAction","target":{"@type":"EntryPoint","urlTemplate":"https:\/\/www.africa-press.net\/togo\/?s={search_term_string}"},"query-input":{"@type":"PropertyValueSpecification","valueRequired":true,"valueName":"search_term_string"}}],"inLanguage":"fr-FR"},{"@type":"Person","@id":"https:\/\/www.africa-press.net\/togo\/#\/schema\/person\/2b1cf3cd81a31e3cd26889ca66d677f1","name":"cfeditorfr"}]}},"_links":{"self":[{"href":"https:\/\/www.africa-press.net\/togo\/wp-json\/wp\/v2\/posts\/17256","targetHints":{"allow":["GET"]}}],"collection":[{"href":"https:\/\/www.africa-press.net\/togo\/wp-json\/wp\/v2\/posts"}],"about":[{"href":"https:\/\/www.africa-press.net\/togo\/wp-json\/wp\/v2\/types\/post"}],"author":[{"embeddable":true,"href":"https:\/\/www.africa-press.net\/togo\/wp-json\/wp\/v2\/users\/82"}],"replies":[{"embeddable":true,"href":"https:\/\/www.africa-press.net\/togo\/wp-json\/wp\/v2\/comments?post=17256"}],"version-history":[{"count":0,"href":"https:\/\/www.africa-press.net\/togo\/wp-json\/wp\/v2\/posts\/17256\/revisions"}],"wp:featuredmedia":[{"embeddable":true,"href":"https:\/\/www.africa-press.net\/togo\/wp-json\/wp\/v2\/media\/17255"}],"wp:attachment":[{"href":"https:\/\/www.africa-press.net\/togo\/wp-json\/wp\/v2\/media?parent=17256"}],"wp:term":[{"taxonomy":"category","embeddable":true,"href":"https:\/\/www.africa-press.net\/togo\/wp-json\/wp\/v2\/categories?post=17256"},{"taxonomy":"post_tag","embeddable":true,"href":"https:\/\/www.africa-press.net\/togo\/wp-json\/wp\/v2\/tags?post=17256"}],"curies":[{"name":"wp","href":"https:\/\/api.w.org\/{rel}","templated":true}]}}