{"id":17258,"date":"2023-02-16T19:00:48","date_gmt":"2023-02-16T19:00:48","guid":{"rendered":"https:\/\/www.africa-press.net\/togo\/politique\/togo-le-secteur-prive-represente-au-salon-mondial-de-lalimentation-biologique"},"modified":"2023-02-16T20:04:11","modified_gmt":"2023-02-16T20:04:11","slug":"togo-le-secteur-prive-represente-au-salon-mondial-de-lalimentation-biologique","status":"publish","type":"post","link":"https:\/\/www.africa-press.net\/togo\/economie\/togo-le-secteur-prive-represente-au-salon-mondial-de-lalimentation-biologique","title":{"rendered":"Togo-Le secteur priv\u00e9 repr\u00e9sent\u00e9 au Salon mondial de l\u2019alimentation biologique"},"content":{"rendered":"<p><span style=\"color: #ff6600\"><strong>Africa-Press &#8211; Togo. <\/strong><\/span><b>Les couleurs togolaises flottent au Salon mondial de l\u2019alimentation biologique (BIOFACH) a\u0300 Nuremberg en Allemagne. Une rencontre de partage et de promotion des innovations.<\/b><\/p>\n<p>Une dizaine d\u2019acteurs du secteur prive\u0301, dont le biotope reste les produits bio, repre\u0301sentent le Togo au salon international d\u2019Allemagne. Une occasion pour ces repre\u0301sentants de Tre\u0300s petites et moyennes entreprises (TPME) de faire connai\u0302tre le savoir-faire local et de profiter de nouvelles tendances aujourd\u2019hui.<\/p>\n<p>\u00ab Nous sommes venus a\u0300 ce salon pour deux principaux objectifs. D\u2019abord, voir ce que les autres font du co\u0302te\u0301 des emballages, des pre\u0301sentations de produits et ensuite, repartir avec des contrats. On veut de\u0301marcher les clients potentiels pour e\u0301largir notre gamme de marche\u0301 \u00bb, explique Yorou Kesire, le Directeur de Bodhi Foods.<\/p>\n<p>Le Salon mondial de l\u2019alimentation biologique (BIOFACH) de Nuremberg se de\u0301roule du 14 au 17 fe\u0301vrier 2023. Ce rendez-vous se de\u0301roule sur le the\u0300me de la souverainete\u0301 alimentaire et de la se\u0301curite\u0301 alimentaire.<\/p>\n<p><strong>Pour plus d&rsquo;informations et d&rsquo;analyses sur la <a href=\"https:\/\/www.africa-press.net\/togo\">Togo<\/a>, suivez <a href=\"https:\/\/www.africa-press.net\/\">Africa-Press<\/a><\/strong><\/p>\n","protected":false},"excerpt":{"rendered":"<p>Africa-Press &#8211; Togo. Les couleurs togolaises flottent au Salon mondial de l\u2019alimentation biologique (BIOFACH) a\u0300 Nuremberg en Allemagne. Une rencontre de partage et de promotion des innovations. Une dizaine d\u2019acteurs du secteur prive\u0301, dont le biotope reste les produits bio, repre\u0301sentent le Togo au salon international d\u2019Allemagne. Une occasion pour ces repre\u0301sentants de Tre\u0300s petites [&hellip;]<\/p>\n","protected":false},"author":82,"featured_media":17257,"comment_status":"open","ping_status":"closed","sticky":false,"template":"","format":"standard","meta":{"footnotes":""},"categories":[3,10],"tags":[36,49,50],"class_list":["post-17258","post","type-post","status-publish","format-standard","has-post-thumbnail","hentry","category-economie","category-toutes-les-actualites","tag-africa-press","tag-africa-press-togo","tag-togo"],"yoast_head":"<!-- This site is optimized with the Yoast SEO Premium plugin v26.1 (Yoast SEO v27.0) - https:\/\/yoast.com\/product\/yoast-seo-premium-wordpress\/ -->\n<title>Togo-Le secteur priv\u00e9 repr\u00e9sent\u00e9 au Salon mondial de l\u2019alimentation biologique - Togo<\/title>\n<meta name=\"description\" content=\"Les couleurs togolaises flottent au Salon mondial de l\u2019alimentation biologique (BIOFACH) a\u0300 Nuremberg en Allemagne. U ...\" \/>\n<meta name=\"robots\" content=\"index, follow, max-snippet:-1, max-image-preview:large, max-video-preview:-1\" \/>\n<link rel=\"canonical\" href=\"https:\/\/www.africa-press.net\/togo\/economie\/togo-le-secteur-prive-represente-au-salon-mondial-de-lalimentation-biologique\" \/>\n<meta property=\"og:locale\" content=\"fr_FR\" \/>\n<meta property=\"og:type\" content=\"article\" \/>\n<meta property=\"og:title\" content=\"Togo-Le secteur priv\u00e9 repr\u00e9sent\u00e9 au Salon mondial de l\u2019alimentation biologique\" \/>\n<meta property=\"og:description\" content=\"Les couleurs togolaises flottent au Salon mondial de l\u2019alimentation biologique (BIOFACH) a\u0300 Nuremberg en Allemagne. U ...\" \/>\n<meta property=\"og:url\" content=\"https:\/\/www.africa-press.net\/togo\/economie\/togo-le-secteur-prive-represente-au-salon-mondial-de-lalimentation-biologique\" \/>\n<meta property=\"og:site_name\" content=\"Togo\" \/>\n<meta property=\"article:published_time\" content=\"2023-02-16T19:00:48+00:00\" \/>\n<meta property=\"article:modified_time\" content=\"2023-02-16T20:04:11+00:00\" \/>\n<meta property=\"og:image\" content=\"https:\/\/static.africa-press.net\/togo\/sites\/58\/2023\/02\/postQueueImg_1676561530.70.jpg\" \/>\n\t<meta property=\"og:image:width\" content=\"1280\" \/>\n\t<meta property=\"og:image:height\" content=\"800\" \/>\n\t<meta property=\"og:image:type\" content=\"image\/jpeg\" \/>\n<meta name=\"author\" content=\"cfeditorfr\" \/>\n<meta name=\"twitter:card\" content=\"summary_large_image\" \/>\n<meta name=\"twitter:label1\" content=\"\u00c9crit par\" \/>\n\t<meta name=\"twitter:data1\" content=\"cfeditorfr\" \/>\n\t<meta name=\"twitter:label2\" content=\"Dur\u00e9e de lecture estim\u00e9e\" \/>\n\t<meta name=\"twitter:data2\" content=\"1 minute\" \/>\n<script type=\"application\/ld+json\" class=\"yoast-schema-graph\">{\"@context\":\"https:\/\/schema.org\",\"@graph\":[{\"@type\":\"Article\",\"@id\":\"https:\/\/www.africa-press.net\/togo\/economie\/togo-le-secteur-prive-represente-au-salon-mondial-de-lalimentation-biologique#article\",\"isPartOf\":{\"@id\":\"https:\/\/www.africa-press.net\/togo\/economie\/togo-le-secteur-prive-represente-au-salon-mondial-de-lalimentation-biologique\"},\"author\":{\"name\":\"cfeditorfr\",\"@id\":\"https:\/\/www.africa-press.net\/togo\/#\/schema\/person\/2b1cf3cd81a31e3cd26889ca66d677f1\"},\"headline\":\"Togo-Le secteur priv\u00e9 repr\u00e9sent\u00e9 au Salon mondial de l\u2019alimentation biologique\",\"datePublished\":\"2023-02-16T19:00:48+00:00\",\"dateModified\":\"2023-02-16T20:04:11+00:00\",\"mainEntityOfPage\":{\"@id\":\"https:\/\/www.africa-press.net\/togo\/economie\/togo-le-secteur-prive-represente-au-salon-mondial-de-lalimentation-biologique\"},\"wordCount\":196,\"commentCount\":0,\"image\":{\"@id\":\"https:\/\/www.africa-press.net\/togo\/economie\/togo-le-secteur-prive-represente-au-salon-mondial-de-lalimentation-biologique#primaryimage\"},\"thumbnailUrl\":\"https:\/\/static.africa-press.net\/togo\/sites\/58\/2023\/02\/postQueueImg_1676561530.70.jpg\",\"keywords\":[\"Africa Press\",\"Africa Press-Togo\",\"Togo\"],\"articleSection\":[\"\u00c9conomie\",\"Toutes les actualit\u00e9s\"],\"inLanguage\":\"fr-FR\",\"potentialAction\":[{\"@type\":\"CommentAction\",\"name\":\"Comment\",\"target\":[\"https:\/\/www.africa-press.net\/togo\/economie\/togo-le-secteur-prive-represente-au-salon-mondial-de-lalimentation-biologique#respond\"]}]},{\"@type\":\"WebPage\",\"@id\":\"https:\/\/www.africa-press.net\/togo\/economie\/togo-le-secteur-prive-represente-au-salon-mondial-de-lalimentation-biologique\",\"url\":\"https:\/\/www.africa-press.net\/togo\/economie\/togo-le-secteur-prive-represente-au-salon-mondial-de-lalimentation-biologique\",\"name\":\"Togo-Le secteur priv\u00e9 repr\u00e9sent\u00e9 au Salon mondial de l\u2019alimentation biologique - Togo\",\"isPartOf\":{\"@id\":\"https:\/\/www.africa-press.net\/togo\/#website\"},\"primaryImageOfPage\":{\"@id\":\"https:\/\/www.africa-press.net\/togo\/economie\/togo-le-secteur-prive-represente-au-salon-mondial-de-lalimentation-biologique#primaryimage\"},\"image\":{\"@id\":\"https:\/\/www.africa-press.net\/togo\/economie\/togo-le-secteur-prive-represente-au-salon-mondial-de-lalimentation-biologique#primaryimage\"},\"thumbnailUrl\":\"https:\/\/static.africa-press.net\/togo\/sites\/58\/2023\/02\/postQueueImg_1676561530.70.jpg\",\"datePublished\":\"2023-02-16T19:00:48+00:00\",\"dateModified\":\"2023-02-16T20:04:11+00:00\",\"author\":{\"@id\":\"https:\/\/www.africa-press.net\/togo\/#\/schema\/person\/2b1cf3cd81a31e3cd26889ca66d677f1\"},\"description\":\"Les couleurs togolaises flottent au Salon mondial de l\u2019alimentation biologique (BIOFACH) a\u0300 Nuremberg en Allemagne. U ...\",\"breadcrumb\":{\"@id\":\"https:\/\/www.africa-press.net\/togo\/economie\/togo-le-secteur-prive-represente-au-salon-mondial-de-lalimentation-biologique#breadcrumb\"},\"inLanguage\":\"fr-FR\",\"potentialAction\":[{\"@type\":\"ReadAction\",\"target\":[\"https:\/\/www.africa-press.net\/togo\/economie\/togo-le-secteur-prive-represente-au-salon-mondial-de-lalimentation-biologique\"]}]},{\"@type\":\"ImageObject\",\"inLanguage\":\"fr-FR\",\"@id\":\"https:\/\/www.africa-press.net\/togo\/economie\/togo-le-secteur-prive-represente-au-salon-mondial-de-lalimentation-biologique#primaryimage\",\"url\":\"https:\/\/static.africa-press.net\/togo\/sites\/58\/2023\/02\/postQueueImg_1676561530.70.jpg\",\"contentUrl\":\"https:\/\/static.africa-press.net\/togo\/sites\/58\/2023\/02\/postQueueImg_1676561530.70.jpg\",\"width\":1280,\"height\":800,\"caption\":\"Togo-Le secteur priv\u00e9 repr\u00e9sent\u00e9 au Salon mondial de l\u2019alimentation biologique\"},{\"@type\":\"BreadcrumbList\",\"@id\":\"https:\/\/www.africa-press.net\/togo\/economie\/togo-le-secteur-prive-represente-au-salon-mondial-de-lalimentation-biologique#breadcrumb\",\"itemListElement\":[{\"@type\":\"ListItem\",\"position\":1,\"name\":\"Accueil\",\"item\":\"https:\/\/www.africa-press.net\/togo\/\"},{\"@type\":\"ListItem\",\"position\":2,\"name\":\"Togo-Le secteur priv\u00e9 repr\u00e9sent\u00e9 au Salon mondial de l\u2019alimentation biologique\"}]},{\"@type\":\"WebSite\",\"@id\":\"https:\/\/www.africa-press.net\/togo\/#website\",\"url\":\"https:\/\/www.africa-press.net\/togo\/\",\"name\":\"Togo\",\"description\":\"Just another Africa News Agency Sites site\",\"potentialAction\":[{\"@type\":\"SearchAction\",\"target\":{\"@type\":\"EntryPoint\",\"urlTemplate\":\"https:\/\/www.africa-press.net\/togo\/?s={search_term_string}\"},\"query-input\":{\"@type\":\"PropertyValueSpecification\",\"valueRequired\":true,\"valueName\":\"search_term_string\"}}],\"inLanguage\":\"fr-FR\"},{\"@type\":\"Person\",\"@id\":\"https:\/\/www.africa-press.net\/togo\/#\/schema\/person\/2b1cf3cd81a31e3cd26889ca66d677f1\",\"name\":\"cfeditorfr\"}]}<\/script>\n<!-- \/ Yoast SEO Premium plugin. -->","yoast_head_json":{"title":"Togo-Le secteur priv\u00e9 repr\u00e9sent\u00e9 au Salon mondial de l\u2019alimentation biologique - Togo","description":"Les couleurs togolaises flottent au Salon mondial de l\u2019alimentation biologique (BIOFACH) a\u0300 Nuremberg en Allemagne. U ...","robots":{"index":"index","follow":"follow","max-snippet":"max-snippet:-1","max-image-preview":"max-image-preview:large","max-video-preview":"max-video-preview:-1"},"canonical":"https:\/\/www.africa-press.net\/togo\/economie\/togo-le-secteur-prive-represente-au-salon-mondial-de-lalimentation-biologique","og_locale":"fr_FR","og_type":"article","og_title":"Togo-Le secteur priv\u00e9 repr\u00e9sent\u00e9 au Salon mondial de l\u2019alimentation biologique","og_description":"Les couleurs togolaises flottent au Salon mondial de l\u2019alimentation biologique (BIOFACH) a\u0300 Nuremberg en Allemagne. U ...","og_url":"https:\/\/www.africa-press.net\/togo\/economie\/togo-le-secteur-prive-represente-au-salon-mondial-de-lalimentation-biologique","og_site_name":"Togo","article_published_time":"2023-02-16T19:00:48+00:00","article_modified_time":"2023-02-16T20:04:11+00:00","og_image":[{"width":1280,"height":800,"url":"https:\/\/static.africa-press.net\/togo\/sites\/58\/2023\/02\/postQueueImg_1676561530.70.jpg","type":"image\/jpeg"}],"author":"cfeditorfr","twitter_card":"summary_large_image","twitter_misc":{"\u00c9crit par":"cfeditorfr","Dur\u00e9e de lecture estim\u00e9e":"1 minute"},"schema":{"@context":"https:\/\/schema.org","@graph":[{"@type":"Article","@id":"https:\/\/www.africa-press.net\/togo\/economie\/togo-le-secteur-prive-represente-au-salon-mondial-de-lalimentation-biologique#article","isPartOf":{"@id":"https:\/\/www.africa-press.net\/togo\/economie\/togo-le-secteur-prive-represente-au-salon-mondial-de-lalimentation-biologique"},"author":{"name":"cfeditorfr","@id":"https:\/\/www.africa-press.net\/togo\/#\/schema\/person\/2b1cf3cd81a31e3cd26889ca66d677f1"},"headline":"Togo-Le secteur priv\u00e9 repr\u00e9sent\u00e9 au Salon mondial de l\u2019alimentation biologique","datePublished":"2023-02-16T19:00:48+00:00","dateModified":"2023-02-16T20:04:11+00:00","mainEntityOfPage":{"@id":"https:\/\/www.africa-press.net\/togo\/economie\/togo-le-secteur-prive-represente-au-salon-mondial-de-lalimentation-biologique"},"wordCount":196,"commentCount":0,"image":{"@id":"https:\/\/www.africa-press.net\/togo\/economie\/togo-le-secteur-prive-represente-au-salon-mondial-de-lalimentation-biologique#primaryimage"},"thumbnailUrl":"https:\/\/static.africa-press.net\/togo\/sites\/58\/2023\/02\/postQueueImg_1676561530.70.jpg","keywords":["Africa Press","Africa Press-Togo","Togo"],"articleSection":["\u00c9conomie","Toutes les actualit\u00e9s"],"inLanguage":"fr-FR","potentialAction":[{"@type":"CommentAction","name":"Comment","target":["https:\/\/www.africa-press.net\/togo\/economie\/togo-le-secteur-prive-represente-au-salon-mondial-de-lalimentation-biologique#respond"]}]},{"@type":"WebPage","@id":"https:\/\/www.africa-press.net\/togo\/economie\/togo-le-secteur-prive-represente-au-salon-mondial-de-lalimentation-biologique","url":"https:\/\/www.africa-press.net\/togo\/economie\/togo-le-secteur-prive-represente-au-salon-mondial-de-lalimentation-biologique","name":"Togo-Le secteur priv\u00e9 repr\u00e9sent\u00e9 au Salon mondial de l\u2019alimentation biologique - Togo","isPartOf":{"@id":"https:\/\/www.africa-press.net\/togo\/#website"},"primaryImageOfPage":{"@id":"https:\/\/www.africa-press.net\/togo\/economie\/togo-le-secteur-prive-represente-au-salon-mondial-de-lalimentation-biologique#primaryimage"},"image":{"@id":"https:\/\/www.africa-press.net\/togo\/economie\/togo-le-secteur-prive-represente-au-salon-mondial-de-lalimentation-biologique#primaryimage"},"thumbnailUrl":"https:\/\/static.africa-press.net\/togo\/sites\/58\/2023\/02\/postQueueImg_1676561530.70.jpg","datePublished":"2023-02-16T19:00:48+00:00","dateModified":"2023-02-16T20:04:11+00:00","author":{"@id":"https:\/\/www.africa-press.net\/togo\/#\/schema\/person\/2b1cf3cd81a31e3cd26889ca66d677f1"},"description":"Les couleurs togolaises flottent au Salon mondial de l\u2019alimentation biologique (BIOFACH) a\u0300 Nuremberg en Allemagne. U ...","breadcrumb":{"@id":"https:\/\/www.africa-press.net\/togo\/economie\/togo-le-secteur-prive-represente-au-salon-mondial-de-lalimentation-biologique#breadcrumb"},"inLanguage":"fr-FR","potentialAction":[{"@type":"ReadAction","target":["https:\/\/www.africa-press.net\/togo\/economie\/togo-le-secteur-prive-represente-au-salon-mondial-de-lalimentation-biologique"]}]},{"@type":"ImageObject","inLanguage":"fr-FR","@id":"https:\/\/www.africa-press.net\/togo\/economie\/togo-le-secteur-prive-represente-au-salon-mondial-de-lalimentation-biologique#primaryimage","url":"https:\/\/static.africa-press.net\/togo\/sites\/58\/2023\/02\/postQueueImg_1676561530.70.jpg","contentUrl":"https:\/\/static.africa-press.net\/togo\/sites\/58\/2023\/02\/postQueueImg_1676561530.70.jpg","width":1280,"height":800,"caption":"Togo-Le secteur priv\u00e9 repr\u00e9sent\u00e9 au Salon mondial de l\u2019alimentation biologique"},{"@type":"BreadcrumbList","@id":"https:\/\/www.africa-press.net\/togo\/economie\/togo-le-secteur-prive-represente-au-salon-mondial-de-lalimentation-biologique#breadcrumb","itemListElement":[{"@type":"ListItem","position":1,"name":"Accueil","item":"https:\/\/www.africa-press.net\/togo\/"},{"@type":"ListItem","position":2,"name":"Togo-Le secteur priv\u00e9 repr\u00e9sent\u00e9 au Salon mondial de l\u2019alimentation biologique"}]},{"@type":"WebSite","@id":"https:\/\/www.africa-press.net\/togo\/#website","url":"https:\/\/www.africa-press.net\/togo\/","name":"Togo","description":"Just another Africa News Agency Sites site","potentialAction":[{"@type":"SearchAction","target":{"@type":"EntryPoint","urlTemplate":"https:\/\/www.africa-press.net\/togo\/?s={search_term_string}"},"query-input":{"@type":"PropertyValueSpecification","valueRequired":true,"valueName":"search_term_string"}}],"inLanguage":"fr-FR"},{"@type":"Person","@id":"https:\/\/www.africa-press.net\/togo\/#\/schema\/person\/2b1cf3cd81a31e3cd26889ca66d677f1","name":"cfeditorfr"}]}},"_links":{"self":[{"href":"https:\/\/www.africa-press.net\/togo\/wp-json\/wp\/v2\/posts\/17258","targetHints":{"allow":["GET"]}}],"collection":[{"href":"https:\/\/www.africa-press.net\/togo\/wp-json\/wp\/v2\/posts"}],"about":[{"href":"https:\/\/www.africa-press.net\/togo\/wp-json\/wp\/v2\/types\/post"}],"author":[{"embeddable":true,"href":"https:\/\/www.africa-press.net\/togo\/wp-json\/wp\/v2\/users\/82"}],"replies":[{"embeddable":true,"href":"https:\/\/www.africa-press.net\/togo\/wp-json\/wp\/v2\/comments?post=17258"}],"version-history":[{"count":0,"href":"https:\/\/www.africa-press.net\/togo\/wp-json\/wp\/v2\/posts\/17258\/revisions"}],"wp:featuredmedia":[{"embeddable":true,"href":"https:\/\/www.africa-press.net\/togo\/wp-json\/wp\/v2\/media\/17257"}],"wp:attachment":[{"href":"https:\/\/www.africa-press.net\/togo\/wp-json\/wp\/v2\/media?parent=17258"}],"wp:term":[{"taxonomy":"category","embeddable":true,"href":"https:\/\/www.africa-press.net\/togo\/wp-json\/wp\/v2\/categories?post=17258"},{"taxonomy":"post_tag","embeddable":true,"href":"https:\/\/www.africa-press.net\/togo\/wp-json\/wp\/v2\/tags?post=17258"}],"curies":[{"name":"wp","href":"https:\/\/api.w.org\/{rel}","templated":true}]}}