{"id":17260,"date":"2023-02-16T19:00:57","date_gmt":"2023-02-16T19:00:57","guid":{"rendered":"https:\/\/www.africa-press.net\/togo\/politique\/togo-terrorisme-face-a-la-gangrene-quid-des-suppletifs-civils-dans-le-combat"},"modified":"2023-02-16T20:04:39","modified_gmt":"2023-02-16T20:04:39","slug":"togo-terrorisme-face-a-la-gangrene-quid-des-suppletifs-civils-dans-le-combat","status":"publish","type":"post","link":"https:\/\/www.africa-press.net\/togo\/dossiers\/togo-terrorisme-face-a-la-gangrene-quid-des-suppletifs-civils-dans-le-combat","title":{"rendered":"Togo-Terrorisme : Face \u00e0 la gangr\u00e8ne, quid des suppl\u00e9tifs civils dans le combat?"},"content":{"rendered":"<p><span style=\"color: #ff6600\"><strong>Africa-Press &#8211; Togo. <\/strong><\/span><b>Ceci est une analyse de Edouard Kamboissoa Samboe\u0301. Observateur des groupes arme\u0301s extre\u0301mistes au Nord du Togo, le journaliste \u201dtogolo-burkinabe\u0300\u201d estime que les civils ont un ro\u0302le important a\u0300 jouer aux co\u0302te\u0301 de l\u2019arme\u0301e togolaise dans la lutte contre le terrorisme. Lecture !<\/b><\/p>\n<p>La pression des groupes arme\u0301s extre\u0301mistes entre Janvier et Fe\u0301vrier 2023, surtout par l\u2019usage des engins explosifs improvise\u0301s et des armes blanches contre les civils, interroge. La proble\u0301matique de la mai\u0302trise re\u0301elle de l\u2019avance\u0301e de la ne\u0301buleuse par l\u2019arme\u0301e suscite des de\u0301bats, alors que les populations fuient. Le retrait des armes des populations civiles par l\u2019arme\u0301e, interroge l\u2019opportunite\u0301 d\u2019une telle action alors que cette me\u0302me population civile de\u0301pourvues d\u2019outils de de\u0301fense, se retrouvent e\u0301gorge\u0301e par des extre\u0301mistes. Le caracte\u0300re asyme\u0301trique de la guerre, qui devrait inviter les civils a\u0300 s\u2019impliquer, interroge l\u2019avenir de la de\u0301fense de la patrie, dans la mesure ou\u0300 l\u2019arme\u0301e accuse les civils de complicite\u0301, lesquels sont assassine\u0301s pour collaboration avec l\u2019arme\u0301e. Les jeunes qui devraient re\u0301sister, sont pris en e\u0301tau entre la pauvrete\u0301 et l\u2019enle\u0300vement des terroristes, fuient vers les pays voisins, interrogent de l\u2019avenir des bras valides de Kpendjal. La re\u0301gion de Kpendjal qui fournit du be\u0301tail et des ce\u0301re\u0301ales au Togo suscite des interrogations quant a\u0300 son avenir, alors que les populations de\u0301sertent leurs villages. La fuite massive des populations de Kpendjal vers Dapaong et vers d\u2019autres villages ame\u0300ne a\u0300 se demander de l\u2019issue de la crise humanitaire. La non mai\u0302trise des de\u0301place\u0301s internes interroge de l\u2019issue de la contagion terroriste et du Togo de demain. Autant de questions qui soule\u0300vent la place des civils, et surtout de l\u2019usage des supple\u0301tifs civils aux cote\u0301s des militaires pour le combat contre les terroristes.<\/p>\n<p>Cela fait exactement 22 mois que le Togo re\u0301siste contre les exactions terroristes sur son sol. Le Togo a perdu beaucoup de civils et de militaires. Lors de la premie\u0300re attaque contre un poste avance\u0301 de l\u2019arme\u0301e, les autorite\u0301s ont appele\u0301 les assaillants des \u00ab bandits arme\u0301s\u00bb. Lesdits bandits arme\u0301s qui avaient e\u0301te\u0301 repousse\u0301s, avaient revendique\u0301 par la suite leur attaque: C\u2019e\u0301tait le JNIM qui manifestait sa pre\u0301sence sur le sol togolais. Cette branche d\u2019Al Quaida e\u0301tait de\u0301ja\u0300 pre\u0301sente au Burkina Faso. Par la suite, depuis le nord-est du Togo, il va tenter d\u2019ouvrir deux autres fronts: Le front de Zembende\u0301- Yembouate et le Front de Bouade\u0301\u2013Goulounssi. Sur les trois fronts annonce\u0301s, l\u2019arme\u0301e togolaise riposte. Les combattants de JNIM replient sur le Burkina toujours avec les velle\u0301ite\u0301s d\u2019expansion.<\/p>\n<p><b>Le phe\u0301nome\u0300ne extre\u0301miste en terre togolaise&#8230;<\/b><\/p>\n<p>Pendant 13 mois, de Mai 2021 a\u0300 Mai 2022, le JNIM qui s\u2019e\u0301tait re\u0301plique\u0301 sur le sol burkinabe\u0300, maintient le cap de la pression, et exerce des ope\u0301rations ponctuelles, caracte\u0301rise\u0301es par des embuscades et des incursions momentane\u0301es. Mais l\u2019arme\u0301e togolaise riposte et les traque jusqu\u2019aux frontie\u0300res burkinabe\u0300. Des ba\u0302tions de\u0301truites et des positions pilonne\u0301es par des drones togolaises les poussent a\u0300 se re\u0301inventer. Ils grignotent par la suite le sol be\u0301ninois et proposent des sommes en vue de recruter localement. Avec les recrues en terre be\u0301ninoise, et celles du Burkina Faso, ils enle\u0300vent par la force, un certains nombres de jeunes togolais. D\u2019autres rejoindront la Katiba par la suite. C\u2019est avec cette nouvelle e\u0301quipe de combattants, qu\u2019ils exercent des pressions sur le Togo.<\/p>\n<p>Mais le Togo anticipe et coupe leurs financements, compose\u0301s essentiellement des ventes de be\u0301tails, du trafic du carburant, de la drogue, des armes et surtout de l\u2019or issus d\u2019orpaillage. A compter du 14 juillet 2022, ils de\u0301cident de s\u2019en prendre aux populations civiles. Pour la premie\u0300re fois, ils font usage des armes blanches et exe\u0301cutent les civils de six villages. Ils accusent ces civils d\u2019avoir coope\u0301rer avec les autorite\u0301s pour les saisis de leurs be\u0301tails. Une repre\u0301sailles ensanglante\u0301es qui cre\u0301ent la panique. Le Togo de\u0301cide en septembre de faire de\u0301place\u0301s ses populations pour mener la riposte.<\/p>\n<p>Du mois de Mai a\u0300 novembre 2022, l\u2019arme\u0301e togolaise monte en puissance et assure le contro\u0302le de son territoire. Les populations parties pour cause de panique, y reviennent et occupent leurs terres. Au cours de cette pe\u0301riode la collaboration entre l\u2019arme\u0301e et les civiles roulent a\u0300 merveilles. Mais, tre\u0300s rapidement, l\u2019infiltration terroriste au sein des populations civiles gagne du terrain. Les combattants font usage des Engins explosifs massivement. Ces engins ciblent les de\u0301placements des FAT. Pendant plusieurs semaines, l\u2019arme\u0301e de\u0301mine des villages comme Kpembol, Tiwouri et Soktangou. Au cours de cette pe\u0301riode, plusieurs combattants sont tue\u0301s. Mais de plus en plus, les IED visent les civils. De\u0301but Octobre 2022, les FAT re\u0301organisent leurs dispositifs, limitent leurs de\u0301placements en terre burkinabe\u0300, et combattent sur les limites du sol togolais.<\/p>\n<p>Les repre\u0301sailles terroristes gagnent de nouveaux des terrains. Les groupes extre\u0301mistes s\u2019en prennent aux civils. Ils les accusent de collaborer avec l\u2019arme\u0301e. Plusieurs d\u2019entre eux sont exe\u0301cute\u0301s dans la nuit. D\u2019autres sont vise\u0301es par les explosions de mines. De l\u2019autre co\u0302te\u0301, ils s\u2019emploient d\u2019arracher du be\u0301tail des villageois et menacent de s\u2019en prendre a\u0300 eux. Certains villageois des Tchimoury, Tiwouri, Djoatou, Enamoufouali, Gnali et une partie de Bagre\u0301 fuient. La crise se\u0301curite\u0301 humanitaire qui s\u2019e\u0301tait alle\u0301ge\u0301e s\u2019amplifie, a\u0300 partir de janvier et de\u0301but fe\u0301vrier 2023. Fin De\u0301cembre 2022 et le de\u0301but 2023 Fe\u0301vrier ont enregistre\u0301 plus les repre\u0301sailles des groupes extre\u0301mistes. Parmi les victimes, figurent ceux qui ont collabore\u0301 avec les militaires. Des villages qui ont assiste\u0301 l\u2019arme\u0301e ont e\u0301te\u0301 visite\u0301s et certains d\u2019entre habitants assassine\u0301s. Le mode ope\u0301ratoire de ces exe\u0301cutions cible\u0301es sont essentiellement des couteaux.<\/p>\n<p><b>La place des civils dans ce conflit<\/b><\/p>\n<p>Dans l\u2019ensemble les populations de Kpendjal ont participe\u0301 a\u0300 la re\u0301ussite des ope\u0301rations militaires. Ils ont contribue\u0301 en renseignement, mais aussi en orientations. La preuve palpable, ceux qui ont soutenu l\u2019arme\u0301e de leurs vies. La plupart des militaires envoye\u0301s a\u0300 Kpendjal n\u2019y avaient jamais mis les pieds. Ils e\u0301taient souvent oriente\u0301s dans leurs de\u0301placements par les populations civiles. Dans la plupart des cas, leurs consignes ont e\u0301te\u0301 exe\u0301cute\u0301es a\u0300 la lettre par lesdites populations, qui ont salue\u0301 les actions des FAT. Ils ont paye\u0301 de leurs be\u0301tails, de leurs terres et de re\u0301coltes. Ils ont abandonne\u0301 dans leurs fuites leurs avoirs. La crise humanitaire ne\u0301e de ce de\u0301placement de population a e\u0301te\u0301 ve\u0301cue avec re\u0301silience. Les proches parents des autres villages ont donne\u0301 de leurs toits, et leurs nourritures. Malgre\u0301 la pre\u0301carite\u0301, aucune re\u0301volte des populations n\u2019ont e\u0301te\u0301 enregistre\u0301e pour question humanitaire. Des enfants des de\u0301place\u0301s ont du\u0302 attendre plusieurs mois, avant de be\u0301ne\u0301ficier des salles de classes. Dans la plupart des cas, malgre\u0301 la situation difficile, les Kpendjalais ont collabore\u0301 avec les autorite\u0301s. Nombreux qui vivaient du trafic du carburant, du creusage et de la vente des silures et des animaux des champs ont cesse\u0301 leurs activite\u0301s. La conse\u0301quence, c\u2019est que les villages de Kpendjal se sont appauvris avec la fermeture du parc de ventes d\u2019animaux et de la fraude. Les de\u0301placements vers le Burkina et certaines parties du Be\u0301nin a\u0300 des fins e\u0301conomiques ont cesse\u0301. Pendant les derniers 21 mois, les Kpendjalais e\u0301taient dans l\u2019e\u0301conomie de guerre.<\/p>\n<p><b>De la mise en place d\u2019une brigade civile: des supple\u0301tifs civils de l\u2019arme\u0301e<\/b><\/p>\n<p>Par principe, au Togo, les supple\u0301tifs civils de l\u2019arme\u0301e, n\u2019existent pas. Aucun texte de loi n\u2019en pre\u0301voit. Il va falloir les cre\u0301er. Sinon la plupart du temps, l\u2019on est habitue\u0301 a\u0300 une arme\u0301e professionnelle et re\u0301gulie\u0300re. Mais a\u0300 une circonstance particulie\u0300re, des mesures particulie\u0300res. Donc, il faut cre\u0301er la loi, pour recruter ces civils, de\u0301finir leurs modes de fonctionnement, de prise en charge et de formation. Ce qui est certes bien. Mais dans la plupart des cas, les pays qui utilisent les supple\u0301tifs civils, ont fait longtemps la guerre avant d\u2019en faire usage. C\u2019est le cas du Mali, du Burkina Faso. Ce dernier pays, c\u2019e\u0301tait en 2019. Aussi, ces pays, ont perdu des parties de leurs territoires. Ces pays avaient des effectifs en manque dans l\u2019arme\u0301e re\u0301gulie\u0300re. Les deux pays avaient une tradition des groupes d\u2019autode\u0301fense, comme le Kogleweogo et les Dozos. C\u2019est sur ces groupes d\u2019autode\u0301fense que l\u2019arme\u0301e s\u2019est appuye\u0301e. Ce qui n\u2019est pas le cas au Togo. Le pis, au Togo, alors que le conflit e\u0301tait au de\u0301but, l\u2019arme\u0301e a arrache\u0301 les armes traditionnelles des villageois, avant de les laisser, sans outils de de\u0301fense. L\u2019arme\u0301e togolaise n\u2019a pas encore manifeste\u0301 de de\u0301ficit de\u0301fectif. Il n\u2019y a qu\u2019une petite partie du territoire qui est infeste\u0301e. L\u2019arme\u0301e togolaise contro\u0302le tout son territoire. Les groupes arme\u0301s ope\u0300rent par les incursions nocturnes dans la plupart des cas. Ce qui ne veut pas dire que l\u2019arme\u0301e est incapable ou que le contro\u0302le du territoire lui e\u0301chappe. Mais, c\u2019est la nature asyme\u0301trique du combat qui est insaisissable. Pour preuve, me\u0302me des militaires dans les me\u0302mes conditions y ont perdu la vie, soit par embuscade, soit par mine.<\/p>\n<p><b>De la pertinence des supple\u0301tifs de l\u2019arme\u0301e<\/b><\/p>\n<p>Toutefois, la formation des civils pourraient e\u0302tre un atout. Surtout en renseignement, la mai\u0302trise des IED. La mai\u0302trise de la manipulation des armes serait un ajout. Mais pour une population comme celle de Kpendjal, \u00ab tout le monde connai\u0302t tout le monde\u00bb. Ainsi donc, celui qui ferait une formation militaire sera toute suite repe\u0301re\u0301e. Mais cela pourrait e\u0302tre un atout de dissuasion. Surtout e\u0301quiper les villages voisins pour e\u0301touffer toute contagion. La remise des armes blanches des populations re\u0301cupe\u0301re\u0301es ne pourraient pas suffire, dans la mesure ou\u0300, ces groupes extre\u0301mistes utilisent de\u0301ja\u0300 certaines armes de guerre des militaires du Burkina, du Mali et du Niger. Donc, s\u2019il faut leur donner les armes, il faut aussi les former, et cela prendra du temps. Dans ce cas, ils sont aussi les militaires. Ce qui revient pratiquement a\u0300 la me\u0302me chose. On ne peut que former les jeunes, or ces jeunes sont recrute\u0301s autant par l\u2019Etat dans l\u2019arme\u0301e, ou par les terroristes. Il faut surtout insister sur le non enro\u0302lement des restes des jeunes. Il faut de\u0301courager toute tentative d\u2019enro\u0302lement et de complicite\u0301. Ce qui revient a\u0300 agir sur les promesses. Il faut trouver a\u0300 faire a\u0300 ces jeunes, des emplois et de l\u2019avenir. Il faut plus d\u2019impact des 50 milliards affecte\u0301s au profit de la re\u0301gion. Il faut surtout e\u0301viter les formes de violence et de stigmatisation ou marginalisation. Il faut acce\u0301le\u0301rer les opportunite\u0301s de de\u0301senclavement de la localite\u0301, et surtout, libe\u0301rer l\u2019Est du Burkina Faso et du Be\u0301nin.<\/p>\n<p>Dans toute nation, l\u2019arme\u0301e joue son propre ro\u0302le. Les civils aussi jouent le leur. Mais pour les questions d\u2019inte\u0301re\u0302t se\u0301curitaire, ils peuvent collaborer. Mais, les civils ne vont pas se battre a\u0300 la place de l\u2019arme\u0301e. Cette situation cre\u0301erait plus de proble\u0300mes qu\u2019elle n\u2019en arrange. Former des brigades civiles pour se battre nuit et jour, pour la sauvegarde des villages, en lieu et place de l\u2019arme\u0301e, est disconvenu. Que ces civils en forces de devenir des brigades civiles deviennent des militaires. Ainsi, pendant la formation, qu\u2019ils sachent qu\u2019ils se battent comme des militaires au c\u0153ur de leurs villages et maisons.<\/p>\n<p><b>Solidarite\u0301 autour de Kpendjal&#8230;<\/b><\/p>\n<p>La fuite de la population de Kpendjal l\u2019un des greniers agricole et animaliers, augure une pe\u0301riode d\u2019inse\u0301curite\u0301 alimentaire. La pre\u0301fecture de Kpendjal longtemps de\u0301laisse\u0301e va payer le lourd tribut, mais les conse\u0301quences seront plus vastes. En dehors des effets du terrorisme qui vont impacter la communaute\u0301, il faut agir rapidement sur le vivre-ensemble. Mais surtout que chaque togolaise se sente chez lui, devant la loi, devant l\u2019administration et devant la justice. Il est inadmissible de comprendre qu\u2019une pre\u0301fecture comme Kpendjal, il fallait attendre fin 2022, pour avoir une route goudronne\u0301e. Il est difficile de constater qu\u2019une pre\u0301fecture comme Kpendjal, l\u2019ho\u0302pital n\u2019a ni de lumie\u0300re, ni de bons lits, et qu\u2019il fallait attendre de\u0301cembre 2022 pour entamer la clo\u0302ture. Il est inconcevable de constater que la lumie\u0300re est installe\u0301e sur la route de Kpendjal en 2022, alors me\u0302me qu\u2019il n\u2019y a pas de station d\u2019essence.<\/p>\n<p>Comme la question du terrorisme de\u0301borde du cadre militaire sur d\u2019autres terrains, il faut plancher sur l\u2019effort de paix civile. Dans un contexte de conque\u0302tes des espaces et d\u2019itine\u0301rance des populations, les groupes de supple\u0301tifs et de renseignement pourraient e\u0302tre utiles a\u0300 ce niveau. L\u2019objectif e\u0301tant de de\u0301manteler les re\u0301seaux et les cellules dormantes qui renseignent les combattants tapis dans la foret. Il faut urgemment travailler sur la trac\u0327abilite\u0301 des mouvements des hommes et des fonds qui e\u0301quipent ses hommes.<\/p>\n<p>Il faut e\u0301viter la politique de l\u2019autruche qui consiste a\u0300 dire que tout va bien. Tout ne va bien. Nos compatriotes meurent et fuient leurs villages. Ils ont faim et ont besoin de la solidarite\u0301 nationale. Ce qui doit commencer par les hommes politiques. La ge\u0301ne\u0301rosite\u0301 humanitaire doit primer sur des dons a\u0300 caracte\u0300re politique et inte\u0301resse\u0301. Les assistants humanitaires envoye\u0301s par l\u2019Etat doivent faire plus d\u2019humanite\u0301 et de service. Tout ne doit pas e\u0302tre que des affaires et de la corruption. On ne mange dans le sang des humains. C\u2019est pourquoi on a plus besoin de Journalisme et inde\u0301pendant, d\u2019une Justice pour les pauvres. La souffrance des victimes du terrorisme ne doit pas e\u0302tre cache\u0301e, mais soutenue. Il faut une ne\u0301cessite\u0301 de la concertation permanente sur les questions de de\u0301veloppement. C\u2019est la raison pour laquelle, il faut plus de dialogue communautaire de\u0301politise\u0301s et prendre au se\u0301rieux les blessures que ressentent une partie de nos concitoyens.<\/p>\n<p>Comparativement a\u0300 d\u2019autres pays, le Togo a\u0300 l\u2019avantage de la lutte contre l\u2019inse\u0301curite\u0301; jusqu\u2019a\u0300 pre\u0301sent, la contagion terroriste concerte que des villages suivants: Soktangou, Tiwouri, Sanloaga, Lallabiga, Kpembol, Thimouri, Tambima, Sankartchagou, Djoatou, Enamounfouali, Gnali, une petite partie de Bagre\u0301. Il s\u2019agit d\u2019une superficie d\u2019a\u0300 peine 70 km2, dont l\u2019arme\u0301e togolaise a une totale mai\u0302trise des contours des territoires.<\/p>\n<p>Il convient de faire le distinguo entre tout e\u0301leveur ou tout transhumant avec les terroristes. Il faut prendre en conside\u0301ration la particularite\u0301 de la re\u0301gion des Savanes. Une re\u0301gion d\u2019e\u0301levage et d\u2019agriculture. Une re\u0301gion des animaux et des parcs. Il suffit d\u2019une dose de volonte\u0301 politique et surtout de plus de patriotisme pour freiner de\u0301finitivement cette ne\u0301buleuse. Et, pour se faire, la corruption et le manque mate\u0301riel de lutte ne permettront pas de gagner la guerre. Et, cette guerre ne peut e\u0302tre gagne\u0301e avec une population affame\u0301e et de\u0301laisse\u0301e. Les premiers supple\u0301tifs de l\u2019arme\u0301e, ce sont les restes des populations affame\u0301es et non soutenues de Kpendjal et de la re\u0301gion des Savanes. Et, il est difficile de gagner cette guerre avec les armes seules, il faut travailler avec cette valeureuse population du Togo.<\/p>\n<p>Edouard Kamboissoa Samboe\u0301<\/p>\n<p>Observateur des groupes arme\u0301s extre\u0301mistes au Nord du Togo<\/p>\n<p>Journaliste<\/p>\n<p><strong>Pour plus d&rsquo;informations et d&rsquo;analyses sur la <a href=\"https:\/\/www.africa-press.net\/togo\">Togo<\/a>, suivez <a href=\"https:\/\/www.africa-press.net\/\">Africa-Press<\/a><\/strong><\/p>\n","protected":false},"excerpt":{"rendered":"<p>Africa-Press &#8211; Togo. Ceci est une analyse de Edouard Kamboissoa Samboe\u0301. Observateur des groupes arme\u0301s extre\u0301mistes au Nord du Togo, le journaliste \u201dtogolo-burkinabe\u0300\u201d estime que les civils ont un ro\u0302le important a\u0300 jouer aux co\u0302te\u0301 de l\u2019arme\u0301e togolaise dans la lutte contre le terrorisme. Lecture ! La pression des groupes arme\u0301s extre\u0301mistes entre Janvier et [&hellip;]<\/p>\n","protected":false},"author":82,"featured_media":17259,"comment_status":"open","ping_status":"closed","sticky":false,"template":"","format":"standard","meta":{"footnotes":""},"categories":[7,56,10],"tags":[36,49,50],"class_list":["post-17260","post","type-post","status-publish","format-standard","has-post-thumbnail","hentry","category-dossiers","category-to-homepage","category-toutes-les-actualites","tag-africa-press","tag-africa-press-togo","tag-togo"],"yoast_head":"<!-- This site is optimized with the Yoast SEO Premium plugin v26.1 (Yoast SEO v27.0) - https:\/\/yoast.com\/product\/yoast-seo-premium-wordpress\/ -->\n<title>Togo-Terrorisme : Face \u00e0 la gangr\u00e8ne, quid des suppl\u00e9tifs civils dans le combat? - Togo<\/title>\n<meta name=\"description\" content=\"Ceci est une analyse de Edouard Kamboissoa Samboe\u0301. Observateur des groupes arme\u0301s extre\u0301mistes au Nord du Togo, le j ...\" \/>\n<meta name=\"robots\" content=\"index, follow, max-snippet:-1, max-image-preview:large, max-video-preview:-1\" \/>\n<link rel=\"canonical\" href=\"https:\/\/www.africa-press.net\/togo\/dossiers\/togo-terrorisme-face-a-la-gangrene-quid-des-suppletifs-civils-dans-le-combat\" \/>\n<meta property=\"og:locale\" content=\"fr_FR\" \/>\n<meta property=\"og:type\" content=\"article\" \/>\n<meta property=\"og:title\" content=\"Togo-Terrorisme : Face \u00e0 la gangr\u00e8ne, quid des suppl\u00e9tifs civils dans le combat?\" \/>\n<meta property=\"og:description\" content=\"Ceci est une analyse de Edouard Kamboissoa Samboe\u0301. Observateur des groupes arme\u0301s extre\u0301mistes au Nord du Togo, le j ...\" \/>\n<meta property=\"og:url\" content=\"https:\/\/www.africa-press.net\/togo\/dossiers\/togo-terrorisme-face-a-la-gangrene-quid-des-suppletifs-civils-dans-le-combat\" \/>\n<meta property=\"og:site_name\" content=\"Togo\" \/>\n<meta property=\"article:published_time\" content=\"2023-02-16T19:00:57+00:00\" \/>\n<meta property=\"article:modified_time\" content=\"2023-02-16T20:04:39+00:00\" \/>\n<meta property=\"og:image\" content=\"https:\/\/static.africa-press.net\/togo\/sites\/58\/2023\/02\/postQueueImg_1676561522.12.jpg\" \/>\n\t<meta property=\"og:image:width\" content=\"768\" \/>\n\t<meta property=\"og:image:height\" content=\"480\" \/>\n\t<meta property=\"og:image:type\" content=\"image\/jpeg\" \/>\n<meta name=\"author\" content=\"cfeditorfr\" \/>\n<meta name=\"twitter:card\" content=\"summary_large_image\" \/>\n<meta name=\"twitter:label1\" content=\"\u00c9crit par\" \/>\n\t<meta name=\"twitter:data1\" content=\"cfeditorfr\" \/>\n\t<meta name=\"twitter:label2\" content=\"Dur\u00e9e de lecture estim\u00e9e\" \/>\n\t<meta name=\"twitter:data2\" content=\"13 minutes\" \/>\n<script type=\"application\/ld+json\" class=\"yoast-schema-graph\">{\"@context\":\"https:\/\/schema.org\",\"@graph\":[{\"@type\":\"Article\",\"@id\":\"https:\/\/www.africa-press.net\/togo\/dossiers\/togo-terrorisme-face-a-la-gangrene-quid-des-suppletifs-civils-dans-le-combat#article\",\"isPartOf\":{\"@id\":\"https:\/\/www.africa-press.net\/togo\/dossiers\/togo-terrorisme-face-a-la-gangrene-quid-des-suppletifs-civils-dans-le-combat\"},\"author\":{\"name\":\"cfeditorfr\",\"@id\":\"https:\/\/www.africa-press.net\/togo\/#\/schema\/person\/2b1cf3cd81a31e3cd26889ca66d677f1\"},\"headline\":\"Togo-Terrorisme : Face \u00e0 la gangr\u00e8ne, quid des suppl\u00e9tifs civils dans le combat?\",\"datePublished\":\"2023-02-16T19:00:57+00:00\",\"dateModified\":\"2023-02-16T20:04:39+00:00\",\"mainEntityOfPage\":{\"@id\":\"https:\/\/www.africa-press.net\/togo\/dossiers\/togo-terrorisme-face-a-la-gangrene-quid-des-suppletifs-civils-dans-le-combat\"},\"wordCount\":2833,\"commentCount\":0,\"image\":{\"@id\":\"https:\/\/www.africa-press.net\/togo\/dossiers\/togo-terrorisme-face-a-la-gangrene-quid-des-suppletifs-civils-dans-le-combat#primaryimage\"},\"thumbnailUrl\":\"https:\/\/static.africa-press.net\/togo\/sites\/58\/2023\/02\/postQueueImg_1676561522.12.jpg\",\"keywords\":[\"Africa Press\",\"Africa Press-Togo\",\"Togo\"],\"articleSection\":[\"Dossiers\",\"to-homepage\",\"Toutes les actualit\u00e9s\"],\"inLanguage\":\"fr-FR\",\"potentialAction\":[{\"@type\":\"CommentAction\",\"name\":\"Comment\",\"target\":[\"https:\/\/www.africa-press.net\/togo\/dossiers\/togo-terrorisme-face-a-la-gangrene-quid-des-suppletifs-civils-dans-le-combat#respond\"]}]},{\"@type\":\"WebPage\",\"@id\":\"https:\/\/www.africa-press.net\/togo\/dossiers\/togo-terrorisme-face-a-la-gangrene-quid-des-suppletifs-civils-dans-le-combat\",\"url\":\"https:\/\/www.africa-press.net\/togo\/dossiers\/togo-terrorisme-face-a-la-gangrene-quid-des-suppletifs-civils-dans-le-combat\",\"name\":\"Togo-Terrorisme : Face \u00e0 la gangr\u00e8ne, quid des suppl\u00e9tifs civils dans le combat? - Togo\",\"isPartOf\":{\"@id\":\"https:\/\/www.africa-press.net\/togo\/#website\"},\"primaryImageOfPage\":{\"@id\":\"https:\/\/www.africa-press.net\/togo\/dossiers\/togo-terrorisme-face-a-la-gangrene-quid-des-suppletifs-civils-dans-le-combat#primaryimage\"},\"image\":{\"@id\":\"https:\/\/www.africa-press.net\/togo\/dossiers\/togo-terrorisme-face-a-la-gangrene-quid-des-suppletifs-civils-dans-le-combat#primaryimage\"},\"thumbnailUrl\":\"https:\/\/static.africa-press.net\/togo\/sites\/58\/2023\/02\/postQueueImg_1676561522.12.jpg\",\"datePublished\":\"2023-02-16T19:00:57+00:00\",\"dateModified\":\"2023-02-16T20:04:39+00:00\",\"author\":{\"@id\":\"https:\/\/www.africa-press.net\/togo\/#\/schema\/person\/2b1cf3cd81a31e3cd26889ca66d677f1\"},\"description\":\"Ceci est une analyse de Edouard Kamboissoa Samboe\u0301. Observateur des groupes arme\u0301s extre\u0301mistes au Nord du Togo, le j ...\",\"breadcrumb\":{\"@id\":\"https:\/\/www.africa-press.net\/togo\/dossiers\/togo-terrorisme-face-a-la-gangrene-quid-des-suppletifs-civils-dans-le-combat#breadcrumb\"},\"inLanguage\":\"fr-FR\",\"potentialAction\":[{\"@type\":\"ReadAction\",\"target\":[\"https:\/\/www.africa-press.net\/togo\/dossiers\/togo-terrorisme-face-a-la-gangrene-quid-des-suppletifs-civils-dans-le-combat\"]}]},{\"@type\":\"ImageObject\",\"inLanguage\":\"fr-FR\",\"@id\":\"https:\/\/www.africa-press.net\/togo\/dossiers\/togo-terrorisme-face-a-la-gangrene-quid-des-suppletifs-civils-dans-le-combat#primaryimage\",\"url\":\"https:\/\/static.africa-press.net\/togo\/sites\/58\/2023\/02\/postQueueImg_1676561522.12.jpg\",\"contentUrl\":\"https:\/\/static.africa-press.net\/togo\/sites\/58\/2023\/02\/postQueueImg_1676561522.12.jpg\",\"width\":768,\"height\":480,\"caption\":\"Togo-Terrorisme : Face \u00e0 la gangr\u00e8ne, quid des suppl\u00e9tifs civils dans le combat?\"},{\"@type\":\"BreadcrumbList\",\"@id\":\"https:\/\/www.africa-press.net\/togo\/dossiers\/togo-terrorisme-face-a-la-gangrene-quid-des-suppletifs-civils-dans-le-combat#breadcrumb\",\"itemListElement\":[{\"@type\":\"ListItem\",\"position\":1,\"name\":\"Accueil\",\"item\":\"https:\/\/www.africa-press.net\/togo\/\"},{\"@type\":\"ListItem\",\"position\":2,\"name\":\"Togo-Terrorisme : Face \u00e0 la gangr\u00e8ne, quid des suppl\u00e9tifs civils dans le combat?\"}]},{\"@type\":\"WebSite\",\"@id\":\"https:\/\/www.africa-press.net\/togo\/#website\",\"url\":\"https:\/\/www.africa-press.net\/togo\/\",\"name\":\"Togo\",\"description\":\"Just another Africa News Agency Sites site\",\"potentialAction\":[{\"@type\":\"SearchAction\",\"target\":{\"@type\":\"EntryPoint\",\"urlTemplate\":\"https:\/\/www.africa-press.net\/togo\/?s={search_term_string}\"},\"query-input\":{\"@type\":\"PropertyValueSpecification\",\"valueRequired\":true,\"valueName\":\"search_term_string\"}}],\"inLanguage\":\"fr-FR\"},{\"@type\":\"Person\",\"@id\":\"https:\/\/www.africa-press.net\/togo\/#\/schema\/person\/2b1cf3cd81a31e3cd26889ca66d677f1\",\"name\":\"cfeditorfr\"}]}<\/script>\n<!-- \/ Yoast SEO Premium plugin. -->","yoast_head_json":{"title":"Togo-Terrorisme : Face \u00e0 la gangr\u00e8ne, quid des suppl\u00e9tifs civils dans le combat? - Togo","description":"Ceci est une analyse de Edouard Kamboissoa Samboe\u0301. Observateur des groupes arme\u0301s extre\u0301mistes au Nord du Togo, le j ...","robots":{"index":"index","follow":"follow","max-snippet":"max-snippet:-1","max-image-preview":"max-image-preview:large","max-video-preview":"max-video-preview:-1"},"canonical":"https:\/\/www.africa-press.net\/togo\/dossiers\/togo-terrorisme-face-a-la-gangrene-quid-des-suppletifs-civils-dans-le-combat","og_locale":"fr_FR","og_type":"article","og_title":"Togo-Terrorisme : Face \u00e0 la gangr\u00e8ne, quid des suppl\u00e9tifs civils dans le combat?","og_description":"Ceci est une analyse de Edouard Kamboissoa Samboe\u0301. Observateur des groupes arme\u0301s extre\u0301mistes au Nord du Togo, le j ...","og_url":"https:\/\/www.africa-press.net\/togo\/dossiers\/togo-terrorisme-face-a-la-gangrene-quid-des-suppletifs-civils-dans-le-combat","og_site_name":"Togo","article_published_time":"2023-02-16T19:00:57+00:00","article_modified_time":"2023-02-16T20:04:39+00:00","og_image":[{"width":768,"height":480,"url":"https:\/\/static.africa-press.net\/togo\/sites\/58\/2023\/02\/postQueueImg_1676561522.12.jpg","type":"image\/jpeg"}],"author":"cfeditorfr","twitter_card":"summary_large_image","twitter_misc":{"\u00c9crit par":"cfeditorfr","Dur\u00e9e de lecture estim\u00e9e":"13 minutes"},"schema":{"@context":"https:\/\/schema.org","@graph":[{"@type":"Article","@id":"https:\/\/www.africa-press.net\/togo\/dossiers\/togo-terrorisme-face-a-la-gangrene-quid-des-suppletifs-civils-dans-le-combat#article","isPartOf":{"@id":"https:\/\/www.africa-press.net\/togo\/dossiers\/togo-terrorisme-face-a-la-gangrene-quid-des-suppletifs-civils-dans-le-combat"},"author":{"name":"cfeditorfr","@id":"https:\/\/www.africa-press.net\/togo\/#\/schema\/person\/2b1cf3cd81a31e3cd26889ca66d677f1"},"headline":"Togo-Terrorisme : Face \u00e0 la gangr\u00e8ne, quid des suppl\u00e9tifs civils dans le combat?","datePublished":"2023-02-16T19:00:57+00:00","dateModified":"2023-02-16T20:04:39+00:00","mainEntityOfPage":{"@id":"https:\/\/www.africa-press.net\/togo\/dossiers\/togo-terrorisme-face-a-la-gangrene-quid-des-suppletifs-civils-dans-le-combat"},"wordCount":2833,"commentCount":0,"image":{"@id":"https:\/\/www.africa-press.net\/togo\/dossiers\/togo-terrorisme-face-a-la-gangrene-quid-des-suppletifs-civils-dans-le-combat#primaryimage"},"thumbnailUrl":"https:\/\/static.africa-press.net\/togo\/sites\/58\/2023\/02\/postQueueImg_1676561522.12.jpg","keywords":["Africa Press","Africa Press-Togo","Togo"],"articleSection":["Dossiers","to-homepage","Toutes les actualit\u00e9s"],"inLanguage":"fr-FR","potentialAction":[{"@type":"CommentAction","name":"Comment","target":["https:\/\/www.africa-press.net\/togo\/dossiers\/togo-terrorisme-face-a-la-gangrene-quid-des-suppletifs-civils-dans-le-combat#respond"]}]},{"@type":"WebPage","@id":"https:\/\/www.africa-press.net\/togo\/dossiers\/togo-terrorisme-face-a-la-gangrene-quid-des-suppletifs-civils-dans-le-combat","url":"https:\/\/www.africa-press.net\/togo\/dossiers\/togo-terrorisme-face-a-la-gangrene-quid-des-suppletifs-civils-dans-le-combat","name":"Togo-Terrorisme : Face \u00e0 la gangr\u00e8ne, quid des suppl\u00e9tifs civils dans le combat? - Togo","isPartOf":{"@id":"https:\/\/www.africa-press.net\/togo\/#website"},"primaryImageOfPage":{"@id":"https:\/\/www.africa-press.net\/togo\/dossiers\/togo-terrorisme-face-a-la-gangrene-quid-des-suppletifs-civils-dans-le-combat#primaryimage"},"image":{"@id":"https:\/\/www.africa-press.net\/togo\/dossiers\/togo-terrorisme-face-a-la-gangrene-quid-des-suppletifs-civils-dans-le-combat#primaryimage"},"thumbnailUrl":"https:\/\/static.africa-press.net\/togo\/sites\/58\/2023\/02\/postQueueImg_1676561522.12.jpg","datePublished":"2023-02-16T19:00:57+00:00","dateModified":"2023-02-16T20:04:39+00:00","author":{"@id":"https:\/\/www.africa-press.net\/togo\/#\/schema\/person\/2b1cf3cd81a31e3cd26889ca66d677f1"},"description":"Ceci est une analyse de Edouard Kamboissoa Samboe\u0301. Observateur des groupes arme\u0301s extre\u0301mistes au Nord du Togo, le j ...","breadcrumb":{"@id":"https:\/\/www.africa-press.net\/togo\/dossiers\/togo-terrorisme-face-a-la-gangrene-quid-des-suppletifs-civils-dans-le-combat#breadcrumb"},"inLanguage":"fr-FR","potentialAction":[{"@type":"ReadAction","target":["https:\/\/www.africa-press.net\/togo\/dossiers\/togo-terrorisme-face-a-la-gangrene-quid-des-suppletifs-civils-dans-le-combat"]}]},{"@type":"ImageObject","inLanguage":"fr-FR","@id":"https:\/\/www.africa-press.net\/togo\/dossiers\/togo-terrorisme-face-a-la-gangrene-quid-des-suppletifs-civils-dans-le-combat#primaryimage","url":"https:\/\/static.africa-press.net\/togo\/sites\/58\/2023\/02\/postQueueImg_1676561522.12.jpg","contentUrl":"https:\/\/static.africa-press.net\/togo\/sites\/58\/2023\/02\/postQueueImg_1676561522.12.jpg","width":768,"height":480,"caption":"Togo-Terrorisme : Face \u00e0 la gangr\u00e8ne, quid des suppl\u00e9tifs civils dans le combat?"},{"@type":"BreadcrumbList","@id":"https:\/\/www.africa-press.net\/togo\/dossiers\/togo-terrorisme-face-a-la-gangrene-quid-des-suppletifs-civils-dans-le-combat#breadcrumb","itemListElement":[{"@type":"ListItem","position":1,"name":"Accueil","item":"https:\/\/www.africa-press.net\/togo\/"},{"@type":"ListItem","position":2,"name":"Togo-Terrorisme : Face \u00e0 la gangr\u00e8ne, quid des suppl\u00e9tifs civils dans le combat?"}]},{"@type":"WebSite","@id":"https:\/\/www.africa-press.net\/togo\/#website","url":"https:\/\/www.africa-press.net\/togo\/","name":"Togo","description":"Just another Africa News Agency Sites site","potentialAction":[{"@type":"SearchAction","target":{"@type":"EntryPoint","urlTemplate":"https:\/\/www.africa-press.net\/togo\/?s={search_term_string}"},"query-input":{"@type":"PropertyValueSpecification","valueRequired":true,"valueName":"search_term_string"}}],"inLanguage":"fr-FR"},{"@type":"Person","@id":"https:\/\/www.africa-press.net\/togo\/#\/schema\/person\/2b1cf3cd81a31e3cd26889ca66d677f1","name":"cfeditorfr"}]}},"_links":{"self":[{"href":"https:\/\/www.africa-press.net\/togo\/wp-json\/wp\/v2\/posts\/17260","targetHints":{"allow":["GET"]}}],"collection":[{"href":"https:\/\/www.africa-press.net\/togo\/wp-json\/wp\/v2\/posts"}],"about":[{"href":"https:\/\/www.africa-press.net\/togo\/wp-json\/wp\/v2\/types\/post"}],"author":[{"embeddable":true,"href":"https:\/\/www.africa-press.net\/togo\/wp-json\/wp\/v2\/users\/82"}],"replies":[{"embeddable":true,"href":"https:\/\/www.africa-press.net\/togo\/wp-json\/wp\/v2\/comments?post=17260"}],"version-history":[{"count":0,"href":"https:\/\/www.africa-press.net\/togo\/wp-json\/wp\/v2\/posts\/17260\/revisions"}],"wp:featuredmedia":[{"embeddable":true,"href":"https:\/\/www.africa-press.net\/togo\/wp-json\/wp\/v2\/media\/17259"}],"wp:attachment":[{"href":"https:\/\/www.africa-press.net\/togo\/wp-json\/wp\/v2\/media?parent=17260"}],"wp:term":[{"taxonomy":"category","embeddable":true,"href":"https:\/\/www.africa-press.net\/togo\/wp-json\/wp\/v2\/categories?post=17260"},{"taxonomy":"post_tag","embeddable":true,"href":"https:\/\/www.africa-press.net\/togo\/wp-json\/wp\/v2\/tags?post=17260"}],"curies":[{"name":"wp","href":"https:\/\/api.w.org\/{rel}","templated":true}]}}