{"id":17266,"date":"2023-02-16T19:01:29","date_gmt":"2023-02-16T19:01:29","guid":{"rendered":"https:\/\/www.africa-press.net\/togo\/politique\/tribunal-cedeao-une-plainte-contre-letat-togolais"},"modified":"2023-02-16T20:06:16","modified_gmt":"2023-02-16T20:06:16","slug":"tribunal-cedeao-une-plainte-contre-letat-togolais","status":"publish","type":"post","link":"https:\/\/www.africa-press.net\/togo\/politique\/tribunal-cedeao-une-plainte-contre-letat-togolais","title":{"rendered":"Tribunal CEDEAO: Une plainte contre l\u2019Etat togolais"},"content":{"rendered":"<p><span style=\"color: #ff6600\"><strong>Africa-Press &#8211; Togo. <\/strong><\/span><b>La Cour de Justice de la Communaute\u0301 Economique des Etats de l\u2019Afrique de l\u2019Ouest (CEDEAO) ouvre jeudi 16 fe\u0301vrier 2023 a\u0300 Abuja, l\u2019audience d\u2019une plainte de\u0301pose\u0301e par deux familles togolaises demandant re\u0301paration a\u0300 la Re\u0301publique du Togo pour la de\u0301molition de leurs proprie\u0301te\u0301s en 1979 en vue d\u2019e\u0301difier une statue du de\u0301funt pre\u0301sident Gnassingbe\u0301 Eyadema, rapporte un communique\u0301 que avons obtenu via le site du tribunal.<\/b><\/p>\n<p>Les plaignants, Tetevi Kokou Woamede et Kossi Tamakloe, tous deux retraite\u0301s et agissant au nom de leurs familles respectives, ont de\u0301clare\u0301 qu\u2019en re\u0301ponse a\u0300 leurs demandes d\u2019indemnisation, le gouvernement Togolais Togo a offert a\u0300 chaque famille \u00abune somme forfaitaire\u00bb de 1 260 000 CFA d\u2019indemnisation qu\u2019ils ont refuse\u0301, explique le document.<\/p>\n<p>Dans leur reque\u0302te introductive d\u2019instance de\u0301pose\u0301e a\u0300 la Cour le 31 janvier 2022, les reque\u0301rants, repre\u0301sente\u0301s par l\u2019Institut pour les droits de l\u2019homme et le de\u0301veloppement en Afrique, organisation non gouvernementale panafricaine et le Centre de documentation et de formation sur les droits de l\u2019homme, association de protection et de promotion des droits humains, a demande\u0301 a\u0300 la Cour d\u2019ordonner a\u0300 l\u2019Etat de verser a\u0300 la famille Woamede la somme de 329 090 950 FCFA. Ils ont e\u0301galement demande\u0301 instamment a\u0300 la Cour d\u2019ordonner a\u0300 l\u2019E\u0301tat de verser 624 840 000 FCFA a\u0300 la famille Tamakloe en re\u0301paration des pre\u0301judices mate\u0301riels et moraux subis.<\/p>\n<p>Les familles ont e\u0301galement exhorte\u0301 la Cour a\u0300 tenir la Re\u0301publique du Togo responsable des violations du droit a\u0300 la proprie\u0301te\u0301, du droit au logement et du droit a\u0300 re\u0301paration consacre\u0301s par les instruments internationaux des droits de l\u2019homme cite\u0301s dans leur reque\u0302te.<\/p>\n<p>Ils ont affirme\u0301 que les efforts des familles pour obtenir re\u0301paration des dommages subis par l\u2019Etat de\u0301fendeur ont e\u0301te\u0301 vains et que l\u2019inaction de l\u2019Etat constitue une violation de leurs droits de proprie\u0301te\u0301 tels qu\u2019e\u0301nonce\u0301s a\u0300 l\u2019article 17 de la De\u0301claration universelle des droits de l\u2019homme, de leur droit a\u0300 un logement garanti par l\u2019article 25 de la De\u0301claration universelle des droits de l\u2019homme ainsi que leur droit a\u0300 re\u0301paration, garanti par l\u2019article 1 de la Charte africaine des droits de l\u2019homme et des peuples.<\/p>\n<p><b>Les faits <\/b><\/p>\n<p>Les reque\u0301rants, repre\u0301sente\u0301s par Gaye Sowe, Eric Bizimana et Desire Bigirimana, agissant au nom du CDFDH et de l\u2019IHRDH, ont explique\u0301 qu\u2019en 1979, l\u2019E\u0301tat a de\u0301moli leurs proprie\u0301te\u0301s pour construire la statue de l\u2019ancien pre\u0301sident Eyadema. Selon eux, toutes les de\u0301marches entreprises pour obtenir une indemnisation sont reste\u0301es vaines. Ils ajoutent que le 27 mai 1991, ils ont saisi la Commission nationale des droits de l\u2019homme pour le droit de re\u0301clamer re\u0301paration, sans re\u0301sultat.<\/p>\n<p>Les deux familles ont indique\u0301 qu\u2019en juin 2010, chacune d\u2019elles avait fait une de\u0301position a\u0300 la Commission Ve\u0301rite\u0301, Justice et Re\u0301conciliation (CVJR) sur la de\u0301molition, a\u0300 la suite de laquelle une indemnite\u0301 forfaitaire de 1 260 000 FCFA a e\u0301te\u0301 accorde\u0301e. offerte aux familles, qu\u2019elles ont refuse\u0301e car juge\u0301e insuffisante, pre\u0301fe\u0301rant une indemnisation proportionnelle a\u0300 la valeur du pre\u0301judice.<\/p>\n<p>Dans le prolongement de leur proce\u0301dure d\u2019indemnisation, les familles ont indique\u0301 avoir saisi le Haut Commissariat a\u0300 la Re\u0301conciliation et au Renforcement de l\u2019Unite\u0301 Nationale (HCRRUN) qui a de\u0301pe\u0302che\u0301 une mission d\u2019enque\u0302te sur le site de Kpalime\u0301 au Togo et apre\u0300s avoir interroge\u0301 des riverains, a conclu que le terrain appartient a\u0300 l\u2019Etat.<\/p>\n<p>Les demandeurs ont conclu que malgre\u0301 de multiples recours administratifs depuis 1979, ils n\u2019ont pas, en novembre 2021, e\u0301te\u0301 indemnise\u0301s pour l\u2019expropriation par la Re\u0301publique togolaise de leurs biens.<\/p>\n<p>Un panel de trois juges de la Cour comprenant les juges Edward Amoako Asante, le pre\u0301sident, Gberi-be Ouattara, Dupe Atoki entendra les accuse\u0301s, conclu le document.<\/p>\n<p><strong>Pour plus d&rsquo;informations et d&rsquo;analyses sur la <a href=\"https:\/\/www.africa-press.net\/togo\">Togo<\/a>, suivez <a href=\"https:\/\/www.africa-press.net\/\">Africa-Press<\/a><\/strong><\/p>\n","protected":false},"excerpt":{"rendered":"<p>Africa-Press &#8211; Togo. La Cour de Justice de la Communaute\u0301 Economique des Etats de l\u2019Afrique de l\u2019Ouest (CEDEAO) ouvre jeudi 16 fe\u0301vrier 2023 a\u0300 Abuja, l\u2019audience d\u2019une plainte de\u0301pose\u0301e par deux familles togolaises demandant re\u0301paration a\u0300 la Re\u0301publique du Togo pour la de\u0301molition de leurs proprie\u0301te\u0301s en 1979 en vue d\u2019e\u0301difier une statue du de\u0301funt [&hellip;]<\/p>\n","protected":false},"author":82,"featured_media":17265,"comment_status":"open","ping_status":"closed","sticky":false,"template":"","format":"standard","meta":{"footnotes":""},"categories":[2,10],"tags":[36,49,50],"class_list":["post-17266","post","type-post","status-publish","format-standard","has-post-thumbnail","hentry","category-politique","category-toutes-les-actualites","tag-africa-press","tag-africa-press-togo","tag-togo"],"yoast_head":"<!-- This site is optimized with the Yoast SEO Premium plugin v26.1 (Yoast SEO v27.0) - https:\/\/yoast.com\/product\/yoast-seo-premium-wordpress\/ -->\n<title>Tribunal CEDEAO: Une plainte contre l\u2019Etat togolais - Togo<\/title>\n<meta name=\"description\" content=\"La Cour de Justice de la Communaute\u0301 Economique des Etats de l\u2019Afrique de l\u2019Ouest (CEDEAO) ouvre jeudi 16 fe\u0301vrier 20 ...\" \/>\n<meta name=\"robots\" content=\"index, follow, max-snippet:-1, max-image-preview:large, max-video-preview:-1\" \/>\n<link rel=\"canonical\" href=\"https:\/\/www.africa-press.net\/togo\/politique\/tribunal-cedeao-une-plainte-contre-letat-togolais\" \/>\n<meta property=\"og:locale\" content=\"fr_FR\" \/>\n<meta property=\"og:type\" content=\"article\" \/>\n<meta property=\"og:title\" content=\"Tribunal CEDEAO: Une plainte contre l\u2019Etat togolais\" \/>\n<meta property=\"og:description\" content=\"La Cour de Justice de la Communaute\u0301 Economique des Etats de l\u2019Afrique de l\u2019Ouest (CEDEAO) ouvre jeudi 16 fe\u0301vrier 20 ...\" \/>\n<meta property=\"og:url\" content=\"https:\/\/www.africa-press.net\/togo\/politique\/tribunal-cedeao-une-plainte-contre-letat-togolais\" \/>\n<meta property=\"og:site_name\" content=\"Togo\" \/>\n<meta property=\"article:published_time\" content=\"2023-02-16T19:01:29+00:00\" \/>\n<meta property=\"article:modified_time\" content=\"2023-02-16T20:06:16+00:00\" \/>\n<meta property=\"og:image\" content=\"https:\/\/static.africa-press.net\/togo\/sites\/58\/2023\/02\/postQueueImg_1676561551.38.jpg\" \/>\n\t<meta property=\"og:image:width\" content=\"770\" \/>\n\t<meta property=\"og:image:height\" content=\"400\" \/>\n\t<meta property=\"og:image:type\" content=\"image\/jpeg\" \/>\n<meta name=\"author\" content=\"cfeditorfr\" \/>\n<meta name=\"twitter:card\" content=\"summary_large_image\" \/>\n<meta name=\"twitter:label1\" content=\"\u00c9crit par\" \/>\n\t<meta name=\"twitter:data1\" content=\"cfeditorfr\" \/>\n\t<meta name=\"twitter:label2\" content=\"Dur\u00e9e de lecture estim\u00e9e\" \/>\n\t<meta name=\"twitter:data2\" content=\"4 minutes\" \/>\n<script type=\"application\/ld+json\" class=\"yoast-schema-graph\">{\"@context\":\"https:\/\/schema.org\",\"@graph\":[{\"@type\":\"Article\",\"@id\":\"https:\/\/www.africa-press.net\/togo\/politique\/tribunal-cedeao-une-plainte-contre-letat-togolais#article\",\"isPartOf\":{\"@id\":\"https:\/\/www.africa-press.net\/togo\/politique\/tribunal-cedeao-une-plainte-contre-letat-togolais\"},\"author\":{\"name\":\"cfeditorfr\",\"@id\":\"https:\/\/www.africa-press.net\/togo\/#\/schema\/person\/2b1cf3cd81a31e3cd26889ca66d677f1\"},\"headline\":\"Tribunal CEDEAO: Une plainte contre l\u2019Etat togolais\",\"datePublished\":\"2023-02-16T19:01:29+00:00\",\"dateModified\":\"2023-02-16T20:06:16+00:00\",\"mainEntityOfPage\":{\"@id\":\"https:\/\/www.africa-press.net\/togo\/politique\/tribunal-cedeao-une-plainte-contre-letat-togolais\"},\"wordCount\":708,\"commentCount\":0,\"image\":{\"@id\":\"https:\/\/www.africa-press.net\/togo\/politique\/tribunal-cedeao-une-plainte-contre-letat-togolais#primaryimage\"},\"thumbnailUrl\":\"https:\/\/static.africa-press.net\/togo\/sites\/58\/2023\/02\/postQueueImg_1676561551.38.jpg\",\"keywords\":[\"Africa Press\",\"Africa Press-Togo\",\"Togo\"],\"articleSection\":[\"Politique\",\"Toutes les actualit\u00e9s\"],\"inLanguage\":\"fr-FR\",\"potentialAction\":[{\"@type\":\"CommentAction\",\"name\":\"Comment\",\"target\":[\"https:\/\/www.africa-press.net\/togo\/politique\/tribunal-cedeao-une-plainte-contre-letat-togolais#respond\"]}]},{\"@type\":\"WebPage\",\"@id\":\"https:\/\/www.africa-press.net\/togo\/politique\/tribunal-cedeao-une-plainte-contre-letat-togolais\",\"url\":\"https:\/\/www.africa-press.net\/togo\/politique\/tribunal-cedeao-une-plainte-contre-letat-togolais\",\"name\":\"Tribunal CEDEAO: Une plainte contre l\u2019Etat togolais - Togo\",\"isPartOf\":{\"@id\":\"https:\/\/www.africa-press.net\/togo\/#website\"},\"primaryImageOfPage\":{\"@id\":\"https:\/\/www.africa-press.net\/togo\/politique\/tribunal-cedeao-une-plainte-contre-letat-togolais#primaryimage\"},\"image\":{\"@id\":\"https:\/\/www.africa-press.net\/togo\/politique\/tribunal-cedeao-une-plainte-contre-letat-togolais#primaryimage\"},\"thumbnailUrl\":\"https:\/\/static.africa-press.net\/togo\/sites\/58\/2023\/02\/postQueueImg_1676561551.38.jpg\",\"datePublished\":\"2023-02-16T19:01:29+00:00\",\"dateModified\":\"2023-02-16T20:06:16+00:00\",\"author\":{\"@id\":\"https:\/\/www.africa-press.net\/togo\/#\/schema\/person\/2b1cf3cd81a31e3cd26889ca66d677f1\"},\"description\":\"La Cour de Justice de la Communaute\u0301 Economique des Etats de l\u2019Afrique de l\u2019Ouest (CEDEAO) ouvre jeudi 16 fe\u0301vrier 20 ...\",\"breadcrumb\":{\"@id\":\"https:\/\/www.africa-press.net\/togo\/politique\/tribunal-cedeao-une-plainte-contre-letat-togolais#breadcrumb\"},\"inLanguage\":\"fr-FR\",\"potentialAction\":[{\"@type\":\"ReadAction\",\"target\":[\"https:\/\/www.africa-press.net\/togo\/politique\/tribunal-cedeao-une-plainte-contre-letat-togolais\"]}]},{\"@type\":\"ImageObject\",\"inLanguage\":\"fr-FR\",\"@id\":\"https:\/\/www.africa-press.net\/togo\/politique\/tribunal-cedeao-une-plainte-contre-letat-togolais#primaryimage\",\"url\":\"https:\/\/static.africa-press.net\/togo\/sites\/58\/2023\/02\/postQueueImg_1676561551.38.jpg\",\"contentUrl\":\"https:\/\/static.africa-press.net\/togo\/sites\/58\/2023\/02\/postQueueImg_1676561551.38.jpg\",\"width\":770,\"height\":400,\"caption\":\"Tribunal CEDEAO: Une plainte contre l\u2019Etat togolais\"},{\"@type\":\"BreadcrumbList\",\"@id\":\"https:\/\/www.africa-press.net\/togo\/politique\/tribunal-cedeao-une-plainte-contre-letat-togolais#breadcrumb\",\"itemListElement\":[{\"@type\":\"ListItem\",\"position\":1,\"name\":\"Accueil\",\"item\":\"https:\/\/www.africa-press.net\/togo\/\"},{\"@type\":\"ListItem\",\"position\":2,\"name\":\"Tribunal CEDEAO: Une plainte contre l\u2019Etat togolais\"}]},{\"@type\":\"WebSite\",\"@id\":\"https:\/\/www.africa-press.net\/togo\/#website\",\"url\":\"https:\/\/www.africa-press.net\/togo\/\",\"name\":\"Togo\",\"description\":\"Just another Africa News Agency Sites site\",\"potentialAction\":[{\"@type\":\"SearchAction\",\"target\":{\"@type\":\"EntryPoint\",\"urlTemplate\":\"https:\/\/www.africa-press.net\/togo\/?s={search_term_string}\"},\"query-input\":{\"@type\":\"PropertyValueSpecification\",\"valueRequired\":true,\"valueName\":\"search_term_string\"}}],\"inLanguage\":\"fr-FR\"},{\"@type\":\"Person\",\"@id\":\"https:\/\/www.africa-press.net\/togo\/#\/schema\/person\/2b1cf3cd81a31e3cd26889ca66d677f1\",\"name\":\"cfeditorfr\"}]}<\/script>\n<!-- \/ Yoast SEO Premium plugin. -->","yoast_head_json":{"title":"Tribunal CEDEAO: Une plainte contre l\u2019Etat togolais - Togo","description":"La Cour de Justice de la Communaute\u0301 Economique des Etats de l\u2019Afrique de l\u2019Ouest (CEDEAO) ouvre jeudi 16 fe\u0301vrier 20 ...","robots":{"index":"index","follow":"follow","max-snippet":"max-snippet:-1","max-image-preview":"max-image-preview:large","max-video-preview":"max-video-preview:-1"},"canonical":"https:\/\/www.africa-press.net\/togo\/politique\/tribunal-cedeao-une-plainte-contre-letat-togolais","og_locale":"fr_FR","og_type":"article","og_title":"Tribunal CEDEAO: Une plainte contre l\u2019Etat togolais","og_description":"La Cour de Justice de la Communaute\u0301 Economique des Etats de l\u2019Afrique de l\u2019Ouest (CEDEAO) ouvre jeudi 16 fe\u0301vrier 20 ...","og_url":"https:\/\/www.africa-press.net\/togo\/politique\/tribunal-cedeao-une-plainte-contre-letat-togolais","og_site_name":"Togo","article_published_time":"2023-02-16T19:01:29+00:00","article_modified_time":"2023-02-16T20:06:16+00:00","og_image":[{"width":770,"height":400,"url":"https:\/\/static.africa-press.net\/togo\/sites\/58\/2023\/02\/postQueueImg_1676561551.38.jpg","type":"image\/jpeg"}],"author":"cfeditorfr","twitter_card":"summary_large_image","twitter_misc":{"\u00c9crit par":"cfeditorfr","Dur\u00e9e de lecture estim\u00e9e":"4 minutes"},"schema":{"@context":"https:\/\/schema.org","@graph":[{"@type":"Article","@id":"https:\/\/www.africa-press.net\/togo\/politique\/tribunal-cedeao-une-plainte-contre-letat-togolais#article","isPartOf":{"@id":"https:\/\/www.africa-press.net\/togo\/politique\/tribunal-cedeao-une-plainte-contre-letat-togolais"},"author":{"name":"cfeditorfr","@id":"https:\/\/www.africa-press.net\/togo\/#\/schema\/person\/2b1cf3cd81a31e3cd26889ca66d677f1"},"headline":"Tribunal CEDEAO: Une plainte contre l\u2019Etat togolais","datePublished":"2023-02-16T19:01:29+00:00","dateModified":"2023-02-16T20:06:16+00:00","mainEntityOfPage":{"@id":"https:\/\/www.africa-press.net\/togo\/politique\/tribunal-cedeao-une-plainte-contre-letat-togolais"},"wordCount":708,"commentCount":0,"image":{"@id":"https:\/\/www.africa-press.net\/togo\/politique\/tribunal-cedeao-une-plainte-contre-letat-togolais#primaryimage"},"thumbnailUrl":"https:\/\/static.africa-press.net\/togo\/sites\/58\/2023\/02\/postQueueImg_1676561551.38.jpg","keywords":["Africa Press","Africa Press-Togo","Togo"],"articleSection":["Politique","Toutes les actualit\u00e9s"],"inLanguage":"fr-FR","potentialAction":[{"@type":"CommentAction","name":"Comment","target":["https:\/\/www.africa-press.net\/togo\/politique\/tribunal-cedeao-une-plainte-contre-letat-togolais#respond"]}]},{"@type":"WebPage","@id":"https:\/\/www.africa-press.net\/togo\/politique\/tribunal-cedeao-une-plainte-contre-letat-togolais","url":"https:\/\/www.africa-press.net\/togo\/politique\/tribunal-cedeao-une-plainte-contre-letat-togolais","name":"Tribunal CEDEAO: Une plainte contre l\u2019Etat togolais - Togo","isPartOf":{"@id":"https:\/\/www.africa-press.net\/togo\/#website"},"primaryImageOfPage":{"@id":"https:\/\/www.africa-press.net\/togo\/politique\/tribunal-cedeao-une-plainte-contre-letat-togolais#primaryimage"},"image":{"@id":"https:\/\/www.africa-press.net\/togo\/politique\/tribunal-cedeao-une-plainte-contre-letat-togolais#primaryimage"},"thumbnailUrl":"https:\/\/static.africa-press.net\/togo\/sites\/58\/2023\/02\/postQueueImg_1676561551.38.jpg","datePublished":"2023-02-16T19:01:29+00:00","dateModified":"2023-02-16T20:06:16+00:00","author":{"@id":"https:\/\/www.africa-press.net\/togo\/#\/schema\/person\/2b1cf3cd81a31e3cd26889ca66d677f1"},"description":"La Cour de Justice de la Communaute\u0301 Economique des Etats de l\u2019Afrique de l\u2019Ouest (CEDEAO) ouvre jeudi 16 fe\u0301vrier 20 ...","breadcrumb":{"@id":"https:\/\/www.africa-press.net\/togo\/politique\/tribunal-cedeao-une-plainte-contre-letat-togolais#breadcrumb"},"inLanguage":"fr-FR","potentialAction":[{"@type":"ReadAction","target":["https:\/\/www.africa-press.net\/togo\/politique\/tribunal-cedeao-une-plainte-contre-letat-togolais"]}]},{"@type":"ImageObject","inLanguage":"fr-FR","@id":"https:\/\/www.africa-press.net\/togo\/politique\/tribunal-cedeao-une-plainte-contre-letat-togolais#primaryimage","url":"https:\/\/static.africa-press.net\/togo\/sites\/58\/2023\/02\/postQueueImg_1676561551.38.jpg","contentUrl":"https:\/\/static.africa-press.net\/togo\/sites\/58\/2023\/02\/postQueueImg_1676561551.38.jpg","width":770,"height":400,"caption":"Tribunal CEDEAO: Une plainte contre l\u2019Etat togolais"},{"@type":"BreadcrumbList","@id":"https:\/\/www.africa-press.net\/togo\/politique\/tribunal-cedeao-une-plainte-contre-letat-togolais#breadcrumb","itemListElement":[{"@type":"ListItem","position":1,"name":"Accueil","item":"https:\/\/www.africa-press.net\/togo\/"},{"@type":"ListItem","position":2,"name":"Tribunal CEDEAO: Une plainte contre l\u2019Etat togolais"}]},{"@type":"WebSite","@id":"https:\/\/www.africa-press.net\/togo\/#website","url":"https:\/\/www.africa-press.net\/togo\/","name":"Togo","description":"Just another Africa News Agency Sites site","potentialAction":[{"@type":"SearchAction","target":{"@type":"EntryPoint","urlTemplate":"https:\/\/www.africa-press.net\/togo\/?s={search_term_string}"},"query-input":{"@type":"PropertyValueSpecification","valueRequired":true,"valueName":"search_term_string"}}],"inLanguage":"fr-FR"},{"@type":"Person","@id":"https:\/\/www.africa-press.net\/togo\/#\/schema\/person\/2b1cf3cd81a31e3cd26889ca66d677f1","name":"cfeditorfr"}]}},"_links":{"self":[{"href":"https:\/\/www.africa-press.net\/togo\/wp-json\/wp\/v2\/posts\/17266","targetHints":{"allow":["GET"]}}],"collection":[{"href":"https:\/\/www.africa-press.net\/togo\/wp-json\/wp\/v2\/posts"}],"about":[{"href":"https:\/\/www.africa-press.net\/togo\/wp-json\/wp\/v2\/types\/post"}],"author":[{"embeddable":true,"href":"https:\/\/www.africa-press.net\/togo\/wp-json\/wp\/v2\/users\/82"}],"replies":[{"embeddable":true,"href":"https:\/\/www.africa-press.net\/togo\/wp-json\/wp\/v2\/comments?post=17266"}],"version-history":[{"count":0,"href":"https:\/\/www.africa-press.net\/togo\/wp-json\/wp\/v2\/posts\/17266\/revisions"}],"wp:featuredmedia":[{"embeddable":true,"href":"https:\/\/www.africa-press.net\/togo\/wp-json\/wp\/v2\/media\/17265"}],"wp:attachment":[{"href":"https:\/\/www.africa-press.net\/togo\/wp-json\/wp\/v2\/media?parent=17266"}],"wp:term":[{"taxonomy":"category","embeddable":true,"href":"https:\/\/www.africa-press.net\/togo\/wp-json\/wp\/v2\/categories?post=17266"},{"taxonomy":"post_tag","embeddable":true,"href":"https:\/\/www.africa-press.net\/togo\/wp-json\/wp\/v2\/tags?post=17266"}],"curies":[{"name":"wp","href":"https:\/\/api.w.org\/{rel}","templated":true}]}}