{"id":17335,"date":"2023-02-17T12:25:30","date_gmt":"2023-02-17T12:25:30","guid":{"rendered":"https:\/\/www.africa-press.net\/togo\/politique\/le-verdict-est-tombe-lacteur-bruce-willis-atteint-de-demence"},"modified":"2023-02-17T12:39:35","modified_gmt":"2023-02-17T12:39:35","slug":"le-verdict-est-tombe-lacteur-bruce-willis-atteint-de-demence","status":"publish","type":"post","link":"https:\/\/www.africa-press.net\/togo\/toutes-les-actualites\/le-verdict-est-tombe-lacteur-bruce-willis-atteint-de-demence","title":{"rendered":"Le verdict est tomb\u00e9 : l\u2019acteur Bruce Willis atteint de d\u00e9mence"},"content":{"rendered":"<p><span style=\"color: #ff6600\"><strong>Africa-Press &#8211; Togo. <\/strong><\/span><b>L\u2019acteur et producteur de cine\u0301ma ame\u0301ricain est atteint de de\u0301mence. Sa famille confie souffrir de ce qui lui arrive a\u0300 seulement a\u0300 67 ans.<\/b><\/p>\n<p>C\u2019est sur Instagram que la terrible nouvelle a e\u0301te\u0301 annonce\u0301e ce jeudi 16 fe\u0301vrier 2023. Jusque-la\u0300 garde\u0301 secret, le mal qui ronge la star depuis quelques mois a e\u0301te\u0301 re\u0301ve\u0301le\u0301. Bruce Willis souffre de de\u0301mence.<\/p>\n<p>En re\u0301alite\u0301, il s\u2019agit d\u2019une forme d\u2019Alzheimer qui ne dispose pas encore de traitement. En re\u0301alite\u0301, re\u0301ve\u0300lent ses proches, il est atteint de \u00ab de\u0301ge\u0301ne\u0301rescence fronto-temporale, selon Emma Heming, sa femme, Demi Moore, son ex-e\u0301pouse et ses trois filles Rumer Glenn, Tallulah Belle et Scout LaRue.<\/p>\n<p>\u00ab Malheureusement, les difficulte\u0301s de communication ne sont qu\u2019un sympto\u0302me de la maladie a\u0300 laquelle Bruce est confronte\u0301. Bien que cela soit douloureux, c\u2019est un soulagement d\u2019avoir enfin un diagnostic clair \u00bb, ont-elles pre\u0301cise\u0301. C\u2019est donc une famille unie dans la tristesse qui a de\u0301cide\u0301 d\u2019informer les nombreux fans de l\u2019acteur et producteurs ame\u0301ricains.<\/p>\n<p>Le natif d\u2019Idar-Oberstein en Allemagne a e\u0301te\u0301 contraint d\u2019annoncer la fin de sa carrie\u0300re en mars 2022 a\u0300 cause de l\u2019aphasie (trouble de langage).<\/p>\n<p><strong>Pour plus d&rsquo;informations et d&rsquo;analyses sur la <a href=\"https:\/\/www.africa-press.net\/togo\">Togo<\/a>, suivez <a href=\"https:\/\/www.africa-press.net\/\">Africa-Press<\/a><\/strong><\/p>\n","protected":false},"excerpt":{"rendered":"<p>Africa-Press &#8211; Togo. L\u2019acteur et producteur de cine\u0301ma ame\u0301ricain est atteint de de\u0301mence. Sa famille confie souffrir de ce qui lui arrive a\u0300 seulement a\u0300 67 ans. C\u2019est sur Instagram que la terrible nouvelle a e\u0301te\u0301 annonce\u0301e ce jeudi 16 fe\u0301vrier 2023. Jusque-la\u0300 garde\u0301 secret, le mal qui ronge la star depuis quelques mois a [&hellip;]<\/p>\n","protected":false},"author":82,"featured_media":17333,"comment_status":"open","ping_status":"closed","sticky":false,"template":"","format":"standard","meta":{"footnotes":""},"categories":[21,10],"tags":[36,49,50],"class_list":["post-17335","post","type-post","status-publish","format-standard","has-post-thumbnail","hentry","category-communaute","category-toutes-les-actualites","tag-africa-press","tag-africa-press-togo","tag-togo"],"yoast_head":"<!-- This site is optimized with the Yoast SEO Premium plugin v26.1 (Yoast SEO v27.0) - https:\/\/yoast.com\/product\/yoast-seo-premium-wordpress\/ -->\n<title>Le verdict est tomb\u00e9 : l\u2019acteur Bruce Willis atteint de d\u00e9mence - Togo<\/title>\n<meta name=\"description\" content=\"L\u2019acteur et producteur de cine\u0301ma ame\u0301ricain est atteint de de\u0301mence. Sa famille confie souffrir de ce qui lui arrive ...\" \/>\n<meta name=\"robots\" content=\"index, follow, max-snippet:-1, max-image-preview:large, max-video-preview:-1\" \/>\n<link rel=\"canonical\" href=\"https:\/\/www.africa-press.net\/togo\/toutes-les-actualites\/le-verdict-est-tombe-lacteur-bruce-willis-atteint-de-demence\" \/>\n<meta property=\"og:locale\" content=\"fr_FR\" \/>\n<meta property=\"og:type\" content=\"article\" \/>\n<meta property=\"og:title\" content=\"Le verdict est tomb\u00e9 : l\u2019acteur Bruce Willis atteint de d\u00e9mence\" \/>\n<meta property=\"og:description\" content=\"L\u2019acteur et producteur de cine\u0301ma ame\u0301ricain est atteint de de\u0301mence. Sa famille confie souffrir de ce qui lui arrive ...\" \/>\n<meta property=\"og:url\" content=\"https:\/\/www.africa-press.net\/togo\/toutes-les-actualites\/le-verdict-est-tombe-lacteur-bruce-willis-atteint-de-demence\" \/>\n<meta property=\"og:site_name\" content=\"Togo\" \/>\n<meta property=\"article:published_time\" content=\"2023-02-17T12:25:30+00:00\" \/>\n<meta property=\"article:modified_time\" content=\"2023-02-17T12:39:35+00:00\" \/>\n<meta property=\"og:image\" content=\"https:\/\/static.africa-press.net\/togo\/sites\/58\/2023\/02\/postQueueImg_1676624135.93.jpg\" \/>\n\t<meta property=\"og:image:width\" content=\"1280\" \/>\n\t<meta property=\"og:image:height\" content=\"800\" \/>\n\t<meta property=\"og:image:type\" content=\"image\/jpeg\" \/>\n<meta name=\"author\" content=\"cfeditorfr\" \/>\n<meta name=\"twitter:card\" content=\"summary_large_image\" \/>\n<meta name=\"twitter:label1\" content=\"\u00c9crit par\" \/>\n\t<meta name=\"twitter:data1\" content=\"cfeditorfr\" \/>\n\t<meta name=\"twitter:label2\" content=\"Dur\u00e9e de lecture estim\u00e9e\" \/>\n\t<meta name=\"twitter:data2\" content=\"1 minute\" \/>\n<script type=\"application\/ld+json\" class=\"yoast-schema-graph\">{\"@context\":\"https:\/\/schema.org\",\"@graph\":[{\"@type\":\"Article\",\"@id\":\"https:\/\/www.africa-press.net\/togo\/toutes-les-actualites\/le-verdict-est-tombe-lacteur-bruce-willis-atteint-de-demence#article\",\"isPartOf\":{\"@id\":\"https:\/\/www.africa-press.net\/togo\/toutes-les-actualites\/le-verdict-est-tombe-lacteur-bruce-willis-atteint-de-demence\"},\"author\":{\"name\":\"cfeditorfr\",\"@id\":\"https:\/\/www.africa-press.net\/togo\/#\/schema\/person\/2b1cf3cd81a31e3cd26889ca66d677f1\"},\"headline\":\"Le verdict est tomb\u00e9 : l\u2019acteur Bruce Willis atteint de d\u00e9mence\",\"datePublished\":\"2023-02-17T12:25:30+00:00\",\"dateModified\":\"2023-02-17T12:39:35+00:00\",\"mainEntityOfPage\":{\"@id\":\"https:\/\/www.africa-press.net\/togo\/toutes-les-actualites\/le-verdict-est-tombe-lacteur-bruce-willis-atteint-de-demence\"},\"wordCount\":242,\"commentCount\":0,\"image\":{\"@id\":\"https:\/\/www.africa-press.net\/togo\/toutes-les-actualites\/le-verdict-est-tombe-lacteur-bruce-willis-atteint-de-demence#primaryimage\"},\"thumbnailUrl\":\"https:\/\/static.africa-press.net\/togo\/sites\/58\/2023\/02\/postQueueImg_1676624135.93.jpg\",\"keywords\":[\"Africa Press\",\"Africa Press-Togo\",\"Togo\"],\"articleSection\":[\"Communaut\u00e9\",\"Toutes les actualit\u00e9s\"],\"inLanguage\":\"fr-FR\",\"potentialAction\":[{\"@type\":\"CommentAction\",\"name\":\"Comment\",\"target\":[\"https:\/\/www.africa-press.net\/togo\/toutes-les-actualites\/le-verdict-est-tombe-lacteur-bruce-willis-atteint-de-demence#respond\"]}]},{\"@type\":\"WebPage\",\"@id\":\"https:\/\/www.africa-press.net\/togo\/toutes-les-actualites\/le-verdict-est-tombe-lacteur-bruce-willis-atteint-de-demence\",\"url\":\"https:\/\/www.africa-press.net\/togo\/toutes-les-actualites\/le-verdict-est-tombe-lacteur-bruce-willis-atteint-de-demence\",\"name\":\"Le verdict est tomb\u00e9 : l\u2019acteur Bruce Willis atteint de d\u00e9mence - Togo\",\"isPartOf\":{\"@id\":\"https:\/\/www.africa-press.net\/togo\/#website\"},\"primaryImageOfPage\":{\"@id\":\"https:\/\/www.africa-press.net\/togo\/toutes-les-actualites\/le-verdict-est-tombe-lacteur-bruce-willis-atteint-de-demence#primaryimage\"},\"image\":{\"@id\":\"https:\/\/www.africa-press.net\/togo\/toutes-les-actualites\/le-verdict-est-tombe-lacteur-bruce-willis-atteint-de-demence#primaryimage\"},\"thumbnailUrl\":\"https:\/\/static.africa-press.net\/togo\/sites\/58\/2023\/02\/postQueueImg_1676624135.93.jpg\",\"datePublished\":\"2023-02-17T12:25:30+00:00\",\"dateModified\":\"2023-02-17T12:39:35+00:00\",\"author\":{\"@id\":\"https:\/\/www.africa-press.net\/togo\/#\/schema\/person\/2b1cf3cd81a31e3cd26889ca66d677f1\"},\"description\":\"L\u2019acteur et producteur de cine\u0301ma ame\u0301ricain est atteint de de\u0301mence. Sa famille confie souffrir de ce qui lui arrive ...\",\"breadcrumb\":{\"@id\":\"https:\/\/www.africa-press.net\/togo\/toutes-les-actualites\/le-verdict-est-tombe-lacteur-bruce-willis-atteint-de-demence#breadcrumb\"},\"inLanguage\":\"fr-FR\",\"potentialAction\":[{\"@type\":\"ReadAction\",\"target\":[\"https:\/\/www.africa-press.net\/togo\/toutes-les-actualites\/le-verdict-est-tombe-lacteur-bruce-willis-atteint-de-demence\"]}]},{\"@type\":\"ImageObject\",\"inLanguage\":\"fr-FR\",\"@id\":\"https:\/\/www.africa-press.net\/togo\/toutes-les-actualites\/le-verdict-est-tombe-lacteur-bruce-willis-atteint-de-demence#primaryimage\",\"url\":\"https:\/\/static.africa-press.net\/togo\/sites\/58\/2023\/02\/postQueueImg_1676624135.93.jpg\",\"contentUrl\":\"https:\/\/static.africa-press.net\/togo\/sites\/58\/2023\/02\/postQueueImg_1676624135.93.jpg\",\"width\":1280,\"height\":800,\"caption\":\"Le verdict est tomb\u00e9 : l\u2019acteur Bruce Willis atteint de d\u00e9mence\"},{\"@type\":\"BreadcrumbList\",\"@id\":\"https:\/\/www.africa-press.net\/togo\/toutes-les-actualites\/le-verdict-est-tombe-lacteur-bruce-willis-atteint-de-demence#breadcrumb\",\"itemListElement\":[{\"@type\":\"ListItem\",\"position\":1,\"name\":\"Accueil\",\"item\":\"https:\/\/www.africa-press.net\/togo\/\"},{\"@type\":\"ListItem\",\"position\":2,\"name\":\"Le verdict est tomb\u00e9 : l\u2019acteur Bruce Willis atteint de d\u00e9mence\"}]},{\"@type\":\"WebSite\",\"@id\":\"https:\/\/www.africa-press.net\/togo\/#website\",\"url\":\"https:\/\/www.africa-press.net\/togo\/\",\"name\":\"Togo\",\"description\":\"Just another Africa News Agency Sites site\",\"potentialAction\":[{\"@type\":\"SearchAction\",\"target\":{\"@type\":\"EntryPoint\",\"urlTemplate\":\"https:\/\/www.africa-press.net\/togo\/?s={search_term_string}\"},\"query-input\":{\"@type\":\"PropertyValueSpecification\",\"valueRequired\":true,\"valueName\":\"search_term_string\"}}],\"inLanguage\":\"fr-FR\"},{\"@type\":\"Person\",\"@id\":\"https:\/\/www.africa-press.net\/togo\/#\/schema\/person\/2b1cf3cd81a31e3cd26889ca66d677f1\",\"name\":\"cfeditorfr\"}]}<\/script>\n<!-- \/ Yoast SEO Premium plugin. -->","yoast_head_json":{"title":"Le verdict est tomb\u00e9 : l\u2019acteur Bruce Willis atteint de d\u00e9mence - Togo","description":"L\u2019acteur et producteur de cine\u0301ma ame\u0301ricain est atteint de de\u0301mence. Sa famille confie souffrir de ce qui lui arrive ...","robots":{"index":"index","follow":"follow","max-snippet":"max-snippet:-1","max-image-preview":"max-image-preview:large","max-video-preview":"max-video-preview:-1"},"canonical":"https:\/\/www.africa-press.net\/togo\/toutes-les-actualites\/le-verdict-est-tombe-lacteur-bruce-willis-atteint-de-demence","og_locale":"fr_FR","og_type":"article","og_title":"Le verdict est tomb\u00e9 : l\u2019acteur Bruce Willis atteint de d\u00e9mence","og_description":"L\u2019acteur et producteur de cine\u0301ma ame\u0301ricain est atteint de de\u0301mence. Sa famille confie souffrir de ce qui lui arrive ...","og_url":"https:\/\/www.africa-press.net\/togo\/toutes-les-actualites\/le-verdict-est-tombe-lacteur-bruce-willis-atteint-de-demence","og_site_name":"Togo","article_published_time":"2023-02-17T12:25:30+00:00","article_modified_time":"2023-02-17T12:39:35+00:00","og_image":[{"width":1280,"height":800,"url":"https:\/\/static.africa-press.net\/togo\/sites\/58\/2023\/02\/postQueueImg_1676624135.93.jpg","type":"image\/jpeg"}],"author":"cfeditorfr","twitter_card":"summary_large_image","twitter_misc":{"\u00c9crit par":"cfeditorfr","Dur\u00e9e de lecture estim\u00e9e":"1 minute"},"schema":{"@context":"https:\/\/schema.org","@graph":[{"@type":"Article","@id":"https:\/\/www.africa-press.net\/togo\/toutes-les-actualites\/le-verdict-est-tombe-lacteur-bruce-willis-atteint-de-demence#article","isPartOf":{"@id":"https:\/\/www.africa-press.net\/togo\/toutes-les-actualites\/le-verdict-est-tombe-lacteur-bruce-willis-atteint-de-demence"},"author":{"name":"cfeditorfr","@id":"https:\/\/www.africa-press.net\/togo\/#\/schema\/person\/2b1cf3cd81a31e3cd26889ca66d677f1"},"headline":"Le verdict est tomb\u00e9 : l\u2019acteur Bruce Willis atteint de d\u00e9mence","datePublished":"2023-02-17T12:25:30+00:00","dateModified":"2023-02-17T12:39:35+00:00","mainEntityOfPage":{"@id":"https:\/\/www.africa-press.net\/togo\/toutes-les-actualites\/le-verdict-est-tombe-lacteur-bruce-willis-atteint-de-demence"},"wordCount":242,"commentCount":0,"image":{"@id":"https:\/\/www.africa-press.net\/togo\/toutes-les-actualites\/le-verdict-est-tombe-lacteur-bruce-willis-atteint-de-demence#primaryimage"},"thumbnailUrl":"https:\/\/static.africa-press.net\/togo\/sites\/58\/2023\/02\/postQueueImg_1676624135.93.jpg","keywords":["Africa Press","Africa Press-Togo","Togo"],"articleSection":["Communaut\u00e9","Toutes les actualit\u00e9s"],"inLanguage":"fr-FR","potentialAction":[{"@type":"CommentAction","name":"Comment","target":["https:\/\/www.africa-press.net\/togo\/toutes-les-actualites\/le-verdict-est-tombe-lacteur-bruce-willis-atteint-de-demence#respond"]}]},{"@type":"WebPage","@id":"https:\/\/www.africa-press.net\/togo\/toutes-les-actualites\/le-verdict-est-tombe-lacteur-bruce-willis-atteint-de-demence","url":"https:\/\/www.africa-press.net\/togo\/toutes-les-actualites\/le-verdict-est-tombe-lacteur-bruce-willis-atteint-de-demence","name":"Le verdict est tomb\u00e9 : l\u2019acteur Bruce Willis atteint de d\u00e9mence - Togo","isPartOf":{"@id":"https:\/\/www.africa-press.net\/togo\/#website"},"primaryImageOfPage":{"@id":"https:\/\/www.africa-press.net\/togo\/toutes-les-actualites\/le-verdict-est-tombe-lacteur-bruce-willis-atteint-de-demence#primaryimage"},"image":{"@id":"https:\/\/www.africa-press.net\/togo\/toutes-les-actualites\/le-verdict-est-tombe-lacteur-bruce-willis-atteint-de-demence#primaryimage"},"thumbnailUrl":"https:\/\/static.africa-press.net\/togo\/sites\/58\/2023\/02\/postQueueImg_1676624135.93.jpg","datePublished":"2023-02-17T12:25:30+00:00","dateModified":"2023-02-17T12:39:35+00:00","author":{"@id":"https:\/\/www.africa-press.net\/togo\/#\/schema\/person\/2b1cf3cd81a31e3cd26889ca66d677f1"},"description":"L\u2019acteur et producteur de cine\u0301ma ame\u0301ricain est atteint de de\u0301mence. Sa famille confie souffrir de ce qui lui arrive ...","breadcrumb":{"@id":"https:\/\/www.africa-press.net\/togo\/toutes-les-actualites\/le-verdict-est-tombe-lacteur-bruce-willis-atteint-de-demence#breadcrumb"},"inLanguage":"fr-FR","potentialAction":[{"@type":"ReadAction","target":["https:\/\/www.africa-press.net\/togo\/toutes-les-actualites\/le-verdict-est-tombe-lacteur-bruce-willis-atteint-de-demence"]}]},{"@type":"ImageObject","inLanguage":"fr-FR","@id":"https:\/\/www.africa-press.net\/togo\/toutes-les-actualites\/le-verdict-est-tombe-lacteur-bruce-willis-atteint-de-demence#primaryimage","url":"https:\/\/static.africa-press.net\/togo\/sites\/58\/2023\/02\/postQueueImg_1676624135.93.jpg","contentUrl":"https:\/\/static.africa-press.net\/togo\/sites\/58\/2023\/02\/postQueueImg_1676624135.93.jpg","width":1280,"height":800,"caption":"Le verdict est tomb\u00e9 : l\u2019acteur Bruce Willis atteint de d\u00e9mence"},{"@type":"BreadcrumbList","@id":"https:\/\/www.africa-press.net\/togo\/toutes-les-actualites\/le-verdict-est-tombe-lacteur-bruce-willis-atteint-de-demence#breadcrumb","itemListElement":[{"@type":"ListItem","position":1,"name":"Accueil","item":"https:\/\/www.africa-press.net\/togo\/"},{"@type":"ListItem","position":2,"name":"Le verdict est tomb\u00e9 : l\u2019acteur Bruce Willis atteint de d\u00e9mence"}]},{"@type":"WebSite","@id":"https:\/\/www.africa-press.net\/togo\/#website","url":"https:\/\/www.africa-press.net\/togo\/","name":"Togo","description":"Just another Africa News Agency Sites site","potentialAction":[{"@type":"SearchAction","target":{"@type":"EntryPoint","urlTemplate":"https:\/\/www.africa-press.net\/togo\/?s={search_term_string}"},"query-input":{"@type":"PropertyValueSpecification","valueRequired":true,"valueName":"search_term_string"}}],"inLanguage":"fr-FR"},{"@type":"Person","@id":"https:\/\/www.africa-press.net\/togo\/#\/schema\/person\/2b1cf3cd81a31e3cd26889ca66d677f1","name":"cfeditorfr"}]}},"_links":{"self":[{"href":"https:\/\/www.africa-press.net\/togo\/wp-json\/wp\/v2\/posts\/17335","targetHints":{"allow":["GET"]}}],"collection":[{"href":"https:\/\/www.africa-press.net\/togo\/wp-json\/wp\/v2\/posts"}],"about":[{"href":"https:\/\/www.africa-press.net\/togo\/wp-json\/wp\/v2\/types\/post"}],"author":[{"embeddable":true,"href":"https:\/\/www.africa-press.net\/togo\/wp-json\/wp\/v2\/users\/82"}],"replies":[{"embeddable":true,"href":"https:\/\/www.africa-press.net\/togo\/wp-json\/wp\/v2\/comments?post=17335"}],"version-history":[{"count":0,"href":"https:\/\/www.africa-press.net\/togo\/wp-json\/wp\/v2\/posts\/17335\/revisions"}],"wp:featuredmedia":[{"embeddable":true,"href":"https:\/\/www.africa-press.net\/togo\/wp-json\/wp\/v2\/media\/17333"}],"wp:attachment":[{"href":"https:\/\/www.africa-press.net\/togo\/wp-json\/wp\/v2\/media?parent=17335"}],"wp:term":[{"taxonomy":"category","embeddable":true,"href":"https:\/\/www.africa-press.net\/togo\/wp-json\/wp\/v2\/categories?post=17335"},{"taxonomy":"post_tag","embeddable":true,"href":"https:\/\/www.africa-press.net\/togo\/wp-json\/wp\/v2\/tags?post=17335"}],"curies":[{"name":"wp","href":"https:\/\/api.w.org\/{rel}","templated":true}]}}