{"id":17346,"date":"2023-02-17T12:26:00","date_gmt":"2023-02-17T12:26:00","guid":{"rendered":"https:\/\/www.africa-press.net\/togo\/politique\/je-pars-du-togo-avec-un-sentiment-de-satisfaction-aliou-dia"},"modified":"2023-02-17T12:44:56","modified_gmt":"2023-02-17T12:44:56","slug":"je-pars-du-togo-avec-un-sentiment-de-satisfaction-aliou-dia","status":"publish","type":"post","link":"https:\/\/www.africa-press.net\/togo\/politique\/je-pars-du-togo-avec-un-sentiment-de-satisfaction-aliou-dia","title":{"rendered":"\u201cJe pars du Togo avec un sentiment de satisfaction\u201d-Aliou Dia"},"content":{"rendered":"<p><span style=\"color: #ff6600\"><strong>Africa-Press &#8211; Togo. <\/strong><\/span><b>En fin de mission, le Repre\u0301sentant re\u0301sident du Programme des Nations Unies pour le de\u0301veloppement (PNUD) au Togo, Aliou Dia, a effectue\u0301 jeudi sa dernie\u0300re visite a\u0300 Cheffe du gouvernement Togolais, Victoire Tome\u0301gah-Dogbe\u0301 avant son de\u0301part du pays.<\/b><\/p>\n<p>La rencontre de ce 16 fe\u0301vrier 2023 a\u0300 la Primature, a permis au Haut fonctionnaire des Nations unies de pre\u0301senter les re\u0301alisations majeures du PNUD au Togo durant les quatre dernie\u0300res anne\u0301es.<\/p>\n<p>\u00ab Je pars du Togo avec un sentiment de satisfaction. Nous avons travaille\u0301 a\u0300 accompagner le gouvernement dans la mise en \u0153uvre d\u2019abord du PND, ensuite nous avons e\u0301te\u0301 aux co\u0302te\u0301s du gouvernement pendant et apre\u0300s la Covid-19 pour l\u2019aider a\u0300 bien re\u0301pondre a\u0300 la Covid. Et le Togo est l\u2019un des pays qui est cite\u0301 en exemple dans le cadre de la gestion de cette crise sanitaire. Nous sommes aux co\u0302te\u0301s du gouvernement pour la mise en \u0153uvre de la feuille de route. Le PNUD que j\u2019ai eu l\u2019honneur de repre\u0301senter ces quatre dernie\u0300res anne\u0301es ici au Togo, dans tous les domaines, a e\u0301te\u0301 pre\u0301sent \u00bb, a-t-il de\u0301clare\u0301 a\u0300 l\u2019issue de la rencontre.<\/p>\n<p>Monsieur Dia a e\u0301galement rassure\u0301 le pays quant a\u0300 la disponibilite\u0301 de la nouvelle e\u0301quipe dans la poursuite des diffe\u0301rents chantiers entame\u0301s.<\/p>\n<p>\u00ab J\u2019ose espe\u0301rer que ce que nous avons pu faire en quatre ans, la nouvelle e\u0301quipe pourra faire mieux que cela et j\u2019en suis convaincu. L\u2019autre chose qui m\u2019a marque\u0301, c\u2019est l\u2019accessibilite\u0301 des autorite\u0301s togolaises. Je pense que cet acce\u0300s nous a facilite\u0301 e\u0301norme\u0301ment de choses. D\u2019habitude, on dit que le Se\u0301ne\u0301gal, c\u2019est le pays de la Te\u0301ranga, mais je pense que le Togo, c\u2019est le pays de l\u2019hospitalite\u0301, c\u2019est un pays du partage, c\u2019est un pays que je porte dans mon c\u0153ur \u00bb, a-t-il conclu.<\/p>\n<p>Aliou Dia, de nationalite\u0301 se\u0301ne\u0301galaise, a pris ses fonctions de Repre\u0301sentant re\u0301sident du PNUD au Togo en avril 2019. Il a e\u0301te\u0301 nomme\u0301 par l\u2019Administrateur du PNUD, M. Achim Steiner a\u0300 la suite de la re\u0301forme du Syste\u0300me des Nations Unies, se\u0301parant la Repre\u0301sentation du PNUD du Bureau de Coordination du Syste\u0300me des Nations Unies.<\/p>\n<p><strong>Pour plus d&rsquo;informations et d&rsquo;analyses sur la <a href=\"https:\/\/www.africa-press.net\/togo\">Togo<\/a>, suivez <a href=\"https:\/\/www.africa-press.net\/\">Africa-Press<\/a><\/strong><\/p>\n","protected":false},"excerpt":{"rendered":"<p>Africa-Press &#8211; Togo. En fin de mission, le Repre\u0301sentant re\u0301sident du Programme des Nations Unies pour le de\u0301veloppement (PNUD) au Togo, Aliou Dia, a effectue\u0301 jeudi sa dernie\u0300re visite a\u0300 Cheffe du gouvernement Togolais, Victoire Tome\u0301gah-Dogbe\u0301 avant son de\u0301part du pays. La rencontre de ce 16 fe\u0301vrier 2023 a\u0300 la Primature, a permis au Haut [&hellip;]<\/p>\n","protected":false},"author":82,"featured_media":17345,"comment_status":"open","ping_status":"closed","sticky":false,"template":"","format":"standard","meta":{"footnotes":""},"categories":[2,10],"tags":[36,49,50],"class_list":["post-17346","post","type-post","status-publish","format-standard","has-post-thumbnail","hentry","category-politique","category-toutes-les-actualites","tag-africa-press","tag-africa-press-togo","tag-togo"],"yoast_head":"<!-- This site is optimized with the Yoast SEO Premium plugin v26.1 (Yoast SEO v27.0) - https:\/\/yoast.com\/product\/yoast-seo-premium-wordpress\/ -->\n<title>\u201cJe pars du Togo avec un sentiment de satisfaction\u201d-Aliou Dia - Togo<\/title>\n<meta name=\"description\" content=\"En fin de mission, le Repre\u0301sentant re\u0301sident du Programme des Nations Unies pour le de\u0301veloppement (PNUD) au Togo, A ...\" \/>\n<meta name=\"robots\" content=\"index, follow, max-snippet:-1, max-image-preview:large, max-video-preview:-1\" \/>\n<link rel=\"canonical\" href=\"https:\/\/www.africa-press.net\/togo\/politique\/je-pars-du-togo-avec-un-sentiment-de-satisfaction-aliou-dia\" \/>\n<meta property=\"og:locale\" content=\"fr_FR\" \/>\n<meta property=\"og:type\" content=\"article\" \/>\n<meta property=\"og:title\" content=\"\u201cJe pars du Togo avec un sentiment de satisfaction\u201d-Aliou Dia\" \/>\n<meta property=\"og:description\" content=\"En fin de mission, le Repre\u0301sentant re\u0301sident du Programme des Nations Unies pour le de\u0301veloppement (PNUD) au Togo, A ...\" \/>\n<meta property=\"og:url\" content=\"https:\/\/www.africa-press.net\/togo\/politique\/je-pars-du-togo-avec-un-sentiment-de-satisfaction-aliou-dia\" \/>\n<meta property=\"og:site_name\" content=\"Togo\" \/>\n<meta property=\"article:published_time\" content=\"2023-02-17T12:26:00+00:00\" \/>\n<meta property=\"article:modified_time\" content=\"2023-02-17T12:44:56+00:00\" \/>\n<meta property=\"og:image\" content=\"https:\/\/static.africa-press.net\/togo\/sites\/58\/2023\/02\/postQueueImg_1676624164.59.jpg\" \/>\n\t<meta property=\"og:image:width\" content=\"1080\" \/>\n\t<meta property=\"og:image:height\" content=\"720\" \/>\n\t<meta property=\"og:image:type\" content=\"image\/jpeg\" \/>\n<meta name=\"author\" content=\"cfeditorfr\" \/>\n<meta name=\"twitter:card\" content=\"summary_large_image\" \/>\n<meta name=\"twitter:label1\" content=\"\u00c9crit par\" \/>\n\t<meta name=\"twitter:data1\" content=\"cfeditorfr\" \/>\n\t<meta name=\"twitter:label2\" content=\"Dur\u00e9e de lecture estim\u00e9e\" \/>\n\t<meta name=\"twitter:data2\" content=\"2 minutes\" \/>\n<script type=\"application\/ld+json\" class=\"yoast-schema-graph\">{\"@context\":\"https:\/\/schema.org\",\"@graph\":[{\"@type\":\"Article\",\"@id\":\"https:\/\/www.africa-press.net\/togo\/politique\/je-pars-du-togo-avec-un-sentiment-de-satisfaction-aliou-dia#article\",\"isPartOf\":{\"@id\":\"https:\/\/www.africa-press.net\/togo\/politique\/je-pars-du-togo-avec-un-sentiment-de-satisfaction-aliou-dia\"},\"author\":{\"name\":\"cfeditorfr\",\"@id\":\"https:\/\/www.africa-press.net\/togo\/#\/schema\/person\/2b1cf3cd81a31e3cd26889ca66d677f1\"},\"headline\":\"\u201cJe pars du Togo avec un sentiment de satisfaction\u201d-Aliou Dia\",\"datePublished\":\"2023-02-17T12:26:00+00:00\",\"dateModified\":\"2023-02-17T12:44:56+00:00\",\"mainEntityOfPage\":{\"@id\":\"https:\/\/www.africa-press.net\/togo\/politique\/je-pars-du-togo-avec-un-sentiment-de-satisfaction-aliou-dia\"},\"wordCount\":433,\"commentCount\":0,\"image\":{\"@id\":\"https:\/\/www.africa-press.net\/togo\/politique\/je-pars-du-togo-avec-un-sentiment-de-satisfaction-aliou-dia#primaryimage\"},\"thumbnailUrl\":\"https:\/\/static.africa-press.net\/togo\/sites\/58\/2023\/02\/postQueueImg_1676624164.59.jpg\",\"keywords\":[\"Africa Press\",\"Africa Press-Togo\",\"Togo\"],\"articleSection\":[\"Politique\",\"Toutes les actualit\u00e9s\"],\"inLanguage\":\"fr-FR\",\"potentialAction\":[{\"@type\":\"CommentAction\",\"name\":\"Comment\",\"target\":[\"https:\/\/www.africa-press.net\/togo\/politique\/je-pars-du-togo-avec-un-sentiment-de-satisfaction-aliou-dia#respond\"]}]},{\"@type\":\"WebPage\",\"@id\":\"https:\/\/www.africa-press.net\/togo\/politique\/je-pars-du-togo-avec-un-sentiment-de-satisfaction-aliou-dia\",\"url\":\"https:\/\/www.africa-press.net\/togo\/politique\/je-pars-du-togo-avec-un-sentiment-de-satisfaction-aliou-dia\",\"name\":\"\u201cJe pars du Togo avec un sentiment de satisfaction\u201d-Aliou Dia - Togo\",\"isPartOf\":{\"@id\":\"https:\/\/www.africa-press.net\/togo\/#website\"},\"primaryImageOfPage\":{\"@id\":\"https:\/\/www.africa-press.net\/togo\/politique\/je-pars-du-togo-avec-un-sentiment-de-satisfaction-aliou-dia#primaryimage\"},\"image\":{\"@id\":\"https:\/\/www.africa-press.net\/togo\/politique\/je-pars-du-togo-avec-un-sentiment-de-satisfaction-aliou-dia#primaryimage\"},\"thumbnailUrl\":\"https:\/\/static.africa-press.net\/togo\/sites\/58\/2023\/02\/postQueueImg_1676624164.59.jpg\",\"datePublished\":\"2023-02-17T12:26:00+00:00\",\"dateModified\":\"2023-02-17T12:44:56+00:00\",\"author\":{\"@id\":\"https:\/\/www.africa-press.net\/togo\/#\/schema\/person\/2b1cf3cd81a31e3cd26889ca66d677f1\"},\"description\":\"En fin de mission, le Repre\u0301sentant re\u0301sident du Programme des Nations Unies pour le de\u0301veloppement (PNUD) au Togo, A ...\",\"breadcrumb\":{\"@id\":\"https:\/\/www.africa-press.net\/togo\/politique\/je-pars-du-togo-avec-un-sentiment-de-satisfaction-aliou-dia#breadcrumb\"},\"inLanguage\":\"fr-FR\",\"potentialAction\":[{\"@type\":\"ReadAction\",\"target\":[\"https:\/\/www.africa-press.net\/togo\/politique\/je-pars-du-togo-avec-un-sentiment-de-satisfaction-aliou-dia\"]}]},{\"@type\":\"ImageObject\",\"inLanguage\":\"fr-FR\",\"@id\":\"https:\/\/www.africa-press.net\/togo\/politique\/je-pars-du-togo-avec-un-sentiment-de-satisfaction-aliou-dia#primaryimage\",\"url\":\"https:\/\/static.africa-press.net\/togo\/sites\/58\/2023\/02\/postQueueImg_1676624164.59.jpg\",\"contentUrl\":\"https:\/\/static.africa-press.net\/togo\/sites\/58\/2023\/02\/postQueueImg_1676624164.59.jpg\",\"width\":1080,\"height\":720,\"caption\":\"\u201cJe pars du Togo avec un sentiment de satisfaction\u201d-Aliou Dia\"},{\"@type\":\"BreadcrumbList\",\"@id\":\"https:\/\/www.africa-press.net\/togo\/politique\/je-pars-du-togo-avec-un-sentiment-de-satisfaction-aliou-dia#breadcrumb\",\"itemListElement\":[{\"@type\":\"ListItem\",\"position\":1,\"name\":\"Accueil\",\"item\":\"https:\/\/www.africa-press.net\/togo\/\"},{\"@type\":\"ListItem\",\"position\":2,\"name\":\"\u201cJe pars du Togo avec un sentiment de satisfaction\u201d-Aliou Dia\"}]},{\"@type\":\"WebSite\",\"@id\":\"https:\/\/www.africa-press.net\/togo\/#website\",\"url\":\"https:\/\/www.africa-press.net\/togo\/\",\"name\":\"Togo\",\"description\":\"Just another Africa News Agency Sites site\",\"potentialAction\":[{\"@type\":\"SearchAction\",\"target\":{\"@type\":\"EntryPoint\",\"urlTemplate\":\"https:\/\/www.africa-press.net\/togo\/?s={search_term_string}\"},\"query-input\":{\"@type\":\"PropertyValueSpecification\",\"valueRequired\":true,\"valueName\":\"search_term_string\"}}],\"inLanguage\":\"fr-FR\"},{\"@type\":\"Person\",\"@id\":\"https:\/\/www.africa-press.net\/togo\/#\/schema\/person\/2b1cf3cd81a31e3cd26889ca66d677f1\",\"name\":\"cfeditorfr\"}]}<\/script>\n<!-- \/ Yoast SEO Premium plugin. -->","yoast_head_json":{"title":"\u201cJe pars du Togo avec un sentiment de satisfaction\u201d-Aliou Dia - Togo","description":"En fin de mission, le Repre\u0301sentant re\u0301sident du Programme des Nations Unies pour le de\u0301veloppement (PNUD) au Togo, A ...","robots":{"index":"index","follow":"follow","max-snippet":"max-snippet:-1","max-image-preview":"max-image-preview:large","max-video-preview":"max-video-preview:-1"},"canonical":"https:\/\/www.africa-press.net\/togo\/politique\/je-pars-du-togo-avec-un-sentiment-de-satisfaction-aliou-dia","og_locale":"fr_FR","og_type":"article","og_title":"\u201cJe pars du Togo avec un sentiment de satisfaction\u201d-Aliou Dia","og_description":"En fin de mission, le Repre\u0301sentant re\u0301sident du Programme des Nations Unies pour le de\u0301veloppement (PNUD) au Togo, A ...","og_url":"https:\/\/www.africa-press.net\/togo\/politique\/je-pars-du-togo-avec-un-sentiment-de-satisfaction-aliou-dia","og_site_name":"Togo","article_published_time":"2023-02-17T12:26:00+00:00","article_modified_time":"2023-02-17T12:44:56+00:00","og_image":[{"width":1080,"height":720,"url":"https:\/\/static.africa-press.net\/togo\/sites\/58\/2023\/02\/postQueueImg_1676624164.59.jpg","type":"image\/jpeg"}],"author":"cfeditorfr","twitter_card":"summary_large_image","twitter_misc":{"\u00c9crit par":"cfeditorfr","Dur\u00e9e de lecture estim\u00e9e":"2 minutes"},"schema":{"@context":"https:\/\/schema.org","@graph":[{"@type":"Article","@id":"https:\/\/www.africa-press.net\/togo\/politique\/je-pars-du-togo-avec-un-sentiment-de-satisfaction-aliou-dia#article","isPartOf":{"@id":"https:\/\/www.africa-press.net\/togo\/politique\/je-pars-du-togo-avec-un-sentiment-de-satisfaction-aliou-dia"},"author":{"name":"cfeditorfr","@id":"https:\/\/www.africa-press.net\/togo\/#\/schema\/person\/2b1cf3cd81a31e3cd26889ca66d677f1"},"headline":"\u201cJe pars du Togo avec un sentiment de satisfaction\u201d-Aliou Dia","datePublished":"2023-02-17T12:26:00+00:00","dateModified":"2023-02-17T12:44:56+00:00","mainEntityOfPage":{"@id":"https:\/\/www.africa-press.net\/togo\/politique\/je-pars-du-togo-avec-un-sentiment-de-satisfaction-aliou-dia"},"wordCount":433,"commentCount":0,"image":{"@id":"https:\/\/www.africa-press.net\/togo\/politique\/je-pars-du-togo-avec-un-sentiment-de-satisfaction-aliou-dia#primaryimage"},"thumbnailUrl":"https:\/\/static.africa-press.net\/togo\/sites\/58\/2023\/02\/postQueueImg_1676624164.59.jpg","keywords":["Africa Press","Africa Press-Togo","Togo"],"articleSection":["Politique","Toutes les actualit\u00e9s"],"inLanguage":"fr-FR","potentialAction":[{"@type":"CommentAction","name":"Comment","target":["https:\/\/www.africa-press.net\/togo\/politique\/je-pars-du-togo-avec-un-sentiment-de-satisfaction-aliou-dia#respond"]}]},{"@type":"WebPage","@id":"https:\/\/www.africa-press.net\/togo\/politique\/je-pars-du-togo-avec-un-sentiment-de-satisfaction-aliou-dia","url":"https:\/\/www.africa-press.net\/togo\/politique\/je-pars-du-togo-avec-un-sentiment-de-satisfaction-aliou-dia","name":"\u201cJe pars du Togo avec un sentiment de satisfaction\u201d-Aliou Dia - Togo","isPartOf":{"@id":"https:\/\/www.africa-press.net\/togo\/#website"},"primaryImageOfPage":{"@id":"https:\/\/www.africa-press.net\/togo\/politique\/je-pars-du-togo-avec-un-sentiment-de-satisfaction-aliou-dia#primaryimage"},"image":{"@id":"https:\/\/www.africa-press.net\/togo\/politique\/je-pars-du-togo-avec-un-sentiment-de-satisfaction-aliou-dia#primaryimage"},"thumbnailUrl":"https:\/\/static.africa-press.net\/togo\/sites\/58\/2023\/02\/postQueueImg_1676624164.59.jpg","datePublished":"2023-02-17T12:26:00+00:00","dateModified":"2023-02-17T12:44:56+00:00","author":{"@id":"https:\/\/www.africa-press.net\/togo\/#\/schema\/person\/2b1cf3cd81a31e3cd26889ca66d677f1"},"description":"En fin de mission, le Repre\u0301sentant re\u0301sident du Programme des Nations Unies pour le de\u0301veloppement (PNUD) au Togo, A ...","breadcrumb":{"@id":"https:\/\/www.africa-press.net\/togo\/politique\/je-pars-du-togo-avec-un-sentiment-de-satisfaction-aliou-dia#breadcrumb"},"inLanguage":"fr-FR","potentialAction":[{"@type":"ReadAction","target":["https:\/\/www.africa-press.net\/togo\/politique\/je-pars-du-togo-avec-un-sentiment-de-satisfaction-aliou-dia"]}]},{"@type":"ImageObject","inLanguage":"fr-FR","@id":"https:\/\/www.africa-press.net\/togo\/politique\/je-pars-du-togo-avec-un-sentiment-de-satisfaction-aliou-dia#primaryimage","url":"https:\/\/static.africa-press.net\/togo\/sites\/58\/2023\/02\/postQueueImg_1676624164.59.jpg","contentUrl":"https:\/\/static.africa-press.net\/togo\/sites\/58\/2023\/02\/postQueueImg_1676624164.59.jpg","width":1080,"height":720,"caption":"\u201cJe pars du Togo avec un sentiment de satisfaction\u201d-Aliou Dia"},{"@type":"BreadcrumbList","@id":"https:\/\/www.africa-press.net\/togo\/politique\/je-pars-du-togo-avec-un-sentiment-de-satisfaction-aliou-dia#breadcrumb","itemListElement":[{"@type":"ListItem","position":1,"name":"Accueil","item":"https:\/\/www.africa-press.net\/togo\/"},{"@type":"ListItem","position":2,"name":"\u201cJe pars du Togo avec un sentiment de satisfaction\u201d-Aliou Dia"}]},{"@type":"WebSite","@id":"https:\/\/www.africa-press.net\/togo\/#website","url":"https:\/\/www.africa-press.net\/togo\/","name":"Togo","description":"Just another Africa News Agency Sites site","potentialAction":[{"@type":"SearchAction","target":{"@type":"EntryPoint","urlTemplate":"https:\/\/www.africa-press.net\/togo\/?s={search_term_string}"},"query-input":{"@type":"PropertyValueSpecification","valueRequired":true,"valueName":"search_term_string"}}],"inLanguage":"fr-FR"},{"@type":"Person","@id":"https:\/\/www.africa-press.net\/togo\/#\/schema\/person\/2b1cf3cd81a31e3cd26889ca66d677f1","name":"cfeditorfr"}]}},"_links":{"self":[{"href":"https:\/\/www.africa-press.net\/togo\/wp-json\/wp\/v2\/posts\/17346","targetHints":{"allow":["GET"]}}],"collection":[{"href":"https:\/\/www.africa-press.net\/togo\/wp-json\/wp\/v2\/posts"}],"about":[{"href":"https:\/\/www.africa-press.net\/togo\/wp-json\/wp\/v2\/types\/post"}],"author":[{"embeddable":true,"href":"https:\/\/www.africa-press.net\/togo\/wp-json\/wp\/v2\/users\/82"}],"replies":[{"embeddable":true,"href":"https:\/\/www.africa-press.net\/togo\/wp-json\/wp\/v2\/comments?post=17346"}],"version-history":[{"count":0,"href":"https:\/\/www.africa-press.net\/togo\/wp-json\/wp\/v2\/posts\/17346\/revisions"}],"wp:featuredmedia":[{"embeddable":true,"href":"https:\/\/www.africa-press.net\/togo\/wp-json\/wp\/v2\/media\/17345"}],"wp:attachment":[{"href":"https:\/\/www.africa-press.net\/togo\/wp-json\/wp\/v2\/media?parent=17346"}],"wp:term":[{"taxonomy":"category","embeddable":true,"href":"https:\/\/www.africa-press.net\/togo\/wp-json\/wp\/v2\/categories?post=17346"},{"taxonomy":"post_tag","embeddable":true,"href":"https:\/\/www.africa-press.net\/togo\/wp-json\/wp\/v2\/tags?post=17346"}],"curies":[{"name":"wp","href":"https:\/\/api.w.org\/{rel}","templated":true}]}}