{"id":17377,"date":"2023-02-18T12:41:52","date_gmt":"2023-02-18T12:41:52","guid":{"rendered":"https:\/\/www.africa-press.net\/togo\/politique\/togo-covidgate-ferdinand-ayite-pas-surpris-de-la-reaction-du-gouvernement"},"modified":"2023-02-18T12:51:41","modified_gmt":"2023-02-18T12:51:41","slug":"togo-covidgate-ferdinand-ayite-pas-surpris-de-la-reaction-du-gouvernement","status":"publish","type":"post","link":"https:\/\/www.africa-press.net\/togo\/politique\/togo-covidgate-ferdinand-ayite-pas-surpris-de-la-reaction-du-gouvernement","title":{"rendered":"Togo- Covidgate: Ferdinand Ayit\u00e9 pas surpris de la r\u00e9action du gouvernement"},"content":{"rendered":"<p><span style=\"color: #ff6600\"><strong>Africa-Press &#8211; Togo. <\/strong><\/span><b>Le rapport de la Cour de la Compte sur la gestion scandaleuse des fonds de riposte et de solidarite\u0301 Covid-19 suscite des commentaires. Le sujet est au menu de l\u2019e\u0301mission \u00ab L\u2019Autre Journal \u00bb dans son N\u00b0139 (premie\u0300re partie).<\/b><\/p>\n<p>Dans ce nouveau nume\u0301ro, Isidore Kowounou et ses invite\u0301s, les confre\u0300res Ferdinand Ayite\u0301 du journal \u00ab L\u2019Alternative \u00bb et Nicolas Adzigbli de l\u2019agence de presse ASPA News, reviennent sur la curieuse re\u0301action du gouvernement sur le rapport de la Cour des Comptes.<\/p>\n<p>Les confre\u0300res se disent ne pas e\u0302tre surpris de cette \u00ab le\u0301ge\u0300rete\u0301 \u00bb du gouvernement vis-a\u0300-vis du rapport. \u00ab Le poisson pourrit toujours par la te\u0302te \u00bb, a indique\u0301 Nicolas Adzigbli.<\/p>\n<p>Et a\u0300 Ferdinand Ayite\u0301 d\u2019ajouter : \u00ab Celui qui est tombe\u0301 plusieurs fois dans le marche\u0301 n\u2019a plus de honte, dit-on souvent chez nous. (&#8230;) Si c\u2019est la presse qui a fait sortir cette histoire, vous allez voir des gens soutenir que c\u2019est la presse seulement qui invente des histoires. Mais tenez-vous bien, cette affaire n\u2019est pas si diffe\u0301rente de l\u2019affaire de Pe\u0301trolegate qu\u2019on a fait sortir a\u0300 L\u2019Alternative. Ce qui se passe aujourd\u2019hui, c\u2019est un syste\u0300me de pourriture de tout le pays. C\u2019est la Re\u0301publique des copains et coquins. Ce rapport de la Cour des Comptes n\u2019est que le rapport de 2020. Il faut le pre\u0301ciser. Nous serions curieux de savoir ce qui s\u2019est passe\u0301 en 2021 et en 2022 \u00bb.<\/p>\n<p>Suivez pluto\u0302t!<\/p>\n<p><strong>Pour plus d&rsquo;informations et d&rsquo;analyses sur la <a href=\"https:\/\/www.africa-press.net\/togo\">Togo<\/a>, suivez <a href=\"https:\/\/www.africa-press.net\/\">Africa-Press<\/a><\/strong><\/p>\n","protected":false},"excerpt":{"rendered":"<p>Africa-Press &#8211; Togo. Le rapport de la Cour de la Compte sur la gestion scandaleuse des fonds de riposte et de solidarite\u0301 Covid-19 suscite des commentaires. Le sujet est au menu de l\u2019e\u0301mission \u00ab L\u2019Autre Journal \u00bb dans son N\u00b0139 (premie\u0300re partie). Dans ce nouveau nume\u0301ro, Isidore Kowounou et ses invite\u0301s, les confre\u0300res Ferdinand Ayite\u0301 [&hellip;]<\/p>\n","protected":false},"author":82,"featured_media":17376,"comment_status":"open","ping_status":"closed","sticky":false,"template":"","format":"standard","meta":{"footnotes":""},"categories":[2,10],"tags":[36,49,50],"class_list":["post-17377","post","type-post","status-publish","format-standard","has-post-thumbnail","hentry","category-politique","category-toutes-les-actualites","tag-africa-press","tag-africa-press-togo","tag-togo"],"yoast_head":"<!-- This site is optimized with the Yoast SEO Premium plugin v26.1 (Yoast SEO v27.0) - https:\/\/yoast.com\/product\/yoast-seo-premium-wordpress\/ -->\n<title>Togo- Covidgate: Ferdinand Ayit\u00e9 pas surpris de la r\u00e9action du gouvernement - Togo<\/title>\n<meta name=\"description\" content=\"Le rapport de la Cour de la Compte sur la gestion scandaleuse des fonds de riposte et de solidarite\u0301 Covid-19 suscite ...\" \/>\n<meta name=\"robots\" content=\"index, follow, max-snippet:-1, max-image-preview:large, max-video-preview:-1\" \/>\n<link rel=\"canonical\" href=\"https:\/\/www.africa-press.net\/togo\/politique\/togo-covidgate-ferdinand-ayite-pas-surpris-de-la-reaction-du-gouvernement\" \/>\n<meta property=\"og:locale\" content=\"fr_FR\" \/>\n<meta property=\"og:type\" content=\"article\" \/>\n<meta property=\"og:title\" content=\"Togo- Covidgate: Ferdinand Ayit\u00e9 pas surpris de la r\u00e9action du gouvernement\" \/>\n<meta property=\"og:description\" content=\"Le rapport de la Cour de la Compte sur la gestion scandaleuse des fonds de riposte et de solidarite\u0301 Covid-19 suscite ...\" \/>\n<meta property=\"og:url\" content=\"https:\/\/www.africa-press.net\/togo\/politique\/togo-covidgate-ferdinand-ayite-pas-surpris-de-la-reaction-du-gouvernement\" \/>\n<meta property=\"og:site_name\" content=\"Togo\" \/>\n<meta property=\"article:published_time\" content=\"2023-02-18T12:41:52+00:00\" \/>\n<meta property=\"article:modified_time\" content=\"2023-02-18T12:51:41+00:00\" \/>\n<meta property=\"og:image\" content=\"https:\/\/static.africa-press.net\/togo\/sites\/58\/2023\/02\/postQueueImg_1676711516.68.jpg\" \/>\n\t<meta property=\"og:image:width\" content=\"1282\" \/>\n\t<meta property=\"og:image:height\" content=\"800\" \/>\n\t<meta property=\"og:image:type\" content=\"image\/jpeg\" \/>\n<meta name=\"author\" content=\"cfeditorfr\" \/>\n<meta name=\"twitter:card\" content=\"summary_large_image\" \/>\n<meta name=\"twitter:label1\" content=\"\u00c9crit par\" \/>\n\t<meta name=\"twitter:data1\" content=\"cfeditorfr\" \/>\n\t<meta name=\"twitter:label2\" content=\"Dur\u00e9e de lecture estim\u00e9e\" \/>\n\t<meta name=\"twitter:data2\" content=\"1 minute\" \/>\n<script type=\"application\/ld+json\" class=\"yoast-schema-graph\">{\"@context\":\"https:\/\/schema.org\",\"@graph\":[{\"@type\":\"Article\",\"@id\":\"https:\/\/www.africa-press.net\/togo\/politique\/togo-covidgate-ferdinand-ayite-pas-surpris-de-la-reaction-du-gouvernement#article\",\"isPartOf\":{\"@id\":\"https:\/\/www.africa-press.net\/togo\/politique\/togo-covidgate-ferdinand-ayite-pas-surpris-de-la-reaction-du-gouvernement\"},\"author\":{\"name\":\"cfeditorfr\",\"@id\":\"https:\/\/www.africa-press.net\/togo\/#\/schema\/person\/2b1cf3cd81a31e3cd26889ca66d677f1\"},\"headline\":\"Togo- Covidgate: Ferdinand Ayit\u00e9 pas surpris de la r\u00e9action du gouvernement\",\"datePublished\":\"2023-02-18T12:41:52+00:00\",\"dateModified\":\"2023-02-18T12:51:41+00:00\",\"mainEntityOfPage\":{\"@id\":\"https:\/\/www.africa-press.net\/togo\/politique\/togo-covidgate-ferdinand-ayite-pas-surpris-de-la-reaction-du-gouvernement\"},\"wordCount\":283,\"commentCount\":0,\"image\":{\"@id\":\"https:\/\/www.africa-press.net\/togo\/politique\/togo-covidgate-ferdinand-ayite-pas-surpris-de-la-reaction-du-gouvernement#primaryimage\"},\"thumbnailUrl\":\"https:\/\/static.africa-press.net\/togo\/sites\/58\/2023\/02\/postQueueImg_1676711516.68.jpg\",\"keywords\":[\"Africa Press\",\"Africa Press-Togo\",\"Togo\"],\"articleSection\":[\"Politique\",\"Toutes les actualit\u00e9s\"],\"inLanguage\":\"fr-FR\",\"potentialAction\":[{\"@type\":\"CommentAction\",\"name\":\"Comment\",\"target\":[\"https:\/\/www.africa-press.net\/togo\/politique\/togo-covidgate-ferdinand-ayite-pas-surpris-de-la-reaction-du-gouvernement#respond\"]}]},{\"@type\":\"WebPage\",\"@id\":\"https:\/\/www.africa-press.net\/togo\/politique\/togo-covidgate-ferdinand-ayite-pas-surpris-de-la-reaction-du-gouvernement\",\"url\":\"https:\/\/www.africa-press.net\/togo\/politique\/togo-covidgate-ferdinand-ayite-pas-surpris-de-la-reaction-du-gouvernement\",\"name\":\"Togo- Covidgate: Ferdinand Ayit\u00e9 pas surpris de la r\u00e9action du gouvernement - Togo\",\"isPartOf\":{\"@id\":\"https:\/\/www.africa-press.net\/togo\/#website\"},\"primaryImageOfPage\":{\"@id\":\"https:\/\/www.africa-press.net\/togo\/politique\/togo-covidgate-ferdinand-ayite-pas-surpris-de-la-reaction-du-gouvernement#primaryimage\"},\"image\":{\"@id\":\"https:\/\/www.africa-press.net\/togo\/politique\/togo-covidgate-ferdinand-ayite-pas-surpris-de-la-reaction-du-gouvernement#primaryimage\"},\"thumbnailUrl\":\"https:\/\/static.africa-press.net\/togo\/sites\/58\/2023\/02\/postQueueImg_1676711516.68.jpg\",\"datePublished\":\"2023-02-18T12:41:52+00:00\",\"dateModified\":\"2023-02-18T12:51:41+00:00\",\"author\":{\"@id\":\"https:\/\/www.africa-press.net\/togo\/#\/schema\/person\/2b1cf3cd81a31e3cd26889ca66d677f1\"},\"description\":\"Le rapport de la Cour de la Compte sur la gestion scandaleuse des fonds de riposte et de solidarite\u0301 Covid-19 suscite ...\",\"breadcrumb\":{\"@id\":\"https:\/\/www.africa-press.net\/togo\/politique\/togo-covidgate-ferdinand-ayite-pas-surpris-de-la-reaction-du-gouvernement#breadcrumb\"},\"inLanguage\":\"fr-FR\",\"potentialAction\":[{\"@type\":\"ReadAction\",\"target\":[\"https:\/\/www.africa-press.net\/togo\/politique\/togo-covidgate-ferdinand-ayite-pas-surpris-de-la-reaction-du-gouvernement\"]}]},{\"@type\":\"ImageObject\",\"inLanguage\":\"fr-FR\",\"@id\":\"https:\/\/www.africa-press.net\/togo\/politique\/togo-covidgate-ferdinand-ayite-pas-surpris-de-la-reaction-du-gouvernement#primaryimage\",\"url\":\"https:\/\/static.africa-press.net\/togo\/sites\/58\/2023\/02\/postQueueImg_1676711516.68.jpg\",\"contentUrl\":\"https:\/\/static.africa-press.net\/togo\/sites\/58\/2023\/02\/postQueueImg_1676711516.68.jpg\",\"width\":1282,\"height\":800,\"caption\":\"Togo- Covidgate: Ferdinand Ayit\u00e9 pas surpris de la r\u00e9action du gouvernement\"},{\"@type\":\"BreadcrumbList\",\"@id\":\"https:\/\/www.africa-press.net\/togo\/politique\/togo-covidgate-ferdinand-ayite-pas-surpris-de-la-reaction-du-gouvernement#breadcrumb\",\"itemListElement\":[{\"@type\":\"ListItem\",\"position\":1,\"name\":\"Accueil\",\"item\":\"https:\/\/www.africa-press.net\/togo\/\"},{\"@type\":\"ListItem\",\"position\":2,\"name\":\"Togo- Covidgate: Ferdinand Ayit\u00e9 pas surpris de la r\u00e9action du gouvernement\"}]},{\"@type\":\"WebSite\",\"@id\":\"https:\/\/www.africa-press.net\/togo\/#website\",\"url\":\"https:\/\/www.africa-press.net\/togo\/\",\"name\":\"Togo\",\"description\":\"Just another Africa News Agency Sites site\",\"potentialAction\":[{\"@type\":\"SearchAction\",\"target\":{\"@type\":\"EntryPoint\",\"urlTemplate\":\"https:\/\/www.africa-press.net\/togo\/?s={search_term_string}\"},\"query-input\":{\"@type\":\"PropertyValueSpecification\",\"valueRequired\":true,\"valueName\":\"search_term_string\"}}],\"inLanguage\":\"fr-FR\"},{\"@type\":\"Person\",\"@id\":\"https:\/\/www.africa-press.net\/togo\/#\/schema\/person\/2b1cf3cd81a31e3cd26889ca66d677f1\",\"name\":\"cfeditorfr\"}]}<\/script>\n<!-- \/ Yoast SEO Premium plugin. -->","yoast_head_json":{"title":"Togo- Covidgate: Ferdinand Ayit\u00e9 pas surpris de la r\u00e9action du gouvernement - Togo","description":"Le rapport de la Cour de la Compte sur la gestion scandaleuse des fonds de riposte et de solidarite\u0301 Covid-19 suscite ...","robots":{"index":"index","follow":"follow","max-snippet":"max-snippet:-1","max-image-preview":"max-image-preview:large","max-video-preview":"max-video-preview:-1"},"canonical":"https:\/\/www.africa-press.net\/togo\/politique\/togo-covidgate-ferdinand-ayite-pas-surpris-de-la-reaction-du-gouvernement","og_locale":"fr_FR","og_type":"article","og_title":"Togo- Covidgate: Ferdinand Ayit\u00e9 pas surpris de la r\u00e9action du gouvernement","og_description":"Le rapport de la Cour de la Compte sur la gestion scandaleuse des fonds de riposte et de solidarite\u0301 Covid-19 suscite ...","og_url":"https:\/\/www.africa-press.net\/togo\/politique\/togo-covidgate-ferdinand-ayite-pas-surpris-de-la-reaction-du-gouvernement","og_site_name":"Togo","article_published_time":"2023-02-18T12:41:52+00:00","article_modified_time":"2023-02-18T12:51:41+00:00","og_image":[{"width":1282,"height":800,"url":"https:\/\/static.africa-press.net\/togo\/sites\/58\/2023\/02\/postQueueImg_1676711516.68.jpg","type":"image\/jpeg"}],"author":"cfeditorfr","twitter_card":"summary_large_image","twitter_misc":{"\u00c9crit par":"cfeditorfr","Dur\u00e9e de lecture estim\u00e9e":"1 minute"},"schema":{"@context":"https:\/\/schema.org","@graph":[{"@type":"Article","@id":"https:\/\/www.africa-press.net\/togo\/politique\/togo-covidgate-ferdinand-ayite-pas-surpris-de-la-reaction-du-gouvernement#article","isPartOf":{"@id":"https:\/\/www.africa-press.net\/togo\/politique\/togo-covidgate-ferdinand-ayite-pas-surpris-de-la-reaction-du-gouvernement"},"author":{"name":"cfeditorfr","@id":"https:\/\/www.africa-press.net\/togo\/#\/schema\/person\/2b1cf3cd81a31e3cd26889ca66d677f1"},"headline":"Togo- Covidgate: Ferdinand Ayit\u00e9 pas surpris de la r\u00e9action du gouvernement","datePublished":"2023-02-18T12:41:52+00:00","dateModified":"2023-02-18T12:51:41+00:00","mainEntityOfPage":{"@id":"https:\/\/www.africa-press.net\/togo\/politique\/togo-covidgate-ferdinand-ayite-pas-surpris-de-la-reaction-du-gouvernement"},"wordCount":283,"commentCount":0,"image":{"@id":"https:\/\/www.africa-press.net\/togo\/politique\/togo-covidgate-ferdinand-ayite-pas-surpris-de-la-reaction-du-gouvernement#primaryimage"},"thumbnailUrl":"https:\/\/static.africa-press.net\/togo\/sites\/58\/2023\/02\/postQueueImg_1676711516.68.jpg","keywords":["Africa Press","Africa Press-Togo","Togo"],"articleSection":["Politique","Toutes les actualit\u00e9s"],"inLanguage":"fr-FR","potentialAction":[{"@type":"CommentAction","name":"Comment","target":["https:\/\/www.africa-press.net\/togo\/politique\/togo-covidgate-ferdinand-ayite-pas-surpris-de-la-reaction-du-gouvernement#respond"]}]},{"@type":"WebPage","@id":"https:\/\/www.africa-press.net\/togo\/politique\/togo-covidgate-ferdinand-ayite-pas-surpris-de-la-reaction-du-gouvernement","url":"https:\/\/www.africa-press.net\/togo\/politique\/togo-covidgate-ferdinand-ayite-pas-surpris-de-la-reaction-du-gouvernement","name":"Togo- Covidgate: Ferdinand Ayit\u00e9 pas surpris de la r\u00e9action du gouvernement - Togo","isPartOf":{"@id":"https:\/\/www.africa-press.net\/togo\/#website"},"primaryImageOfPage":{"@id":"https:\/\/www.africa-press.net\/togo\/politique\/togo-covidgate-ferdinand-ayite-pas-surpris-de-la-reaction-du-gouvernement#primaryimage"},"image":{"@id":"https:\/\/www.africa-press.net\/togo\/politique\/togo-covidgate-ferdinand-ayite-pas-surpris-de-la-reaction-du-gouvernement#primaryimage"},"thumbnailUrl":"https:\/\/static.africa-press.net\/togo\/sites\/58\/2023\/02\/postQueueImg_1676711516.68.jpg","datePublished":"2023-02-18T12:41:52+00:00","dateModified":"2023-02-18T12:51:41+00:00","author":{"@id":"https:\/\/www.africa-press.net\/togo\/#\/schema\/person\/2b1cf3cd81a31e3cd26889ca66d677f1"},"description":"Le rapport de la Cour de la Compte sur la gestion scandaleuse des fonds de riposte et de solidarite\u0301 Covid-19 suscite ...","breadcrumb":{"@id":"https:\/\/www.africa-press.net\/togo\/politique\/togo-covidgate-ferdinand-ayite-pas-surpris-de-la-reaction-du-gouvernement#breadcrumb"},"inLanguage":"fr-FR","potentialAction":[{"@type":"ReadAction","target":["https:\/\/www.africa-press.net\/togo\/politique\/togo-covidgate-ferdinand-ayite-pas-surpris-de-la-reaction-du-gouvernement"]}]},{"@type":"ImageObject","inLanguage":"fr-FR","@id":"https:\/\/www.africa-press.net\/togo\/politique\/togo-covidgate-ferdinand-ayite-pas-surpris-de-la-reaction-du-gouvernement#primaryimage","url":"https:\/\/static.africa-press.net\/togo\/sites\/58\/2023\/02\/postQueueImg_1676711516.68.jpg","contentUrl":"https:\/\/static.africa-press.net\/togo\/sites\/58\/2023\/02\/postQueueImg_1676711516.68.jpg","width":1282,"height":800,"caption":"Togo- Covidgate: Ferdinand Ayit\u00e9 pas surpris de la r\u00e9action du gouvernement"},{"@type":"BreadcrumbList","@id":"https:\/\/www.africa-press.net\/togo\/politique\/togo-covidgate-ferdinand-ayite-pas-surpris-de-la-reaction-du-gouvernement#breadcrumb","itemListElement":[{"@type":"ListItem","position":1,"name":"Accueil","item":"https:\/\/www.africa-press.net\/togo\/"},{"@type":"ListItem","position":2,"name":"Togo- Covidgate: Ferdinand Ayit\u00e9 pas surpris de la r\u00e9action du gouvernement"}]},{"@type":"WebSite","@id":"https:\/\/www.africa-press.net\/togo\/#website","url":"https:\/\/www.africa-press.net\/togo\/","name":"Togo","description":"Just another Africa News Agency Sites site","potentialAction":[{"@type":"SearchAction","target":{"@type":"EntryPoint","urlTemplate":"https:\/\/www.africa-press.net\/togo\/?s={search_term_string}"},"query-input":{"@type":"PropertyValueSpecification","valueRequired":true,"valueName":"search_term_string"}}],"inLanguage":"fr-FR"},{"@type":"Person","@id":"https:\/\/www.africa-press.net\/togo\/#\/schema\/person\/2b1cf3cd81a31e3cd26889ca66d677f1","name":"cfeditorfr"}]}},"_links":{"self":[{"href":"https:\/\/www.africa-press.net\/togo\/wp-json\/wp\/v2\/posts\/17377","targetHints":{"allow":["GET"]}}],"collection":[{"href":"https:\/\/www.africa-press.net\/togo\/wp-json\/wp\/v2\/posts"}],"about":[{"href":"https:\/\/www.africa-press.net\/togo\/wp-json\/wp\/v2\/types\/post"}],"author":[{"embeddable":true,"href":"https:\/\/www.africa-press.net\/togo\/wp-json\/wp\/v2\/users\/82"}],"replies":[{"embeddable":true,"href":"https:\/\/www.africa-press.net\/togo\/wp-json\/wp\/v2\/comments?post=17377"}],"version-history":[{"count":0,"href":"https:\/\/www.africa-press.net\/togo\/wp-json\/wp\/v2\/posts\/17377\/revisions"}],"wp:featuredmedia":[{"embeddable":true,"href":"https:\/\/www.africa-press.net\/togo\/wp-json\/wp\/v2\/media\/17376"}],"wp:attachment":[{"href":"https:\/\/www.africa-press.net\/togo\/wp-json\/wp\/v2\/media?parent=17377"}],"wp:term":[{"taxonomy":"category","embeddable":true,"href":"https:\/\/www.africa-press.net\/togo\/wp-json\/wp\/v2\/categories?post=17377"},{"taxonomy":"post_tag","embeddable":true,"href":"https:\/\/www.africa-press.net\/togo\/wp-json\/wp\/v2\/tags?post=17377"}],"curies":[{"name":"wp","href":"https:\/\/api.w.org\/{rel}","templated":true}]}}