{"id":17383,"date":"2023-02-18T12:42:45","date_gmt":"2023-02-18T12:42:45","guid":{"rendered":"https:\/\/www.africa-press.net\/togo\/politique\/disparition-de-christian-atsu-le-football-ghaneen-a-perdu-lun-de-ses-meilleurs-elements-nana-akufo-addo"},"modified":"2023-02-18T12:52:51","modified_gmt":"2023-02-18T12:52:51","slug":"disparition-de-christian-atsu-le-football-ghaneen-a-perdu-lun-de-ses-meilleurs-elements-nana-akufo-addo","status":"publish","type":"post","link":"https:\/\/www.africa-press.net\/togo\/sports\/disparition-de-christian-atsu-le-football-ghaneen-a-perdu-lun-de-ses-meilleurs-elements-nana-akufo-addo","title":{"rendered":"Disparition de Christian Atsu : \u00ab Le football ghan\u00e9en a perdu l\u2019un de ses meilleurs \u00e9l\u00e9ments \u00bb, Nana Akufo-Addo"},"content":{"rendered":"<p><span style=\"color: #ff6600\"><strong>Africa-Press &#8211; Togo. <\/strong><\/span><b>Le chef de l\u2019E\u0301tat ghane\u0301en Nana Addo Dankwa Akufo-Addo a re\u0301agi suite a\u0300 l\u2019annonce du de\u0301ce\u0300s tragique en Turquie, du footballeur Christian Atsu, dont on a e\u0301te\u0301 sans nouvelle depuis le violent se\u0301isme qui a frappe\u0301 la Turquie et la Syrie dans la nuit du dimanche 5 au lundi 6 fe\u0301vrier 2023.<\/b><\/p>\n<p>\u00ab L\u2019E\u0301ternel a donne\u0301, et l\u2019E\u0301ternel a repris \u00bb. C\u2019est avec ce passage biblique tire\u0301 du livre de Job chapitre 1 verset 21 que Nana Addo Dankwa Akufo-Addo a commence\u0301 ses mots.<\/p>\n<p>\u00ab Au nom du gouvernement et du peuple ghane\u0301ens, je pre\u0301sente mes since\u0300res condole\u0301ances a\u0300 la veuve, aux enfants et a\u0300 la famille de notre compatriote Christian Atsu, a\u0300 la suite de la triste nouvelle de son de\u0301ce\u0300s. Le football ghane\u0301en a perdu l\u2019un de ses meilleurs e\u0301le\u0301ments et ambassadeurs, qui sera difficile a\u0300 remplacer. Il nous manquera cruellement \u00bb, a indique\u0301 sur Facebook le pre\u0301sident ghane\u0301en. Avant de souhaiter un repos e\u0301ternel a\u0300 l\u2019illustre disparu.<\/p>\n<p>De sources me\u0301diatiques, l\u2019agent de Christian Atsu, Mura Uzunmehmet a indique\u0301 ce samedi que le corps sans vie du footballeur, ainsi que son te\u0301le\u0301phone a e\u0301te\u0301 retrouve\u0301 sous les de\u0301combre de l\u2019immeuble ou\u0300 il habitait.<\/p>\n<p>Plus de 40.000 personnes ont pe\u0301ri dans le se\u0301isme suivi de puissantes re\u0301pliques.<\/p>\n<p><strong>Pour plus d&rsquo;informations et d&rsquo;analyses sur la <a href=\"https:\/\/www.africa-press.net\/togo\">Togo<\/a>, suivez <a href=\"https:\/\/www.africa-press.net\/\">Africa-Press<\/a><\/strong><\/p>\n","protected":false},"excerpt":{"rendered":"<p>Africa-Press &#8211; Togo. Le chef de l\u2019E\u0301tat ghane\u0301en Nana Addo Dankwa Akufo-Addo a re\u0301agi suite a\u0300 l\u2019annonce du de\u0301ce\u0300s tragique en Turquie, du footballeur Christian Atsu, dont on a e\u0301te\u0301 sans nouvelle depuis le violent se\u0301isme qui a frappe\u0301 la Turquie et la Syrie dans la nuit du dimanche 5 au lundi 6 fe\u0301vrier 2023. [&hellip;]<\/p>\n","protected":false},"author":82,"featured_media":17382,"comment_status":"open","ping_status":"closed","sticky":false,"template":"","format":"standard","meta":{"footnotes":""},"categories":[6,10],"tags":[36,49,50],"class_list":["post-17383","post","type-post","status-publish","format-standard","has-post-thumbnail","hentry","category-sports","category-toutes-les-actualites","tag-africa-press","tag-africa-press-togo","tag-togo"],"yoast_head":"<!-- This site is optimized with the Yoast SEO Premium plugin v26.1 (Yoast SEO v27.0) - https:\/\/yoast.com\/product\/yoast-seo-premium-wordpress\/ -->\n<title>Disparition de Christian Atsu : \u00ab Le football ghan\u00e9en a perdu l\u2019un de ses meilleurs \u00e9l\u00e9ments \u00bb, Nana Akufo-Addo - Togo<\/title>\n<meta name=\"description\" content=\"Le chef de l\u2019E\u0301tat ghane\u0301en Nana Addo Dankwa Akufo-Addo a re\u0301agi suite a\u0300 l\u2019annonce du de\u0301ce\u0300s tragique en Turquie, d ...\" \/>\n<meta name=\"robots\" content=\"index, follow, max-snippet:-1, max-image-preview:large, max-video-preview:-1\" \/>\n<link rel=\"canonical\" href=\"https:\/\/www.africa-press.net\/togo\/sports\/disparition-de-christian-atsu-le-football-ghaneen-a-perdu-lun-de-ses-meilleurs-elements-nana-akufo-addo\" \/>\n<meta property=\"og:locale\" content=\"fr_FR\" \/>\n<meta property=\"og:type\" content=\"article\" \/>\n<meta property=\"og:title\" content=\"Disparition de Christian Atsu : \u00ab Le football ghan\u00e9en a perdu l\u2019un de ses meilleurs \u00e9l\u00e9ments \u00bb, Nana Akufo-Addo\" \/>\n<meta property=\"og:description\" content=\"Le chef de l\u2019E\u0301tat ghane\u0301en Nana Addo Dankwa Akufo-Addo a re\u0301agi suite a\u0300 l\u2019annonce du de\u0301ce\u0300s tragique en Turquie, d ...\" \/>\n<meta property=\"og:url\" content=\"https:\/\/www.africa-press.net\/togo\/sports\/disparition-de-christian-atsu-le-football-ghaneen-a-perdu-lun-de-ses-meilleurs-elements-nana-akufo-addo\" \/>\n<meta property=\"og:site_name\" content=\"Togo\" \/>\n<meta property=\"article:published_time\" content=\"2023-02-18T12:42:45+00:00\" \/>\n<meta property=\"article:modified_time\" content=\"2023-02-18T12:52:51+00:00\" \/>\n<meta property=\"og:image\" content=\"https:\/\/static.africa-press.net\/togo\/sites\/58\/2023\/02\/postQueueImg_1676711634.39.jpg\" \/>\n\t<meta property=\"og:image:width\" content=\"1282\" \/>\n\t<meta property=\"og:image:height\" content=\"800\" \/>\n\t<meta property=\"og:image:type\" content=\"image\/jpeg\" \/>\n<meta name=\"author\" content=\"cfeditorfr\" \/>\n<meta name=\"twitter:card\" content=\"summary_large_image\" \/>\n<meta name=\"twitter:label1\" content=\"\u00c9crit par\" \/>\n\t<meta name=\"twitter:data1\" content=\"cfeditorfr\" \/>\n\t<meta name=\"twitter:label2\" content=\"Dur\u00e9e de lecture estim\u00e9e\" \/>\n\t<meta name=\"twitter:data2\" content=\"1 minute\" \/>\n<script type=\"application\/ld+json\" class=\"yoast-schema-graph\">{\"@context\":\"https:\/\/schema.org\",\"@graph\":[{\"@type\":\"Article\",\"@id\":\"https:\/\/www.africa-press.net\/togo\/sports\/disparition-de-christian-atsu-le-football-ghaneen-a-perdu-lun-de-ses-meilleurs-elements-nana-akufo-addo#article\",\"isPartOf\":{\"@id\":\"https:\/\/www.africa-press.net\/togo\/sports\/disparition-de-christian-atsu-le-football-ghaneen-a-perdu-lun-de-ses-meilleurs-elements-nana-akufo-addo\"},\"author\":{\"name\":\"cfeditorfr\",\"@id\":\"https:\/\/www.africa-press.net\/togo\/#\/schema\/person\/2b1cf3cd81a31e3cd26889ca66d677f1\"},\"headline\":\"Disparition de Christian Atsu : \u00ab Le football ghan\u00e9en a perdu l\u2019un de ses meilleurs \u00e9l\u00e9ments \u00bb, Nana Akufo-Addo\",\"datePublished\":\"2023-02-18T12:42:45+00:00\",\"dateModified\":\"2023-02-18T12:52:51+00:00\",\"mainEntityOfPage\":{\"@id\":\"https:\/\/www.africa-press.net\/togo\/sports\/disparition-de-christian-atsu-le-football-ghaneen-a-perdu-lun-de-ses-meilleurs-elements-nana-akufo-addo\"},\"wordCount\":271,\"commentCount\":0,\"image\":{\"@id\":\"https:\/\/www.africa-press.net\/togo\/sports\/disparition-de-christian-atsu-le-football-ghaneen-a-perdu-lun-de-ses-meilleurs-elements-nana-akufo-addo#primaryimage\"},\"thumbnailUrl\":\"https:\/\/static.africa-press.net\/togo\/sites\/58\/2023\/02\/postQueueImg_1676711634.39.jpg\",\"keywords\":[\"Africa Press\",\"Africa Press-Togo\",\"Togo\"],\"articleSection\":[\"Sports\",\"Toutes les actualit\u00e9s\"],\"inLanguage\":\"fr-FR\",\"potentialAction\":[{\"@type\":\"CommentAction\",\"name\":\"Comment\",\"target\":[\"https:\/\/www.africa-press.net\/togo\/sports\/disparition-de-christian-atsu-le-football-ghaneen-a-perdu-lun-de-ses-meilleurs-elements-nana-akufo-addo#respond\"]}]},{\"@type\":\"WebPage\",\"@id\":\"https:\/\/www.africa-press.net\/togo\/sports\/disparition-de-christian-atsu-le-football-ghaneen-a-perdu-lun-de-ses-meilleurs-elements-nana-akufo-addo\",\"url\":\"https:\/\/www.africa-press.net\/togo\/sports\/disparition-de-christian-atsu-le-football-ghaneen-a-perdu-lun-de-ses-meilleurs-elements-nana-akufo-addo\",\"name\":\"Disparition de Christian Atsu : \u00ab Le football ghan\u00e9en a perdu l\u2019un de ses meilleurs \u00e9l\u00e9ments \u00bb, Nana Akufo-Addo - Togo\",\"isPartOf\":{\"@id\":\"https:\/\/www.africa-press.net\/togo\/#website\"},\"primaryImageOfPage\":{\"@id\":\"https:\/\/www.africa-press.net\/togo\/sports\/disparition-de-christian-atsu-le-football-ghaneen-a-perdu-lun-de-ses-meilleurs-elements-nana-akufo-addo#primaryimage\"},\"image\":{\"@id\":\"https:\/\/www.africa-press.net\/togo\/sports\/disparition-de-christian-atsu-le-football-ghaneen-a-perdu-lun-de-ses-meilleurs-elements-nana-akufo-addo#primaryimage\"},\"thumbnailUrl\":\"https:\/\/static.africa-press.net\/togo\/sites\/58\/2023\/02\/postQueueImg_1676711634.39.jpg\",\"datePublished\":\"2023-02-18T12:42:45+00:00\",\"dateModified\":\"2023-02-18T12:52:51+00:00\",\"author\":{\"@id\":\"https:\/\/www.africa-press.net\/togo\/#\/schema\/person\/2b1cf3cd81a31e3cd26889ca66d677f1\"},\"description\":\"Le chef de l\u2019E\u0301tat ghane\u0301en Nana Addo Dankwa Akufo-Addo a re\u0301agi suite a\u0300 l\u2019annonce du de\u0301ce\u0300s tragique en Turquie, d ...\",\"breadcrumb\":{\"@id\":\"https:\/\/www.africa-press.net\/togo\/sports\/disparition-de-christian-atsu-le-football-ghaneen-a-perdu-lun-de-ses-meilleurs-elements-nana-akufo-addo#breadcrumb\"},\"inLanguage\":\"fr-FR\",\"potentialAction\":[{\"@type\":\"ReadAction\",\"target\":[\"https:\/\/www.africa-press.net\/togo\/sports\/disparition-de-christian-atsu-le-football-ghaneen-a-perdu-lun-de-ses-meilleurs-elements-nana-akufo-addo\"]}]},{\"@type\":\"ImageObject\",\"inLanguage\":\"fr-FR\",\"@id\":\"https:\/\/www.africa-press.net\/togo\/sports\/disparition-de-christian-atsu-le-football-ghaneen-a-perdu-lun-de-ses-meilleurs-elements-nana-akufo-addo#primaryimage\",\"url\":\"https:\/\/static.africa-press.net\/togo\/sites\/58\/2023\/02\/postQueueImg_1676711634.39.jpg\",\"contentUrl\":\"https:\/\/static.africa-press.net\/togo\/sites\/58\/2023\/02\/postQueueImg_1676711634.39.jpg\",\"width\":1282,\"height\":800,\"caption\":\"Disparition de Christian Atsu : \u00ab Le football ghan\u00e9en a perdu l\u2019un de ses meilleurs \u00e9l\u00e9ments \u00bb, Nana Akufo-Addo\"},{\"@type\":\"BreadcrumbList\",\"@id\":\"https:\/\/www.africa-press.net\/togo\/sports\/disparition-de-christian-atsu-le-football-ghaneen-a-perdu-lun-de-ses-meilleurs-elements-nana-akufo-addo#breadcrumb\",\"itemListElement\":[{\"@type\":\"ListItem\",\"position\":1,\"name\":\"Accueil\",\"item\":\"https:\/\/www.africa-press.net\/togo\/\"},{\"@type\":\"ListItem\",\"position\":2,\"name\":\"Disparition de Christian Atsu : \u00ab Le football ghan\u00e9en a perdu l\u2019un de ses meilleurs \u00e9l\u00e9ments \u00bb, Nana Akufo-Addo\"}]},{\"@type\":\"WebSite\",\"@id\":\"https:\/\/www.africa-press.net\/togo\/#website\",\"url\":\"https:\/\/www.africa-press.net\/togo\/\",\"name\":\"Togo\",\"description\":\"Just another Africa News Agency Sites site\",\"potentialAction\":[{\"@type\":\"SearchAction\",\"target\":{\"@type\":\"EntryPoint\",\"urlTemplate\":\"https:\/\/www.africa-press.net\/togo\/?s={search_term_string}\"},\"query-input\":{\"@type\":\"PropertyValueSpecification\",\"valueRequired\":true,\"valueName\":\"search_term_string\"}}],\"inLanguage\":\"fr-FR\"},{\"@type\":\"Person\",\"@id\":\"https:\/\/www.africa-press.net\/togo\/#\/schema\/person\/2b1cf3cd81a31e3cd26889ca66d677f1\",\"name\":\"cfeditorfr\"}]}<\/script>\n<!-- \/ Yoast SEO Premium plugin. -->","yoast_head_json":{"title":"Disparition de Christian Atsu : \u00ab Le football ghan\u00e9en a perdu l\u2019un de ses meilleurs \u00e9l\u00e9ments \u00bb, Nana Akufo-Addo - Togo","description":"Le chef de l\u2019E\u0301tat ghane\u0301en Nana Addo Dankwa Akufo-Addo a re\u0301agi suite a\u0300 l\u2019annonce du de\u0301ce\u0300s tragique en Turquie, d ...","robots":{"index":"index","follow":"follow","max-snippet":"max-snippet:-1","max-image-preview":"max-image-preview:large","max-video-preview":"max-video-preview:-1"},"canonical":"https:\/\/www.africa-press.net\/togo\/sports\/disparition-de-christian-atsu-le-football-ghaneen-a-perdu-lun-de-ses-meilleurs-elements-nana-akufo-addo","og_locale":"fr_FR","og_type":"article","og_title":"Disparition de Christian Atsu : \u00ab Le football ghan\u00e9en a perdu l\u2019un de ses meilleurs \u00e9l\u00e9ments \u00bb, Nana Akufo-Addo","og_description":"Le chef de l\u2019E\u0301tat ghane\u0301en Nana Addo Dankwa Akufo-Addo a re\u0301agi suite a\u0300 l\u2019annonce du de\u0301ce\u0300s tragique en Turquie, d ...","og_url":"https:\/\/www.africa-press.net\/togo\/sports\/disparition-de-christian-atsu-le-football-ghaneen-a-perdu-lun-de-ses-meilleurs-elements-nana-akufo-addo","og_site_name":"Togo","article_published_time":"2023-02-18T12:42:45+00:00","article_modified_time":"2023-02-18T12:52:51+00:00","og_image":[{"width":1282,"height":800,"url":"https:\/\/static.africa-press.net\/togo\/sites\/58\/2023\/02\/postQueueImg_1676711634.39.jpg","type":"image\/jpeg"}],"author":"cfeditorfr","twitter_card":"summary_large_image","twitter_misc":{"\u00c9crit par":"cfeditorfr","Dur\u00e9e de lecture estim\u00e9e":"1 minute"},"schema":{"@context":"https:\/\/schema.org","@graph":[{"@type":"Article","@id":"https:\/\/www.africa-press.net\/togo\/sports\/disparition-de-christian-atsu-le-football-ghaneen-a-perdu-lun-de-ses-meilleurs-elements-nana-akufo-addo#article","isPartOf":{"@id":"https:\/\/www.africa-press.net\/togo\/sports\/disparition-de-christian-atsu-le-football-ghaneen-a-perdu-lun-de-ses-meilleurs-elements-nana-akufo-addo"},"author":{"name":"cfeditorfr","@id":"https:\/\/www.africa-press.net\/togo\/#\/schema\/person\/2b1cf3cd81a31e3cd26889ca66d677f1"},"headline":"Disparition de Christian Atsu : \u00ab Le football ghan\u00e9en a perdu l\u2019un de ses meilleurs \u00e9l\u00e9ments \u00bb, Nana Akufo-Addo","datePublished":"2023-02-18T12:42:45+00:00","dateModified":"2023-02-18T12:52:51+00:00","mainEntityOfPage":{"@id":"https:\/\/www.africa-press.net\/togo\/sports\/disparition-de-christian-atsu-le-football-ghaneen-a-perdu-lun-de-ses-meilleurs-elements-nana-akufo-addo"},"wordCount":271,"commentCount":0,"image":{"@id":"https:\/\/www.africa-press.net\/togo\/sports\/disparition-de-christian-atsu-le-football-ghaneen-a-perdu-lun-de-ses-meilleurs-elements-nana-akufo-addo#primaryimage"},"thumbnailUrl":"https:\/\/static.africa-press.net\/togo\/sites\/58\/2023\/02\/postQueueImg_1676711634.39.jpg","keywords":["Africa Press","Africa Press-Togo","Togo"],"articleSection":["Sports","Toutes les actualit\u00e9s"],"inLanguage":"fr-FR","potentialAction":[{"@type":"CommentAction","name":"Comment","target":["https:\/\/www.africa-press.net\/togo\/sports\/disparition-de-christian-atsu-le-football-ghaneen-a-perdu-lun-de-ses-meilleurs-elements-nana-akufo-addo#respond"]}]},{"@type":"WebPage","@id":"https:\/\/www.africa-press.net\/togo\/sports\/disparition-de-christian-atsu-le-football-ghaneen-a-perdu-lun-de-ses-meilleurs-elements-nana-akufo-addo","url":"https:\/\/www.africa-press.net\/togo\/sports\/disparition-de-christian-atsu-le-football-ghaneen-a-perdu-lun-de-ses-meilleurs-elements-nana-akufo-addo","name":"Disparition de Christian Atsu : \u00ab Le football ghan\u00e9en a perdu l\u2019un de ses meilleurs \u00e9l\u00e9ments \u00bb, Nana Akufo-Addo - Togo","isPartOf":{"@id":"https:\/\/www.africa-press.net\/togo\/#website"},"primaryImageOfPage":{"@id":"https:\/\/www.africa-press.net\/togo\/sports\/disparition-de-christian-atsu-le-football-ghaneen-a-perdu-lun-de-ses-meilleurs-elements-nana-akufo-addo#primaryimage"},"image":{"@id":"https:\/\/www.africa-press.net\/togo\/sports\/disparition-de-christian-atsu-le-football-ghaneen-a-perdu-lun-de-ses-meilleurs-elements-nana-akufo-addo#primaryimage"},"thumbnailUrl":"https:\/\/static.africa-press.net\/togo\/sites\/58\/2023\/02\/postQueueImg_1676711634.39.jpg","datePublished":"2023-02-18T12:42:45+00:00","dateModified":"2023-02-18T12:52:51+00:00","author":{"@id":"https:\/\/www.africa-press.net\/togo\/#\/schema\/person\/2b1cf3cd81a31e3cd26889ca66d677f1"},"description":"Le chef de l\u2019E\u0301tat ghane\u0301en Nana Addo Dankwa Akufo-Addo a re\u0301agi suite a\u0300 l\u2019annonce du de\u0301ce\u0300s tragique en Turquie, d ...","breadcrumb":{"@id":"https:\/\/www.africa-press.net\/togo\/sports\/disparition-de-christian-atsu-le-football-ghaneen-a-perdu-lun-de-ses-meilleurs-elements-nana-akufo-addo#breadcrumb"},"inLanguage":"fr-FR","potentialAction":[{"@type":"ReadAction","target":["https:\/\/www.africa-press.net\/togo\/sports\/disparition-de-christian-atsu-le-football-ghaneen-a-perdu-lun-de-ses-meilleurs-elements-nana-akufo-addo"]}]},{"@type":"ImageObject","inLanguage":"fr-FR","@id":"https:\/\/www.africa-press.net\/togo\/sports\/disparition-de-christian-atsu-le-football-ghaneen-a-perdu-lun-de-ses-meilleurs-elements-nana-akufo-addo#primaryimage","url":"https:\/\/static.africa-press.net\/togo\/sites\/58\/2023\/02\/postQueueImg_1676711634.39.jpg","contentUrl":"https:\/\/static.africa-press.net\/togo\/sites\/58\/2023\/02\/postQueueImg_1676711634.39.jpg","width":1282,"height":800,"caption":"Disparition de Christian Atsu : \u00ab Le football ghan\u00e9en a perdu l\u2019un de ses meilleurs \u00e9l\u00e9ments \u00bb, Nana Akufo-Addo"},{"@type":"BreadcrumbList","@id":"https:\/\/www.africa-press.net\/togo\/sports\/disparition-de-christian-atsu-le-football-ghaneen-a-perdu-lun-de-ses-meilleurs-elements-nana-akufo-addo#breadcrumb","itemListElement":[{"@type":"ListItem","position":1,"name":"Accueil","item":"https:\/\/www.africa-press.net\/togo\/"},{"@type":"ListItem","position":2,"name":"Disparition de Christian Atsu : \u00ab Le football ghan\u00e9en a perdu l\u2019un de ses meilleurs \u00e9l\u00e9ments \u00bb, Nana Akufo-Addo"}]},{"@type":"WebSite","@id":"https:\/\/www.africa-press.net\/togo\/#website","url":"https:\/\/www.africa-press.net\/togo\/","name":"Togo","description":"Just another Africa News Agency Sites site","potentialAction":[{"@type":"SearchAction","target":{"@type":"EntryPoint","urlTemplate":"https:\/\/www.africa-press.net\/togo\/?s={search_term_string}"},"query-input":{"@type":"PropertyValueSpecification","valueRequired":true,"valueName":"search_term_string"}}],"inLanguage":"fr-FR"},{"@type":"Person","@id":"https:\/\/www.africa-press.net\/togo\/#\/schema\/person\/2b1cf3cd81a31e3cd26889ca66d677f1","name":"cfeditorfr"}]}},"_links":{"self":[{"href":"https:\/\/www.africa-press.net\/togo\/wp-json\/wp\/v2\/posts\/17383","targetHints":{"allow":["GET"]}}],"collection":[{"href":"https:\/\/www.africa-press.net\/togo\/wp-json\/wp\/v2\/posts"}],"about":[{"href":"https:\/\/www.africa-press.net\/togo\/wp-json\/wp\/v2\/types\/post"}],"author":[{"embeddable":true,"href":"https:\/\/www.africa-press.net\/togo\/wp-json\/wp\/v2\/users\/82"}],"replies":[{"embeddable":true,"href":"https:\/\/www.africa-press.net\/togo\/wp-json\/wp\/v2\/comments?post=17383"}],"version-history":[{"count":0,"href":"https:\/\/www.africa-press.net\/togo\/wp-json\/wp\/v2\/posts\/17383\/revisions"}],"wp:featuredmedia":[{"embeddable":true,"href":"https:\/\/www.africa-press.net\/togo\/wp-json\/wp\/v2\/media\/17382"}],"wp:attachment":[{"href":"https:\/\/www.africa-press.net\/togo\/wp-json\/wp\/v2\/media?parent=17383"}],"wp:term":[{"taxonomy":"category","embeddable":true,"href":"https:\/\/www.africa-press.net\/togo\/wp-json\/wp\/v2\/categories?post=17383"},{"taxonomy":"post_tag","embeddable":true,"href":"https:\/\/www.africa-press.net\/togo\/wp-json\/wp\/v2\/tags?post=17383"}],"curies":[{"name":"wp","href":"https:\/\/api.w.org\/{rel}","templated":true}]}}