{"id":17387,"date":"2023-02-18T12:42:16","date_gmt":"2023-02-18T12:42:16","guid":{"rendered":"https:\/\/www.africa-press.net\/togo\/politique\/allemagne-une-delegation-togolaise-a-la-msc-2023"},"modified":"2023-02-18T12:53:59","modified_gmt":"2023-02-18T12:53:59","slug":"allemagne-une-delegation-togolaise-a-la-msc-2023","status":"publish","type":"post","link":"https:\/\/www.africa-press.net\/togo\/politique\/allemagne-une-delegation-togolaise-a-la-msc-2023","title":{"rendered":"Allemagne-Une d\u00e9l\u00e9gation Togolaise \u00e0 la MSC 2023"},"content":{"rendered":"<p><span style=\"color: #ff6600\"><strong>Africa-Press &#8211; Togo. <\/strong><\/span><b>Une de\u0301le\u0301gation togolaise participe a\u0300 la 59e Confe\u0301rence de Munich sur la se\u0301curite\u0301 (MSC 2023) qui se de\u0301roule du 17 au 19 fe\u0301vrier 2023 a\u0300 Munich, en Allemagne. <\/b><\/p>\n<p>La confe\u0301rence, qui se concentre sur les politiques de se\u0301curite\u0301 mondiale, rassemble des de\u0301cideurs de haut niveau du monde entier, notamment des chefs d\u2019E\u0301tat, des ministres, des personnalite\u0301s d\u2019organisations internationales et non gouvernementales, ainsi que des repre\u0301sentants de haut rang de l\u2019industrie, des me\u0301dias, universitaires et de la socie\u0301te\u0301 civile, pour un de\u0301bat intensif sur les de\u0301fis actuels et futurs en matie\u0300re de se\u0301curite\u0301.<\/p>\n<p>Le Togo e\u0301tait repre\u0301sente\u0301 par une de\u0301le\u0301gation conduite par le ministre des Affaires e\u0301trange\u0300res, de l\u2019interge\u0301ne\u0301ration re\u0301gionale et des Togolais de l\u2019exte\u0301rieur, le professeur Robert Dussey.<\/p>\n<p>Le chef de la diplomatie togolaise en profite pour rencontrer plusieurs de ses homologues. Il a annonce\u0301 une rencontre avec l\u2019Allemande Annalena Baerbock, ainsi que son homologue letton, Edgars Rinke\u0304vic\u030cs.<\/p>\n<p>J\u2019ai rencontre\u0301 la ministre allemande des Affaires Etrange\u0300res Annalena Baerbock en marge du #MSC2023 a #Munich. la coope\u0301ration bilate\u0301rale et la paix dans le Sahel e\u0301taient objet de nos e\u0301changes. @GermanyDiplo @MunSecConf @ABaerbock pic.twitter.com\/9xUA8rlRAl<\/p>\n<p>La confe\u0301rence de Munich sur la se\u0301curite\u0301 couvre un large e\u0301ventail de sujets lie\u0301s a\u0300 la se\u0301curite\u0301, y compris les questions transatlantiques et europe\u0301ennes, ainsi que les de\u0301fis e\u0301mergents pour la communaute\u0301 internationale.<\/p>\n<p><strong>Pour plus d&rsquo;informations et d&rsquo;analyses sur la <a href=\"https:\/\/www.africa-press.net\/togo\">Togo<\/a>, suivez <a href=\"https:\/\/www.africa-press.net\/\">Africa-Press<\/a><\/strong><\/p>\n","protected":false},"excerpt":{"rendered":"<p>Africa-Press &#8211; Togo. Une de\u0301le\u0301gation togolaise participe a\u0300 la 59e Confe\u0301rence de Munich sur la se\u0301curite\u0301 (MSC 2023) qui se de\u0301roule du 17 au 19 fe\u0301vrier 2023 a\u0300 Munich, en Allemagne. La confe\u0301rence, qui se concentre sur les politiques de se\u0301curite\u0301 mondiale, rassemble des de\u0301cideurs de haut niveau du monde entier, notamment des chefs d\u2019E\u0301tat, [&hellip;]<\/p>\n","protected":false},"author":82,"featured_media":17385,"comment_status":"open","ping_status":"closed","sticky":false,"template":"","format":"standard","meta":{"footnotes":""},"categories":[2,10],"tags":[36,49,50],"class_list":["post-17387","post","type-post","status-publish","format-standard","has-post-thumbnail","hentry","category-politique","category-toutes-les-actualites","tag-africa-press","tag-africa-press-togo","tag-togo"],"yoast_head":"<!-- This site is optimized with the Yoast SEO Premium plugin v26.1 (Yoast SEO v27.0) - https:\/\/yoast.com\/product\/yoast-seo-premium-wordpress\/ -->\n<title>Allemagne-Une d\u00e9l\u00e9gation Togolaise \u00e0 la MSC 2023 - Togo<\/title>\n<meta name=\"description\" content=\"Une de\u0301le\u0301gation togolaise participe a\u0300 la 59e Confe\u0301rence de Munich sur la se\u0301curite\u0301 (MSC 2023) qui se de\u0301roule du ...\" \/>\n<meta name=\"robots\" content=\"index, follow, max-snippet:-1, max-image-preview:large, max-video-preview:-1\" \/>\n<link rel=\"canonical\" href=\"https:\/\/www.africa-press.net\/togo\/politique\/allemagne-une-delegation-togolaise-a-la-msc-2023\" \/>\n<meta property=\"og:locale\" content=\"fr_FR\" \/>\n<meta property=\"og:type\" content=\"article\" \/>\n<meta property=\"og:title\" content=\"Allemagne-Une d\u00e9l\u00e9gation Togolaise \u00e0 la MSC 2023\" \/>\n<meta property=\"og:description\" content=\"Une de\u0301le\u0301gation togolaise participe a\u0300 la 59e Confe\u0301rence de Munich sur la se\u0301curite\u0301 (MSC 2023) qui se de\u0301roule du ...\" \/>\n<meta property=\"og:url\" content=\"https:\/\/www.africa-press.net\/togo\/politique\/allemagne-une-delegation-togolaise-a-la-msc-2023\" \/>\n<meta property=\"og:site_name\" content=\"Togo\" \/>\n<meta property=\"article:published_time\" content=\"2023-02-18T12:42:16+00:00\" \/>\n<meta property=\"article:modified_time\" content=\"2023-02-18T12:53:59+00:00\" \/>\n<meta property=\"og:image\" content=\"https:\/\/static.africa-press.net\/togo\/sites\/58\/2023\/02\/postQueueImg_1676711540.60.jpg\" \/>\n\t<meta property=\"og:image:width\" content=\"1280\" \/>\n\t<meta property=\"og:image:height\" content=\"853\" \/>\n\t<meta property=\"og:image:type\" content=\"image\/jpeg\" \/>\n<meta name=\"author\" content=\"cfeditorfr\" \/>\n<meta name=\"twitter:card\" content=\"summary_large_image\" \/>\n<meta name=\"twitter:label1\" content=\"\u00c9crit par\" \/>\n\t<meta name=\"twitter:data1\" content=\"cfeditorfr\" \/>\n\t<meta name=\"twitter:label2\" content=\"Dur\u00e9e de lecture estim\u00e9e\" \/>\n\t<meta name=\"twitter:data2\" content=\"1 minute\" \/>\n<script type=\"application\/ld+json\" class=\"yoast-schema-graph\">{\"@context\":\"https:\/\/schema.org\",\"@graph\":[{\"@type\":\"Article\",\"@id\":\"https:\/\/www.africa-press.net\/togo\/politique\/allemagne-une-delegation-togolaise-a-la-msc-2023#article\",\"isPartOf\":{\"@id\":\"https:\/\/www.africa-press.net\/togo\/politique\/allemagne-une-delegation-togolaise-a-la-msc-2023\"},\"author\":{\"name\":\"cfeditorfr\",\"@id\":\"https:\/\/www.africa-press.net\/togo\/#\/schema\/person\/2b1cf3cd81a31e3cd26889ca66d677f1\"},\"headline\":\"Allemagne-Une d\u00e9l\u00e9gation Togolaise \u00e0 la MSC 2023\",\"datePublished\":\"2023-02-18T12:42:16+00:00\",\"dateModified\":\"2023-02-18T12:53:59+00:00\",\"mainEntityOfPage\":{\"@id\":\"https:\/\/www.africa-press.net\/togo\/politique\/allemagne-une-delegation-togolaise-a-la-msc-2023\"},\"wordCount\":287,\"commentCount\":0,\"image\":{\"@id\":\"https:\/\/www.africa-press.net\/togo\/politique\/allemagne-une-delegation-togolaise-a-la-msc-2023#primaryimage\"},\"thumbnailUrl\":\"https:\/\/static.africa-press.net\/togo\/sites\/58\/2023\/02\/postQueueImg_1676711540.60.jpg\",\"keywords\":[\"Africa Press\",\"Africa Press-Togo\",\"Togo\"],\"articleSection\":[\"Politique\",\"Toutes les actualit\u00e9s\"],\"inLanguage\":\"fr-FR\",\"potentialAction\":[{\"@type\":\"CommentAction\",\"name\":\"Comment\",\"target\":[\"https:\/\/www.africa-press.net\/togo\/politique\/allemagne-une-delegation-togolaise-a-la-msc-2023#respond\"]}]},{\"@type\":\"WebPage\",\"@id\":\"https:\/\/www.africa-press.net\/togo\/politique\/allemagne-une-delegation-togolaise-a-la-msc-2023\",\"url\":\"https:\/\/www.africa-press.net\/togo\/politique\/allemagne-une-delegation-togolaise-a-la-msc-2023\",\"name\":\"Allemagne-Une d\u00e9l\u00e9gation Togolaise \u00e0 la MSC 2023 - Togo\",\"isPartOf\":{\"@id\":\"https:\/\/www.africa-press.net\/togo\/#website\"},\"primaryImageOfPage\":{\"@id\":\"https:\/\/www.africa-press.net\/togo\/politique\/allemagne-une-delegation-togolaise-a-la-msc-2023#primaryimage\"},\"image\":{\"@id\":\"https:\/\/www.africa-press.net\/togo\/politique\/allemagne-une-delegation-togolaise-a-la-msc-2023#primaryimage\"},\"thumbnailUrl\":\"https:\/\/static.africa-press.net\/togo\/sites\/58\/2023\/02\/postQueueImg_1676711540.60.jpg\",\"datePublished\":\"2023-02-18T12:42:16+00:00\",\"dateModified\":\"2023-02-18T12:53:59+00:00\",\"author\":{\"@id\":\"https:\/\/www.africa-press.net\/togo\/#\/schema\/person\/2b1cf3cd81a31e3cd26889ca66d677f1\"},\"description\":\"Une de\u0301le\u0301gation togolaise participe a\u0300 la 59e Confe\u0301rence de Munich sur la se\u0301curite\u0301 (MSC 2023) qui se de\u0301roule du ...\",\"breadcrumb\":{\"@id\":\"https:\/\/www.africa-press.net\/togo\/politique\/allemagne-une-delegation-togolaise-a-la-msc-2023#breadcrumb\"},\"inLanguage\":\"fr-FR\",\"potentialAction\":[{\"@type\":\"ReadAction\",\"target\":[\"https:\/\/www.africa-press.net\/togo\/politique\/allemagne-une-delegation-togolaise-a-la-msc-2023\"]}]},{\"@type\":\"ImageObject\",\"inLanguage\":\"fr-FR\",\"@id\":\"https:\/\/www.africa-press.net\/togo\/politique\/allemagne-une-delegation-togolaise-a-la-msc-2023#primaryimage\",\"url\":\"https:\/\/static.africa-press.net\/togo\/sites\/58\/2023\/02\/postQueueImg_1676711540.60.jpg\",\"contentUrl\":\"https:\/\/static.africa-press.net\/togo\/sites\/58\/2023\/02\/postQueueImg_1676711540.60.jpg\",\"width\":1280,\"height\":853,\"caption\":\"Allemagne-Une d\u00e9l\u00e9gation Togolaise \u00e0 la MSC 2023\"},{\"@type\":\"BreadcrumbList\",\"@id\":\"https:\/\/www.africa-press.net\/togo\/politique\/allemagne-une-delegation-togolaise-a-la-msc-2023#breadcrumb\",\"itemListElement\":[{\"@type\":\"ListItem\",\"position\":1,\"name\":\"Accueil\",\"item\":\"https:\/\/www.africa-press.net\/togo\/\"},{\"@type\":\"ListItem\",\"position\":2,\"name\":\"Allemagne-Une d\u00e9l\u00e9gation Togolaise \u00e0 la MSC 2023\"}]},{\"@type\":\"WebSite\",\"@id\":\"https:\/\/www.africa-press.net\/togo\/#website\",\"url\":\"https:\/\/www.africa-press.net\/togo\/\",\"name\":\"Togo\",\"description\":\"Just another Africa News Agency Sites site\",\"potentialAction\":[{\"@type\":\"SearchAction\",\"target\":{\"@type\":\"EntryPoint\",\"urlTemplate\":\"https:\/\/www.africa-press.net\/togo\/?s={search_term_string}\"},\"query-input\":{\"@type\":\"PropertyValueSpecification\",\"valueRequired\":true,\"valueName\":\"search_term_string\"}}],\"inLanguage\":\"fr-FR\"},{\"@type\":\"Person\",\"@id\":\"https:\/\/www.africa-press.net\/togo\/#\/schema\/person\/2b1cf3cd81a31e3cd26889ca66d677f1\",\"name\":\"cfeditorfr\"}]}<\/script>\n<!-- \/ Yoast SEO Premium plugin. -->","yoast_head_json":{"title":"Allemagne-Une d\u00e9l\u00e9gation Togolaise \u00e0 la MSC 2023 - Togo","description":"Une de\u0301le\u0301gation togolaise participe a\u0300 la 59e Confe\u0301rence de Munich sur la se\u0301curite\u0301 (MSC 2023) qui se de\u0301roule du ...","robots":{"index":"index","follow":"follow","max-snippet":"max-snippet:-1","max-image-preview":"max-image-preview:large","max-video-preview":"max-video-preview:-1"},"canonical":"https:\/\/www.africa-press.net\/togo\/politique\/allemagne-une-delegation-togolaise-a-la-msc-2023","og_locale":"fr_FR","og_type":"article","og_title":"Allemagne-Une d\u00e9l\u00e9gation Togolaise \u00e0 la MSC 2023","og_description":"Une de\u0301le\u0301gation togolaise participe a\u0300 la 59e Confe\u0301rence de Munich sur la se\u0301curite\u0301 (MSC 2023) qui se de\u0301roule du ...","og_url":"https:\/\/www.africa-press.net\/togo\/politique\/allemagne-une-delegation-togolaise-a-la-msc-2023","og_site_name":"Togo","article_published_time":"2023-02-18T12:42:16+00:00","article_modified_time":"2023-02-18T12:53:59+00:00","og_image":[{"width":1280,"height":853,"url":"https:\/\/static.africa-press.net\/togo\/sites\/58\/2023\/02\/postQueueImg_1676711540.60.jpg","type":"image\/jpeg"}],"author":"cfeditorfr","twitter_card":"summary_large_image","twitter_misc":{"\u00c9crit par":"cfeditorfr","Dur\u00e9e de lecture estim\u00e9e":"1 minute"},"schema":{"@context":"https:\/\/schema.org","@graph":[{"@type":"Article","@id":"https:\/\/www.africa-press.net\/togo\/politique\/allemagne-une-delegation-togolaise-a-la-msc-2023#article","isPartOf":{"@id":"https:\/\/www.africa-press.net\/togo\/politique\/allemagne-une-delegation-togolaise-a-la-msc-2023"},"author":{"name":"cfeditorfr","@id":"https:\/\/www.africa-press.net\/togo\/#\/schema\/person\/2b1cf3cd81a31e3cd26889ca66d677f1"},"headline":"Allemagne-Une d\u00e9l\u00e9gation Togolaise \u00e0 la MSC 2023","datePublished":"2023-02-18T12:42:16+00:00","dateModified":"2023-02-18T12:53:59+00:00","mainEntityOfPage":{"@id":"https:\/\/www.africa-press.net\/togo\/politique\/allemagne-une-delegation-togolaise-a-la-msc-2023"},"wordCount":287,"commentCount":0,"image":{"@id":"https:\/\/www.africa-press.net\/togo\/politique\/allemagne-une-delegation-togolaise-a-la-msc-2023#primaryimage"},"thumbnailUrl":"https:\/\/static.africa-press.net\/togo\/sites\/58\/2023\/02\/postQueueImg_1676711540.60.jpg","keywords":["Africa Press","Africa Press-Togo","Togo"],"articleSection":["Politique","Toutes les actualit\u00e9s"],"inLanguage":"fr-FR","potentialAction":[{"@type":"CommentAction","name":"Comment","target":["https:\/\/www.africa-press.net\/togo\/politique\/allemagne-une-delegation-togolaise-a-la-msc-2023#respond"]}]},{"@type":"WebPage","@id":"https:\/\/www.africa-press.net\/togo\/politique\/allemagne-une-delegation-togolaise-a-la-msc-2023","url":"https:\/\/www.africa-press.net\/togo\/politique\/allemagne-une-delegation-togolaise-a-la-msc-2023","name":"Allemagne-Une d\u00e9l\u00e9gation Togolaise \u00e0 la MSC 2023 - Togo","isPartOf":{"@id":"https:\/\/www.africa-press.net\/togo\/#website"},"primaryImageOfPage":{"@id":"https:\/\/www.africa-press.net\/togo\/politique\/allemagne-une-delegation-togolaise-a-la-msc-2023#primaryimage"},"image":{"@id":"https:\/\/www.africa-press.net\/togo\/politique\/allemagne-une-delegation-togolaise-a-la-msc-2023#primaryimage"},"thumbnailUrl":"https:\/\/static.africa-press.net\/togo\/sites\/58\/2023\/02\/postQueueImg_1676711540.60.jpg","datePublished":"2023-02-18T12:42:16+00:00","dateModified":"2023-02-18T12:53:59+00:00","author":{"@id":"https:\/\/www.africa-press.net\/togo\/#\/schema\/person\/2b1cf3cd81a31e3cd26889ca66d677f1"},"description":"Une de\u0301le\u0301gation togolaise participe a\u0300 la 59e Confe\u0301rence de Munich sur la se\u0301curite\u0301 (MSC 2023) qui se de\u0301roule du ...","breadcrumb":{"@id":"https:\/\/www.africa-press.net\/togo\/politique\/allemagne-une-delegation-togolaise-a-la-msc-2023#breadcrumb"},"inLanguage":"fr-FR","potentialAction":[{"@type":"ReadAction","target":["https:\/\/www.africa-press.net\/togo\/politique\/allemagne-une-delegation-togolaise-a-la-msc-2023"]}]},{"@type":"ImageObject","inLanguage":"fr-FR","@id":"https:\/\/www.africa-press.net\/togo\/politique\/allemagne-une-delegation-togolaise-a-la-msc-2023#primaryimage","url":"https:\/\/static.africa-press.net\/togo\/sites\/58\/2023\/02\/postQueueImg_1676711540.60.jpg","contentUrl":"https:\/\/static.africa-press.net\/togo\/sites\/58\/2023\/02\/postQueueImg_1676711540.60.jpg","width":1280,"height":853,"caption":"Allemagne-Une d\u00e9l\u00e9gation Togolaise \u00e0 la MSC 2023"},{"@type":"BreadcrumbList","@id":"https:\/\/www.africa-press.net\/togo\/politique\/allemagne-une-delegation-togolaise-a-la-msc-2023#breadcrumb","itemListElement":[{"@type":"ListItem","position":1,"name":"Accueil","item":"https:\/\/www.africa-press.net\/togo\/"},{"@type":"ListItem","position":2,"name":"Allemagne-Une d\u00e9l\u00e9gation Togolaise \u00e0 la MSC 2023"}]},{"@type":"WebSite","@id":"https:\/\/www.africa-press.net\/togo\/#website","url":"https:\/\/www.africa-press.net\/togo\/","name":"Togo","description":"Just another Africa News Agency Sites site","potentialAction":[{"@type":"SearchAction","target":{"@type":"EntryPoint","urlTemplate":"https:\/\/www.africa-press.net\/togo\/?s={search_term_string}"},"query-input":{"@type":"PropertyValueSpecification","valueRequired":true,"valueName":"search_term_string"}}],"inLanguage":"fr-FR"},{"@type":"Person","@id":"https:\/\/www.africa-press.net\/togo\/#\/schema\/person\/2b1cf3cd81a31e3cd26889ca66d677f1","name":"cfeditorfr"}]}},"_links":{"self":[{"href":"https:\/\/www.africa-press.net\/togo\/wp-json\/wp\/v2\/posts\/17387","targetHints":{"allow":["GET"]}}],"collection":[{"href":"https:\/\/www.africa-press.net\/togo\/wp-json\/wp\/v2\/posts"}],"about":[{"href":"https:\/\/www.africa-press.net\/togo\/wp-json\/wp\/v2\/types\/post"}],"author":[{"embeddable":true,"href":"https:\/\/www.africa-press.net\/togo\/wp-json\/wp\/v2\/users\/82"}],"replies":[{"embeddable":true,"href":"https:\/\/www.africa-press.net\/togo\/wp-json\/wp\/v2\/comments?post=17387"}],"version-history":[{"count":0,"href":"https:\/\/www.africa-press.net\/togo\/wp-json\/wp\/v2\/posts\/17387\/revisions"}],"wp:featuredmedia":[{"embeddable":true,"href":"https:\/\/www.africa-press.net\/togo\/wp-json\/wp\/v2\/media\/17385"}],"wp:attachment":[{"href":"https:\/\/www.africa-press.net\/togo\/wp-json\/wp\/v2\/media?parent=17387"}],"wp:term":[{"taxonomy":"category","embeddable":true,"href":"https:\/\/www.africa-press.net\/togo\/wp-json\/wp\/v2\/categories?post=17387"},{"taxonomy":"post_tag","embeddable":true,"href":"https:\/\/www.africa-press.net\/togo\/wp-json\/wp\/v2\/tags?post=17387"}],"curies":[{"name":"wp","href":"https:\/\/api.w.org\/{rel}","templated":true}]}}