{"id":17401,"date":"2023-02-18T19:03:46","date_gmt":"2023-02-18T19:03:46","guid":{"rendered":"https:\/\/www.africa-press.net\/togo\/politique\/togo-tigre-revolution-laffaire-est-devant-la-cour-de-justice-de-la-cedeao"},"modified":"2023-02-18T19:39:41","modified_gmt":"2023-02-18T19:39:41","slug":"togo-tigre-revolution-laffaire-est-devant-la-cour-de-justice-de-la-cedeao","status":"publish","type":"post","link":"https:\/\/www.africa-press.net\/togo\/toutes-les-actualites\/togo-tigre-revolution-laffaire-est-devant-la-cour-de-justice-de-la-cedeao","title":{"rendered":"Togo- \u00ab Tigre R\u00e9volution \u00bb : L\u2019affaire est devant la  Cour de justice de la CEDEAO"},"content":{"rendered":"<p><span style=\"color: #ff6600\"><strong>Africa-Press &#8211; Togo. <\/strong><\/span><b>\u00ab Tigre Re\u0301volution \u00bb, c\u2019est l\u2019affaire qui a de\u0301fraye\u0301 la chronique au Togo en novembre 2019. Le dossier n\u2019est pas clos, il est porte\u0301 devant la Cour de justice de la CEDEAO par l\u2019Association des Victimes de la Torture au Togo (ASVITTO).<\/b><\/p>\n<p>Jeudi 16 fe\u0301vrier 2023, au cours d\u2019une premie\u0300re audience a\u0300 Abuja au Nige\u0301ria, les avocats des accuse\u0301s ont pu de\u0301fendre leurs clients. Mais c\u2019est le 6 avril prochain que la Cour de justice de la communaute\u0301 va de\u0301libe\u0301rer.<\/p>\n<p>Interroge\u0301 par nos confre\u0300res de la radio Ze\u0301phyr, le responsable de l\u2019ASVITTO gra\u0302ce a\u0300 qui cette affaire est devant la Cour de justice de la CEDEAO, se montre confiant.<\/p>\n<p>\u00ab La position de la Cour sera connue le 6 avril prochain. C\u2019est a\u0300 cette occasion qu\u2019on verra si c\u2019est l\u2019Etat togolais qui a raison ou ce sont les personnes arre\u0302te\u0301es qui ont raison. A l\u2019ASVITTO, ce que nous pouvons faire, c\u2019est que nous allons continuer par inviter les autorite\u0301s gouvernementales a\u0300 attendre raison pour libe\u0301rer ces personnes qui ont e\u0301te\u0301 arre\u0302te\u0301es, qui se sont vu brimer dans leurs droits, avec tout ce que nous savons par rapport aux actes de tortures qu\u2019ils ont subi jusqu\u2019a\u0300 ce jour. Pour tous ceux qui sont morts, l\u2019Etat a tout le temps d\u2019ici 06 avril pour amorcer une re\u0301paration de tous ces dommages qu\u2019il a cause\u0301 \u00bb, a indique\u0301 Kao Atcholi, pre\u0301sident de l\u2019ASVITTO.<\/p>\n<p>Suivez l\u2019intervention de Kao Atcholi sur la radio Ze\u0301phyr<\/p>\n<p><strong>Pour plus d&rsquo;informations et d&rsquo;analyses sur la <a href=\"https:\/\/www.africa-press.net\/togo\">Togo<\/a>, suivez <a href=\"https:\/\/www.africa-press.net\/\">Africa-Press<\/a><\/strong><\/p>\n","protected":false},"excerpt":{"rendered":"<p>Africa-Press &#8211; Togo. \u00ab Tigre Re\u0301volution \u00bb, c\u2019est l\u2019affaire qui a de\u0301fraye\u0301 la chronique au Togo en novembre 2019. Le dossier n\u2019est pas clos, il est porte\u0301 devant la Cour de justice de la CEDEAO par l\u2019Association des Victimes de la Torture au Togo (ASVITTO). Jeudi 16 fe\u0301vrier 2023, au cours d\u2019une premie\u0300re audience a\u0300 [&hellip;]<\/p>\n","protected":false},"author":82,"featured_media":17400,"comment_status":"open","ping_status":"closed","sticky":false,"template":"","format":"standard","meta":{"footnotes":""},"categories":[21,10],"tags":[36,49,50],"class_list":["post-17401","post","type-post","status-publish","format-standard","has-post-thumbnail","hentry","category-communaute","category-toutes-les-actualites","tag-africa-press","tag-africa-press-togo","tag-togo"],"yoast_head":"<!-- This site is optimized with the Yoast SEO Premium plugin v26.1 (Yoast SEO v27.0) - https:\/\/yoast.com\/product\/yoast-seo-premium-wordpress\/ -->\n<title>Togo- \u00ab Tigre R\u00e9volution \u00bb : L\u2019affaire est devant la Cour de justice de la CEDEAO - Togo<\/title>\n<meta name=\"description\" content=\"\u00ab Tigre Re\u0301volution \u00bb, c\u2019est l\u2019affaire qui a de\u0301fraye\u0301 la chronique au Togo en novembre 2019. Le dossier n\u2019est pas cl ...\" \/>\n<meta name=\"robots\" content=\"index, follow, max-snippet:-1, max-image-preview:large, max-video-preview:-1\" \/>\n<link rel=\"canonical\" href=\"https:\/\/www.africa-press.net\/togo\/toutes-les-actualites\/togo-tigre-revolution-laffaire-est-devant-la-cour-de-justice-de-la-cedeao\" \/>\n<meta property=\"og:locale\" content=\"fr_FR\" \/>\n<meta property=\"og:type\" content=\"article\" \/>\n<meta property=\"og:title\" content=\"Togo- \u00ab Tigre R\u00e9volution \u00bb : L\u2019affaire est devant la Cour de justice de la CEDEAO\" \/>\n<meta property=\"og:description\" content=\"\u00ab Tigre Re\u0301volution \u00bb, c\u2019est l\u2019affaire qui a de\u0301fraye\u0301 la chronique au Togo en novembre 2019. Le dossier n\u2019est pas cl ...\" \/>\n<meta property=\"og:url\" content=\"https:\/\/www.africa-press.net\/togo\/toutes-les-actualites\/togo-tigre-revolution-laffaire-est-devant-la-cour-de-justice-de-la-cedeao\" \/>\n<meta property=\"og:site_name\" content=\"Togo\" \/>\n<meta property=\"article:published_time\" content=\"2023-02-18T19:03:46+00:00\" \/>\n<meta property=\"article:modified_time\" content=\"2023-02-18T19:39:41+00:00\" \/>\n<meta property=\"og:image\" content=\"https:\/\/static.africa-press.net\/togo\/sites\/58\/2023\/02\/postQueueImg_1676734448.76.jpg\" \/>\n\t<meta property=\"og:image:width\" content=\"1282\" \/>\n\t<meta property=\"og:image:height\" content=\"800\" \/>\n\t<meta property=\"og:image:type\" content=\"image\/jpeg\" \/>\n<meta name=\"author\" content=\"cfeditorfr\" \/>\n<meta name=\"twitter:card\" content=\"summary_large_image\" \/>\n<meta name=\"twitter:label1\" content=\"\u00c9crit par\" \/>\n\t<meta name=\"twitter:data1\" content=\"cfeditorfr\" \/>\n\t<meta name=\"twitter:label2\" content=\"Dur\u00e9e de lecture estim\u00e9e\" \/>\n\t<meta name=\"twitter:data2\" content=\"2 minutes\" \/>\n<script type=\"application\/ld+json\" class=\"yoast-schema-graph\">{\"@context\":\"https:\/\/schema.org\",\"@graph\":[{\"@type\":\"Article\",\"@id\":\"https:\/\/www.africa-press.net\/togo\/toutes-les-actualites\/togo-tigre-revolution-laffaire-est-devant-la-cour-de-justice-de-la-cedeao#article\",\"isPartOf\":{\"@id\":\"https:\/\/www.africa-press.net\/togo\/toutes-les-actualites\/togo-tigre-revolution-laffaire-est-devant-la-cour-de-justice-de-la-cedeao\"},\"author\":{\"name\":\"cfeditorfr\",\"@id\":\"https:\/\/www.africa-press.net\/togo\/#\/schema\/person\/2b1cf3cd81a31e3cd26889ca66d677f1\"},\"headline\":\"Togo- \u00ab Tigre R\u00e9volution \u00bb : L\u2019affaire est devant la Cour de justice de la CEDEAO\",\"datePublished\":\"2023-02-18T19:03:46+00:00\",\"dateModified\":\"2023-02-18T19:39:41+00:00\",\"mainEntityOfPage\":{\"@id\":\"https:\/\/www.africa-press.net\/togo\/toutes-les-actualites\/togo-tigre-revolution-laffaire-est-devant-la-cour-de-justice-de-la-cedeao\"},\"wordCount\":301,\"commentCount\":0,\"image\":{\"@id\":\"https:\/\/www.africa-press.net\/togo\/toutes-les-actualites\/togo-tigre-revolution-laffaire-est-devant-la-cour-de-justice-de-la-cedeao#primaryimage\"},\"thumbnailUrl\":\"https:\/\/static.africa-press.net\/togo\/sites\/58\/2023\/02\/postQueueImg_1676734448.76.jpg\",\"keywords\":[\"Africa Press\",\"Africa Press-Togo\",\"Togo\"],\"articleSection\":[\"Communaut\u00e9\",\"Toutes les actualit\u00e9s\"],\"inLanguage\":\"fr-FR\",\"potentialAction\":[{\"@type\":\"CommentAction\",\"name\":\"Comment\",\"target\":[\"https:\/\/www.africa-press.net\/togo\/toutes-les-actualites\/togo-tigre-revolution-laffaire-est-devant-la-cour-de-justice-de-la-cedeao#respond\"]}]},{\"@type\":\"WebPage\",\"@id\":\"https:\/\/www.africa-press.net\/togo\/toutes-les-actualites\/togo-tigre-revolution-laffaire-est-devant-la-cour-de-justice-de-la-cedeao\",\"url\":\"https:\/\/www.africa-press.net\/togo\/toutes-les-actualites\/togo-tigre-revolution-laffaire-est-devant-la-cour-de-justice-de-la-cedeao\",\"name\":\"Togo- \u00ab Tigre R\u00e9volution \u00bb : L\u2019affaire est devant la Cour de justice de la CEDEAO - Togo\",\"isPartOf\":{\"@id\":\"https:\/\/www.africa-press.net\/togo\/#website\"},\"primaryImageOfPage\":{\"@id\":\"https:\/\/www.africa-press.net\/togo\/toutes-les-actualites\/togo-tigre-revolution-laffaire-est-devant-la-cour-de-justice-de-la-cedeao#primaryimage\"},\"image\":{\"@id\":\"https:\/\/www.africa-press.net\/togo\/toutes-les-actualites\/togo-tigre-revolution-laffaire-est-devant-la-cour-de-justice-de-la-cedeao#primaryimage\"},\"thumbnailUrl\":\"https:\/\/static.africa-press.net\/togo\/sites\/58\/2023\/02\/postQueueImg_1676734448.76.jpg\",\"datePublished\":\"2023-02-18T19:03:46+00:00\",\"dateModified\":\"2023-02-18T19:39:41+00:00\",\"author\":{\"@id\":\"https:\/\/www.africa-press.net\/togo\/#\/schema\/person\/2b1cf3cd81a31e3cd26889ca66d677f1\"},\"description\":\"\u00ab Tigre Re\u0301volution \u00bb, c\u2019est l\u2019affaire qui a de\u0301fraye\u0301 la chronique au Togo en novembre 2019. Le dossier n\u2019est pas cl ...\",\"breadcrumb\":{\"@id\":\"https:\/\/www.africa-press.net\/togo\/toutes-les-actualites\/togo-tigre-revolution-laffaire-est-devant-la-cour-de-justice-de-la-cedeao#breadcrumb\"},\"inLanguage\":\"fr-FR\",\"potentialAction\":[{\"@type\":\"ReadAction\",\"target\":[\"https:\/\/www.africa-press.net\/togo\/toutes-les-actualites\/togo-tigre-revolution-laffaire-est-devant-la-cour-de-justice-de-la-cedeao\"]}]},{\"@type\":\"ImageObject\",\"inLanguage\":\"fr-FR\",\"@id\":\"https:\/\/www.africa-press.net\/togo\/toutes-les-actualites\/togo-tigre-revolution-laffaire-est-devant-la-cour-de-justice-de-la-cedeao#primaryimage\",\"url\":\"https:\/\/static.africa-press.net\/togo\/sites\/58\/2023\/02\/postQueueImg_1676734448.76.jpg\",\"contentUrl\":\"https:\/\/static.africa-press.net\/togo\/sites\/58\/2023\/02\/postQueueImg_1676734448.76.jpg\",\"width\":1282,\"height\":800,\"caption\":\"Togo- \u00ab Tigre R\u00e9volution \u00bb : L\u2019affaire est devant la Cour de justice de la CEDEAO\"},{\"@type\":\"BreadcrumbList\",\"@id\":\"https:\/\/www.africa-press.net\/togo\/toutes-les-actualites\/togo-tigre-revolution-laffaire-est-devant-la-cour-de-justice-de-la-cedeao#breadcrumb\",\"itemListElement\":[{\"@type\":\"ListItem\",\"position\":1,\"name\":\"Accueil\",\"item\":\"https:\/\/www.africa-press.net\/togo\/\"},{\"@type\":\"ListItem\",\"position\":2,\"name\":\"Togo- \u00ab Tigre R\u00e9volution \u00bb : L\u2019affaire est devant la Cour de justice de la CEDEAO\"}]},{\"@type\":\"WebSite\",\"@id\":\"https:\/\/www.africa-press.net\/togo\/#website\",\"url\":\"https:\/\/www.africa-press.net\/togo\/\",\"name\":\"Togo\",\"description\":\"Just another Africa News Agency Sites site\",\"potentialAction\":[{\"@type\":\"SearchAction\",\"target\":{\"@type\":\"EntryPoint\",\"urlTemplate\":\"https:\/\/www.africa-press.net\/togo\/?s={search_term_string}\"},\"query-input\":{\"@type\":\"PropertyValueSpecification\",\"valueRequired\":true,\"valueName\":\"search_term_string\"}}],\"inLanguage\":\"fr-FR\"},{\"@type\":\"Person\",\"@id\":\"https:\/\/www.africa-press.net\/togo\/#\/schema\/person\/2b1cf3cd81a31e3cd26889ca66d677f1\",\"name\":\"cfeditorfr\"}]}<\/script>\n<!-- \/ Yoast SEO Premium plugin. -->","yoast_head_json":{"title":"Togo- \u00ab Tigre R\u00e9volution \u00bb : L\u2019affaire est devant la Cour de justice de la CEDEAO - Togo","description":"\u00ab Tigre Re\u0301volution \u00bb, c\u2019est l\u2019affaire qui a de\u0301fraye\u0301 la chronique au Togo en novembre 2019. Le dossier n\u2019est pas cl ...","robots":{"index":"index","follow":"follow","max-snippet":"max-snippet:-1","max-image-preview":"max-image-preview:large","max-video-preview":"max-video-preview:-1"},"canonical":"https:\/\/www.africa-press.net\/togo\/toutes-les-actualites\/togo-tigre-revolution-laffaire-est-devant-la-cour-de-justice-de-la-cedeao","og_locale":"fr_FR","og_type":"article","og_title":"Togo- \u00ab Tigre R\u00e9volution \u00bb : L\u2019affaire est devant la Cour de justice de la CEDEAO","og_description":"\u00ab Tigre Re\u0301volution \u00bb, c\u2019est l\u2019affaire qui a de\u0301fraye\u0301 la chronique au Togo en novembre 2019. Le dossier n\u2019est pas cl ...","og_url":"https:\/\/www.africa-press.net\/togo\/toutes-les-actualites\/togo-tigre-revolution-laffaire-est-devant-la-cour-de-justice-de-la-cedeao","og_site_name":"Togo","article_published_time":"2023-02-18T19:03:46+00:00","article_modified_time":"2023-02-18T19:39:41+00:00","og_image":[{"width":1282,"height":800,"url":"https:\/\/static.africa-press.net\/togo\/sites\/58\/2023\/02\/postQueueImg_1676734448.76.jpg","type":"image\/jpeg"}],"author":"cfeditorfr","twitter_card":"summary_large_image","twitter_misc":{"\u00c9crit par":"cfeditorfr","Dur\u00e9e de lecture estim\u00e9e":"2 minutes"},"schema":{"@context":"https:\/\/schema.org","@graph":[{"@type":"Article","@id":"https:\/\/www.africa-press.net\/togo\/toutes-les-actualites\/togo-tigre-revolution-laffaire-est-devant-la-cour-de-justice-de-la-cedeao#article","isPartOf":{"@id":"https:\/\/www.africa-press.net\/togo\/toutes-les-actualites\/togo-tigre-revolution-laffaire-est-devant-la-cour-de-justice-de-la-cedeao"},"author":{"name":"cfeditorfr","@id":"https:\/\/www.africa-press.net\/togo\/#\/schema\/person\/2b1cf3cd81a31e3cd26889ca66d677f1"},"headline":"Togo- \u00ab Tigre R\u00e9volution \u00bb : L\u2019affaire est devant la Cour de justice de la CEDEAO","datePublished":"2023-02-18T19:03:46+00:00","dateModified":"2023-02-18T19:39:41+00:00","mainEntityOfPage":{"@id":"https:\/\/www.africa-press.net\/togo\/toutes-les-actualites\/togo-tigre-revolution-laffaire-est-devant-la-cour-de-justice-de-la-cedeao"},"wordCount":301,"commentCount":0,"image":{"@id":"https:\/\/www.africa-press.net\/togo\/toutes-les-actualites\/togo-tigre-revolution-laffaire-est-devant-la-cour-de-justice-de-la-cedeao#primaryimage"},"thumbnailUrl":"https:\/\/static.africa-press.net\/togo\/sites\/58\/2023\/02\/postQueueImg_1676734448.76.jpg","keywords":["Africa Press","Africa Press-Togo","Togo"],"articleSection":["Communaut\u00e9","Toutes les actualit\u00e9s"],"inLanguage":"fr-FR","potentialAction":[{"@type":"CommentAction","name":"Comment","target":["https:\/\/www.africa-press.net\/togo\/toutes-les-actualites\/togo-tigre-revolution-laffaire-est-devant-la-cour-de-justice-de-la-cedeao#respond"]}]},{"@type":"WebPage","@id":"https:\/\/www.africa-press.net\/togo\/toutes-les-actualites\/togo-tigre-revolution-laffaire-est-devant-la-cour-de-justice-de-la-cedeao","url":"https:\/\/www.africa-press.net\/togo\/toutes-les-actualites\/togo-tigre-revolution-laffaire-est-devant-la-cour-de-justice-de-la-cedeao","name":"Togo- \u00ab Tigre R\u00e9volution \u00bb : L\u2019affaire est devant la Cour de justice de la CEDEAO - Togo","isPartOf":{"@id":"https:\/\/www.africa-press.net\/togo\/#website"},"primaryImageOfPage":{"@id":"https:\/\/www.africa-press.net\/togo\/toutes-les-actualites\/togo-tigre-revolution-laffaire-est-devant-la-cour-de-justice-de-la-cedeao#primaryimage"},"image":{"@id":"https:\/\/www.africa-press.net\/togo\/toutes-les-actualites\/togo-tigre-revolution-laffaire-est-devant-la-cour-de-justice-de-la-cedeao#primaryimage"},"thumbnailUrl":"https:\/\/static.africa-press.net\/togo\/sites\/58\/2023\/02\/postQueueImg_1676734448.76.jpg","datePublished":"2023-02-18T19:03:46+00:00","dateModified":"2023-02-18T19:39:41+00:00","author":{"@id":"https:\/\/www.africa-press.net\/togo\/#\/schema\/person\/2b1cf3cd81a31e3cd26889ca66d677f1"},"description":"\u00ab Tigre Re\u0301volution \u00bb, c\u2019est l\u2019affaire qui a de\u0301fraye\u0301 la chronique au Togo en novembre 2019. Le dossier n\u2019est pas cl ...","breadcrumb":{"@id":"https:\/\/www.africa-press.net\/togo\/toutes-les-actualites\/togo-tigre-revolution-laffaire-est-devant-la-cour-de-justice-de-la-cedeao#breadcrumb"},"inLanguage":"fr-FR","potentialAction":[{"@type":"ReadAction","target":["https:\/\/www.africa-press.net\/togo\/toutes-les-actualites\/togo-tigre-revolution-laffaire-est-devant-la-cour-de-justice-de-la-cedeao"]}]},{"@type":"ImageObject","inLanguage":"fr-FR","@id":"https:\/\/www.africa-press.net\/togo\/toutes-les-actualites\/togo-tigre-revolution-laffaire-est-devant-la-cour-de-justice-de-la-cedeao#primaryimage","url":"https:\/\/static.africa-press.net\/togo\/sites\/58\/2023\/02\/postQueueImg_1676734448.76.jpg","contentUrl":"https:\/\/static.africa-press.net\/togo\/sites\/58\/2023\/02\/postQueueImg_1676734448.76.jpg","width":1282,"height":800,"caption":"Togo- \u00ab Tigre R\u00e9volution \u00bb : L\u2019affaire est devant la Cour de justice de la CEDEAO"},{"@type":"BreadcrumbList","@id":"https:\/\/www.africa-press.net\/togo\/toutes-les-actualites\/togo-tigre-revolution-laffaire-est-devant-la-cour-de-justice-de-la-cedeao#breadcrumb","itemListElement":[{"@type":"ListItem","position":1,"name":"Accueil","item":"https:\/\/www.africa-press.net\/togo\/"},{"@type":"ListItem","position":2,"name":"Togo- \u00ab Tigre R\u00e9volution \u00bb : L\u2019affaire est devant la Cour de justice de la CEDEAO"}]},{"@type":"WebSite","@id":"https:\/\/www.africa-press.net\/togo\/#website","url":"https:\/\/www.africa-press.net\/togo\/","name":"Togo","description":"Just another Africa News Agency Sites site","potentialAction":[{"@type":"SearchAction","target":{"@type":"EntryPoint","urlTemplate":"https:\/\/www.africa-press.net\/togo\/?s={search_term_string}"},"query-input":{"@type":"PropertyValueSpecification","valueRequired":true,"valueName":"search_term_string"}}],"inLanguage":"fr-FR"},{"@type":"Person","@id":"https:\/\/www.africa-press.net\/togo\/#\/schema\/person\/2b1cf3cd81a31e3cd26889ca66d677f1","name":"cfeditorfr"}]}},"_links":{"self":[{"href":"https:\/\/www.africa-press.net\/togo\/wp-json\/wp\/v2\/posts\/17401","targetHints":{"allow":["GET"]}}],"collection":[{"href":"https:\/\/www.africa-press.net\/togo\/wp-json\/wp\/v2\/posts"}],"about":[{"href":"https:\/\/www.africa-press.net\/togo\/wp-json\/wp\/v2\/types\/post"}],"author":[{"embeddable":true,"href":"https:\/\/www.africa-press.net\/togo\/wp-json\/wp\/v2\/users\/82"}],"replies":[{"embeddable":true,"href":"https:\/\/www.africa-press.net\/togo\/wp-json\/wp\/v2\/comments?post=17401"}],"version-history":[{"count":0,"href":"https:\/\/www.africa-press.net\/togo\/wp-json\/wp\/v2\/posts\/17401\/revisions"}],"wp:featuredmedia":[{"embeddable":true,"href":"https:\/\/www.africa-press.net\/togo\/wp-json\/wp\/v2\/media\/17400"}],"wp:attachment":[{"href":"https:\/\/www.africa-press.net\/togo\/wp-json\/wp\/v2\/media?parent=17401"}],"wp:term":[{"taxonomy":"category","embeddable":true,"href":"https:\/\/www.africa-press.net\/togo\/wp-json\/wp\/v2\/categories?post=17401"},{"taxonomy":"post_tag","embeddable":true,"href":"https:\/\/www.africa-press.net\/togo\/wp-json\/wp\/v2\/tags?post=17401"}],"curies":[{"name":"wp","href":"https:\/\/api.w.org\/{rel}","templated":true}]}}