{"id":17403,"date":"2023-02-18T19:04:22","date_gmt":"2023-02-18T19:04:22","guid":{"rendered":"https:\/\/www.africa-press.net\/togo\/politique\/togo-prix-de-la-farine-de-ble-et-du-pain-le-gouvernement-dans-la-passivite"},"modified":"2023-02-18T19:40:00","modified_gmt":"2023-02-18T19:40:00","slug":"togo-prix-de-la-farine-de-ble-et-du-pain-le-gouvernement-dans-la-passivite","status":"publish","type":"post","link":"https:\/\/www.africa-press.net\/togo\/economie\/togo-prix-de-la-farine-de-ble-et-du-pain-le-gouvernement-dans-la-passivite","title":{"rendered":"Togo \u2013 Prix de la farine de bl\u00e9 et du pain : Le gouvernement dans la passivit\u00e9 ?"},"content":{"rendered":"<p><span style=\"color: #ff6600\"><strong>Africa-Press &#8211; Togo. <\/strong><\/span><b>La crise sanitaire lie\u0301e a\u0300 la pande\u0301mie du coronavirus est passe\u0301e. En dehors de la Chine qui trai\u0302ne encore la maladie, le monde entier s\u2019en est pratiquement de\u0301barrasse\u0301. Les conse\u0301quences e\u0301conomiques de cette crise sont e\u0301galement en train de s\u2019e\u0301loigner. Dans le me\u0302me sillage, la hausse des prix du ble\u0301 sur le marche\u0301 international, conse\u0301quence de la guerre en Ukraine a e\u0301te\u0301 maitrise\u0301e gra\u0302ce aux accords ayant permis la commercialisation de ce ce\u0301re\u0301ale. Une baisse du prix est constate\u0301e sur le marche\u0301 international, mais qui a du mal a\u0300 s\u2019appliquer au Togo.<\/b><\/p>\n<p>Dans un communique\u0301 rendu public lundi 23 janvier 2023, l\u2019Association togolaise des consommateurs (ATC) a e\u0301voque\u0301 le sujet, soulignant le fait qu\u2019on assiste depuis quelques mois a\u0300 une tendance baissie\u0300re au plan mondial des cours du ble\u0301. \u00ab Ce constat s\u2019explique par une chute des prix du ble\u0301 face a\u0300 la concurrence internationale et a\u0300 un dynamisme dans la reprise des activite\u0301s portuaires. La reprise des exportations de ble\u0301 en mer noire et la re\u0301colte annonce\u0301e du ble\u0301 en Russie sont aussi des facteurs a\u0300 l\u2019origine de l\u2019effondrement conside\u0301rable depuis quelques mois des prix \u00bb, de\u0301clare l\u2019ATC. Et d\u2019expliquer : \u00ab Les cotations de la tonne de ble\u0301 de ces derniers mois te\u0301moignent de la ve\u0301racite\u0301 des faits. Au de\u0301but de la crise sanitaire de la Covid et de la guerre Russie-Ukraine, les cours de ble\u0301 e\u0301taient entre 450 a\u0300 500 Euros la tonne ; en ce moment, les cours sont a\u0300 300 Euros la tonne \u00bb.<\/p>\n<p>Il s\u2019agit-la\u0300 d\u2019une bonne nouvelle. Une nouvelle donne qui conduit l\u2019association de consommateurs a\u0300 interpeller les producteurs et les distributeurs de la farine de ble\u0301 au Togo. \u00ab Face a\u0300 cette situation, l\u2019Association Togolaise des consommateurs (ATC) demande expresse\u0301ment aux producteurs de la farine de ble\u0301, la Socie\u0301te\u0301 Ge\u0301ne\u0301rale des Moulins du Togo (SGMT) et la Socie\u0301te\u0301 des Moulins Modernes du Togo (SMMT) et leurs distributeurs de re\u0301percuter cette baisse de l\u2019ordre de 25% sur les prix pratique\u0301s sur le plan national \u00bb, interpelle l\u2019ATC.<\/p>\n<p>De\u0301sormais, la question qui se pose est de savoir si les producteurs de la farine de ble\u0301 et les distributeurs vont manifester une re\u0301ceptivite\u0301 vis-a\u0300-vis de cette demande plus que le\u0301gitime. L\u2019e\u0301vidence est que depuis de\u0301but 2020, les socie\u0301te\u0301s productrices de la farine de ble\u0301 au Togo ont e\u0301te\u0301 royalement soutenues par le gouvernement a\u0300 travers des subventions, dans le but de les amener a\u0300 maintenir un prix de vente raisonnable du produit. Avant l\u2019annonce me\u0302me de la fin des subventions, ces socie\u0301te\u0301s ont fait la re\u0301tention des produits, alimentant ainsi la spe\u0301culation. Faits de\u0301nonce\u0301s a\u0300 l\u2019e\u0301poque par la Ligue des consommateurs du Togo (LCT). De\u0300s que la fin de ces subventions a e\u0301te\u0301 constate\u0301e, les prix se sont envole\u0301s, atteignant des records que rien ne justifiait.<\/p>\n<p>Pour rappel, le sac de 50 kg de la farine de ble\u0301 qui cou\u0302tait 19.500F en 2020 est passe\u0301 a\u0300 28.500F voire 30.000F en 2022. Ce qui a logiquement entraine\u0301 l\u2019augmentation du prix des produits de\u0301rive\u0301s ou fabrique\u0301s par les boulangers, en particulier celui de la baguette de pain. Vendu a\u0300 100 FCFA pour la baguette de 32g, le pain est passe\u0301 a\u0300 125 FCFA avec un poids manifestement re\u0301duit.<\/p>\n<p>Aujourd\u2019hui que les prix ont baisse\u0301 sur le marche\u0301 international, rien ne justifie plus les prix pratique\u0301s d\u2019abord par les producteurs et les distributeurs, mais ensuite par les boulangeries et autres de\u0301taillants. Les prix doivent e\u0302tre revus a\u0300 la baisse pour sortir de cette triche entretenue par les ope\u0301rateurs e\u0301conomiques du secteur. Ils ont assez profite\u0301 de cette crise e\u0301conomique ne\u0301e autour de ce ce\u0301re\u0301ale. Il est temps que le consommateur final ressente la baisse du prix.<\/p>\n<p>En re\u0301alite\u0301, s\u2019il est vrai que l\u2019ATC en tant qu\u2019association des consommateurs, joue son ro\u0302le de sonneur d\u2019alerte, il revient au gouvernement de ge\u0301rer le dossier. Dans un pays qui se soucie ve\u0301ritablement du bien-e\u0302tre de sa population, l\u2019autorite\u0301 gouvernementale ne devrait pas attendre la sortie des associations pour re\u0301agir. Elle doit e\u0302tre proactive, anticipant les attentes et prenant l\u2019initiative de l\u2019action. C\u2019est plus confortable que d\u2019e\u0302tre dans la re\u0301action suite a\u0300 une situation donne\u0301e. Dans cette affaire de ble\u0301, le gouvernement et le ministe\u0300re du Commerce doivent avoir de\u0301ja\u0300 interpelle\u0301 les ope\u0301rateurs e\u0301conomiques en leur demandant de pratiquer des prix suivant la tendance a\u0300 l\u2019international. Quitte a\u0300 sanctionner ceux qui ne se conformeraient pas aux de\u0301cisions. Un gouvernement, ce n\u2019est pas que les voyages et les confe\u0301rences internationales, mais c\u2019est aussi et surtout la proactivite\u0301.<\/p>\n<p>Dans ce pays, il nous a e\u0301te\u0301 promis la ve\u0301rite\u0301 des prix en ce qui concerne les produits pe\u0301troliers. D\u2019aucuns diront que cette ve\u0301rite\u0301 des prix est pratique\u0301e, mais il n\u2019en est rien. Avec la baisse du prix du ble\u0301, le prix de la farine doit suivre et rejaillir sur celui du pain et autres produits de boulangerie. Mais dans un pays \u00ab Doing Business \u00bb comme le Togo, les inte\u0301re\u0302ts personnels prennent toujours le dessus sur l\u2019inte\u0301re\u0302t ge\u0301ne\u0301ral.<\/p>\n<p><strong>Pour plus d&rsquo;informations et d&rsquo;analyses sur la <a href=\"https:\/\/www.africa-press.net\/togo\">Togo<\/a>, suivez <a href=\"https:\/\/www.africa-press.net\/\">Africa-Press<\/a><\/strong><\/p>\n","protected":false},"excerpt":{"rendered":"<p>Africa-Press &#8211; Togo. La crise sanitaire lie\u0301e a\u0300 la pande\u0301mie du coronavirus est passe\u0301e. En dehors de la Chine qui trai\u0302ne encore la maladie, le monde entier s\u2019en est pratiquement de\u0301barrasse\u0301. Les conse\u0301quences e\u0301conomiques de cette crise sont e\u0301galement en train de s\u2019e\u0301loigner. Dans le me\u0302me sillage, la hausse des prix du ble\u0301 sur le [&hellip;]<\/p>\n","protected":false},"author":82,"featured_media":17402,"comment_status":"open","ping_status":"closed","sticky":false,"template":"","format":"standard","meta":{"footnotes":""},"categories":[3,10],"tags":[36,49,50],"class_list":["post-17403","post","type-post","status-publish","format-standard","has-post-thumbnail","hentry","category-economie","category-toutes-les-actualites","tag-africa-press","tag-africa-press-togo","tag-togo"],"yoast_head":"<!-- This site is optimized with the Yoast SEO Premium plugin v26.1 (Yoast SEO v27.0) - https:\/\/yoast.com\/product\/yoast-seo-premium-wordpress\/ -->\n<title>Togo \u2013 Prix de la farine de bl\u00e9 et du pain : Le gouvernement dans la passivit\u00e9 ? - Togo<\/title>\n<meta name=\"description\" content=\"La crise sanitaire lie\u0301e a\u0300 la pande\u0301mie du coronavirus est passe\u0301e. En dehors de la Chine qui trai\u0302ne encore la mala ...\" \/>\n<meta name=\"robots\" content=\"index, follow, max-snippet:-1, max-image-preview:large, max-video-preview:-1\" \/>\n<link rel=\"canonical\" href=\"https:\/\/www.africa-press.net\/togo\/economie\/togo-prix-de-la-farine-de-ble-et-du-pain-le-gouvernement-dans-la-passivite\" \/>\n<meta property=\"og:locale\" content=\"fr_FR\" \/>\n<meta property=\"og:type\" content=\"article\" \/>\n<meta property=\"og:title\" content=\"Togo \u2013 Prix de la farine de bl\u00e9 et du pain : Le gouvernement dans la passivit\u00e9 ?\" \/>\n<meta property=\"og:description\" content=\"La crise sanitaire lie\u0301e a\u0300 la pande\u0301mie du coronavirus est passe\u0301e. En dehors de la Chine qui trai\u0302ne encore la mala ...\" \/>\n<meta property=\"og:url\" content=\"https:\/\/www.africa-press.net\/togo\/economie\/togo-prix-de-la-farine-de-ble-et-du-pain-le-gouvernement-dans-la-passivite\" \/>\n<meta property=\"og:site_name\" content=\"Togo\" \/>\n<meta property=\"article:published_time\" content=\"2023-02-18T19:04:22+00:00\" \/>\n<meta property=\"article:modified_time\" content=\"2023-02-18T19:40:00+00:00\" \/>\n<meta property=\"og:image\" content=\"https:\/\/static.africa-press.net\/togo\/sites\/58\/2023\/02\/postQueueImg_1676734467.81.jpg\" \/>\n\t<meta property=\"og:image:width\" content=\"720\" \/>\n\t<meta property=\"og:image:height\" content=\"540\" \/>\n\t<meta property=\"og:image:type\" content=\"image\/jpeg\" \/>\n<meta name=\"author\" content=\"cfeditorfr\" \/>\n<meta name=\"twitter:card\" content=\"summary_large_image\" \/>\n<meta name=\"twitter:label1\" content=\"\u00c9crit par\" \/>\n\t<meta name=\"twitter:data1\" content=\"cfeditorfr\" \/>\n\t<meta name=\"twitter:label2\" content=\"Dur\u00e9e de lecture estim\u00e9e\" \/>\n\t<meta name=\"twitter:data2\" content=\"5 minutes\" \/>\n<script type=\"application\/ld+json\" class=\"yoast-schema-graph\">{\"@context\":\"https:\/\/schema.org\",\"@graph\":[{\"@type\":\"Article\",\"@id\":\"https:\/\/www.africa-press.net\/togo\/economie\/togo-prix-de-la-farine-de-ble-et-du-pain-le-gouvernement-dans-la-passivite#article\",\"isPartOf\":{\"@id\":\"https:\/\/www.africa-press.net\/togo\/economie\/togo-prix-de-la-farine-de-ble-et-du-pain-le-gouvernement-dans-la-passivite\"},\"author\":{\"name\":\"cfeditorfr\",\"@id\":\"https:\/\/www.africa-press.net\/togo\/#\/schema\/person\/2b1cf3cd81a31e3cd26889ca66d677f1\"},\"headline\":\"Togo \u2013 Prix de la farine de bl\u00e9 et du pain : Le gouvernement dans la passivit\u00e9 ?\",\"datePublished\":\"2023-02-18T19:04:22+00:00\",\"dateModified\":\"2023-02-18T19:40:00+00:00\",\"mainEntityOfPage\":{\"@id\":\"https:\/\/www.africa-press.net\/togo\/economie\/togo-prix-de-la-farine-de-ble-et-du-pain-le-gouvernement-dans-la-passivite\"},\"wordCount\":965,\"commentCount\":0,\"image\":{\"@id\":\"https:\/\/www.africa-press.net\/togo\/economie\/togo-prix-de-la-farine-de-ble-et-du-pain-le-gouvernement-dans-la-passivite#primaryimage\"},\"thumbnailUrl\":\"https:\/\/static.africa-press.net\/togo\/sites\/58\/2023\/02\/postQueueImg_1676734467.81.jpg\",\"keywords\":[\"Africa Press\",\"Africa Press-Togo\",\"Togo\"],\"articleSection\":[\"\u00c9conomie\",\"Toutes les actualit\u00e9s\"],\"inLanguage\":\"fr-FR\",\"potentialAction\":[{\"@type\":\"CommentAction\",\"name\":\"Comment\",\"target\":[\"https:\/\/www.africa-press.net\/togo\/economie\/togo-prix-de-la-farine-de-ble-et-du-pain-le-gouvernement-dans-la-passivite#respond\"]}]},{\"@type\":\"WebPage\",\"@id\":\"https:\/\/www.africa-press.net\/togo\/economie\/togo-prix-de-la-farine-de-ble-et-du-pain-le-gouvernement-dans-la-passivite\",\"url\":\"https:\/\/www.africa-press.net\/togo\/economie\/togo-prix-de-la-farine-de-ble-et-du-pain-le-gouvernement-dans-la-passivite\",\"name\":\"Togo \u2013 Prix de la farine de bl\u00e9 et du pain : Le gouvernement dans la passivit\u00e9 ? - Togo\",\"isPartOf\":{\"@id\":\"https:\/\/www.africa-press.net\/togo\/#website\"},\"primaryImageOfPage\":{\"@id\":\"https:\/\/www.africa-press.net\/togo\/economie\/togo-prix-de-la-farine-de-ble-et-du-pain-le-gouvernement-dans-la-passivite#primaryimage\"},\"image\":{\"@id\":\"https:\/\/www.africa-press.net\/togo\/economie\/togo-prix-de-la-farine-de-ble-et-du-pain-le-gouvernement-dans-la-passivite#primaryimage\"},\"thumbnailUrl\":\"https:\/\/static.africa-press.net\/togo\/sites\/58\/2023\/02\/postQueueImg_1676734467.81.jpg\",\"datePublished\":\"2023-02-18T19:04:22+00:00\",\"dateModified\":\"2023-02-18T19:40:00+00:00\",\"author\":{\"@id\":\"https:\/\/www.africa-press.net\/togo\/#\/schema\/person\/2b1cf3cd81a31e3cd26889ca66d677f1\"},\"description\":\"La crise sanitaire lie\u0301e a\u0300 la pande\u0301mie du coronavirus est passe\u0301e. En dehors de la Chine qui trai\u0302ne encore la mala ...\",\"breadcrumb\":{\"@id\":\"https:\/\/www.africa-press.net\/togo\/economie\/togo-prix-de-la-farine-de-ble-et-du-pain-le-gouvernement-dans-la-passivite#breadcrumb\"},\"inLanguage\":\"fr-FR\",\"potentialAction\":[{\"@type\":\"ReadAction\",\"target\":[\"https:\/\/www.africa-press.net\/togo\/economie\/togo-prix-de-la-farine-de-ble-et-du-pain-le-gouvernement-dans-la-passivite\"]}]},{\"@type\":\"ImageObject\",\"inLanguage\":\"fr-FR\",\"@id\":\"https:\/\/www.africa-press.net\/togo\/economie\/togo-prix-de-la-farine-de-ble-et-du-pain-le-gouvernement-dans-la-passivite#primaryimage\",\"url\":\"https:\/\/static.africa-press.net\/togo\/sites\/58\/2023\/02\/postQueueImg_1676734467.81.jpg\",\"contentUrl\":\"https:\/\/static.africa-press.net\/togo\/sites\/58\/2023\/02\/postQueueImg_1676734467.81.jpg\",\"width\":720,\"height\":540,\"caption\":\"Togo \u2013 Prix de la farine de bl\u00e9 et du pain : Le gouvernement dans la passivit\u00e9 ?\"},{\"@type\":\"BreadcrumbList\",\"@id\":\"https:\/\/www.africa-press.net\/togo\/economie\/togo-prix-de-la-farine-de-ble-et-du-pain-le-gouvernement-dans-la-passivite#breadcrumb\",\"itemListElement\":[{\"@type\":\"ListItem\",\"position\":1,\"name\":\"Accueil\",\"item\":\"https:\/\/www.africa-press.net\/togo\/\"},{\"@type\":\"ListItem\",\"position\":2,\"name\":\"Togo \u2013 Prix de la farine de bl\u00e9 et du pain : Le gouvernement dans la passivit\u00e9 ?\"}]},{\"@type\":\"WebSite\",\"@id\":\"https:\/\/www.africa-press.net\/togo\/#website\",\"url\":\"https:\/\/www.africa-press.net\/togo\/\",\"name\":\"Togo\",\"description\":\"Just another Africa News Agency Sites site\",\"potentialAction\":[{\"@type\":\"SearchAction\",\"target\":{\"@type\":\"EntryPoint\",\"urlTemplate\":\"https:\/\/www.africa-press.net\/togo\/?s={search_term_string}\"},\"query-input\":{\"@type\":\"PropertyValueSpecification\",\"valueRequired\":true,\"valueName\":\"search_term_string\"}}],\"inLanguage\":\"fr-FR\"},{\"@type\":\"Person\",\"@id\":\"https:\/\/www.africa-press.net\/togo\/#\/schema\/person\/2b1cf3cd81a31e3cd26889ca66d677f1\",\"name\":\"cfeditorfr\"}]}<\/script>\n<!-- \/ Yoast SEO Premium plugin. -->","yoast_head_json":{"title":"Togo \u2013 Prix de la farine de bl\u00e9 et du pain : Le gouvernement dans la passivit\u00e9 ? - Togo","description":"La crise sanitaire lie\u0301e a\u0300 la pande\u0301mie du coronavirus est passe\u0301e. En dehors de la Chine qui trai\u0302ne encore la mala ...","robots":{"index":"index","follow":"follow","max-snippet":"max-snippet:-1","max-image-preview":"max-image-preview:large","max-video-preview":"max-video-preview:-1"},"canonical":"https:\/\/www.africa-press.net\/togo\/economie\/togo-prix-de-la-farine-de-ble-et-du-pain-le-gouvernement-dans-la-passivite","og_locale":"fr_FR","og_type":"article","og_title":"Togo \u2013 Prix de la farine de bl\u00e9 et du pain : Le gouvernement dans la passivit\u00e9 ?","og_description":"La crise sanitaire lie\u0301e a\u0300 la pande\u0301mie du coronavirus est passe\u0301e. En dehors de la Chine qui trai\u0302ne encore la mala ...","og_url":"https:\/\/www.africa-press.net\/togo\/economie\/togo-prix-de-la-farine-de-ble-et-du-pain-le-gouvernement-dans-la-passivite","og_site_name":"Togo","article_published_time":"2023-02-18T19:04:22+00:00","article_modified_time":"2023-02-18T19:40:00+00:00","og_image":[{"width":720,"height":540,"url":"https:\/\/static.africa-press.net\/togo\/sites\/58\/2023\/02\/postQueueImg_1676734467.81.jpg","type":"image\/jpeg"}],"author":"cfeditorfr","twitter_card":"summary_large_image","twitter_misc":{"\u00c9crit par":"cfeditorfr","Dur\u00e9e de lecture estim\u00e9e":"5 minutes"},"schema":{"@context":"https:\/\/schema.org","@graph":[{"@type":"Article","@id":"https:\/\/www.africa-press.net\/togo\/economie\/togo-prix-de-la-farine-de-ble-et-du-pain-le-gouvernement-dans-la-passivite#article","isPartOf":{"@id":"https:\/\/www.africa-press.net\/togo\/economie\/togo-prix-de-la-farine-de-ble-et-du-pain-le-gouvernement-dans-la-passivite"},"author":{"name":"cfeditorfr","@id":"https:\/\/www.africa-press.net\/togo\/#\/schema\/person\/2b1cf3cd81a31e3cd26889ca66d677f1"},"headline":"Togo \u2013 Prix de la farine de bl\u00e9 et du pain : Le gouvernement dans la passivit\u00e9 ?","datePublished":"2023-02-18T19:04:22+00:00","dateModified":"2023-02-18T19:40:00+00:00","mainEntityOfPage":{"@id":"https:\/\/www.africa-press.net\/togo\/economie\/togo-prix-de-la-farine-de-ble-et-du-pain-le-gouvernement-dans-la-passivite"},"wordCount":965,"commentCount":0,"image":{"@id":"https:\/\/www.africa-press.net\/togo\/economie\/togo-prix-de-la-farine-de-ble-et-du-pain-le-gouvernement-dans-la-passivite#primaryimage"},"thumbnailUrl":"https:\/\/static.africa-press.net\/togo\/sites\/58\/2023\/02\/postQueueImg_1676734467.81.jpg","keywords":["Africa Press","Africa Press-Togo","Togo"],"articleSection":["\u00c9conomie","Toutes les actualit\u00e9s"],"inLanguage":"fr-FR","potentialAction":[{"@type":"CommentAction","name":"Comment","target":["https:\/\/www.africa-press.net\/togo\/economie\/togo-prix-de-la-farine-de-ble-et-du-pain-le-gouvernement-dans-la-passivite#respond"]}]},{"@type":"WebPage","@id":"https:\/\/www.africa-press.net\/togo\/economie\/togo-prix-de-la-farine-de-ble-et-du-pain-le-gouvernement-dans-la-passivite","url":"https:\/\/www.africa-press.net\/togo\/economie\/togo-prix-de-la-farine-de-ble-et-du-pain-le-gouvernement-dans-la-passivite","name":"Togo \u2013 Prix de la farine de bl\u00e9 et du pain : Le gouvernement dans la passivit\u00e9 ? - Togo","isPartOf":{"@id":"https:\/\/www.africa-press.net\/togo\/#website"},"primaryImageOfPage":{"@id":"https:\/\/www.africa-press.net\/togo\/economie\/togo-prix-de-la-farine-de-ble-et-du-pain-le-gouvernement-dans-la-passivite#primaryimage"},"image":{"@id":"https:\/\/www.africa-press.net\/togo\/economie\/togo-prix-de-la-farine-de-ble-et-du-pain-le-gouvernement-dans-la-passivite#primaryimage"},"thumbnailUrl":"https:\/\/static.africa-press.net\/togo\/sites\/58\/2023\/02\/postQueueImg_1676734467.81.jpg","datePublished":"2023-02-18T19:04:22+00:00","dateModified":"2023-02-18T19:40:00+00:00","author":{"@id":"https:\/\/www.africa-press.net\/togo\/#\/schema\/person\/2b1cf3cd81a31e3cd26889ca66d677f1"},"description":"La crise sanitaire lie\u0301e a\u0300 la pande\u0301mie du coronavirus est passe\u0301e. En dehors de la Chine qui trai\u0302ne encore la mala ...","breadcrumb":{"@id":"https:\/\/www.africa-press.net\/togo\/economie\/togo-prix-de-la-farine-de-ble-et-du-pain-le-gouvernement-dans-la-passivite#breadcrumb"},"inLanguage":"fr-FR","potentialAction":[{"@type":"ReadAction","target":["https:\/\/www.africa-press.net\/togo\/economie\/togo-prix-de-la-farine-de-ble-et-du-pain-le-gouvernement-dans-la-passivite"]}]},{"@type":"ImageObject","inLanguage":"fr-FR","@id":"https:\/\/www.africa-press.net\/togo\/economie\/togo-prix-de-la-farine-de-ble-et-du-pain-le-gouvernement-dans-la-passivite#primaryimage","url":"https:\/\/static.africa-press.net\/togo\/sites\/58\/2023\/02\/postQueueImg_1676734467.81.jpg","contentUrl":"https:\/\/static.africa-press.net\/togo\/sites\/58\/2023\/02\/postQueueImg_1676734467.81.jpg","width":720,"height":540,"caption":"Togo \u2013 Prix de la farine de bl\u00e9 et du pain : Le gouvernement dans la passivit\u00e9 ?"},{"@type":"BreadcrumbList","@id":"https:\/\/www.africa-press.net\/togo\/economie\/togo-prix-de-la-farine-de-ble-et-du-pain-le-gouvernement-dans-la-passivite#breadcrumb","itemListElement":[{"@type":"ListItem","position":1,"name":"Accueil","item":"https:\/\/www.africa-press.net\/togo\/"},{"@type":"ListItem","position":2,"name":"Togo \u2013 Prix de la farine de bl\u00e9 et du pain : Le gouvernement dans la passivit\u00e9 ?"}]},{"@type":"WebSite","@id":"https:\/\/www.africa-press.net\/togo\/#website","url":"https:\/\/www.africa-press.net\/togo\/","name":"Togo","description":"Just another Africa News Agency Sites site","potentialAction":[{"@type":"SearchAction","target":{"@type":"EntryPoint","urlTemplate":"https:\/\/www.africa-press.net\/togo\/?s={search_term_string}"},"query-input":{"@type":"PropertyValueSpecification","valueRequired":true,"valueName":"search_term_string"}}],"inLanguage":"fr-FR"},{"@type":"Person","@id":"https:\/\/www.africa-press.net\/togo\/#\/schema\/person\/2b1cf3cd81a31e3cd26889ca66d677f1","name":"cfeditorfr"}]}},"_links":{"self":[{"href":"https:\/\/www.africa-press.net\/togo\/wp-json\/wp\/v2\/posts\/17403","targetHints":{"allow":["GET"]}}],"collection":[{"href":"https:\/\/www.africa-press.net\/togo\/wp-json\/wp\/v2\/posts"}],"about":[{"href":"https:\/\/www.africa-press.net\/togo\/wp-json\/wp\/v2\/types\/post"}],"author":[{"embeddable":true,"href":"https:\/\/www.africa-press.net\/togo\/wp-json\/wp\/v2\/users\/82"}],"replies":[{"embeddable":true,"href":"https:\/\/www.africa-press.net\/togo\/wp-json\/wp\/v2\/comments?post=17403"}],"version-history":[{"count":0,"href":"https:\/\/www.africa-press.net\/togo\/wp-json\/wp\/v2\/posts\/17403\/revisions"}],"wp:featuredmedia":[{"embeddable":true,"href":"https:\/\/www.africa-press.net\/togo\/wp-json\/wp\/v2\/media\/17402"}],"wp:attachment":[{"href":"https:\/\/www.africa-press.net\/togo\/wp-json\/wp\/v2\/media?parent=17403"}],"wp:term":[{"taxonomy":"category","embeddable":true,"href":"https:\/\/www.africa-press.net\/togo\/wp-json\/wp\/v2\/categories?post=17403"},{"taxonomy":"post_tag","embeddable":true,"href":"https:\/\/www.africa-press.net\/togo\/wp-json\/wp\/v2\/tags?post=17403"}],"curies":[{"name":"wp","href":"https:\/\/api.w.org\/{rel}","templated":true}]}}