{"id":17405,"date":"2023-02-18T19:04:35","date_gmt":"2023-02-18T19:04:35","guid":{"rendered":"https:\/\/www.africa-press.net\/togo\/politique\/togo-de-plus-en-plus-de-deplaces-face-a-la-menace-terroriste-dans-la-region-des-savanes-2"},"modified":"2023-02-18T19:40:33","modified_gmt":"2023-02-18T19:40:33","slug":"togo-de-plus-en-plus-de-deplaces-face-a-la-menace-terroriste-dans-la-region-des-savanes-2","status":"publish","type":"post","link":"https:\/\/www.africa-press.net\/togo\/toutes-les-actualites\/togo-de-plus-en-plus-de-deplaces-face-a-la-menace-terroriste-dans-la-region-des-savanes-2","title":{"rendered":"Togo: de plus en plus de d\u00e9plac\u00e9s face \u00e0 la menace terroriste dans la r\u00e9gion des Savanes"},"content":{"rendered":"<p><span style=\"color: #ff6600\"><strong>Africa-Press &#8211; Togo. <\/strong><\/span>Le chef de l\u2019Etat Faure Gnassingbe\u0301 en discussion avec les FAT<\/p>\n<p>L\u2019inquie\u0301tude grandit autour de la situation se\u0301curitaire dans la re\u0301gion des Savanes, the\u0301a\u0302tre d\u2019incursions jihadistes qui provoquent des de\u0301placements de populations. Plusieurs sources ont notamment fait e\u0301tat d\u2019une dizaine de morts, il y a quelques jours, dans une attaque contre deux villages du Kpendjal, pre\u0300s de la frontie\u0300re avec le Be\u0301nin. Les autorite\u0301s togolaises ne communiquent plus sur les attaques ni sur leurs bilans, pour l\u2019instant.<\/p>\n<p>Ope\u0301ration Koundjoare\u0301 pour lutter contre la menace terroriste dans le Nord, plan d\u2019urgence pour la re\u0301gion des Savanes, re\u0301unions avec les bailleurs de fonds&#8230; Les autorite\u0301s togolaises disent avoir pris la mesure du proble\u0300me se\u0301curitaire depuis longtemps et agir pour e\u0301viter que les assaillants s\u2019installent sur le territoire togolais.<\/p>\n<p>Un conseiller municipal de la zone reconnai\u0302t les efforts de\u0301ploye\u0301s par le gouvernement, mais il lance un cri d\u2019alarme face a\u0300 la situation se\u0301curitaire dans les Savanes. Il confie :<\/p>\n<p>\u00ab Le gouvernement est pre\u0301sent, les forces de l\u2019ordre et de se\u0301curite\u0301 se battent. Elles-me\u0302mes subissent des pertes, mais le re\u0301sultat escompte\u0301 n\u2019est pas la\u0300 et la peur s\u2019empare de toutes les populations des Savanes. On pense qu\u2019il faut tirer la sonnette d\u2019alarme pour que non seulement le gouvernement, mais aussi des bonnes volonte\u0301s puissent nous venir en aide. \u00bb<\/p>\n<p>La crise se\u0301curitaire provoque des de\u0301placements de populations qui alarment aussi certains natifs des Savanes comme Sultan de la Fada, artiste slameur qui a consacre\u0301 un titre aux de\u0301place\u0301s, apre\u0300s s\u2019e\u0302tre rendu dans le Kpendjal :<\/p>\n<p>\u00ab J\u2019ai vu des personnes qui se de\u0301plac\u0327aient, des familles, des enfants dans une situation pas possible. Je me suis dit qu\u2019en tant qu\u2019artiste, il fallait que je fasse en quelque sorte un te\u0301moignage pour que les gens puissent savoir re\u0301ellement ce que c\u0327a fait de passer de la paix au terrorisme. \u00bb<\/p>\n<p>Le conseiller municipal s\u2019alarme aussi des de\u0301placements de populations, et de leurs conse\u0301quences sur les activite\u0301s agricoles. \u00ab On se demande quand c\u0327a va finir, pour que ces populations puissent rentrer chez elles et mener une vie normale \u00bb, conclut-il.<\/p>\n<p>Cette menace cible les zones de\u0301stabilise\u0301es, ou\u0300 l\u2019instrumentalisation de certains conflits de types communautaires est possible&#8230;<\/p>\n<p><strong>Pour plus d&rsquo;informations et d&rsquo;analyses sur la <a href=\"https:\/\/www.africa-press.net\/togo\">Togo<\/a>, suivez <a href=\"https:\/\/www.africa-press.net\/\">Africa-Press<\/a><\/strong><\/p>\n","protected":false},"excerpt":{"rendered":"<p>Africa-Press &#8211; Togo. Le chef de l\u2019Etat Faure Gnassingbe\u0301 en discussion avec les FAT L\u2019inquie\u0301tude grandit autour de la situation se\u0301curitaire dans la re\u0301gion des Savanes, the\u0301a\u0302tre d\u2019incursions jihadistes qui provoquent des de\u0301placements de populations. Plusieurs sources ont notamment fait e\u0301tat d\u2019une dizaine de morts, il y a quelques jours, dans une attaque contre deux [&hellip;]<\/p>\n","protected":false},"author":82,"featured_media":17404,"comment_status":"open","ping_status":"closed","sticky":false,"template":"","format":"standard","meta":{"footnotes":""},"categories":[21,10],"tags":[36,49,459,50],"class_list":["post-17405","post","type-post","status-publish","format-standard","has-post-thumbnail","hentry","category-communaute","category-toutes-les-actualites","tag-africa-press","tag-africa-press-togo","tag-terrorisme","tag-togo"],"yoast_head":"<!-- This site is optimized with the Yoast SEO Premium plugin v26.1 (Yoast SEO v27.0) - https:\/\/yoast.com\/product\/yoast-seo-premium-wordpress\/ -->\n<title>Togo: de plus en plus de d\u00e9plac\u00e9s face \u00e0 la menace terroriste dans la r\u00e9gion des Savanes - Togo<\/title>\n<meta name=\"description\" content=\"Le chef de l\u2019Etat Faure Gnassingbe\u0301 en discussion avec les FAT L\u2019inquie\u0301tude grandit autour de la situation se\u0301curitair ...\" \/>\n<meta name=\"robots\" content=\"index, follow, max-snippet:-1, max-image-preview:large, max-video-preview:-1\" \/>\n<link rel=\"canonical\" href=\"https:\/\/www.africa-press.net\/togo\/toutes-les-actualites\/togo-de-plus-en-plus-de-deplaces-face-a-la-menace-terroriste-dans-la-region-des-savanes-2\" \/>\n<meta property=\"og:locale\" content=\"fr_FR\" \/>\n<meta property=\"og:type\" content=\"article\" \/>\n<meta property=\"og:title\" content=\"Togo: de plus en plus de d\u00e9plac\u00e9s face \u00e0 la menace terroriste dans la r\u00e9gion des Savanes\" \/>\n<meta property=\"og:description\" content=\"Le chef de l\u2019Etat Faure Gnassingbe\u0301 en discussion avec les FAT L\u2019inquie\u0301tude grandit autour de la situation se\u0301curitair ...\" \/>\n<meta property=\"og:url\" content=\"https:\/\/www.africa-press.net\/togo\/toutes-les-actualites\/togo-de-plus-en-plus-de-deplaces-face-a-la-menace-terroriste-dans-la-region-des-savanes-2\" \/>\n<meta property=\"og:site_name\" content=\"Togo\" \/>\n<meta property=\"article:published_time\" content=\"2023-02-18T19:04:35+00:00\" \/>\n<meta property=\"article:modified_time\" content=\"2023-02-18T19:40:33+00:00\" \/>\n<meta property=\"og:image\" content=\"https:\/\/static.africa-press.net\/togo\/sites\/58\/2023\/02\/postQueueImg_1676734482.31.jpg\" \/>\n\t<meta property=\"og:image:width\" content=\"1280\" \/>\n\t<meta property=\"og:image:height\" content=\"720\" \/>\n\t<meta property=\"og:image:type\" content=\"image\/jpeg\" \/>\n<meta name=\"author\" content=\"cfeditorfr\" \/>\n<meta name=\"twitter:card\" content=\"summary_large_image\" \/>\n<meta name=\"twitter:label1\" content=\"\u00c9crit par\" \/>\n\t<meta name=\"twitter:data1\" content=\"cfeditorfr\" \/>\n\t<meta name=\"twitter:label2\" content=\"Dur\u00e9e de lecture estim\u00e9e\" \/>\n\t<meta name=\"twitter:data2\" content=\"2 minutes\" \/>\n<script type=\"application\/ld+json\" class=\"yoast-schema-graph\">{\"@context\":\"https:\/\/schema.org\",\"@graph\":[{\"@type\":\"Article\",\"@id\":\"https:\/\/www.africa-press.net\/togo\/toutes-les-actualites\/togo-de-plus-en-plus-de-deplaces-face-a-la-menace-terroriste-dans-la-region-des-savanes-2#article\",\"isPartOf\":{\"@id\":\"https:\/\/www.africa-press.net\/togo\/toutes-les-actualites\/togo-de-plus-en-plus-de-deplaces-face-a-la-menace-terroriste-dans-la-region-des-savanes-2\"},\"author\":{\"name\":\"cfeditorfr\",\"@id\":\"https:\/\/www.africa-press.net\/togo\/#\/schema\/person\/2b1cf3cd81a31e3cd26889ca66d677f1\"},\"headline\":\"Togo: de plus en plus de d\u00e9plac\u00e9s face \u00e0 la menace terroriste dans la r\u00e9gion des Savanes\",\"datePublished\":\"2023-02-18T19:04:35+00:00\",\"dateModified\":\"2023-02-18T19:40:33+00:00\",\"mainEntityOfPage\":{\"@id\":\"https:\/\/www.africa-press.net\/togo\/toutes-les-actualites\/togo-de-plus-en-plus-de-deplaces-face-a-la-menace-terroriste-dans-la-region-des-savanes-2\"},\"wordCount\":450,\"commentCount\":0,\"image\":{\"@id\":\"https:\/\/www.africa-press.net\/togo\/toutes-les-actualites\/togo-de-plus-en-plus-de-deplaces-face-a-la-menace-terroriste-dans-la-region-des-savanes-2#primaryimage\"},\"thumbnailUrl\":\"https:\/\/static.africa-press.net\/togo\/sites\/58\/2023\/02\/postQueueImg_1676734482.31.jpg\",\"keywords\":[\"Africa Press\",\"Africa Press-Togo\",\"Terrorisme\",\"Togo\"],\"articleSection\":[\"Communaut\u00e9\",\"Toutes les actualit\u00e9s\"],\"inLanguage\":\"fr-FR\",\"potentialAction\":[{\"@type\":\"CommentAction\",\"name\":\"Comment\",\"target\":[\"https:\/\/www.africa-press.net\/togo\/toutes-les-actualites\/togo-de-plus-en-plus-de-deplaces-face-a-la-menace-terroriste-dans-la-region-des-savanes-2#respond\"]}]},{\"@type\":\"WebPage\",\"@id\":\"https:\/\/www.africa-press.net\/togo\/toutes-les-actualites\/togo-de-plus-en-plus-de-deplaces-face-a-la-menace-terroriste-dans-la-region-des-savanes-2\",\"url\":\"https:\/\/www.africa-press.net\/togo\/toutes-les-actualites\/togo-de-plus-en-plus-de-deplaces-face-a-la-menace-terroriste-dans-la-region-des-savanes-2\",\"name\":\"Togo: de plus en plus de d\u00e9plac\u00e9s face \u00e0 la menace terroriste dans la r\u00e9gion des Savanes - Togo\",\"isPartOf\":{\"@id\":\"https:\/\/www.africa-press.net\/togo\/#website\"},\"primaryImageOfPage\":{\"@id\":\"https:\/\/www.africa-press.net\/togo\/toutes-les-actualites\/togo-de-plus-en-plus-de-deplaces-face-a-la-menace-terroriste-dans-la-region-des-savanes-2#primaryimage\"},\"image\":{\"@id\":\"https:\/\/www.africa-press.net\/togo\/toutes-les-actualites\/togo-de-plus-en-plus-de-deplaces-face-a-la-menace-terroriste-dans-la-region-des-savanes-2#primaryimage\"},\"thumbnailUrl\":\"https:\/\/static.africa-press.net\/togo\/sites\/58\/2023\/02\/postQueueImg_1676734482.31.jpg\",\"datePublished\":\"2023-02-18T19:04:35+00:00\",\"dateModified\":\"2023-02-18T19:40:33+00:00\",\"author\":{\"@id\":\"https:\/\/www.africa-press.net\/togo\/#\/schema\/person\/2b1cf3cd81a31e3cd26889ca66d677f1\"},\"description\":\"Le chef de l\u2019Etat Faure Gnassingbe\u0301 en discussion avec les FAT L\u2019inquie\u0301tude grandit autour de la situation se\u0301curitair ...\",\"breadcrumb\":{\"@id\":\"https:\/\/www.africa-press.net\/togo\/toutes-les-actualites\/togo-de-plus-en-plus-de-deplaces-face-a-la-menace-terroriste-dans-la-region-des-savanes-2#breadcrumb\"},\"inLanguage\":\"fr-FR\",\"potentialAction\":[{\"@type\":\"ReadAction\",\"target\":[\"https:\/\/www.africa-press.net\/togo\/toutes-les-actualites\/togo-de-plus-en-plus-de-deplaces-face-a-la-menace-terroriste-dans-la-region-des-savanes-2\"]}]},{\"@type\":\"ImageObject\",\"inLanguage\":\"fr-FR\",\"@id\":\"https:\/\/www.africa-press.net\/togo\/toutes-les-actualites\/togo-de-plus-en-plus-de-deplaces-face-a-la-menace-terroriste-dans-la-region-des-savanes-2#primaryimage\",\"url\":\"https:\/\/static.africa-press.net\/togo\/sites\/58\/2023\/02\/postQueueImg_1676734482.31.jpg\",\"contentUrl\":\"https:\/\/static.africa-press.net\/togo\/sites\/58\/2023\/02\/postQueueImg_1676734482.31.jpg\",\"width\":1280,\"height\":720,\"caption\":\"Togo: de plus en plus de d\u00e9plac\u00e9s face \u00e0 la menace terroriste dans la r\u00e9gion des Savanes\"},{\"@type\":\"BreadcrumbList\",\"@id\":\"https:\/\/www.africa-press.net\/togo\/toutes-les-actualites\/togo-de-plus-en-plus-de-deplaces-face-a-la-menace-terroriste-dans-la-region-des-savanes-2#breadcrumb\",\"itemListElement\":[{\"@type\":\"ListItem\",\"position\":1,\"name\":\"Accueil\",\"item\":\"https:\/\/www.africa-press.net\/togo\/\"},{\"@type\":\"ListItem\",\"position\":2,\"name\":\"Togo: de plus en plus de d\u00e9plac\u00e9s face \u00e0 la menace terroriste dans la r\u00e9gion des Savanes\"}]},{\"@type\":\"WebSite\",\"@id\":\"https:\/\/www.africa-press.net\/togo\/#website\",\"url\":\"https:\/\/www.africa-press.net\/togo\/\",\"name\":\"Togo\",\"description\":\"Just another Africa News Agency Sites site\",\"potentialAction\":[{\"@type\":\"SearchAction\",\"target\":{\"@type\":\"EntryPoint\",\"urlTemplate\":\"https:\/\/www.africa-press.net\/togo\/?s={search_term_string}\"},\"query-input\":{\"@type\":\"PropertyValueSpecification\",\"valueRequired\":true,\"valueName\":\"search_term_string\"}}],\"inLanguage\":\"fr-FR\"},{\"@type\":\"Person\",\"@id\":\"https:\/\/www.africa-press.net\/togo\/#\/schema\/person\/2b1cf3cd81a31e3cd26889ca66d677f1\",\"name\":\"cfeditorfr\"}]}<\/script>\n<!-- \/ Yoast SEO Premium plugin. -->","yoast_head_json":{"title":"Togo: de plus en plus de d\u00e9plac\u00e9s face \u00e0 la menace terroriste dans la r\u00e9gion des Savanes - Togo","description":"Le chef de l\u2019Etat Faure Gnassingbe\u0301 en discussion avec les FAT L\u2019inquie\u0301tude grandit autour de la situation se\u0301curitair ...","robots":{"index":"index","follow":"follow","max-snippet":"max-snippet:-1","max-image-preview":"max-image-preview:large","max-video-preview":"max-video-preview:-1"},"canonical":"https:\/\/www.africa-press.net\/togo\/toutes-les-actualites\/togo-de-plus-en-plus-de-deplaces-face-a-la-menace-terroriste-dans-la-region-des-savanes-2","og_locale":"fr_FR","og_type":"article","og_title":"Togo: de plus en plus de d\u00e9plac\u00e9s face \u00e0 la menace terroriste dans la r\u00e9gion des Savanes","og_description":"Le chef de l\u2019Etat Faure Gnassingbe\u0301 en discussion avec les FAT L\u2019inquie\u0301tude grandit autour de la situation se\u0301curitair ...","og_url":"https:\/\/www.africa-press.net\/togo\/toutes-les-actualites\/togo-de-plus-en-plus-de-deplaces-face-a-la-menace-terroriste-dans-la-region-des-savanes-2","og_site_name":"Togo","article_published_time":"2023-02-18T19:04:35+00:00","article_modified_time":"2023-02-18T19:40:33+00:00","og_image":[{"width":1280,"height":720,"url":"https:\/\/static.africa-press.net\/togo\/sites\/58\/2023\/02\/postQueueImg_1676734482.31.jpg","type":"image\/jpeg"}],"author":"cfeditorfr","twitter_card":"summary_large_image","twitter_misc":{"\u00c9crit par":"cfeditorfr","Dur\u00e9e de lecture estim\u00e9e":"2 minutes"},"schema":{"@context":"https:\/\/schema.org","@graph":[{"@type":"Article","@id":"https:\/\/www.africa-press.net\/togo\/toutes-les-actualites\/togo-de-plus-en-plus-de-deplaces-face-a-la-menace-terroriste-dans-la-region-des-savanes-2#article","isPartOf":{"@id":"https:\/\/www.africa-press.net\/togo\/toutes-les-actualites\/togo-de-plus-en-plus-de-deplaces-face-a-la-menace-terroriste-dans-la-region-des-savanes-2"},"author":{"name":"cfeditorfr","@id":"https:\/\/www.africa-press.net\/togo\/#\/schema\/person\/2b1cf3cd81a31e3cd26889ca66d677f1"},"headline":"Togo: de plus en plus de d\u00e9plac\u00e9s face \u00e0 la menace terroriste dans la r\u00e9gion des Savanes","datePublished":"2023-02-18T19:04:35+00:00","dateModified":"2023-02-18T19:40:33+00:00","mainEntityOfPage":{"@id":"https:\/\/www.africa-press.net\/togo\/toutes-les-actualites\/togo-de-plus-en-plus-de-deplaces-face-a-la-menace-terroriste-dans-la-region-des-savanes-2"},"wordCount":450,"commentCount":0,"image":{"@id":"https:\/\/www.africa-press.net\/togo\/toutes-les-actualites\/togo-de-plus-en-plus-de-deplaces-face-a-la-menace-terroriste-dans-la-region-des-savanes-2#primaryimage"},"thumbnailUrl":"https:\/\/static.africa-press.net\/togo\/sites\/58\/2023\/02\/postQueueImg_1676734482.31.jpg","keywords":["Africa Press","Africa Press-Togo","Terrorisme","Togo"],"articleSection":["Communaut\u00e9","Toutes les actualit\u00e9s"],"inLanguage":"fr-FR","potentialAction":[{"@type":"CommentAction","name":"Comment","target":["https:\/\/www.africa-press.net\/togo\/toutes-les-actualites\/togo-de-plus-en-plus-de-deplaces-face-a-la-menace-terroriste-dans-la-region-des-savanes-2#respond"]}]},{"@type":"WebPage","@id":"https:\/\/www.africa-press.net\/togo\/toutes-les-actualites\/togo-de-plus-en-plus-de-deplaces-face-a-la-menace-terroriste-dans-la-region-des-savanes-2","url":"https:\/\/www.africa-press.net\/togo\/toutes-les-actualites\/togo-de-plus-en-plus-de-deplaces-face-a-la-menace-terroriste-dans-la-region-des-savanes-2","name":"Togo: de plus en plus de d\u00e9plac\u00e9s face \u00e0 la menace terroriste dans la r\u00e9gion des Savanes - Togo","isPartOf":{"@id":"https:\/\/www.africa-press.net\/togo\/#website"},"primaryImageOfPage":{"@id":"https:\/\/www.africa-press.net\/togo\/toutes-les-actualites\/togo-de-plus-en-plus-de-deplaces-face-a-la-menace-terroriste-dans-la-region-des-savanes-2#primaryimage"},"image":{"@id":"https:\/\/www.africa-press.net\/togo\/toutes-les-actualites\/togo-de-plus-en-plus-de-deplaces-face-a-la-menace-terroriste-dans-la-region-des-savanes-2#primaryimage"},"thumbnailUrl":"https:\/\/static.africa-press.net\/togo\/sites\/58\/2023\/02\/postQueueImg_1676734482.31.jpg","datePublished":"2023-02-18T19:04:35+00:00","dateModified":"2023-02-18T19:40:33+00:00","author":{"@id":"https:\/\/www.africa-press.net\/togo\/#\/schema\/person\/2b1cf3cd81a31e3cd26889ca66d677f1"},"description":"Le chef de l\u2019Etat Faure Gnassingbe\u0301 en discussion avec les FAT L\u2019inquie\u0301tude grandit autour de la situation se\u0301curitair ...","breadcrumb":{"@id":"https:\/\/www.africa-press.net\/togo\/toutes-les-actualites\/togo-de-plus-en-plus-de-deplaces-face-a-la-menace-terroriste-dans-la-region-des-savanes-2#breadcrumb"},"inLanguage":"fr-FR","potentialAction":[{"@type":"ReadAction","target":["https:\/\/www.africa-press.net\/togo\/toutes-les-actualites\/togo-de-plus-en-plus-de-deplaces-face-a-la-menace-terroriste-dans-la-region-des-savanes-2"]}]},{"@type":"ImageObject","inLanguage":"fr-FR","@id":"https:\/\/www.africa-press.net\/togo\/toutes-les-actualites\/togo-de-plus-en-plus-de-deplaces-face-a-la-menace-terroriste-dans-la-region-des-savanes-2#primaryimage","url":"https:\/\/static.africa-press.net\/togo\/sites\/58\/2023\/02\/postQueueImg_1676734482.31.jpg","contentUrl":"https:\/\/static.africa-press.net\/togo\/sites\/58\/2023\/02\/postQueueImg_1676734482.31.jpg","width":1280,"height":720,"caption":"Togo: de plus en plus de d\u00e9plac\u00e9s face \u00e0 la menace terroriste dans la r\u00e9gion des Savanes"},{"@type":"BreadcrumbList","@id":"https:\/\/www.africa-press.net\/togo\/toutes-les-actualites\/togo-de-plus-en-plus-de-deplaces-face-a-la-menace-terroriste-dans-la-region-des-savanes-2#breadcrumb","itemListElement":[{"@type":"ListItem","position":1,"name":"Accueil","item":"https:\/\/www.africa-press.net\/togo\/"},{"@type":"ListItem","position":2,"name":"Togo: de plus en plus de d\u00e9plac\u00e9s face \u00e0 la menace terroriste dans la r\u00e9gion des Savanes"}]},{"@type":"WebSite","@id":"https:\/\/www.africa-press.net\/togo\/#website","url":"https:\/\/www.africa-press.net\/togo\/","name":"Togo","description":"Just another Africa News Agency Sites site","potentialAction":[{"@type":"SearchAction","target":{"@type":"EntryPoint","urlTemplate":"https:\/\/www.africa-press.net\/togo\/?s={search_term_string}"},"query-input":{"@type":"PropertyValueSpecification","valueRequired":true,"valueName":"search_term_string"}}],"inLanguage":"fr-FR"},{"@type":"Person","@id":"https:\/\/www.africa-press.net\/togo\/#\/schema\/person\/2b1cf3cd81a31e3cd26889ca66d677f1","name":"cfeditorfr"}]}},"_links":{"self":[{"href":"https:\/\/www.africa-press.net\/togo\/wp-json\/wp\/v2\/posts\/17405","targetHints":{"allow":["GET"]}}],"collection":[{"href":"https:\/\/www.africa-press.net\/togo\/wp-json\/wp\/v2\/posts"}],"about":[{"href":"https:\/\/www.africa-press.net\/togo\/wp-json\/wp\/v2\/types\/post"}],"author":[{"embeddable":true,"href":"https:\/\/www.africa-press.net\/togo\/wp-json\/wp\/v2\/users\/82"}],"replies":[{"embeddable":true,"href":"https:\/\/www.africa-press.net\/togo\/wp-json\/wp\/v2\/comments?post=17405"}],"version-history":[{"count":0,"href":"https:\/\/www.africa-press.net\/togo\/wp-json\/wp\/v2\/posts\/17405\/revisions"}],"wp:featuredmedia":[{"embeddable":true,"href":"https:\/\/www.africa-press.net\/togo\/wp-json\/wp\/v2\/media\/17404"}],"wp:attachment":[{"href":"https:\/\/www.africa-press.net\/togo\/wp-json\/wp\/v2\/media?parent=17405"}],"wp:term":[{"taxonomy":"category","embeddable":true,"href":"https:\/\/www.africa-press.net\/togo\/wp-json\/wp\/v2\/categories?post=17405"},{"taxonomy":"post_tag","embeddable":true,"href":"https:\/\/www.africa-press.net\/togo\/wp-json\/wp\/v2\/tags?post=17405"}],"curies":[{"name":"wp","href":"https:\/\/api.w.org\/{rel}","templated":true}]}}