{"id":17418,"date":"2023-02-19T18:58:57","date_gmt":"2023-02-19T18:58:57","guid":{"rendered":"https:\/\/www.africa-press.net\/togo\/politique\/tunisie-conect-entame-une-mission-au-togo-et-au-benin"},"modified":"2023-02-19T19:28:32","modified_gmt":"2023-02-19T19:28:32","slug":"tunisie-conect-entame-une-mission-au-togo-et-au-benin","status":"publish","type":"post","link":"https:\/\/www.africa-press.net\/togo\/politique\/tunisie-conect-entame-une-mission-au-togo-et-au-benin","title":{"rendered":"Tunisie-CONECT entame une mission au Togo et au B\u00e9nin"},"content":{"rendered":"<p><span style=\"color: #ff6600\"><strong>Africa-Press &#8211; Togo. <\/strong><\/span><b>La Confe\u0301de\u0301ration des Entreprises Citoyennes de Tunisie (CONECT) de\u0301bute sa mission d\u2019affaires au Togo et au Be\u0301nin ce dimanche 19 fe\u0301vrier 2023.<\/b><\/p>\n<p>Apre\u0300s avoir organise\u0301 une re\u0301union en ligne le mois dernier en collaboration avec la Chambre de Commerce et d\u2019industrie du Togo (CCI) et la Confe\u0301de\u0301ration Nationale des Employeurs du Be\u0301nin, CONECT Tunisie entame un voyage dans les deux pays voisins.<\/p>\n<p>Lien ZOOM du Webinaire ?? ?? ??<\/p>\n<p>?https:\/\/t.co\/t6Rknl8qkB<\/p>\n<p>ID de re\u0301union : 837 6671 8683<\/p>\n<p>Code secret : 162025#CONECT #WEBINAIRE #Tunisie #Lome\u0301 #Togo #Cotonou #Be\u0301nin pic.twitter.com\/RxmRdj4gMl<\/p>\n<p>Selon Foreign Brief, la mission durera jusqu\u2019a\u0300 samedi prochain et vise a\u0300 offrir aux entreprises tunisiennes l\u2019opportunite\u0301 d\u2019investir dans les deux pays d\u2019Afrique de l\u2019ouest.<\/p>\n<p>Ce de\u0301placement fait suite a\u0300 l\u2019appel a\u0300 candidatures de CONECT, ou\u0300 l\u2019organisation a spe\u0301cifiquement sollicite\u0301 des entreprises ope\u0301rant dans les secteurs de la construction, des services nume\u0301riques, de l\u2019enseignement supe\u0301rieur et pharmaceutique.<\/p>\n<p>En juillet 2022, le Conseil des affaires tuniso-africain a envoye\u0301 sa premie\u0300re mission e\u0301conomique au Togo, le Conseil soulignant que le Togo rece\u0300le de grandes opportunite\u0301s pour les investisseurs. Quelques mois plus tard, Porto-Novo et Lome\u0301 ont lance\u0301 le Programme re\u0301gional d\u2019inte\u0301gration des marche\u0301s agricoles, visant a\u0300 stimuler les e\u0301changes agricoles entre leurs deux pays.<\/p>\n<p><strong>Pour plus d&rsquo;informations et d&rsquo;analyses sur la <a href=\"https:\/\/www.africa-press.net\/togo\">Togo<\/a>, suivez <a href=\"https:\/\/www.africa-press.net\/\">Africa-Press<\/a><\/strong><\/p>\n","protected":false},"excerpt":{"rendered":"<p>Africa-Press &#8211; Togo. La Confe\u0301de\u0301ration des Entreprises Citoyennes de Tunisie (CONECT) de\u0301bute sa mission d\u2019affaires au Togo et au Be\u0301nin ce dimanche 19 fe\u0301vrier 2023. Apre\u0300s avoir organise\u0301 une re\u0301union en ligne le mois dernier en collaboration avec la Chambre de Commerce et d\u2019industrie du Togo (CCI) et la Confe\u0301de\u0301ration Nationale des Employeurs du Be\u0301nin, [&hellip;]<\/p>\n","protected":false},"author":82,"featured_media":17417,"comment_status":"open","ping_status":"closed","sticky":false,"template":"","format":"standard","meta":{"footnotes":""},"categories":[2,10],"tags":[36,49,50],"class_list":["post-17418","post","type-post","status-publish","format-standard","has-post-thumbnail","hentry","category-politique","category-toutes-les-actualites","tag-africa-press","tag-africa-press-togo","tag-togo"],"yoast_head":"<!-- This site is optimized with the Yoast SEO Premium plugin v26.1 (Yoast SEO v27.0) - https:\/\/yoast.com\/product\/yoast-seo-premium-wordpress\/ -->\n<title>Tunisie-CONECT entame une mission au Togo et au B\u00e9nin - Togo<\/title>\n<meta name=\"description\" content=\"La Confe\u0301de\u0301ration des Entreprises Citoyennes de Tunisie (CONECT) de\u0301bute sa mission d\u2019affaires au Togo et au Be\u0301nin ...\" \/>\n<meta name=\"robots\" content=\"index, follow, max-snippet:-1, max-image-preview:large, max-video-preview:-1\" \/>\n<link rel=\"canonical\" href=\"https:\/\/www.africa-press.net\/togo\/politique\/tunisie-conect-entame-une-mission-au-togo-et-au-benin\" \/>\n<meta property=\"og:locale\" content=\"fr_FR\" \/>\n<meta property=\"og:type\" content=\"article\" \/>\n<meta property=\"og:title\" content=\"Tunisie-CONECT entame une mission au Togo et au B\u00e9nin\" \/>\n<meta property=\"og:description\" content=\"La Confe\u0301de\u0301ration des Entreprises Citoyennes de Tunisie (CONECT) de\u0301bute sa mission d\u2019affaires au Togo et au Be\u0301nin ...\" \/>\n<meta property=\"og:url\" content=\"https:\/\/www.africa-press.net\/togo\/politique\/tunisie-conect-entame-une-mission-au-togo-et-au-benin\" \/>\n<meta property=\"og:site_name\" content=\"Togo\" \/>\n<meta property=\"article:published_time\" content=\"2023-02-19T18:58:57+00:00\" \/>\n<meta property=\"article:modified_time\" content=\"2023-02-19T19:28:32+00:00\" \/>\n<meta property=\"og:image\" content=\"https:\/\/static.africa-press.net\/togo\/sites\/58\/2023\/02\/postQueueImg_1676820543.30.jpg\" \/>\n\t<meta property=\"og:image:width\" content=\"1920\" \/>\n\t<meta property=\"og:image:height\" content=\"1042\" \/>\n\t<meta property=\"og:image:type\" content=\"image\/jpeg\" \/>\n<meta name=\"author\" content=\"cfeditorfr\" \/>\n<meta name=\"twitter:card\" content=\"summary_large_image\" \/>\n<meta name=\"twitter:label1\" content=\"\u00c9crit par\" \/>\n\t<meta name=\"twitter:data1\" content=\"cfeditorfr\" \/>\n\t<meta name=\"twitter:label2\" content=\"Dur\u00e9e de lecture estim\u00e9e\" \/>\n\t<meta name=\"twitter:data2\" content=\"2 minutes\" \/>\n<script type=\"application\/ld+json\" class=\"yoast-schema-graph\">{\"@context\":\"https:\/\/schema.org\",\"@graph\":[{\"@type\":\"Article\",\"@id\":\"https:\/\/www.africa-press.net\/togo\/politique\/tunisie-conect-entame-une-mission-au-togo-et-au-benin#article\",\"isPartOf\":{\"@id\":\"https:\/\/www.africa-press.net\/togo\/politique\/tunisie-conect-entame-une-mission-au-togo-et-au-benin\"},\"author\":{\"name\":\"cfeditorfr\",\"@id\":\"https:\/\/www.africa-press.net\/togo\/#\/schema\/person\/2b1cf3cd81a31e3cd26889ca66d677f1\"},\"headline\":\"Tunisie-CONECT entame une mission au Togo et au B\u00e9nin\",\"datePublished\":\"2023-02-19T18:58:57+00:00\",\"dateModified\":\"2023-02-19T19:28:32+00:00\",\"mainEntityOfPage\":{\"@id\":\"https:\/\/www.africa-press.net\/togo\/politique\/tunisie-conect-entame-une-mission-au-togo-et-au-benin\"},\"wordCount\":259,\"commentCount\":0,\"image\":{\"@id\":\"https:\/\/www.africa-press.net\/togo\/politique\/tunisie-conect-entame-une-mission-au-togo-et-au-benin#primaryimage\"},\"thumbnailUrl\":\"https:\/\/static.africa-press.net\/togo\/sites\/58\/2023\/02\/postQueueImg_1676820543.30.jpg\",\"keywords\":[\"Africa Press\",\"Africa Press-Togo\",\"Togo\"],\"articleSection\":[\"Politique\",\"Toutes les actualit\u00e9s\"],\"inLanguage\":\"fr-FR\",\"potentialAction\":[{\"@type\":\"CommentAction\",\"name\":\"Comment\",\"target\":[\"https:\/\/www.africa-press.net\/togo\/politique\/tunisie-conect-entame-une-mission-au-togo-et-au-benin#respond\"]}]},{\"@type\":\"WebPage\",\"@id\":\"https:\/\/www.africa-press.net\/togo\/politique\/tunisie-conect-entame-une-mission-au-togo-et-au-benin\",\"url\":\"https:\/\/www.africa-press.net\/togo\/politique\/tunisie-conect-entame-une-mission-au-togo-et-au-benin\",\"name\":\"Tunisie-CONECT entame une mission au Togo et au B\u00e9nin - Togo\",\"isPartOf\":{\"@id\":\"https:\/\/www.africa-press.net\/togo\/#website\"},\"primaryImageOfPage\":{\"@id\":\"https:\/\/www.africa-press.net\/togo\/politique\/tunisie-conect-entame-une-mission-au-togo-et-au-benin#primaryimage\"},\"image\":{\"@id\":\"https:\/\/www.africa-press.net\/togo\/politique\/tunisie-conect-entame-une-mission-au-togo-et-au-benin#primaryimage\"},\"thumbnailUrl\":\"https:\/\/static.africa-press.net\/togo\/sites\/58\/2023\/02\/postQueueImg_1676820543.30.jpg\",\"datePublished\":\"2023-02-19T18:58:57+00:00\",\"dateModified\":\"2023-02-19T19:28:32+00:00\",\"author\":{\"@id\":\"https:\/\/www.africa-press.net\/togo\/#\/schema\/person\/2b1cf3cd81a31e3cd26889ca66d677f1\"},\"description\":\"La Confe\u0301de\u0301ration des Entreprises Citoyennes de Tunisie (CONECT) de\u0301bute sa mission d\u2019affaires au Togo et au Be\u0301nin ...\",\"breadcrumb\":{\"@id\":\"https:\/\/www.africa-press.net\/togo\/politique\/tunisie-conect-entame-une-mission-au-togo-et-au-benin#breadcrumb\"},\"inLanguage\":\"fr-FR\",\"potentialAction\":[{\"@type\":\"ReadAction\",\"target\":[\"https:\/\/www.africa-press.net\/togo\/politique\/tunisie-conect-entame-une-mission-au-togo-et-au-benin\"]}]},{\"@type\":\"ImageObject\",\"inLanguage\":\"fr-FR\",\"@id\":\"https:\/\/www.africa-press.net\/togo\/politique\/tunisie-conect-entame-une-mission-au-togo-et-au-benin#primaryimage\",\"url\":\"https:\/\/static.africa-press.net\/togo\/sites\/58\/2023\/02\/postQueueImg_1676820543.30.jpg\",\"contentUrl\":\"https:\/\/static.africa-press.net\/togo\/sites\/58\/2023\/02\/postQueueImg_1676820543.30.jpg\",\"width\":1920,\"height\":1042,\"caption\":\"Tunisie-CONECT entame une mission au Togo et au B\u00e9nin\"},{\"@type\":\"BreadcrumbList\",\"@id\":\"https:\/\/www.africa-press.net\/togo\/politique\/tunisie-conect-entame-une-mission-au-togo-et-au-benin#breadcrumb\",\"itemListElement\":[{\"@type\":\"ListItem\",\"position\":1,\"name\":\"Accueil\",\"item\":\"https:\/\/www.africa-press.net\/togo\/\"},{\"@type\":\"ListItem\",\"position\":2,\"name\":\"Tunisie-CONECT entame une mission au Togo et au B\u00e9nin\"}]},{\"@type\":\"WebSite\",\"@id\":\"https:\/\/www.africa-press.net\/togo\/#website\",\"url\":\"https:\/\/www.africa-press.net\/togo\/\",\"name\":\"Togo\",\"description\":\"Just another Africa News Agency Sites site\",\"potentialAction\":[{\"@type\":\"SearchAction\",\"target\":{\"@type\":\"EntryPoint\",\"urlTemplate\":\"https:\/\/www.africa-press.net\/togo\/?s={search_term_string}\"},\"query-input\":{\"@type\":\"PropertyValueSpecification\",\"valueRequired\":true,\"valueName\":\"search_term_string\"}}],\"inLanguage\":\"fr-FR\"},{\"@type\":\"Person\",\"@id\":\"https:\/\/www.africa-press.net\/togo\/#\/schema\/person\/2b1cf3cd81a31e3cd26889ca66d677f1\",\"name\":\"cfeditorfr\"}]}<\/script>\n<!-- \/ Yoast SEO Premium plugin. -->","yoast_head_json":{"title":"Tunisie-CONECT entame une mission au Togo et au B\u00e9nin - Togo","description":"La Confe\u0301de\u0301ration des Entreprises Citoyennes de Tunisie (CONECT) de\u0301bute sa mission d\u2019affaires au Togo et au Be\u0301nin ...","robots":{"index":"index","follow":"follow","max-snippet":"max-snippet:-1","max-image-preview":"max-image-preview:large","max-video-preview":"max-video-preview:-1"},"canonical":"https:\/\/www.africa-press.net\/togo\/politique\/tunisie-conect-entame-une-mission-au-togo-et-au-benin","og_locale":"fr_FR","og_type":"article","og_title":"Tunisie-CONECT entame une mission au Togo et au B\u00e9nin","og_description":"La Confe\u0301de\u0301ration des Entreprises Citoyennes de Tunisie (CONECT) de\u0301bute sa mission d\u2019affaires au Togo et au Be\u0301nin ...","og_url":"https:\/\/www.africa-press.net\/togo\/politique\/tunisie-conect-entame-une-mission-au-togo-et-au-benin","og_site_name":"Togo","article_published_time":"2023-02-19T18:58:57+00:00","article_modified_time":"2023-02-19T19:28:32+00:00","og_image":[{"width":1920,"height":1042,"url":"https:\/\/static.africa-press.net\/togo\/sites\/58\/2023\/02\/postQueueImg_1676820543.30.jpg","type":"image\/jpeg"}],"author":"cfeditorfr","twitter_card":"summary_large_image","twitter_misc":{"\u00c9crit par":"cfeditorfr","Dur\u00e9e de lecture estim\u00e9e":"2 minutes"},"schema":{"@context":"https:\/\/schema.org","@graph":[{"@type":"Article","@id":"https:\/\/www.africa-press.net\/togo\/politique\/tunisie-conect-entame-une-mission-au-togo-et-au-benin#article","isPartOf":{"@id":"https:\/\/www.africa-press.net\/togo\/politique\/tunisie-conect-entame-une-mission-au-togo-et-au-benin"},"author":{"name":"cfeditorfr","@id":"https:\/\/www.africa-press.net\/togo\/#\/schema\/person\/2b1cf3cd81a31e3cd26889ca66d677f1"},"headline":"Tunisie-CONECT entame une mission au Togo et au B\u00e9nin","datePublished":"2023-02-19T18:58:57+00:00","dateModified":"2023-02-19T19:28:32+00:00","mainEntityOfPage":{"@id":"https:\/\/www.africa-press.net\/togo\/politique\/tunisie-conect-entame-une-mission-au-togo-et-au-benin"},"wordCount":259,"commentCount":0,"image":{"@id":"https:\/\/www.africa-press.net\/togo\/politique\/tunisie-conect-entame-une-mission-au-togo-et-au-benin#primaryimage"},"thumbnailUrl":"https:\/\/static.africa-press.net\/togo\/sites\/58\/2023\/02\/postQueueImg_1676820543.30.jpg","keywords":["Africa Press","Africa Press-Togo","Togo"],"articleSection":["Politique","Toutes les actualit\u00e9s"],"inLanguage":"fr-FR","potentialAction":[{"@type":"CommentAction","name":"Comment","target":["https:\/\/www.africa-press.net\/togo\/politique\/tunisie-conect-entame-une-mission-au-togo-et-au-benin#respond"]}]},{"@type":"WebPage","@id":"https:\/\/www.africa-press.net\/togo\/politique\/tunisie-conect-entame-une-mission-au-togo-et-au-benin","url":"https:\/\/www.africa-press.net\/togo\/politique\/tunisie-conect-entame-une-mission-au-togo-et-au-benin","name":"Tunisie-CONECT entame une mission au Togo et au B\u00e9nin - Togo","isPartOf":{"@id":"https:\/\/www.africa-press.net\/togo\/#website"},"primaryImageOfPage":{"@id":"https:\/\/www.africa-press.net\/togo\/politique\/tunisie-conect-entame-une-mission-au-togo-et-au-benin#primaryimage"},"image":{"@id":"https:\/\/www.africa-press.net\/togo\/politique\/tunisie-conect-entame-une-mission-au-togo-et-au-benin#primaryimage"},"thumbnailUrl":"https:\/\/static.africa-press.net\/togo\/sites\/58\/2023\/02\/postQueueImg_1676820543.30.jpg","datePublished":"2023-02-19T18:58:57+00:00","dateModified":"2023-02-19T19:28:32+00:00","author":{"@id":"https:\/\/www.africa-press.net\/togo\/#\/schema\/person\/2b1cf3cd81a31e3cd26889ca66d677f1"},"description":"La Confe\u0301de\u0301ration des Entreprises Citoyennes de Tunisie (CONECT) de\u0301bute sa mission d\u2019affaires au Togo et au Be\u0301nin ...","breadcrumb":{"@id":"https:\/\/www.africa-press.net\/togo\/politique\/tunisie-conect-entame-une-mission-au-togo-et-au-benin#breadcrumb"},"inLanguage":"fr-FR","potentialAction":[{"@type":"ReadAction","target":["https:\/\/www.africa-press.net\/togo\/politique\/tunisie-conect-entame-une-mission-au-togo-et-au-benin"]}]},{"@type":"ImageObject","inLanguage":"fr-FR","@id":"https:\/\/www.africa-press.net\/togo\/politique\/tunisie-conect-entame-une-mission-au-togo-et-au-benin#primaryimage","url":"https:\/\/static.africa-press.net\/togo\/sites\/58\/2023\/02\/postQueueImg_1676820543.30.jpg","contentUrl":"https:\/\/static.africa-press.net\/togo\/sites\/58\/2023\/02\/postQueueImg_1676820543.30.jpg","width":1920,"height":1042,"caption":"Tunisie-CONECT entame une mission au Togo et au B\u00e9nin"},{"@type":"BreadcrumbList","@id":"https:\/\/www.africa-press.net\/togo\/politique\/tunisie-conect-entame-une-mission-au-togo-et-au-benin#breadcrumb","itemListElement":[{"@type":"ListItem","position":1,"name":"Accueil","item":"https:\/\/www.africa-press.net\/togo\/"},{"@type":"ListItem","position":2,"name":"Tunisie-CONECT entame une mission au Togo et au B\u00e9nin"}]},{"@type":"WebSite","@id":"https:\/\/www.africa-press.net\/togo\/#website","url":"https:\/\/www.africa-press.net\/togo\/","name":"Togo","description":"Just another Africa News Agency Sites site","potentialAction":[{"@type":"SearchAction","target":{"@type":"EntryPoint","urlTemplate":"https:\/\/www.africa-press.net\/togo\/?s={search_term_string}"},"query-input":{"@type":"PropertyValueSpecification","valueRequired":true,"valueName":"search_term_string"}}],"inLanguage":"fr-FR"},{"@type":"Person","@id":"https:\/\/www.africa-press.net\/togo\/#\/schema\/person\/2b1cf3cd81a31e3cd26889ca66d677f1","name":"cfeditorfr"}]}},"_links":{"self":[{"href":"https:\/\/www.africa-press.net\/togo\/wp-json\/wp\/v2\/posts\/17418","targetHints":{"allow":["GET"]}}],"collection":[{"href":"https:\/\/www.africa-press.net\/togo\/wp-json\/wp\/v2\/posts"}],"about":[{"href":"https:\/\/www.africa-press.net\/togo\/wp-json\/wp\/v2\/types\/post"}],"author":[{"embeddable":true,"href":"https:\/\/www.africa-press.net\/togo\/wp-json\/wp\/v2\/users\/82"}],"replies":[{"embeddable":true,"href":"https:\/\/www.africa-press.net\/togo\/wp-json\/wp\/v2\/comments?post=17418"}],"version-history":[{"count":0,"href":"https:\/\/www.africa-press.net\/togo\/wp-json\/wp\/v2\/posts\/17418\/revisions"}],"wp:featuredmedia":[{"embeddable":true,"href":"https:\/\/www.africa-press.net\/togo\/wp-json\/wp\/v2\/media\/17417"}],"wp:attachment":[{"href":"https:\/\/www.africa-press.net\/togo\/wp-json\/wp\/v2\/media?parent=17418"}],"wp:term":[{"taxonomy":"category","embeddable":true,"href":"https:\/\/www.africa-press.net\/togo\/wp-json\/wp\/v2\/categories?post=17418"},{"taxonomy":"post_tag","embeddable":true,"href":"https:\/\/www.africa-press.net\/togo\/wp-json\/wp\/v2\/tags?post=17418"}],"curies":[{"name":"wp","href":"https:\/\/api.w.org\/{rel}","templated":true}]}}