{"id":17429,"date":"2023-02-19T18:59:27","date_gmt":"2023-02-19T18:59:27","guid":{"rendered":"https:\/\/www.africa-press.net\/togo\/politique\/togo-elections-regionales-l-anc-y-prendra-part"},"modified":"2023-02-19T19:32:07","modified_gmt":"2023-02-19T19:32:07","slug":"togo-elections-regionales-l-anc-y-prendra-part","status":"publish","type":"post","link":"https:\/\/www.africa-press.net\/togo\/politique\/togo-elections-regionales-l-anc-y-prendra-part","title":{"rendered":"Togo- Elections r\u00e9gionales: L\u2019 ANC y prendra part"},"content":{"rendered":"<p><span style=\"color: #ff6600\"><strong>Africa-Press &#8211; Togo. <\/strong><\/span><b>Les e\u0301lections re\u0301gionales auront lieu cette anne\u0301e au Togo. A L\u2019Alliance Nationale pour le Changement (ANC), l\u2019on se pre\u0301pare de\u0301ja\u0300 pour ce prochain scrutin.<\/b><\/p>\n<p>Lors du meeting du dimanche dernier a\u0300 Agoe\u0300-Nyive\u0301, le sujet a e\u0301te\u0301 aborde\u0301 par les premiers responsables de cette formation politique. Edem Atantsi, Secre\u0301taire ge\u0301ne\u0301ral adjoint de l\u2019ANC a beaucoup insiste\u0301 sur la ne\u0301cessite\u0301 de se faire enro\u0302ler pour les e\u0301lections. Il a invite\u0301 les militants a\u0300 prendre part massivement au prochain recensement e\u0301lectoral.<\/p>\n<p>\u00ab Quand le recensement sera lance\u0301, n\u2019attendez pas la fin des ope\u0301rations pour aller se faire recenser. Si vous allez vers la fin des ope\u0301rations, ils vous diront que les machines ne fonctionnent plus correctement, qu\u2019il faut patienter. Ils vous feront perdre du temps dans le but de vous de\u0301courager. Le mieux c\u2019est d\u2019aller se faire recenser de\u0300s les premiers jours des ope\u0301rations, si vous voulez avoir la chance de voter \u00bb, a-t-il conseille\u0301.<\/p>\n<p>L\u2019homme a aussi de\u0301nonce\u0301 le ro\u0302le sulfureux des membres du comite\u0301 de de\u0301veloppement des quartiers et des villages (CDQ, CDV) lors des e\u0301lections au Togo.<\/p>\n<p>\u00ab Ce n\u2019est pas seulement a\u0300 la CENI que les fraudes e\u0301lectorales ont lieu. Tout se passe d\u2019abord dans les bureaux de vote. Et ce sont les membres des CDQ et CDV qui contribuent aux fraudes. Ce sont eux qui bourrent les urnes. Cette fois, nous devons e\u0302tre vigilants pour e\u0301viter toutes fraudes dans les bureaux de vote \u00bb, a averti Edem Atantsi.<\/p>\n<p>Les e\u0301lections re\u0301gionales auront lieu cette anne\u0301e 2023. Mais pour l\u2019heure, aucune date n\u2019est fixe\u0301e pour la tenue de ce scrutin.<\/p>\n<p><strong>Pour plus d&rsquo;informations et d&rsquo;analyses sur la <a href=\"https:\/\/www.africa-press.net\/togo\">Togo<\/a>, suivez <a href=\"https:\/\/www.africa-press.net\/\">Africa-Press<\/a><\/strong><\/p>\n","protected":false},"excerpt":{"rendered":"<p>Africa-Press &#8211; Togo. Les e\u0301lections re\u0301gionales auront lieu cette anne\u0301e au Togo. A L\u2019Alliance Nationale pour le Changement (ANC), l\u2019on se pre\u0301pare de\u0301ja\u0300 pour ce prochain scrutin. Lors du meeting du dimanche dernier a\u0300 Agoe\u0300-Nyive\u0301, le sujet a e\u0301te\u0301 aborde\u0301 par les premiers responsables de cette formation politique. Edem Atantsi, Secre\u0301taire ge\u0301ne\u0301ral adjoint de l\u2019ANC [&hellip;]<\/p>\n","protected":false},"author":82,"featured_media":17428,"comment_status":"open","ping_status":"closed","sticky":false,"template":"","format":"standard","meta":{"footnotes":""},"categories":[2,10],"tags":[36,49,50],"class_list":["post-17429","post","type-post","status-publish","format-standard","has-post-thumbnail","hentry","category-politique","category-toutes-les-actualites","tag-africa-press","tag-africa-press-togo","tag-togo"],"yoast_head":"<!-- This site is optimized with the Yoast SEO Premium plugin v26.1 (Yoast SEO v27.0) - https:\/\/yoast.com\/product\/yoast-seo-premium-wordpress\/ -->\n<title>Togo- Elections r\u00e9gionales: L\u2019 ANC y prendra part - Togo<\/title>\n<meta name=\"description\" content=\"Les e\u0301lections re\u0301gionales auront lieu cette anne\u0301e au Togo. A L\u2019Alliance Nationale pour le Changement (ANC), l\u2019on se ...\" \/>\n<meta name=\"robots\" content=\"index, follow, max-snippet:-1, max-image-preview:large, max-video-preview:-1\" \/>\n<link rel=\"canonical\" href=\"https:\/\/www.africa-press.net\/togo\/politique\/togo-elections-regionales-l-anc-y-prendra-part\" \/>\n<meta property=\"og:locale\" content=\"fr_FR\" \/>\n<meta property=\"og:type\" content=\"article\" \/>\n<meta property=\"og:title\" content=\"Togo- Elections r\u00e9gionales: L\u2019 ANC y prendra part\" \/>\n<meta property=\"og:description\" content=\"Les e\u0301lections re\u0301gionales auront lieu cette anne\u0301e au Togo. A L\u2019Alliance Nationale pour le Changement (ANC), l\u2019on se ...\" \/>\n<meta property=\"og:url\" content=\"https:\/\/www.africa-press.net\/togo\/politique\/togo-elections-regionales-l-anc-y-prendra-part\" \/>\n<meta property=\"og:site_name\" content=\"Togo\" \/>\n<meta property=\"article:published_time\" content=\"2023-02-19T18:59:27+00:00\" \/>\n<meta property=\"article:modified_time\" content=\"2023-02-19T19:32:07+00:00\" \/>\n<meta property=\"og:image\" content=\"https:\/\/static.africa-press.net\/togo\/sites\/58\/2023\/02\/postQueueImg_1676820575.63.jpg\" \/>\n\t<meta property=\"og:image:width\" content=\"1401\" \/>\n\t<meta property=\"og:image:height\" content=\"1050\" \/>\n\t<meta property=\"og:image:type\" content=\"image\/jpeg\" \/>\n<meta name=\"author\" content=\"cfeditorfr\" \/>\n<meta name=\"twitter:card\" content=\"summary_large_image\" \/>\n<meta name=\"twitter:label1\" content=\"\u00c9crit par\" \/>\n\t<meta name=\"twitter:data1\" content=\"cfeditorfr\" \/>\n\t<meta name=\"twitter:label2\" content=\"Dur\u00e9e de lecture estim\u00e9e\" \/>\n\t<meta name=\"twitter:data2\" content=\"2 minutes\" \/>\n<script type=\"application\/ld+json\" class=\"yoast-schema-graph\">{\"@context\":\"https:\/\/schema.org\",\"@graph\":[{\"@type\":\"Article\",\"@id\":\"https:\/\/www.africa-press.net\/togo\/politique\/togo-elections-regionales-l-anc-y-prendra-part#article\",\"isPartOf\":{\"@id\":\"https:\/\/www.africa-press.net\/togo\/politique\/togo-elections-regionales-l-anc-y-prendra-part\"},\"author\":{\"name\":\"cfeditorfr\",\"@id\":\"https:\/\/www.africa-press.net\/togo\/#\/schema\/person\/2b1cf3cd81a31e3cd26889ca66d677f1\"},\"headline\":\"Togo- Elections r\u00e9gionales: L\u2019 ANC y prendra part\",\"datePublished\":\"2023-02-19T18:59:27+00:00\",\"dateModified\":\"2023-02-19T19:32:07+00:00\",\"mainEntityOfPage\":{\"@id\":\"https:\/\/www.africa-press.net\/togo\/politique\/togo-elections-regionales-l-anc-y-prendra-part\"},\"wordCount\":322,\"commentCount\":0,\"image\":{\"@id\":\"https:\/\/www.africa-press.net\/togo\/politique\/togo-elections-regionales-l-anc-y-prendra-part#primaryimage\"},\"thumbnailUrl\":\"https:\/\/static.africa-press.net\/togo\/sites\/58\/2023\/02\/postQueueImg_1676820575.63.jpg\",\"keywords\":[\"Africa Press\",\"Africa Press-Togo\",\"Togo\"],\"articleSection\":[\"Politique\",\"Toutes les actualit\u00e9s\"],\"inLanguage\":\"fr-FR\",\"potentialAction\":[{\"@type\":\"CommentAction\",\"name\":\"Comment\",\"target\":[\"https:\/\/www.africa-press.net\/togo\/politique\/togo-elections-regionales-l-anc-y-prendra-part#respond\"]}]},{\"@type\":\"WebPage\",\"@id\":\"https:\/\/www.africa-press.net\/togo\/politique\/togo-elections-regionales-l-anc-y-prendra-part\",\"url\":\"https:\/\/www.africa-press.net\/togo\/politique\/togo-elections-regionales-l-anc-y-prendra-part\",\"name\":\"Togo- Elections r\u00e9gionales: L\u2019 ANC y prendra part - Togo\",\"isPartOf\":{\"@id\":\"https:\/\/www.africa-press.net\/togo\/#website\"},\"primaryImageOfPage\":{\"@id\":\"https:\/\/www.africa-press.net\/togo\/politique\/togo-elections-regionales-l-anc-y-prendra-part#primaryimage\"},\"image\":{\"@id\":\"https:\/\/www.africa-press.net\/togo\/politique\/togo-elections-regionales-l-anc-y-prendra-part#primaryimage\"},\"thumbnailUrl\":\"https:\/\/static.africa-press.net\/togo\/sites\/58\/2023\/02\/postQueueImg_1676820575.63.jpg\",\"datePublished\":\"2023-02-19T18:59:27+00:00\",\"dateModified\":\"2023-02-19T19:32:07+00:00\",\"author\":{\"@id\":\"https:\/\/www.africa-press.net\/togo\/#\/schema\/person\/2b1cf3cd81a31e3cd26889ca66d677f1\"},\"description\":\"Les e\u0301lections re\u0301gionales auront lieu cette anne\u0301e au Togo. A L\u2019Alliance Nationale pour le Changement (ANC), l\u2019on se ...\",\"breadcrumb\":{\"@id\":\"https:\/\/www.africa-press.net\/togo\/politique\/togo-elections-regionales-l-anc-y-prendra-part#breadcrumb\"},\"inLanguage\":\"fr-FR\",\"potentialAction\":[{\"@type\":\"ReadAction\",\"target\":[\"https:\/\/www.africa-press.net\/togo\/politique\/togo-elections-regionales-l-anc-y-prendra-part\"]}]},{\"@type\":\"ImageObject\",\"inLanguage\":\"fr-FR\",\"@id\":\"https:\/\/www.africa-press.net\/togo\/politique\/togo-elections-regionales-l-anc-y-prendra-part#primaryimage\",\"url\":\"https:\/\/static.africa-press.net\/togo\/sites\/58\/2023\/02\/postQueueImg_1676820575.63.jpg\",\"contentUrl\":\"https:\/\/static.africa-press.net\/togo\/sites\/58\/2023\/02\/postQueueImg_1676820575.63.jpg\",\"width\":1401,\"height\":1050,\"caption\":\"Togo- Elections r\u00e9gionales: L\u2019 ANC y prendra part\"},{\"@type\":\"BreadcrumbList\",\"@id\":\"https:\/\/www.africa-press.net\/togo\/politique\/togo-elections-regionales-l-anc-y-prendra-part#breadcrumb\",\"itemListElement\":[{\"@type\":\"ListItem\",\"position\":1,\"name\":\"Accueil\",\"item\":\"https:\/\/www.africa-press.net\/togo\/\"},{\"@type\":\"ListItem\",\"position\":2,\"name\":\"Togo- Elections r\u00e9gionales: L\u2019 ANC y prendra part\"}]},{\"@type\":\"WebSite\",\"@id\":\"https:\/\/www.africa-press.net\/togo\/#website\",\"url\":\"https:\/\/www.africa-press.net\/togo\/\",\"name\":\"Togo\",\"description\":\"Just another Africa News Agency Sites site\",\"potentialAction\":[{\"@type\":\"SearchAction\",\"target\":{\"@type\":\"EntryPoint\",\"urlTemplate\":\"https:\/\/www.africa-press.net\/togo\/?s={search_term_string}\"},\"query-input\":{\"@type\":\"PropertyValueSpecification\",\"valueRequired\":true,\"valueName\":\"search_term_string\"}}],\"inLanguage\":\"fr-FR\"},{\"@type\":\"Person\",\"@id\":\"https:\/\/www.africa-press.net\/togo\/#\/schema\/person\/2b1cf3cd81a31e3cd26889ca66d677f1\",\"name\":\"cfeditorfr\"}]}<\/script>\n<!-- \/ Yoast SEO Premium plugin. -->","yoast_head_json":{"title":"Togo- Elections r\u00e9gionales: L\u2019 ANC y prendra part - Togo","description":"Les e\u0301lections re\u0301gionales auront lieu cette anne\u0301e au Togo. A L\u2019Alliance Nationale pour le Changement (ANC), l\u2019on se ...","robots":{"index":"index","follow":"follow","max-snippet":"max-snippet:-1","max-image-preview":"max-image-preview:large","max-video-preview":"max-video-preview:-1"},"canonical":"https:\/\/www.africa-press.net\/togo\/politique\/togo-elections-regionales-l-anc-y-prendra-part","og_locale":"fr_FR","og_type":"article","og_title":"Togo- Elections r\u00e9gionales: L\u2019 ANC y prendra part","og_description":"Les e\u0301lections re\u0301gionales auront lieu cette anne\u0301e au Togo. A L\u2019Alliance Nationale pour le Changement (ANC), l\u2019on se ...","og_url":"https:\/\/www.africa-press.net\/togo\/politique\/togo-elections-regionales-l-anc-y-prendra-part","og_site_name":"Togo","article_published_time":"2023-02-19T18:59:27+00:00","article_modified_time":"2023-02-19T19:32:07+00:00","og_image":[{"width":1401,"height":1050,"url":"https:\/\/static.africa-press.net\/togo\/sites\/58\/2023\/02\/postQueueImg_1676820575.63.jpg","type":"image\/jpeg"}],"author":"cfeditorfr","twitter_card":"summary_large_image","twitter_misc":{"\u00c9crit par":"cfeditorfr","Dur\u00e9e de lecture estim\u00e9e":"2 minutes"},"schema":{"@context":"https:\/\/schema.org","@graph":[{"@type":"Article","@id":"https:\/\/www.africa-press.net\/togo\/politique\/togo-elections-regionales-l-anc-y-prendra-part#article","isPartOf":{"@id":"https:\/\/www.africa-press.net\/togo\/politique\/togo-elections-regionales-l-anc-y-prendra-part"},"author":{"name":"cfeditorfr","@id":"https:\/\/www.africa-press.net\/togo\/#\/schema\/person\/2b1cf3cd81a31e3cd26889ca66d677f1"},"headline":"Togo- Elections r\u00e9gionales: L\u2019 ANC y prendra part","datePublished":"2023-02-19T18:59:27+00:00","dateModified":"2023-02-19T19:32:07+00:00","mainEntityOfPage":{"@id":"https:\/\/www.africa-press.net\/togo\/politique\/togo-elections-regionales-l-anc-y-prendra-part"},"wordCount":322,"commentCount":0,"image":{"@id":"https:\/\/www.africa-press.net\/togo\/politique\/togo-elections-regionales-l-anc-y-prendra-part#primaryimage"},"thumbnailUrl":"https:\/\/static.africa-press.net\/togo\/sites\/58\/2023\/02\/postQueueImg_1676820575.63.jpg","keywords":["Africa Press","Africa Press-Togo","Togo"],"articleSection":["Politique","Toutes les actualit\u00e9s"],"inLanguage":"fr-FR","potentialAction":[{"@type":"CommentAction","name":"Comment","target":["https:\/\/www.africa-press.net\/togo\/politique\/togo-elections-regionales-l-anc-y-prendra-part#respond"]}]},{"@type":"WebPage","@id":"https:\/\/www.africa-press.net\/togo\/politique\/togo-elections-regionales-l-anc-y-prendra-part","url":"https:\/\/www.africa-press.net\/togo\/politique\/togo-elections-regionales-l-anc-y-prendra-part","name":"Togo- Elections r\u00e9gionales: L\u2019 ANC y prendra part - Togo","isPartOf":{"@id":"https:\/\/www.africa-press.net\/togo\/#website"},"primaryImageOfPage":{"@id":"https:\/\/www.africa-press.net\/togo\/politique\/togo-elections-regionales-l-anc-y-prendra-part#primaryimage"},"image":{"@id":"https:\/\/www.africa-press.net\/togo\/politique\/togo-elections-regionales-l-anc-y-prendra-part#primaryimage"},"thumbnailUrl":"https:\/\/static.africa-press.net\/togo\/sites\/58\/2023\/02\/postQueueImg_1676820575.63.jpg","datePublished":"2023-02-19T18:59:27+00:00","dateModified":"2023-02-19T19:32:07+00:00","author":{"@id":"https:\/\/www.africa-press.net\/togo\/#\/schema\/person\/2b1cf3cd81a31e3cd26889ca66d677f1"},"description":"Les e\u0301lections re\u0301gionales auront lieu cette anne\u0301e au Togo. A L\u2019Alliance Nationale pour le Changement (ANC), l\u2019on se ...","breadcrumb":{"@id":"https:\/\/www.africa-press.net\/togo\/politique\/togo-elections-regionales-l-anc-y-prendra-part#breadcrumb"},"inLanguage":"fr-FR","potentialAction":[{"@type":"ReadAction","target":["https:\/\/www.africa-press.net\/togo\/politique\/togo-elections-regionales-l-anc-y-prendra-part"]}]},{"@type":"ImageObject","inLanguage":"fr-FR","@id":"https:\/\/www.africa-press.net\/togo\/politique\/togo-elections-regionales-l-anc-y-prendra-part#primaryimage","url":"https:\/\/static.africa-press.net\/togo\/sites\/58\/2023\/02\/postQueueImg_1676820575.63.jpg","contentUrl":"https:\/\/static.africa-press.net\/togo\/sites\/58\/2023\/02\/postQueueImg_1676820575.63.jpg","width":1401,"height":1050,"caption":"Togo- Elections r\u00e9gionales: L\u2019 ANC y prendra part"},{"@type":"BreadcrumbList","@id":"https:\/\/www.africa-press.net\/togo\/politique\/togo-elections-regionales-l-anc-y-prendra-part#breadcrumb","itemListElement":[{"@type":"ListItem","position":1,"name":"Accueil","item":"https:\/\/www.africa-press.net\/togo\/"},{"@type":"ListItem","position":2,"name":"Togo- Elections r\u00e9gionales: L\u2019 ANC y prendra part"}]},{"@type":"WebSite","@id":"https:\/\/www.africa-press.net\/togo\/#website","url":"https:\/\/www.africa-press.net\/togo\/","name":"Togo","description":"Just another Africa News Agency Sites site","potentialAction":[{"@type":"SearchAction","target":{"@type":"EntryPoint","urlTemplate":"https:\/\/www.africa-press.net\/togo\/?s={search_term_string}"},"query-input":{"@type":"PropertyValueSpecification","valueRequired":true,"valueName":"search_term_string"}}],"inLanguage":"fr-FR"},{"@type":"Person","@id":"https:\/\/www.africa-press.net\/togo\/#\/schema\/person\/2b1cf3cd81a31e3cd26889ca66d677f1","name":"cfeditorfr"}]}},"_links":{"self":[{"href":"https:\/\/www.africa-press.net\/togo\/wp-json\/wp\/v2\/posts\/17429","targetHints":{"allow":["GET"]}}],"collection":[{"href":"https:\/\/www.africa-press.net\/togo\/wp-json\/wp\/v2\/posts"}],"about":[{"href":"https:\/\/www.africa-press.net\/togo\/wp-json\/wp\/v2\/types\/post"}],"author":[{"embeddable":true,"href":"https:\/\/www.africa-press.net\/togo\/wp-json\/wp\/v2\/users\/82"}],"replies":[{"embeddable":true,"href":"https:\/\/www.africa-press.net\/togo\/wp-json\/wp\/v2\/comments?post=17429"}],"version-history":[{"count":0,"href":"https:\/\/www.africa-press.net\/togo\/wp-json\/wp\/v2\/posts\/17429\/revisions"}],"wp:featuredmedia":[{"embeddable":true,"href":"https:\/\/www.africa-press.net\/togo\/wp-json\/wp\/v2\/media\/17428"}],"wp:attachment":[{"href":"https:\/\/www.africa-press.net\/togo\/wp-json\/wp\/v2\/media?parent=17429"}],"wp:term":[{"taxonomy":"category","embeddable":true,"href":"https:\/\/www.africa-press.net\/togo\/wp-json\/wp\/v2\/categories?post=17429"},{"taxonomy":"post_tag","embeddable":true,"href":"https:\/\/www.africa-press.net\/togo\/wp-json\/wp\/v2\/tags?post=17429"}],"curies":[{"name":"wp","href":"https:\/\/api.w.org\/{rel}","templated":true}]}}