{"id":17456,"date":"2023-02-20T12:44:16","date_gmt":"2023-02-20T12:44:16","guid":{"rendered":"https:\/\/www.africa-press.net\/togo\/politique\/togo-coupe-de-caf-asko-sincline-5-1-face-a-las-far"},"modified":"2023-02-20T12:56:41","modified_gmt":"2023-02-20T12:56:41","slug":"togo-coupe-de-caf-asko-sincline-5-1-face-a-las-far","status":"publish","type":"post","link":"https:\/\/www.africa-press.net\/togo\/sports\/togo-coupe-de-caf-asko-sincline-5-1-face-a-las-far","title":{"rendered":"Togo-Coupe de CAF: ASKO s\u2019incline 5-1 face \u00e0 l\u2019AS FAR"},"content":{"rendered":"<p><span style=\"color: #ff6600\"><strong>Africa-Press &#8211; Togo. <\/strong><\/span><b>Ce dimanche 19 fe\u0301vrier 2023, l\u2019ASKO de Kara a affronte\u0301 l\u2019AS FAR de Rabat au Maroc dans le cadre de leur deuxie\u0300me journe\u0301e dans le groupe C de la Coupe de la Confe\u0301de\u0301ration de la CAF. Les Togolais ont e\u0301te\u0301 renverse\u0301s 5-1 !<\/b><\/p>\n<p>Apre\u0300s avoir fait match nul face au Future FC d\u2019Egypte la semaine dernie\u0300re a\u0300 Lome\u0301, les hommes d\u2019Abalo Dosseh ont encore du mal a\u0300 inscrire une victoire dans cette compe\u0301tition.<\/p>\n<p>Dimanche soir, au Complexe sportif Prince Moulay Abdellah de Rabat, ce fut un gros et surprenant e\u0301chec surtout apre\u0300s qu\u2019ASKO ait e\u0301te\u0301 le premier a\u0300 marquer.<\/p>\n<p>L\u2019ho\u0302te a e\u0301te\u0301 provoque\u0301 par un but de H. Ouro-Bodi a\u0300 la 16e minute du jeu. Le Marocain M. R. Hrimat, e\u0301galisera a\u0300 quelques minutes de la fin de la premie\u0300re mi-temps.<\/p>\n<p>En deuxie\u0300me partie, les Kondonas ont comple\u0300tement coule\u0301. Les buts se sont enchai\u0302ne\u0301s jusqu\u2019a\u0300 la fin. 5-1 e\u0301tait le score final de l\u2019AS FAR gra\u0302ce a\u0300 A. Hamoudan (50\u2032), H. Igmane (63\u2032), M. Sahd (67\u2032) et Z. Fati dans le temps additionnel (90+2).<\/p>\n<p>Dans le groupe C mene\u0301 par l\u2019AS FAR qui totalise ainsi 4 points, ASKO de Kara devient le dernier avec un seul point, tandis que Future FC et Pyramids, respectivement deuxie\u0300me et troisie\u0300me, comptent deux points chacun.<\/p>\n<p><strong>Pour plus d&rsquo;informations et d&rsquo;analyses sur la <a href=\"https:\/\/www.africa-press.net\/togo\">Togo<\/a>, suivez <a href=\"https:\/\/www.africa-press.net\/\">Africa-Press<\/a><\/strong><\/p>\n","protected":false},"excerpt":{"rendered":"<p>Africa-Press &#8211; Togo. Ce dimanche 19 fe\u0301vrier 2023, l\u2019ASKO de Kara a affronte\u0301 l\u2019AS FAR de Rabat au Maroc dans le cadre de leur deuxie\u0300me journe\u0301e dans le groupe C de la Coupe de la Confe\u0301de\u0301ration de la CAF. Les Togolais ont e\u0301te\u0301 renverse\u0301s 5-1 ! Apre\u0300s avoir fait match nul face au Future FC [&hellip;]<\/p>\n","protected":false},"author":82,"featured_media":17453,"comment_status":"open","ping_status":"closed","sticky":false,"template":"","format":"standard","meta":{"footnotes":""},"categories":[6,10],"tags":[36,49,50],"class_list":["post-17456","post","type-post","status-publish","format-standard","has-post-thumbnail","hentry","category-sports","category-toutes-les-actualites","tag-africa-press","tag-africa-press-togo","tag-togo"],"yoast_head":"<!-- This site is optimized with the Yoast SEO Premium plugin v26.1 (Yoast SEO v27.0) - https:\/\/yoast.com\/product\/yoast-seo-premium-wordpress\/ -->\n<title>Togo-Coupe de CAF: ASKO s\u2019incline 5-1 face \u00e0 l\u2019AS FAR - Togo<\/title>\n<meta name=\"description\" content=\"Ce dimanche 19 fe\u0301vrier 2023, l\u2019ASKO de Kara a affronte\u0301 l\u2019AS FAR de Rabat au Maroc dans le cadre de leur deuxie\u0300me j ...\" \/>\n<meta name=\"robots\" content=\"index, follow, max-snippet:-1, max-image-preview:large, max-video-preview:-1\" \/>\n<link rel=\"canonical\" href=\"https:\/\/www.africa-press.net\/togo\/sports\/togo-coupe-de-caf-asko-sincline-5-1-face-a-las-far\" \/>\n<meta property=\"og:locale\" content=\"fr_FR\" \/>\n<meta property=\"og:type\" content=\"article\" \/>\n<meta property=\"og:title\" content=\"Togo-Coupe de CAF: ASKO s\u2019incline 5-1 face \u00e0 l\u2019AS FAR\" \/>\n<meta property=\"og:description\" content=\"Ce dimanche 19 fe\u0301vrier 2023, l\u2019ASKO de Kara a affronte\u0301 l\u2019AS FAR de Rabat au Maroc dans le cadre de leur deuxie\u0300me j ...\" \/>\n<meta property=\"og:url\" content=\"https:\/\/www.africa-press.net\/togo\/sports\/togo-coupe-de-caf-asko-sincline-5-1-face-a-las-far\" \/>\n<meta property=\"og:site_name\" content=\"Togo\" \/>\n<meta property=\"article:published_time\" content=\"2023-02-20T12:44:16+00:00\" \/>\n<meta property=\"article:modified_time\" content=\"2023-02-20T12:56:41+00:00\" \/>\n<meta property=\"og:image\" content=\"https:\/\/static.africa-press.net\/togo\/sites\/58\/2023\/02\/postQueueImg_1676884460.54.jpg\" \/>\n\t<meta property=\"og:image:width\" content=\"720\" \/>\n\t<meta property=\"og:image:height\" content=\"476\" \/>\n\t<meta property=\"og:image:type\" content=\"image\/jpeg\" \/>\n<meta name=\"author\" content=\"cfeditorfr\" \/>\n<meta name=\"twitter:card\" content=\"summary_large_image\" \/>\n<meta name=\"twitter:label1\" content=\"\u00c9crit par\" \/>\n\t<meta name=\"twitter:data1\" content=\"cfeditorfr\" \/>\n\t<meta name=\"twitter:label2\" content=\"Dur\u00e9e de lecture estim\u00e9e\" \/>\n\t<meta name=\"twitter:data2\" content=\"1 minute\" \/>\n<script type=\"application\/ld+json\" class=\"yoast-schema-graph\">{\"@context\":\"https:\/\/schema.org\",\"@graph\":[{\"@type\":\"Article\",\"@id\":\"https:\/\/www.africa-press.net\/togo\/sports\/togo-coupe-de-caf-asko-sincline-5-1-face-a-las-far#article\",\"isPartOf\":{\"@id\":\"https:\/\/www.africa-press.net\/togo\/sports\/togo-coupe-de-caf-asko-sincline-5-1-face-a-las-far\"},\"author\":{\"name\":\"cfeditorfr\",\"@id\":\"https:\/\/www.africa-press.net\/togo\/#\/schema\/person\/2b1cf3cd81a31e3cd26889ca66d677f1\"},\"headline\":\"Togo-Coupe de CAF: ASKO s\u2019incline 5-1 face \u00e0 l\u2019AS FAR\",\"datePublished\":\"2023-02-20T12:44:16+00:00\",\"dateModified\":\"2023-02-20T12:56:41+00:00\",\"mainEntityOfPage\":{\"@id\":\"https:\/\/www.africa-press.net\/togo\/sports\/togo-coupe-de-caf-asko-sincline-5-1-face-a-las-far\"},\"wordCount\":263,\"commentCount\":0,\"image\":{\"@id\":\"https:\/\/www.africa-press.net\/togo\/sports\/togo-coupe-de-caf-asko-sincline-5-1-face-a-las-far#primaryimage\"},\"thumbnailUrl\":\"https:\/\/static.africa-press.net\/togo\/sites\/58\/2023\/02\/postQueueImg_1676884460.54.jpg\",\"keywords\":[\"Africa Press\",\"Africa Press-Togo\",\"Togo\"],\"articleSection\":[\"Sports\",\"Toutes les actualit\u00e9s\"],\"inLanguage\":\"fr-FR\",\"potentialAction\":[{\"@type\":\"CommentAction\",\"name\":\"Comment\",\"target\":[\"https:\/\/www.africa-press.net\/togo\/sports\/togo-coupe-de-caf-asko-sincline-5-1-face-a-las-far#respond\"]}]},{\"@type\":\"WebPage\",\"@id\":\"https:\/\/www.africa-press.net\/togo\/sports\/togo-coupe-de-caf-asko-sincline-5-1-face-a-las-far\",\"url\":\"https:\/\/www.africa-press.net\/togo\/sports\/togo-coupe-de-caf-asko-sincline-5-1-face-a-las-far\",\"name\":\"Togo-Coupe de CAF: ASKO s\u2019incline 5-1 face \u00e0 l\u2019AS FAR - Togo\",\"isPartOf\":{\"@id\":\"https:\/\/www.africa-press.net\/togo\/#website\"},\"primaryImageOfPage\":{\"@id\":\"https:\/\/www.africa-press.net\/togo\/sports\/togo-coupe-de-caf-asko-sincline-5-1-face-a-las-far#primaryimage\"},\"image\":{\"@id\":\"https:\/\/www.africa-press.net\/togo\/sports\/togo-coupe-de-caf-asko-sincline-5-1-face-a-las-far#primaryimage\"},\"thumbnailUrl\":\"https:\/\/static.africa-press.net\/togo\/sites\/58\/2023\/02\/postQueueImg_1676884460.54.jpg\",\"datePublished\":\"2023-02-20T12:44:16+00:00\",\"dateModified\":\"2023-02-20T12:56:41+00:00\",\"author\":{\"@id\":\"https:\/\/www.africa-press.net\/togo\/#\/schema\/person\/2b1cf3cd81a31e3cd26889ca66d677f1\"},\"description\":\"Ce dimanche 19 fe\u0301vrier 2023, l\u2019ASKO de Kara a affronte\u0301 l\u2019AS FAR de Rabat au Maroc dans le cadre de leur deuxie\u0300me j ...\",\"breadcrumb\":{\"@id\":\"https:\/\/www.africa-press.net\/togo\/sports\/togo-coupe-de-caf-asko-sincline-5-1-face-a-las-far#breadcrumb\"},\"inLanguage\":\"fr-FR\",\"potentialAction\":[{\"@type\":\"ReadAction\",\"target\":[\"https:\/\/www.africa-press.net\/togo\/sports\/togo-coupe-de-caf-asko-sincline-5-1-face-a-las-far\"]}]},{\"@type\":\"ImageObject\",\"inLanguage\":\"fr-FR\",\"@id\":\"https:\/\/www.africa-press.net\/togo\/sports\/togo-coupe-de-caf-asko-sincline-5-1-face-a-las-far#primaryimage\",\"url\":\"https:\/\/static.africa-press.net\/togo\/sites\/58\/2023\/02\/postQueueImg_1676884460.54.jpg\",\"contentUrl\":\"https:\/\/static.africa-press.net\/togo\/sites\/58\/2023\/02\/postQueueImg_1676884460.54.jpg\",\"width\":720,\"height\":476,\"caption\":\"Togo-Coupe de CAF: ASKO s\u2019incline 5-1 face \u00e0 l\u2019AS FAR\"},{\"@type\":\"BreadcrumbList\",\"@id\":\"https:\/\/www.africa-press.net\/togo\/sports\/togo-coupe-de-caf-asko-sincline-5-1-face-a-las-far#breadcrumb\",\"itemListElement\":[{\"@type\":\"ListItem\",\"position\":1,\"name\":\"Accueil\",\"item\":\"https:\/\/www.africa-press.net\/togo\/\"},{\"@type\":\"ListItem\",\"position\":2,\"name\":\"Togo-Coupe de CAF: ASKO s\u2019incline 5-1 face \u00e0 l\u2019AS FAR\"}]},{\"@type\":\"WebSite\",\"@id\":\"https:\/\/www.africa-press.net\/togo\/#website\",\"url\":\"https:\/\/www.africa-press.net\/togo\/\",\"name\":\"Togo\",\"description\":\"Just another Africa News Agency Sites site\",\"potentialAction\":[{\"@type\":\"SearchAction\",\"target\":{\"@type\":\"EntryPoint\",\"urlTemplate\":\"https:\/\/www.africa-press.net\/togo\/?s={search_term_string}\"},\"query-input\":{\"@type\":\"PropertyValueSpecification\",\"valueRequired\":true,\"valueName\":\"search_term_string\"}}],\"inLanguage\":\"fr-FR\"},{\"@type\":\"Person\",\"@id\":\"https:\/\/www.africa-press.net\/togo\/#\/schema\/person\/2b1cf3cd81a31e3cd26889ca66d677f1\",\"name\":\"cfeditorfr\"}]}<\/script>\n<!-- \/ Yoast SEO Premium plugin. -->","yoast_head_json":{"title":"Togo-Coupe de CAF: ASKO s\u2019incline 5-1 face \u00e0 l\u2019AS FAR - Togo","description":"Ce dimanche 19 fe\u0301vrier 2023, l\u2019ASKO de Kara a affronte\u0301 l\u2019AS FAR de Rabat au Maroc dans le cadre de leur deuxie\u0300me j ...","robots":{"index":"index","follow":"follow","max-snippet":"max-snippet:-1","max-image-preview":"max-image-preview:large","max-video-preview":"max-video-preview:-1"},"canonical":"https:\/\/www.africa-press.net\/togo\/sports\/togo-coupe-de-caf-asko-sincline-5-1-face-a-las-far","og_locale":"fr_FR","og_type":"article","og_title":"Togo-Coupe de CAF: ASKO s\u2019incline 5-1 face \u00e0 l\u2019AS FAR","og_description":"Ce dimanche 19 fe\u0301vrier 2023, l\u2019ASKO de Kara a affronte\u0301 l\u2019AS FAR de Rabat au Maroc dans le cadre de leur deuxie\u0300me j ...","og_url":"https:\/\/www.africa-press.net\/togo\/sports\/togo-coupe-de-caf-asko-sincline-5-1-face-a-las-far","og_site_name":"Togo","article_published_time":"2023-02-20T12:44:16+00:00","article_modified_time":"2023-02-20T12:56:41+00:00","og_image":[{"width":720,"height":476,"url":"https:\/\/static.africa-press.net\/togo\/sites\/58\/2023\/02\/postQueueImg_1676884460.54.jpg","type":"image\/jpeg"}],"author":"cfeditorfr","twitter_card":"summary_large_image","twitter_misc":{"\u00c9crit par":"cfeditorfr","Dur\u00e9e de lecture estim\u00e9e":"1 minute"},"schema":{"@context":"https:\/\/schema.org","@graph":[{"@type":"Article","@id":"https:\/\/www.africa-press.net\/togo\/sports\/togo-coupe-de-caf-asko-sincline-5-1-face-a-las-far#article","isPartOf":{"@id":"https:\/\/www.africa-press.net\/togo\/sports\/togo-coupe-de-caf-asko-sincline-5-1-face-a-las-far"},"author":{"name":"cfeditorfr","@id":"https:\/\/www.africa-press.net\/togo\/#\/schema\/person\/2b1cf3cd81a31e3cd26889ca66d677f1"},"headline":"Togo-Coupe de CAF: ASKO s\u2019incline 5-1 face \u00e0 l\u2019AS FAR","datePublished":"2023-02-20T12:44:16+00:00","dateModified":"2023-02-20T12:56:41+00:00","mainEntityOfPage":{"@id":"https:\/\/www.africa-press.net\/togo\/sports\/togo-coupe-de-caf-asko-sincline-5-1-face-a-las-far"},"wordCount":263,"commentCount":0,"image":{"@id":"https:\/\/www.africa-press.net\/togo\/sports\/togo-coupe-de-caf-asko-sincline-5-1-face-a-las-far#primaryimage"},"thumbnailUrl":"https:\/\/static.africa-press.net\/togo\/sites\/58\/2023\/02\/postQueueImg_1676884460.54.jpg","keywords":["Africa Press","Africa Press-Togo","Togo"],"articleSection":["Sports","Toutes les actualit\u00e9s"],"inLanguage":"fr-FR","potentialAction":[{"@type":"CommentAction","name":"Comment","target":["https:\/\/www.africa-press.net\/togo\/sports\/togo-coupe-de-caf-asko-sincline-5-1-face-a-las-far#respond"]}]},{"@type":"WebPage","@id":"https:\/\/www.africa-press.net\/togo\/sports\/togo-coupe-de-caf-asko-sincline-5-1-face-a-las-far","url":"https:\/\/www.africa-press.net\/togo\/sports\/togo-coupe-de-caf-asko-sincline-5-1-face-a-las-far","name":"Togo-Coupe de CAF: ASKO s\u2019incline 5-1 face \u00e0 l\u2019AS FAR - Togo","isPartOf":{"@id":"https:\/\/www.africa-press.net\/togo\/#website"},"primaryImageOfPage":{"@id":"https:\/\/www.africa-press.net\/togo\/sports\/togo-coupe-de-caf-asko-sincline-5-1-face-a-las-far#primaryimage"},"image":{"@id":"https:\/\/www.africa-press.net\/togo\/sports\/togo-coupe-de-caf-asko-sincline-5-1-face-a-las-far#primaryimage"},"thumbnailUrl":"https:\/\/static.africa-press.net\/togo\/sites\/58\/2023\/02\/postQueueImg_1676884460.54.jpg","datePublished":"2023-02-20T12:44:16+00:00","dateModified":"2023-02-20T12:56:41+00:00","author":{"@id":"https:\/\/www.africa-press.net\/togo\/#\/schema\/person\/2b1cf3cd81a31e3cd26889ca66d677f1"},"description":"Ce dimanche 19 fe\u0301vrier 2023, l\u2019ASKO de Kara a affronte\u0301 l\u2019AS FAR de Rabat au Maroc dans le cadre de leur deuxie\u0300me j ...","breadcrumb":{"@id":"https:\/\/www.africa-press.net\/togo\/sports\/togo-coupe-de-caf-asko-sincline-5-1-face-a-las-far#breadcrumb"},"inLanguage":"fr-FR","potentialAction":[{"@type":"ReadAction","target":["https:\/\/www.africa-press.net\/togo\/sports\/togo-coupe-de-caf-asko-sincline-5-1-face-a-las-far"]}]},{"@type":"ImageObject","inLanguage":"fr-FR","@id":"https:\/\/www.africa-press.net\/togo\/sports\/togo-coupe-de-caf-asko-sincline-5-1-face-a-las-far#primaryimage","url":"https:\/\/static.africa-press.net\/togo\/sites\/58\/2023\/02\/postQueueImg_1676884460.54.jpg","contentUrl":"https:\/\/static.africa-press.net\/togo\/sites\/58\/2023\/02\/postQueueImg_1676884460.54.jpg","width":720,"height":476,"caption":"Togo-Coupe de CAF: ASKO s\u2019incline 5-1 face \u00e0 l\u2019AS FAR"},{"@type":"BreadcrumbList","@id":"https:\/\/www.africa-press.net\/togo\/sports\/togo-coupe-de-caf-asko-sincline-5-1-face-a-las-far#breadcrumb","itemListElement":[{"@type":"ListItem","position":1,"name":"Accueil","item":"https:\/\/www.africa-press.net\/togo\/"},{"@type":"ListItem","position":2,"name":"Togo-Coupe de CAF: ASKO s\u2019incline 5-1 face \u00e0 l\u2019AS FAR"}]},{"@type":"WebSite","@id":"https:\/\/www.africa-press.net\/togo\/#website","url":"https:\/\/www.africa-press.net\/togo\/","name":"Togo","description":"Just another Africa News Agency Sites site","potentialAction":[{"@type":"SearchAction","target":{"@type":"EntryPoint","urlTemplate":"https:\/\/www.africa-press.net\/togo\/?s={search_term_string}"},"query-input":{"@type":"PropertyValueSpecification","valueRequired":true,"valueName":"search_term_string"}}],"inLanguage":"fr-FR"},{"@type":"Person","@id":"https:\/\/www.africa-press.net\/togo\/#\/schema\/person\/2b1cf3cd81a31e3cd26889ca66d677f1","name":"cfeditorfr"}]}},"_links":{"self":[{"href":"https:\/\/www.africa-press.net\/togo\/wp-json\/wp\/v2\/posts\/17456","targetHints":{"allow":["GET"]}}],"collection":[{"href":"https:\/\/www.africa-press.net\/togo\/wp-json\/wp\/v2\/posts"}],"about":[{"href":"https:\/\/www.africa-press.net\/togo\/wp-json\/wp\/v2\/types\/post"}],"author":[{"embeddable":true,"href":"https:\/\/www.africa-press.net\/togo\/wp-json\/wp\/v2\/users\/82"}],"replies":[{"embeddable":true,"href":"https:\/\/www.africa-press.net\/togo\/wp-json\/wp\/v2\/comments?post=17456"}],"version-history":[{"count":0,"href":"https:\/\/www.africa-press.net\/togo\/wp-json\/wp\/v2\/posts\/17456\/revisions"}],"wp:featuredmedia":[{"embeddable":true,"href":"https:\/\/www.africa-press.net\/togo\/wp-json\/wp\/v2\/media\/17453"}],"wp:attachment":[{"href":"https:\/\/www.africa-press.net\/togo\/wp-json\/wp\/v2\/media?parent=17456"}],"wp:term":[{"taxonomy":"category","embeddable":true,"href":"https:\/\/www.africa-press.net\/togo\/wp-json\/wp\/v2\/categories?post=17456"},{"taxonomy":"post_tag","embeddable":true,"href":"https:\/\/www.africa-press.net\/togo\/wp-json\/wp\/v2\/tags?post=17456"}],"curies":[{"name":"wp","href":"https:\/\/api.w.org\/{rel}","templated":true}]}}