{"id":17458,"date":"2023-02-20T12:44:29","date_gmt":"2023-02-20T12:44:29","guid":{"rendered":"https:\/\/www.africa-press.net\/togo\/politique\/togo-remaspen-fait-le-point-sur-le-4e-forum-de-dakar"},"modified":"2023-02-20T12:57:18","modified_gmt":"2023-02-20T12:57:18","slug":"togo-remaspen-fait-le-point-sur-le-4e-forum-de-dakar","status":"publish","type":"post","link":"https:\/\/www.africa-press.net\/togo\/politique\/togo-remaspen-fait-le-point-sur-le-4e-forum-de-dakar","title":{"rendered":"Togo-REMASPEN fait le point sur le 4\u00e8 forum de Dakar"},"content":{"rendered":"<p><span style=\"color: #ff6600\"><strong>Africa-Press &#8211; Togo. <\/strong><\/span><b>Du 8 au 10 novembre 2022 s\u2019est tenu a\u0300 Dakar le 4e\u0300 forum des me\u0301dias sur le VIH en Afrique de l\u2019ouest et du centre sous la bannie\u0300re du Re\u0301seau des me\u0301dias africains pour la promotion de la sante\u0301 et de l\u2019environnement. L\u2019antenne togolaise de cette instance fait le point des travaux a\u0300 Lome\u0301.<\/b><\/p>\n<p>Les travaux de restitution de la rencontre de Dakar se sont de\u0301roule\u0301s dans l\u2019apre\u0300s-midi de ce vendredi 17 fe\u0301vrier 2023 a\u0300 Lome\u0301 avec le sous le soutien du Conseil national de lutte contre le SIDA et les infections sexuellement transmissibles (CNLS-IST) et l\u2019ONUSIDA.<\/p>\n<p>Au total une vingtaine de journalistes ont participe\u0301 a\u0300 cette rencontre place\u0301e sous le the\u0300me \u00ab Me\u0301dias, VIH, genre et droits humains dans un contexte de Covid-19 en Afrique de l\u2019ouest et du centre \u00bb en pre\u0301sence de Komlan Ye\u0301di, le repre\u0301sentant du ministre de la Communication et des Me\u0301dias.<\/p>\n<p>Ambroisine Me\u0301me\u0301de\u0301, la Coordinatrice nationale du REMAPSEN, e\u0301tait a\u0300 Dakar. C\u2019est justement elle qui a anime\u0301 la se\u0301ance de restitution. En effet, rappelle-t-elle, \u00ab Aujourd\u2019hui, on a l\u2019impression que le VIH n\u2019est plus d\u2019actualite\u0301 alors qu\u2019il gagne du terrain \u00bb.<\/p>\n<p>Selon elle, \u00ab Il y a de nouveaux cas d\u2019infection et on en parle peu. Si nous continuons d\u2019enregistrer des enfants infecte\u0301s, c\u2019est qu\u2019en amont, des mamans ont e\u0301te\u0301 oblige\u0301es de cacher leur statut. Et qui mieux que les journalistes pour poser le proble\u0300me, inviter au de\u0301bat, discuter afin de trouver des solutions ? \u00bb. Raison d\u2019e\u0302tre, insiste Mme Me\u0301me\u0301de\u0301, du 4e\u0300 forum de Dakar ayant mobilise\u0301 43 journalistes de 17 pays d\u2019Afrique de l\u2019ouest et du centre \u00bb.\u201d a-t-elle confie\u0301.<\/p>\n<p>L\u2019autre intervention importante de cette soire\u0301e n\u2019est autre que celle d\u2019Eddi Keoula, le repre\u0301sentant du CNLS-IST, soulignant que dans le rapport mondial 2021 de l\u2019ONUSIDA, \u00ab le constat a e\u0301te\u0301 e\u0301tabli que la riposte contre le VIH\/SIDA a e\u0301te\u0301 rele\u0301gue\u0301e au second plan, occasionnant un accroissement de nouvelles infections, de nombreux de\u0301ce\u0300s lie\u0301s au virus et une re\u0301duction drastique des financements \u00bb.<\/p>\n<p><strong>Pour plus d&rsquo;informations et d&rsquo;analyses sur la <a href=\"https:\/\/www.africa-press.net\/togo\">Togo<\/a>, suivez <a href=\"https:\/\/www.africa-press.net\/\">Africa-Press<\/a><\/strong><\/p>\n","protected":false},"excerpt":{"rendered":"<p>Africa-Press &#8211; Togo. Du 8 au 10 novembre 2022 s\u2019est tenu a\u0300 Dakar le 4e\u0300 forum des me\u0301dias sur le VIH en Afrique de l\u2019ouest et du centre sous la bannie\u0300re du Re\u0301seau des me\u0301dias africains pour la promotion de la sante\u0301 et de l\u2019environnement. L\u2019antenne togolaise de cette instance fait le point des travaux [&hellip;]<\/p>\n","protected":false},"author":82,"featured_media":17457,"comment_status":"open","ping_status":"closed","sticky":false,"template":"","format":"standard","meta":{"footnotes":""},"categories":[2,10],"tags":[36,49,50],"class_list":["post-17458","post","type-post","status-publish","format-standard","has-post-thumbnail","hentry","category-politique","category-toutes-les-actualites","tag-africa-press","tag-africa-press-togo","tag-togo"],"yoast_head":"<!-- This site is optimized with the Yoast SEO Premium plugin v26.1 (Yoast SEO v27.0) - https:\/\/yoast.com\/product\/yoast-seo-premium-wordpress\/ -->\n<title>Togo-REMASPEN fait le point sur le 4\u00e8 forum de Dakar - Togo<\/title>\n<meta name=\"description\" content=\"Du 8 au 10 novembre 2022 s\u2019est tenu a\u0300 Dakar le 4e\u0300 forum des me\u0301dias sur le VIH en Afrique de l\u2019ouest et du centre s ...\" \/>\n<meta name=\"robots\" content=\"index, follow, max-snippet:-1, max-image-preview:large, max-video-preview:-1\" \/>\n<link rel=\"canonical\" href=\"https:\/\/www.africa-press.net\/togo\/politique\/togo-remaspen-fait-le-point-sur-le-4e-forum-de-dakar\" \/>\n<meta property=\"og:locale\" content=\"fr_FR\" \/>\n<meta property=\"og:type\" content=\"article\" \/>\n<meta property=\"og:title\" content=\"Togo-REMASPEN fait le point sur le 4\u00e8 forum de Dakar\" \/>\n<meta property=\"og:description\" content=\"Du 8 au 10 novembre 2022 s\u2019est tenu a\u0300 Dakar le 4e\u0300 forum des me\u0301dias sur le VIH en Afrique de l\u2019ouest et du centre s ...\" \/>\n<meta property=\"og:url\" content=\"https:\/\/www.africa-press.net\/togo\/politique\/togo-remaspen-fait-le-point-sur-le-4e-forum-de-dakar\" \/>\n<meta property=\"og:site_name\" content=\"Togo\" \/>\n<meta property=\"article:published_time\" content=\"2023-02-20T12:44:29+00:00\" \/>\n<meta property=\"article:modified_time\" content=\"2023-02-20T12:57:18+00:00\" \/>\n<meta property=\"og:image\" content=\"https:\/\/static.africa-press.net\/togo\/sites\/58\/2023\/02\/postQueueImg_1676884475.36.jpg\" \/>\n\t<meta property=\"og:image:width\" content=\"1280\" \/>\n\t<meta property=\"og:image:height\" content=\"800\" \/>\n\t<meta property=\"og:image:type\" content=\"image\/jpeg\" \/>\n<meta name=\"author\" content=\"cfeditorfr\" \/>\n<meta name=\"twitter:card\" content=\"summary_large_image\" \/>\n<meta name=\"twitter:label1\" content=\"\u00c9crit par\" \/>\n\t<meta name=\"twitter:data1\" content=\"cfeditorfr\" \/>\n\t<meta name=\"twitter:label2\" content=\"Dur\u00e9e de lecture estim\u00e9e\" \/>\n\t<meta name=\"twitter:data2\" content=\"2 minutes\" \/>\n<script type=\"application\/ld+json\" class=\"yoast-schema-graph\">{\"@context\":\"https:\/\/schema.org\",\"@graph\":[{\"@type\":\"Article\",\"@id\":\"https:\/\/www.africa-press.net\/togo\/politique\/togo-remaspen-fait-le-point-sur-le-4e-forum-de-dakar#article\",\"isPartOf\":{\"@id\":\"https:\/\/www.africa-press.net\/togo\/politique\/togo-remaspen-fait-le-point-sur-le-4e-forum-de-dakar\"},\"author\":{\"name\":\"cfeditorfr\",\"@id\":\"https:\/\/www.africa-press.net\/togo\/#\/schema\/person\/2b1cf3cd81a31e3cd26889ca66d677f1\"},\"headline\":\"Togo-REMASPEN fait le point sur le 4\u00e8 forum de Dakar\",\"datePublished\":\"2023-02-20T12:44:29+00:00\",\"dateModified\":\"2023-02-20T12:57:18+00:00\",\"mainEntityOfPage\":{\"@id\":\"https:\/\/www.africa-press.net\/togo\/politique\/togo-remaspen-fait-le-point-sur-le-4e-forum-de-dakar\"},\"wordCount\":399,\"commentCount\":0,\"image\":{\"@id\":\"https:\/\/www.africa-press.net\/togo\/politique\/togo-remaspen-fait-le-point-sur-le-4e-forum-de-dakar#primaryimage\"},\"thumbnailUrl\":\"https:\/\/static.africa-press.net\/togo\/sites\/58\/2023\/02\/postQueueImg_1676884475.36.jpg\",\"keywords\":[\"Africa Press\",\"Africa Press-Togo\",\"Togo\"],\"articleSection\":[\"Politique\",\"Toutes les actualit\u00e9s\"],\"inLanguage\":\"fr-FR\",\"potentialAction\":[{\"@type\":\"CommentAction\",\"name\":\"Comment\",\"target\":[\"https:\/\/www.africa-press.net\/togo\/politique\/togo-remaspen-fait-le-point-sur-le-4e-forum-de-dakar#respond\"]}]},{\"@type\":\"WebPage\",\"@id\":\"https:\/\/www.africa-press.net\/togo\/politique\/togo-remaspen-fait-le-point-sur-le-4e-forum-de-dakar\",\"url\":\"https:\/\/www.africa-press.net\/togo\/politique\/togo-remaspen-fait-le-point-sur-le-4e-forum-de-dakar\",\"name\":\"Togo-REMASPEN fait le point sur le 4\u00e8 forum de Dakar - Togo\",\"isPartOf\":{\"@id\":\"https:\/\/www.africa-press.net\/togo\/#website\"},\"primaryImageOfPage\":{\"@id\":\"https:\/\/www.africa-press.net\/togo\/politique\/togo-remaspen-fait-le-point-sur-le-4e-forum-de-dakar#primaryimage\"},\"image\":{\"@id\":\"https:\/\/www.africa-press.net\/togo\/politique\/togo-remaspen-fait-le-point-sur-le-4e-forum-de-dakar#primaryimage\"},\"thumbnailUrl\":\"https:\/\/static.africa-press.net\/togo\/sites\/58\/2023\/02\/postQueueImg_1676884475.36.jpg\",\"datePublished\":\"2023-02-20T12:44:29+00:00\",\"dateModified\":\"2023-02-20T12:57:18+00:00\",\"author\":{\"@id\":\"https:\/\/www.africa-press.net\/togo\/#\/schema\/person\/2b1cf3cd81a31e3cd26889ca66d677f1\"},\"description\":\"Du 8 au 10 novembre 2022 s\u2019est tenu a\u0300 Dakar le 4e\u0300 forum des me\u0301dias sur le VIH en Afrique de l\u2019ouest et du centre s ...\",\"breadcrumb\":{\"@id\":\"https:\/\/www.africa-press.net\/togo\/politique\/togo-remaspen-fait-le-point-sur-le-4e-forum-de-dakar#breadcrumb\"},\"inLanguage\":\"fr-FR\",\"potentialAction\":[{\"@type\":\"ReadAction\",\"target\":[\"https:\/\/www.africa-press.net\/togo\/politique\/togo-remaspen-fait-le-point-sur-le-4e-forum-de-dakar\"]}]},{\"@type\":\"ImageObject\",\"inLanguage\":\"fr-FR\",\"@id\":\"https:\/\/www.africa-press.net\/togo\/politique\/togo-remaspen-fait-le-point-sur-le-4e-forum-de-dakar#primaryimage\",\"url\":\"https:\/\/static.africa-press.net\/togo\/sites\/58\/2023\/02\/postQueueImg_1676884475.36.jpg\",\"contentUrl\":\"https:\/\/static.africa-press.net\/togo\/sites\/58\/2023\/02\/postQueueImg_1676884475.36.jpg\",\"width\":1280,\"height\":800,\"caption\":\"Togo-REMASPEN fait le point sur le 4\u00e8 forum de Dakar\"},{\"@type\":\"BreadcrumbList\",\"@id\":\"https:\/\/www.africa-press.net\/togo\/politique\/togo-remaspen-fait-le-point-sur-le-4e-forum-de-dakar#breadcrumb\",\"itemListElement\":[{\"@type\":\"ListItem\",\"position\":1,\"name\":\"Accueil\",\"item\":\"https:\/\/www.africa-press.net\/togo\/\"},{\"@type\":\"ListItem\",\"position\":2,\"name\":\"Togo-REMASPEN fait le point sur le 4\u00e8 forum de Dakar\"}]},{\"@type\":\"WebSite\",\"@id\":\"https:\/\/www.africa-press.net\/togo\/#website\",\"url\":\"https:\/\/www.africa-press.net\/togo\/\",\"name\":\"Togo\",\"description\":\"Just another Africa News Agency Sites site\",\"potentialAction\":[{\"@type\":\"SearchAction\",\"target\":{\"@type\":\"EntryPoint\",\"urlTemplate\":\"https:\/\/www.africa-press.net\/togo\/?s={search_term_string}\"},\"query-input\":{\"@type\":\"PropertyValueSpecification\",\"valueRequired\":true,\"valueName\":\"search_term_string\"}}],\"inLanguage\":\"fr-FR\"},{\"@type\":\"Person\",\"@id\":\"https:\/\/www.africa-press.net\/togo\/#\/schema\/person\/2b1cf3cd81a31e3cd26889ca66d677f1\",\"name\":\"cfeditorfr\"}]}<\/script>\n<!-- \/ Yoast SEO Premium plugin. -->","yoast_head_json":{"title":"Togo-REMASPEN fait le point sur le 4\u00e8 forum de Dakar - Togo","description":"Du 8 au 10 novembre 2022 s\u2019est tenu a\u0300 Dakar le 4e\u0300 forum des me\u0301dias sur le VIH en Afrique de l\u2019ouest et du centre s ...","robots":{"index":"index","follow":"follow","max-snippet":"max-snippet:-1","max-image-preview":"max-image-preview:large","max-video-preview":"max-video-preview:-1"},"canonical":"https:\/\/www.africa-press.net\/togo\/politique\/togo-remaspen-fait-le-point-sur-le-4e-forum-de-dakar","og_locale":"fr_FR","og_type":"article","og_title":"Togo-REMASPEN fait le point sur le 4\u00e8 forum de Dakar","og_description":"Du 8 au 10 novembre 2022 s\u2019est tenu a\u0300 Dakar le 4e\u0300 forum des me\u0301dias sur le VIH en Afrique de l\u2019ouest et du centre s ...","og_url":"https:\/\/www.africa-press.net\/togo\/politique\/togo-remaspen-fait-le-point-sur-le-4e-forum-de-dakar","og_site_name":"Togo","article_published_time":"2023-02-20T12:44:29+00:00","article_modified_time":"2023-02-20T12:57:18+00:00","og_image":[{"width":1280,"height":800,"url":"https:\/\/static.africa-press.net\/togo\/sites\/58\/2023\/02\/postQueueImg_1676884475.36.jpg","type":"image\/jpeg"}],"author":"cfeditorfr","twitter_card":"summary_large_image","twitter_misc":{"\u00c9crit par":"cfeditorfr","Dur\u00e9e de lecture estim\u00e9e":"2 minutes"},"schema":{"@context":"https:\/\/schema.org","@graph":[{"@type":"Article","@id":"https:\/\/www.africa-press.net\/togo\/politique\/togo-remaspen-fait-le-point-sur-le-4e-forum-de-dakar#article","isPartOf":{"@id":"https:\/\/www.africa-press.net\/togo\/politique\/togo-remaspen-fait-le-point-sur-le-4e-forum-de-dakar"},"author":{"name":"cfeditorfr","@id":"https:\/\/www.africa-press.net\/togo\/#\/schema\/person\/2b1cf3cd81a31e3cd26889ca66d677f1"},"headline":"Togo-REMASPEN fait le point sur le 4\u00e8 forum de Dakar","datePublished":"2023-02-20T12:44:29+00:00","dateModified":"2023-02-20T12:57:18+00:00","mainEntityOfPage":{"@id":"https:\/\/www.africa-press.net\/togo\/politique\/togo-remaspen-fait-le-point-sur-le-4e-forum-de-dakar"},"wordCount":399,"commentCount":0,"image":{"@id":"https:\/\/www.africa-press.net\/togo\/politique\/togo-remaspen-fait-le-point-sur-le-4e-forum-de-dakar#primaryimage"},"thumbnailUrl":"https:\/\/static.africa-press.net\/togo\/sites\/58\/2023\/02\/postQueueImg_1676884475.36.jpg","keywords":["Africa Press","Africa Press-Togo","Togo"],"articleSection":["Politique","Toutes les actualit\u00e9s"],"inLanguage":"fr-FR","potentialAction":[{"@type":"CommentAction","name":"Comment","target":["https:\/\/www.africa-press.net\/togo\/politique\/togo-remaspen-fait-le-point-sur-le-4e-forum-de-dakar#respond"]}]},{"@type":"WebPage","@id":"https:\/\/www.africa-press.net\/togo\/politique\/togo-remaspen-fait-le-point-sur-le-4e-forum-de-dakar","url":"https:\/\/www.africa-press.net\/togo\/politique\/togo-remaspen-fait-le-point-sur-le-4e-forum-de-dakar","name":"Togo-REMASPEN fait le point sur le 4\u00e8 forum de Dakar - Togo","isPartOf":{"@id":"https:\/\/www.africa-press.net\/togo\/#website"},"primaryImageOfPage":{"@id":"https:\/\/www.africa-press.net\/togo\/politique\/togo-remaspen-fait-le-point-sur-le-4e-forum-de-dakar#primaryimage"},"image":{"@id":"https:\/\/www.africa-press.net\/togo\/politique\/togo-remaspen-fait-le-point-sur-le-4e-forum-de-dakar#primaryimage"},"thumbnailUrl":"https:\/\/static.africa-press.net\/togo\/sites\/58\/2023\/02\/postQueueImg_1676884475.36.jpg","datePublished":"2023-02-20T12:44:29+00:00","dateModified":"2023-02-20T12:57:18+00:00","author":{"@id":"https:\/\/www.africa-press.net\/togo\/#\/schema\/person\/2b1cf3cd81a31e3cd26889ca66d677f1"},"description":"Du 8 au 10 novembre 2022 s\u2019est tenu a\u0300 Dakar le 4e\u0300 forum des me\u0301dias sur le VIH en Afrique de l\u2019ouest et du centre s ...","breadcrumb":{"@id":"https:\/\/www.africa-press.net\/togo\/politique\/togo-remaspen-fait-le-point-sur-le-4e-forum-de-dakar#breadcrumb"},"inLanguage":"fr-FR","potentialAction":[{"@type":"ReadAction","target":["https:\/\/www.africa-press.net\/togo\/politique\/togo-remaspen-fait-le-point-sur-le-4e-forum-de-dakar"]}]},{"@type":"ImageObject","inLanguage":"fr-FR","@id":"https:\/\/www.africa-press.net\/togo\/politique\/togo-remaspen-fait-le-point-sur-le-4e-forum-de-dakar#primaryimage","url":"https:\/\/static.africa-press.net\/togo\/sites\/58\/2023\/02\/postQueueImg_1676884475.36.jpg","contentUrl":"https:\/\/static.africa-press.net\/togo\/sites\/58\/2023\/02\/postQueueImg_1676884475.36.jpg","width":1280,"height":800,"caption":"Togo-REMASPEN fait le point sur le 4\u00e8 forum de Dakar"},{"@type":"BreadcrumbList","@id":"https:\/\/www.africa-press.net\/togo\/politique\/togo-remaspen-fait-le-point-sur-le-4e-forum-de-dakar#breadcrumb","itemListElement":[{"@type":"ListItem","position":1,"name":"Accueil","item":"https:\/\/www.africa-press.net\/togo\/"},{"@type":"ListItem","position":2,"name":"Togo-REMASPEN fait le point sur le 4\u00e8 forum de Dakar"}]},{"@type":"WebSite","@id":"https:\/\/www.africa-press.net\/togo\/#website","url":"https:\/\/www.africa-press.net\/togo\/","name":"Togo","description":"Just another Africa News Agency Sites site","potentialAction":[{"@type":"SearchAction","target":{"@type":"EntryPoint","urlTemplate":"https:\/\/www.africa-press.net\/togo\/?s={search_term_string}"},"query-input":{"@type":"PropertyValueSpecification","valueRequired":true,"valueName":"search_term_string"}}],"inLanguage":"fr-FR"},{"@type":"Person","@id":"https:\/\/www.africa-press.net\/togo\/#\/schema\/person\/2b1cf3cd81a31e3cd26889ca66d677f1","name":"cfeditorfr"}]}},"_links":{"self":[{"href":"https:\/\/www.africa-press.net\/togo\/wp-json\/wp\/v2\/posts\/17458","targetHints":{"allow":["GET"]}}],"collection":[{"href":"https:\/\/www.africa-press.net\/togo\/wp-json\/wp\/v2\/posts"}],"about":[{"href":"https:\/\/www.africa-press.net\/togo\/wp-json\/wp\/v2\/types\/post"}],"author":[{"embeddable":true,"href":"https:\/\/www.africa-press.net\/togo\/wp-json\/wp\/v2\/users\/82"}],"replies":[{"embeddable":true,"href":"https:\/\/www.africa-press.net\/togo\/wp-json\/wp\/v2\/comments?post=17458"}],"version-history":[{"count":0,"href":"https:\/\/www.africa-press.net\/togo\/wp-json\/wp\/v2\/posts\/17458\/revisions"}],"wp:featuredmedia":[{"embeddable":true,"href":"https:\/\/www.africa-press.net\/togo\/wp-json\/wp\/v2\/media\/17457"}],"wp:attachment":[{"href":"https:\/\/www.africa-press.net\/togo\/wp-json\/wp\/v2\/media?parent=17458"}],"wp:term":[{"taxonomy":"category","embeddable":true,"href":"https:\/\/www.africa-press.net\/togo\/wp-json\/wp\/v2\/categories?post=17458"},{"taxonomy":"post_tag","embeddable":true,"href":"https:\/\/www.africa-press.net\/togo\/wp-json\/wp\/v2\/tags?post=17458"}],"curies":[{"name":"wp","href":"https:\/\/api.w.org\/{rel}","templated":true}]}}