{"id":17462,"date":"2023-02-20T12:44:52","date_gmt":"2023-02-20T12:44:52","guid":{"rendered":"https:\/\/www.africa-press.net\/togo\/politique\/togo-les-emprises-des-voies-publiques-se-liberent-la-mort-dans-lame"},"modified":"2023-02-20T12:58:17","modified_gmt":"2023-02-20T12:58:17","slug":"togo-les-emprises-des-voies-publiques-se-liberent-la-mort-dans-lame","status":"publish","type":"post","link":"https:\/\/www.africa-press.net\/togo\/toutes-les-actualites\/togo-les-emprises-des-voies-publiques-se-liberent-la-mort-dans-lame","title":{"rendered":"Togo\u2013Les emprises des voies publiques se lib\u00e8rent la mort dans l\u2019\u00e2me"},"content":{"rendered":"<p><span style=\"color: #ff6600\"><strong>Africa-Press &#8211; Togo. <\/strong><\/span><b>Alors que les responsables des communes, charge\u0301s d\u2019exe\u0301cuter la de\u0301cision du gouvernement togolais de de\u0301sengorger les abords des voies publiques, tergiversent, certains Togolais ont pris de\u0301ja\u0300 sur eux-me\u0302mes de de\u0301gager les \u00ab conteneurs \u00bb et \u00ab baraques \u00bb leur servant de lieux d\u2019activite\u0301s professionnelles. Ceux-ci, les larmes aux yeux, se disent meurtris par cette situation qui les plonge dans un avenir incertain.<\/b><\/p>\n<p>En parcourant quelques communes de la ville de Lome\u0301, on peut constater que certains commerc\u0327ants et professionnels commencent par de\u0301gager d\u2019eux-me\u0302mes les emprises des voies publiques. Inquie\u0301te\u0301s par les discours ambivalents des maires et conseillers municipaux dont certains montrent du ze\u0300le a\u0300 cette ta\u0302che et d\u2019autres plus re\u0301ticents, ces Togolais ont de\u0301cide\u0301 de pre\u0301server non seulement l\u2019inte\u0301grite\u0301 de leurs installations, mais e\u0301galement leur propre dignite\u0301 en e\u0301vitant des expulsions manu militari.<\/p>\n<p>Cependant, ce n\u2019est pas par gaite\u0301 de c\u0153ur, encore moins par une garantie d\u2019un autre emplacement pour re\u0301installer leurs activite\u0301s. C\u2019est en ayant la peur au ventre et dans une confusion totale que ces hommes et femmes sont en train de \u00ab cesser \u00bb leurs activite\u0301s.<\/p>\n<p>Naturellement, les conse\u0301quences sociales d\u2019une telle situation sont aise\u0301es a\u0300 entrevoir. Il est constant que ces petits commerces et structures se financent ge\u0301ne\u0301ralement aupre\u0300s des microfinances. Cette cessation d\u2019activite\u0301s, ou au meilleur cette interruption momentane\u0301e ne sera pas sans conse\u0301quence dans le remboursement des cre\u0301dits. Les besoins familiaux auxquels pourvoient les activite\u0301s exerce\u0301es dans ces \u00ab conteneurs \u00bb et \u00ab baraques \u00bb sont e\u0301galement menace\u0301s.<\/p>\n<p>Dans un contexte social se\u0301rieusement e\u0301prouve\u0301 par la hausse des prix des produits pe\u0301troliers et son corolaire de flambe\u0301s des prix des produits de premie\u0300re ne\u0301cessite\u0301, est-il logique que les autorite\u0301s togolaises de\u0301cident d\u2019exe\u0301cuter cette mesure de de\u0301sengorgement des abords des voies publiques sans aucun accompagnement social, financier et psychologique ?<\/p>\n<p><strong>Pour plus d&rsquo;informations et d&rsquo;analyses sur la <a href=\"https:\/\/www.africa-press.net\/togo\">Togo<\/a>, suivez <a href=\"https:\/\/www.africa-press.net\/\">Africa-Press<\/a><\/strong><\/p>\n","protected":false},"excerpt":{"rendered":"<p>Africa-Press &#8211; Togo. Alors que les responsables des communes, charge\u0301s d\u2019exe\u0301cuter la de\u0301cision du gouvernement togolais de de\u0301sengorger les abords des voies publiques, tergiversent, certains Togolais ont pris de\u0301ja\u0300 sur eux-me\u0302mes de de\u0301gager les \u00ab conteneurs \u00bb et \u00ab baraques \u00bb leur servant de lieux d\u2019activite\u0301s professionnelles. Ceux-ci, les larmes aux yeux, se disent meurtris [&hellip;]<\/p>\n","protected":false},"author":82,"featured_media":17461,"comment_status":"open","ping_status":"closed","sticky":false,"template":"","format":"standard","meta":{"footnotes":""},"categories":[21,10],"tags":[36,49,50],"class_list":["post-17462","post","type-post","status-publish","format-standard","has-post-thumbnail","hentry","category-communaute","category-toutes-les-actualites","tag-africa-press","tag-africa-press-togo","tag-togo"],"yoast_head":"<!-- This site is optimized with the Yoast SEO Premium plugin v26.1 (Yoast SEO v27.0) - https:\/\/yoast.com\/product\/yoast-seo-premium-wordpress\/ -->\n<title>Togo\u2013Les emprises des voies publiques se lib\u00e8rent la mort dans l\u2019\u00e2me - Togo<\/title>\n<meta name=\"description\" content=\"Alors que les responsables des communes, charge\u0301s d\u2019exe\u0301cuter la de\u0301cision du gouvernement togolais de de\u0301sengorger l ...\" \/>\n<meta name=\"robots\" content=\"index, follow, max-snippet:-1, max-image-preview:large, max-video-preview:-1\" \/>\n<link rel=\"canonical\" href=\"https:\/\/www.africa-press.net\/togo\/toutes-les-actualites\/togo-les-emprises-des-voies-publiques-se-liberent-la-mort-dans-lame\" \/>\n<meta property=\"og:locale\" content=\"fr_FR\" \/>\n<meta property=\"og:type\" content=\"article\" \/>\n<meta property=\"og:title\" content=\"Togo\u2013Les emprises des voies publiques se lib\u00e8rent la mort dans l\u2019\u00e2me\" \/>\n<meta property=\"og:description\" content=\"Alors que les responsables des communes, charge\u0301s d\u2019exe\u0301cuter la de\u0301cision du gouvernement togolais de de\u0301sengorger l ...\" \/>\n<meta property=\"og:url\" content=\"https:\/\/www.africa-press.net\/togo\/toutes-les-actualites\/togo-les-emprises-des-voies-publiques-se-liberent-la-mort-dans-lame\" \/>\n<meta property=\"og:site_name\" content=\"Togo\" \/>\n<meta property=\"article:published_time\" content=\"2023-02-20T12:44:52+00:00\" \/>\n<meta property=\"article:modified_time\" content=\"2023-02-20T12:58:17+00:00\" \/>\n<meta property=\"og:image\" content=\"https:\/\/static.africa-press.net\/togo\/sites\/58\/2023\/02\/postQueueImg_1676884761.62.jpg\" \/>\n\t<meta property=\"og:image:width\" content=\"1280\" \/>\n\t<meta property=\"og:image:height\" content=\"800\" \/>\n\t<meta property=\"og:image:type\" content=\"image\/jpeg\" \/>\n<meta name=\"author\" content=\"cfeditorfr\" \/>\n<meta name=\"twitter:card\" content=\"summary_large_image\" \/>\n<meta name=\"twitter:label1\" content=\"\u00c9crit par\" \/>\n\t<meta name=\"twitter:data1\" content=\"cfeditorfr\" \/>\n\t<meta name=\"twitter:label2\" content=\"Dur\u00e9e de lecture estim\u00e9e\" \/>\n\t<meta name=\"twitter:data2\" content=\"2 minutes\" \/>\n<script type=\"application\/ld+json\" class=\"yoast-schema-graph\">{\"@context\":\"https:\/\/schema.org\",\"@graph\":[{\"@type\":\"Article\",\"@id\":\"https:\/\/www.africa-press.net\/togo\/toutes-les-actualites\/togo-les-emprises-des-voies-publiques-se-liberent-la-mort-dans-lame#article\",\"isPartOf\":{\"@id\":\"https:\/\/www.africa-press.net\/togo\/toutes-les-actualites\/togo-les-emprises-des-voies-publiques-se-liberent-la-mort-dans-lame\"},\"author\":{\"name\":\"cfeditorfr\",\"@id\":\"https:\/\/www.africa-press.net\/togo\/#\/schema\/person\/2b1cf3cd81a31e3cd26889ca66d677f1\"},\"headline\":\"Togo\u2013Les emprises des voies publiques se lib\u00e8rent la mort dans l\u2019\u00e2me\",\"datePublished\":\"2023-02-20T12:44:52+00:00\",\"dateModified\":\"2023-02-20T12:58:17+00:00\",\"mainEntityOfPage\":{\"@id\":\"https:\/\/www.africa-press.net\/togo\/toutes-les-actualites\/togo-les-emprises-des-voies-publiques-se-liberent-la-mort-dans-lame\"},\"wordCount\":372,\"commentCount\":0,\"image\":{\"@id\":\"https:\/\/www.africa-press.net\/togo\/toutes-les-actualites\/togo-les-emprises-des-voies-publiques-se-liberent-la-mort-dans-lame#primaryimage\"},\"thumbnailUrl\":\"https:\/\/static.africa-press.net\/togo\/sites\/58\/2023\/02\/postQueueImg_1676884761.62.jpg\",\"keywords\":[\"Africa Press\",\"Africa Press-Togo\",\"Togo\"],\"articleSection\":[\"Communaut\u00e9\",\"Toutes les actualit\u00e9s\"],\"inLanguage\":\"fr-FR\",\"potentialAction\":[{\"@type\":\"CommentAction\",\"name\":\"Comment\",\"target\":[\"https:\/\/www.africa-press.net\/togo\/toutes-les-actualites\/togo-les-emprises-des-voies-publiques-se-liberent-la-mort-dans-lame#respond\"]}]},{\"@type\":\"WebPage\",\"@id\":\"https:\/\/www.africa-press.net\/togo\/toutes-les-actualites\/togo-les-emprises-des-voies-publiques-se-liberent-la-mort-dans-lame\",\"url\":\"https:\/\/www.africa-press.net\/togo\/toutes-les-actualites\/togo-les-emprises-des-voies-publiques-se-liberent-la-mort-dans-lame\",\"name\":\"Togo\u2013Les emprises des voies publiques se lib\u00e8rent la mort dans l\u2019\u00e2me - Togo\",\"isPartOf\":{\"@id\":\"https:\/\/www.africa-press.net\/togo\/#website\"},\"primaryImageOfPage\":{\"@id\":\"https:\/\/www.africa-press.net\/togo\/toutes-les-actualites\/togo-les-emprises-des-voies-publiques-se-liberent-la-mort-dans-lame#primaryimage\"},\"image\":{\"@id\":\"https:\/\/www.africa-press.net\/togo\/toutes-les-actualites\/togo-les-emprises-des-voies-publiques-se-liberent-la-mort-dans-lame#primaryimage\"},\"thumbnailUrl\":\"https:\/\/static.africa-press.net\/togo\/sites\/58\/2023\/02\/postQueueImg_1676884761.62.jpg\",\"datePublished\":\"2023-02-20T12:44:52+00:00\",\"dateModified\":\"2023-02-20T12:58:17+00:00\",\"author\":{\"@id\":\"https:\/\/www.africa-press.net\/togo\/#\/schema\/person\/2b1cf3cd81a31e3cd26889ca66d677f1\"},\"description\":\"Alors que les responsables des communes, charge\u0301s d\u2019exe\u0301cuter la de\u0301cision du gouvernement togolais de de\u0301sengorger l ...\",\"breadcrumb\":{\"@id\":\"https:\/\/www.africa-press.net\/togo\/toutes-les-actualites\/togo-les-emprises-des-voies-publiques-se-liberent-la-mort-dans-lame#breadcrumb\"},\"inLanguage\":\"fr-FR\",\"potentialAction\":[{\"@type\":\"ReadAction\",\"target\":[\"https:\/\/www.africa-press.net\/togo\/toutes-les-actualites\/togo-les-emprises-des-voies-publiques-se-liberent-la-mort-dans-lame\"]}]},{\"@type\":\"ImageObject\",\"inLanguage\":\"fr-FR\",\"@id\":\"https:\/\/www.africa-press.net\/togo\/toutes-les-actualites\/togo-les-emprises-des-voies-publiques-se-liberent-la-mort-dans-lame#primaryimage\",\"url\":\"https:\/\/static.africa-press.net\/togo\/sites\/58\/2023\/02\/postQueueImg_1676884761.62.jpg\",\"contentUrl\":\"https:\/\/static.africa-press.net\/togo\/sites\/58\/2023\/02\/postQueueImg_1676884761.62.jpg\",\"width\":1280,\"height\":800,\"caption\":\"Togo\u2013Les emprises des voies publiques se lib\u00e8rent la mort dans l\u2019\u00e2me\"},{\"@type\":\"BreadcrumbList\",\"@id\":\"https:\/\/www.africa-press.net\/togo\/toutes-les-actualites\/togo-les-emprises-des-voies-publiques-se-liberent-la-mort-dans-lame#breadcrumb\",\"itemListElement\":[{\"@type\":\"ListItem\",\"position\":1,\"name\":\"Accueil\",\"item\":\"https:\/\/www.africa-press.net\/togo\/\"},{\"@type\":\"ListItem\",\"position\":2,\"name\":\"Togo\u2013Les emprises des voies publiques se lib\u00e8rent la mort dans l\u2019\u00e2me\"}]},{\"@type\":\"WebSite\",\"@id\":\"https:\/\/www.africa-press.net\/togo\/#website\",\"url\":\"https:\/\/www.africa-press.net\/togo\/\",\"name\":\"Togo\",\"description\":\"Just another Africa News Agency Sites site\",\"potentialAction\":[{\"@type\":\"SearchAction\",\"target\":{\"@type\":\"EntryPoint\",\"urlTemplate\":\"https:\/\/www.africa-press.net\/togo\/?s={search_term_string}\"},\"query-input\":{\"@type\":\"PropertyValueSpecification\",\"valueRequired\":true,\"valueName\":\"search_term_string\"}}],\"inLanguage\":\"fr-FR\"},{\"@type\":\"Person\",\"@id\":\"https:\/\/www.africa-press.net\/togo\/#\/schema\/person\/2b1cf3cd81a31e3cd26889ca66d677f1\",\"name\":\"cfeditorfr\"}]}<\/script>\n<!-- \/ Yoast SEO Premium plugin. -->","yoast_head_json":{"title":"Togo\u2013Les emprises des voies publiques se lib\u00e8rent la mort dans l\u2019\u00e2me - Togo","description":"Alors que les responsables des communes, charge\u0301s d\u2019exe\u0301cuter la de\u0301cision du gouvernement togolais de de\u0301sengorger l ...","robots":{"index":"index","follow":"follow","max-snippet":"max-snippet:-1","max-image-preview":"max-image-preview:large","max-video-preview":"max-video-preview:-1"},"canonical":"https:\/\/www.africa-press.net\/togo\/toutes-les-actualites\/togo-les-emprises-des-voies-publiques-se-liberent-la-mort-dans-lame","og_locale":"fr_FR","og_type":"article","og_title":"Togo\u2013Les emprises des voies publiques se lib\u00e8rent la mort dans l\u2019\u00e2me","og_description":"Alors que les responsables des communes, charge\u0301s d\u2019exe\u0301cuter la de\u0301cision du gouvernement togolais de de\u0301sengorger l ...","og_url":"https:\/\/www.africa-press.net\/togo\/toutes-les-actualites\/togo-les-emprises-des-voies-publiques-se-liberent-la-mort-dans-lame","og_site_name":"Togo","article_published_time":"2023-02-20T12:44:52+00:00","article_modified_time":"2023-02-20T12:58:17+00:00","og_image":[{"width":1280,"height":800,"url":"https:\/\/static.africa-press.net\/togo\/sites\/58\/2023\/02\/postQueueImg_1676884761.62.jpg","type":"image\/jpeg"}],"author":"cfeditorfr","twitter_card":"summary_large_image","twitter_misc":{"\u00c9crit par":"cfeditorfr","Dur\u00e9e de lecture estim\u00e9e":"2 minutes"},"schema":{"@context":"https:\/\/schema.org","@graph":[{"@type":"Article","@id":"https:\/\/www.africa-press.net\/togo\/toutes-les-actualites\/togo-les-emprises-des-voies-publiques-se-liberent-la-mort-dans-lame#article","isPartOf":{"@id":"https:\/\/www.africa-press.net\/togo\/toutes-les-actualites\/togo-les-emprises-des-voies-publiques-se-liberent-la-mort-dans-lame"},"author":{"name":"cfeditorfr","@id":"https:\/\/www.africa-press.net\/togo\/#\/schema\/person\/2b1cf3cd81a31e3cd26889ca66d677f1"},"headline":"Togo\u2013Les emprises des voies publiques se lib\u00e8rent la mort dans l\u2019\u00e2me","datePublished":"2023-02-20T12:44:52+00:00","dateModified":"2023-02-20T12:58:17+00:00","mainEntityOfPage":{"@id":"https:\/\/www.africa-press.net\/togo\/toutes-les-actualites\/togo-les-emprises-des-voies-publiques-se-liberent-la-mort-dans-lame"},"wordCount":372,"commentCount":0,"image":{"@id":"https:\/\/www.africa-press.net\/togo\/toutes-les-actualites\/togo-les-emprises-des-voies-publiques-se-liberent-la-mort-dans-lame#primaryimage"},"thumbnailUrl":"https:\/\/static.africa-press.net\/togo\/sites\/58\/2023\/02\/postQueueImg_1676884761.62.jpg","keywords":["Africa Press","Africa Press-Togo","Togo"],"articleSection":["Communaut\u00e9","Toutes les actualit\u00e9s"],"inLanguage":"fr-FR","potentialAction":[{"@type":"CommentAction","name":"Comment","target":["https:\/\/www.africa-press.net\/togo\/toutes-les-actualites\/togo-les-emprises-des-voies-publiques-se-liberent-la-mort-dans-lame#respond"]}]},{"@type":"WebPage","@id":"https:\/\/www.africa-press.net\/togo\/toutes-les-actualites\/togo-les-emprises-des-voies-publiques-se-liberent-la-mort-dans-lame","url":"https:\/\/www.africa-press.net\/togo\/toutes-les-actualites\/togo-les-emprises-des-voies-publiques-se-liberent-la-mort-dans-lame","name":"Togo\u2013Les emprises des voies publiques se lib\u00e8rent la mort dans l\u2019\u00e2me - Togo","isPartOf":{"@id":"https:\/\/www.africa-press.net\/togo\/#website"},"primaryImageOfPage":{"@id":"https:\/\/www.africa-press.net\/togo\/toutes-les-actualites\/togo-les-emprises-des-voies-publiques-se-liberent-la-mort-dans-lame#primaryimage"},"image":{"@id":"https:\/\/www.africa-press.net\/togo\/toutes-les-actualites\/togo-les-emprises-des-voies-publiques-se-liberent-la-mort-dans-lame#primaryimage"},"thumbnailUrl":"https:\/\/static.africa-press.net\/togo\/sites\/58\/2023\/02\/postQueueImg_1676884761.62.jpg","datePublished":"2023-02-20T12:44:52+00:00","dateModified":"2023-02-20T12:58:17+00:00","author":{"@id":"https:\/\/www.africa-press.net\/togo\/#\/schema\/person\/2b1cf3cd81a31e3cd26889ca66d677f1"},"description":"Alors que les responsables des communes, charge\u0301s d\u2019exe\u0301cuter la de\u0301cision du gouvernement togolais de de\u0301sengorger l ...","breadcrumb":{"@id":"https:\/\/www.africa-press.net\/togo\/toutes-les-actualites\/togo-les-emprises-des-voies-publiques-se-liberent-la-mort-dans-lame#breadcrumb"},"inLanguage":"fr-FR","potentialAction":[{"@type":"ReadAction","target":["https:\/\/www.africa-press.net\/togo\/toutes-les-actualites\/togo-les-emprises-des-voies-publiques-se-liberent-la-mort-dans-lame"]}]},{"@type":"ImageObject","inLanguage":"fr-FR","@id":"https:\/\/www.africa-press.net\/togo\/toutes-les-actualites\/togo-les-emprises-des-voies-publiques-se-liberent-la-mort-dans-lame#primaryimage","url":"https:\/\/static.africa-press.net\/togo\/sites\/58\/2023\/02\/postQueueImg_1676884761.62.jpg","contentUrl":"https:\/\/static.africa-press.net\/togo\/sites\/58\/2023\/02\/postQueueImg_1676884761.62.jpg","width":1280,"height":800,"caption":"Togo\u2013Les emprises des voies publiques se lib\u00e8rent la mort dans l\u2019\u00e2me"},{"@type":"BreadcrumbList","@id":"https:\/\/www.africa-press.net\/togo\/toutes-les-actualites\/togo-les-emprises-des-voies-publiques-se-liberent-la-mort-dans-lame#breadcrumb","itemListElement":[{"@type":"ListItem","position":1,"name":"Accueil","item":"https:\/\/www.africa-press.net\/togo\/"},{"@type":"ListItem","position":2,"name":"Togo\u2013Les emprises des voies publiques se lib\u00e8rent la mort dans l\u2019\u00e2me"}]},{"@type":"WebSite","@id":"https:\/\/www.africa-press.net\/togo\/#website","url":"https:\/\/www.africa-press.net\/togo\/","name":"Togo","description":"Just another Africa News Agency Sites site","potentialAction":[{"@type":"SearchAction","target":{"@type":"EntryPoint","urlTemplate":"https:\/\/www.africa-press.net\/togo\/?s={search_term_string}"},"query-input":{"@type":"PropertyValueSpecification","valueRequired":true,"valueName":"search_term_string"}}],"inLanguage":"fr-FR"},{"@type":"Person","@id":"https:\/\/www.africa-press.net\/togo\/#\/schema\/person\/2b1cf3cd81a31e3cd26889ca66d677f1","name":"cfeditorfr"}]}},"_links":{"self":[{"href":"https:\/\/www.africa-press.net\/togo\/wp-json\/wp\/v2\/posts\/17462","targetHints":{"allow":["GET"]}}],"collection":[{"href":"https:\/\/www.africa-press.net\/togo\/wp-json\/wp\/v2\/posts"}],"about":[{"href":"https:\/\/www.africa-press.net\/togo\/wp-json\/wp\/v2\/types\/post"}],"author":[{"embeddable":true,"href":"https:\/\/www.africa-press.net\/togo\/wp-json\/wp\/v2\/users\/82"}],"replies":[{"embeddable":true,"href":"https:\/\/www.africa-press.net\/togo\/wp-json\/wp\/v2\/comments?post=17462"}],"version-history":[{"count":0,"href":"https:\/\/www.africa-press.net\/togo\/wp-json\/wp\/v2\/posts\/17462\/revisions"}],"wp:featuredmedia":[{"embeddable":true,"href":"https:\/\/www.africa-press.net\/togo\/wp-json\/wp\/v2\/media\/17461"}],"wp:attachment":[{"href":"https:\/\/www.africa-press.net\/togo\/wp-json\/wp\/v2\/media?parent=17462"}],"wp:term":[{"taxonomy":"category","embeddable":true,"href":"https:\/\/www.africa-press.net\/togo\/wp-json\/wp\/v2\/categories?post=17462"},{"taxonomy":"post_tag","embeddable":true,"href":"https:\/\/www.africa-press.net\/togo\/wp-json\/wp\/v2\/tags?post=17462"}],"curies":[{"name":"wp","href":"https:\/\/api.w.org\/{rel}","templated":true}]}}