{"id":17476,"date":"2023-02-20T20:10:11","date_gmt":"2023-02-20T20:10:11","guid":{"rendered":"https:\/\/www.africa-press.net\/togo\/politique\/togo-les-verites-de-dussey-a-la-msc-2023"},"modified":"2023-02-20T20:49:16","modified_gmt":"2023-02-20T20:49:16","slug":"togo-les-verites-de-dussey-a-la-msc-2023","status":"publish","type":"post","link":"https:\/\/www.africa-press.net\/togo\/politique\/togo-les-verites-de-dussey-a-la-msc-2023","title":{"rendered":"Togo-Les v\u00e9rit\u00e9s de Dussey \u00e0 la MSC 2023"},"content":{"rendered":"<p><span style=\"color: #ff6600\"><strong>Africa-Press &#8211; Togo. <\/strong><\/span><b>La confe\u0301rence de Munich sur la se\u0301curite\u0301 (MSC 2023) a pris fin ce dimanche 19 fe\u0301vrier 2023. Le chef de la diplomatie togolaise, Prof Robert Dussey a pris part a\u0300 cette rencontre de trois jours.<\/b><\/p>\n<p>Ils sont plus de 200 leaders a\u0300 re\u0301pondre pre\u0301sents a\u0300 cette confe\u0301rence de Munich sur la se\u0301curite\u0301. Au cours de cette rencontre, un panel a e\u0301te\u0301 consacre\u0301 a\u0300 la se\u0301curite\u0301 dans le Sahel.<\/p>\n<p>Prof. Robert Dussey, ministre togolais des Affaires e\u0301trange\u0300res, de l\u2019Inte\u0301gration re\u0301gionale et des Togolais de l\u2019exte\u0301rieur, a conduit le de\u0301bat avec des personnalite\u0301s a\u0300 l\u2019instar du Directeur du bureau Afrique centrale des Nations Unies, Abdou Abarry, le ministre des Affaires e\u0301conomiques de la Mauritanie, Ousmane Kane, la ministre allemande de la Coope\u0301ration e\u0301conomique et le de\u0301veloppement, Svenja Schulze et le Directeur du bureau de Berlin du Conseil europe\u0301en des relations internationales, Jana Puglierin.<\/p>\n<p>Prenant la parole, le chef de la diplomatie togolaise a tout de suite mis les choses au clair en faisant savoir que le continent africain veut prendre ses responsabilite\u0301s et faire les choses suivant sa vision. Sans concession, il a de\u0301nonce\u0301 ce qui se passe dans le Sahel.<\/p>\n<p>\u00ab Je suis Africain, je suis Togolais. Le nouveau paradigme pour le continent africain ici et maintenant, c\u2019est d\u2019e\u0302tre nous-me\u0302mes. Nous avons notre vision de changer notre continent. Et c\u2019est important. Nous ne voulons pas e\u0302tre un chiot pour l\u2019ouest ou l\u2019est. Nous sommes Africains \u00bb, a-t-il de\u0301clare\u0301 devant ses co-pane\u0301listes et toute l\u2019assistance.<\/p>\n<p>L Afrique veut rester elle me\u0302me. L Afrique veut rester libre de de\u0301finir ses priorite\u0301s. Nous sommes et restons toujours ouverts aux partenariat selon nos choix &#8230; . @_AfricanUnion @MunSecConf #MSC2023 #panafricanism #Africa #Afrique pic.twitter.com\/1NJvWo7VRB<\/p>\n<p><strong>Pour plus d&rsquo;informations et d&rsquo;analyses sur la <a href=\"https:\/\/www.africa-press.net\/togo\">Togo<\/a>, suivez <a href=\"https:\/\/www.africa-press.net\/\">Africa-Press<\/a><\/strong><\/p>\n","protected":false},"excerpt":{"rendered":"<p>Africa-Press &#8211; Togo. La confe\u0301rence de Munich sur la se\u0301curite\u0301 (MSC 2023) a pris fin ce dimanche 19 fe\u0301vrier 2023. Le chef de la diplomatie togolaise, Prof Robert Dussey a pris part a\u0300 cette rencontre de trois jours. Ils sont plus de 200 leaders a\u0300 re\u0301pondre pre\u0301sents a\u0300 cette confe\u0301rence de Munich sur la se\u0301curite\u0301. [&hellip;]<\/p>\n","protected":false},"author":82,"featured_media":17475,"comment_status":"open","ping_status":"closed","sticky":false,"template":"","format":"standard","meta":{"footnotes":""},"categories":[2,10],"tags":[36,49,50],"class_list":["post-17476","post","type-post","status-publish","format-standard","has-post-thumbnail","hentry","category-politique","category-toutes-les-actualites","tag-africa-press","tag-africa-press-togo","tag-togo"],"yoast_head":"<!-- This site is optimized with the Yoast SEO Premium plugin v26.1 (Yoast SEO v27.0) - https:\/\/yoast.com\/product\/yoast-seo-premium-wordpress\/ -->\n<title>Togo-Les v\u00e9rit\u00e9s de Dussey \u00e0 la MSC 2023 - Togo<\/title>\n<meta name=\"description\" content=\"La confe\u0301rence de Munich sur la se\u0301curite\u0301 (MSC 2023) a pris fin ce dimanche 19 fe\u0301vrier 2023. Le chef de la diplomat ...\" \/>\n<meta name=\"robots\" content=\"index, follow, max-snippet:-1, max-image-preview:large, max-video-preview:-1\" \/>\n<link rel=\"canonical\" href=\"https:\/\/www.africa-press.net\/togo\/politique\/togo-les-verites-de-dussey-a-la-msc-2023\" \/>\n<meta property=\"og:locale\" content=\"fr_FR\" \/>\n<meta property=\"og:type\" content=\"article\" \/>\n<meta property=\"og:title\" content=\"Togo-Les v\u00e9rit\u00e9s de Dussey \u00e0 la MSC 2023\" \/>\n<meta property=\"og:description\" content=\"La confe\u0301rence de Munich sur la se\u0301curite\u0301 (MSC 2023) a pris fin ce dimanche 19 fe\u0301vrier 2023. Le chef de la diplomat ...\" \/>\n<meta property=\"og:url\" content=\"https:\/\/www.africa-press.net\/togo\/politique\/togo-les-verites-de-dussey-a-la-msc-2023\" \/>\n<meta property=\"og:site_name\" content=\"Togo\" \/>\n<meta property=\"article:published_time\" content=\"2023-02-20T20:10:11+00:00\" \/>\n<meta property=\"article:modified_time\" content=\"2023-02-20T20:49:16+00:00\" \/>\n<meta property=\"og:image\" content=\"https:\/\/static.africa-press.net\/togo\/sites\/58\/2023\/02\/postQueueImg_1676911213.94.jpg\" \/>\n\t<meta property=\"og:image:width\" content=\"720\" \/>\n\t<meta property=\"og:image:height\" content=\"480\" \/>\n\t<meta property=\"og:image:type\" content=\"image\/jpeg\" \/>\n<meta name=\"author\" content=\"cfeditorfr\" \/>\n<meta name=\"twitter:card\" content=\"summary_large_image\" \/>\n<meta name=\"twitter:label1\" content=\"\u00c9crit par\" \/>\n\t<meta name=\"twitter:data1\" content=\"cfeditorfr\" \/>\n\t<meta name=\"twitter:label2\" content=\"Dur\u00e9e de lecture estim\u00e9e\" \/>\n\t<meta name=\"twitter:data2\" content=\"2 minutes\" \/>\n<script type=\"application\/ld+json\" class=\"yoast-schema-graph\">{\"@context\":\"https:\/\/schema.org\",\"@graph\":[{\"@type\":\"Article\",\"@id\":\"https:\/\/www.africa-press.net\/togo\/politique\/togo-les-verites-de-dussey-a-la-msc-2023#article\",\"isPartOf\":{\"@id\":\"https:\/\/www.africa-press.net\/togo\/politique\/togo-les-verites-de-dussey-a-la-msc-2023\"},\"author\":{\"name\":\"cfeditorfr\",\"@id\":\"https:\/\/www.africa-press.net\/togo\/#\/schema\/person\/2b1cf3cd81a31e3cd26889ca66d677f1\"},\"headline\":\"Togo-Les v\u00e9rit\u00e9s de Dussey \u00e0 la MSC 2023\",\"datePublished\":\"2023-02-20T20:10:11+00:00\",\"dateModified\":\"2023-02-20T20:49:16+00:00\",\"mainEntityOfPage\":{\"@id\":\"https:\/\/www.africa-press.net\/togo\/politique\/togo-les-verites-de-dussey-a-la-msc-2023\"},\"wordCount\":337,\"commentCount\":0,\"image\":{\"@id\":\"https:\/\/www.africa-press.net\/togo\/politique\/togo-les-verites-de-dussey-a-la-msc-2023#primaryimage\"},\"thumbnailUrl\":\"https:\/\/static.africa-press.net\/togo\/sites\/58\/2023\/02\/postQueueImg_1676911213.94.jpg\",\"keywords\":[\"Africa Press\",\"Africa Press-Togo\",\"Togo\"],\"articleSection\":[\"Politique\",\"Toutes les actualit\u00e9s\"],\"inLanguage\":\"fr-FR\",\"potentialAction\":[{\"@type\":\"CommentAction\",\"name\":\"Comment\",\"target\":[\"https:\/\/www.africa-press.net\/togo\/politique\/togo-les-verites-de-dussey-a-la-msc-2023#respond\"]}]},{\"@type\":\"WebPage\",\"@id\":\"https:\/\/www.africa-press.net\/togo\/politique\/togo-les-verites-de-dussey-a-la-msc-2023\",\"url\":\"https:\/\/www.africa-press.net\/togo\/politique\/togo-les-verites-de-dussey-a-la-msc-2023\",\"name\":\"Togo-Les v\u00e9rit\u00e9s de Dussey \u00e0 la MSC 2023 - Togo\",\"isPartOf\":{\"@id\":\"https:\/\/www.africa-press.net\/togo\/#website\"},\"primaryImageOfPage\":{\"@id\":\"https:\/\/www.africa-press.net\/togo\/politique\/togo-les-verites-de-dussey-a-la-msc-2023#primaryimage\"},\"image\":{\"@id\":\"https:\/\/www.africa-press.net\/togo\/politique\/togo-les-verites-de-dussey-a-la-msc-2023#primaryimage\"},\"thumbnailUrl\":\"https:\/\/static.africa-press.net\/togo\/sites\/58\/2023\/02\/postQueueImg_1676911213.94.jpg\",\"datePublished\":\"2023-02-20T20:10:11+00:00\",\"dateModified\":\"2023-02-20T20:49:16+00:00\",\"author\":{\"@id\":\"https:\/\/www.africa-press.net\/togo\/#\/schema\/person\/2b1cf3cd81a31e3cd26889ca66d677f1\"},\"description\":\"La confe\u0301rence de Munich sur la se\u0301curite\u0301 (MSC 2023) a pris fin ce dimanche 19 fe\u0301vrier 2023. Le chef de la diplomat ...\",\"breadcrumb\":{\"@id\":\"https:\/\/www.africa-press.net\/togo\/politique\/togo-les-verites-de-dussey-a-la-msc-2023#breadcrumb\"},\"inLanguage\":\"fr-FR\",\"potentialAction\":[{\"@type\":\"ReadAction\",\"target\":[\"https:\/\/www.africa-press.net\/togo\/politique\/togo-les-verites-de-dussey-a-la-msc-2023\"]}]},{\"@type\":\"ImageObject\",\"inLanguage\":\"fr-FR\",\"@id\":\"https:\/\/www.africa-press.net\/togo\/politique\/togo-les-verites-de-dussey-a-la-msc-2023#primaryimage\",\"url\":\"https:\/\/static.africa-press.net\/togo\/sites\/58\/2023\/02\/postQueueImg_1676911213.94.jpg\",\"contentUrl\":\"https:\/\/static.africa-press.net\/togo\/sites\/58\/2023\/02\/postQueueImg_1676911213.94.jpg\",\"width\":720,\"height\":480,\"caption\":\"Togo-Les v\u00e9rit\u00e9s de Dussey \u00e0 la MSC 2023\"},{\"@type\":\"BreadcrumbList\",\"@id\":\"https:\/\/www.africa-press.net\/togo\/politique\/togo-les-verites-de-dussey-a-la-msc-2023#breadcrumb\",\"itemListElement\":[{\"@type\":\"ListItem\",\"position\":1,\"name\":\"Accueil\",\"item\":\"https:\/\/www.africa-press.net\/togo\/\"},{\"@type\":\"ListItem\",\"position\":2,\"name\":\"Togo-Les v\u00e9rit\u00e9s de Dussey \u00e0 la MSC 2023\"}]},{\"@type\":\"WebSite\",\"@id\":\"https:\/\/www.africa-press.net\/togo\/#website\",\"url\":\"https:\/\/www.africa-press.net\/togo\/\",\"name\":\"Togo\",\"description\":\"Just another Africa News Agency Sites site\",\"potentialAction\":[{\"@type\":\"SearchAction\",\"target\":{\"@type\":\"EntryPoint\",\"urlTemplate\":\"https:\/\/www.africa-press.net\/togo\/?s={search_term_string}\"},\"query-input\":{\"@type\":\"PropertyValueSpecification\",\"valueRequired\":true,\"valueName\":\"search_term_string\"}}],\"inLanguage\":\"fr-FR\"},{\"@type\":\"Person\",\"@id\":\"https:\/\/www.africa-press.net\/togo\/#\/schema\/person\/2b1cf3cd81a31e3cd26889ca66d677f1\",\"name\":\"cfeditorfr\"}]}<\/script>\n<!-- \/ Yoast SEO Premium plugin. -->","yoast_head_json":{"title":"Togo-Les v\u00e9rit\u00e9s de Dussey \u00e0 la MSC 2023 - Togo","description":"La confe\u0301rence de Munich sur la se\u0301curite\u0301 (MSC 2023) a pris fin ce dimanche 19 fe\u0301vrier 2023. Le chef de la diplomat ...","robots":{"index":"index","follow":"follow","max-snippet":"max-snippet:-1","max-image-preview":"max-image-preview:large","max-video-preview":"max-video-preview:-1"},"canonical":"https:\/\/www.africa-press.net\/togo\/politique\/togo-les-verites-de-dussey-a-la-msc-2023","og_locale":"fr_FR","og_type":"article","og_title":"Togo-Les v\u00e9rit\u00e9s de Dussey \u00e0 la MSC 2023","og_description":"La confe\u0301rence de Munich sur la se\u0301curite\u0301 (MSC 2023) a pris fin ce dimanche 19 fe\u0301vrier 2023. Le chef de la diplomat ...","og_url":"https:\/\/www.africa-press.net\/togo\/politique\/togo-les-verites-de-dussey-a-la-msc-2023","og_site_name":"Togo","article_published_time":"2023-02-20T20:10:11+00:00","article_modified_time":"2023-02-20T20:49:16+00:00","og_image":[{"width":720,"height":480,"url":"https:\/\/static.africa-press.net\/togo\/sites\/58\/2023\/02\/postQueueImg_1676911213.94.jpg","type":"image\/jpeg"}],"author":"cfeditorfr","twitter_card":"summary_large_image","twitter_misc":{"\u00c9crit par":"cfeditorfr","Dur\u00e9e de lecture estim\u00e9e":"2 minutes"},"schema":{"@context":"https:\/\/schema.org","@graph":[{"@type":"Article","@id":"https:\/\/www.africa-press.net\/togo\/politique\/togo-les-verites-de-dussey-a-la-msc-2023#article","isPartOf":{"@id":"https:\/\/www.africa-press.net\/togo\/politique\/togo-les-verites-de-dussey-a-la-msc-2023"},"author":{"name":"cfeditorfr","@id":"https:\/\/www.africa-press.net\/togo\/#\/schema\/person\/2b1cf3cd81a31e3cd26889ca66d677f1"},"headline":"Togo-Les v\u00e9rit\u00e9s de Dussey \u00e0 la MSC 2023","datePublished":"2023-02-20T20:10:11+00:00","dateModified":"2023-02-20T20:49:16+00:00","mainEntityOfPage":{"@id":"https:\/\/www.africa-press.net\/togo\/politique\/togo-les-verites-de-dussey-a-la-msc-2023"},"wordCount":337,"commentCount":0,"image":{"@id":"https:\/\/www.africa-press.net\/togo\/politique\/togo-les-verites-de-dussey-a-la-msc-2023#primaryimage"},"thumbnailUrl":"https:\/\/static.africa-press.net\/togo\/sites\/58\/2023\/02\/postQueueImg_1676911213.94.jpg","keywords":["Africa Press","Africa Press-Togo","Togo"],"articleSection":["Politique","Toutes les actualit\u00e9s"],"inLanguage":"fr-FR","potentialAction":[{"@type":"CommentAction","name":"Comment","target":["https:\/\/www.africa-press.net\/togo\/politique\/togo-les-verites-de-dussey-a-la-msc-2023#respond"]}]},{"@type":"WebPage","@id":"https:\/\/www.africa-press.net\/togo\/politique\/togo-les-verites-de-dussey-a-la-msc-2023","url":"https:\/\/www.africa-press.net\/togo\/politique\/togo-les-verites-de-dussey-a-la-msc-2023","name":"Togo-Les v\u00e9rit\u00e9s de Dussey \u00e0 la MSC 2023 - Togo","isPartOf":{"@id":"https:\/\/www.africa-press.net\/togo\/#website"},"primaryImageOfPage":{"@id":"https:\/\/www.africa-press.net\/togo\/politique\/togo-les-verites-de-dussey-a-la-msc-2023#primaryimage"},"image":{"@id":"https:\/\/www.africa-press.net\/togo\/politique\/togo-les-verites-de-dussey-a-la-msc-2023#primaryimage"},"thumbnailUrl":"https:\/\/static.africa-press.net\/togo\/sites\/58\/2023\/02\/postQueueImg_1676911213.94.jpg","datePublished":"2023-02-20T20:10:11+00:00","dateModified":"2023-02-20T20:49:16+00:00","author":{"@id":"https:\/\/www.africa-press.net\/togo\/#\/schema\/person\/2b1cf3cd81a31e3cd26889ca66d677f1"},"description":"La confe\u0301rence de Munich sur la se\u0301curite\u0301 (MSC 2023) a pris fin ce dimanche 19 fe\u0301vrier 2023. Le chef de la diplomat ...","breadcrumb":{"@id":"https:\/\/www.africa-press.net\/togo\/politique\/togo-les-verites-de-dussey-a-la-msc-2023#breadcrumb"},"inLanguage":"fr-FR","potentialAction":[{"@type":"ReadAction","target":["https:\/\/www.africa-press.net\/togo\/politique\/togo-les-verites-de-dussey-a-la-msc-2023"]}]},{"@type":"ImageObject","inLanguage":"fr-FR","@id":"https:\/\/www.africa-press.net\/togo\/politique\/togo-les-verites-de-dussey-a-la-msc-2023#primaryimage","url":"https:\/\/static.africa-press.net\/togo\/sites\/58\/2023\/02\/postQueueImg_1676911213.94.jpg","contentUrl":"https:\/\/static.africa-press.net\/togo\/sites\/58\/2023\/02\/postQueueImg_1676911213.94.jpg","width":720,"height":480,"caption":"Togo-Les v\u00e9rit\u00e9s de Dussey \u00e0 la MSC 2023"},{"@type":"BreadcrumbList","@id":"https:\/\/www.africa-press.net\/togo\/politique\/togo-les-verites-de-dussey-a-la-msc-2023#breadcrumb","itemListElement":[{"@type":"ListItem","position":1,"name":"Accueil","item":"https:\/\/www.africa-press.net\/togo\/"},{"@type":"ListItem","position":2,"name":"Togo-Les v\u00e9rit\u00e9s de Dussey \u00e0 la MSC 2023"}]},{"@type":"WebSite","@id":"https:\/\/www.africa-press.net\/togo\/#website","url":"https:\/\/www.africa-press.net\/togo\/","name":"Togo","description":"Just another Africa News Agency Sites site","potentialAction":[{"@type":"SearchAction","target":{"@type":"EntryPoint","urlTemplate":"https:\/\/www.africa-press.net\/togo\/?s={search_term_string}"},"query-input":{"@type":"PropertyValueSpecification","valueRequired":true,"valueName":"search_term_string"}}],"inLanguage":"fr-FR"},{"@type":"Person","@id":"https:\/\/www.africa-press.net\/togo\/#\/schema\/person\/2b1cf3cd81a31e3cd26889ca66d677f1","name":"cfeditorfr"}]}},"_links":{"self":[{"href":"https:\/\/www.africa-press.net\/togo\/wp-json\/wp\/v2\/posts\/17476","targetHints":{"allow":["GET"]}}],"collection":[{"href":"https:\/\/www.africa-press.net\/togo\/wp-json\/wp\/v2\/posts"}],"about":[{"href":"https:\/\/www.africa-press.net\/togo\/wp-json\/wp\/v2\/types\/post"}],"author":[{"embeddable":true,"href":"https:\/\/www.africa-press.net\/togo\/wp-json\/wp\/v2\/users\/82"}],"replies":[{"embeddable":true,"href":"https:\/\/www.africa-press.net\/togo\/wp-json\/wp\/v2\/comments?post=17476"}],"version-history":[{"count":0,"href":"https:\/\/www.africa-press.net\/togo\/wp-json\/wp\/v2\/posts\/17476\/revisions"}],"wp:featuredmedia":[{"embeddable":true,"href":"https:\/\/www.africa-press.net\/togo\/wp-json\/wp\/v2\/media\/17475"}],"wp:attachment":[{"href":"https:\/\/www.africa-press.net\/togo\/wp-json\/wp\/v2\/media?parent=17476"}],"wp:term":[{"taxonomy":"category","embeddable":true,"href":"https:\/\/www.africa-press.net\/togo\/wp-json\/wp\/v2\/categories?post=17476"},{"taxonomy":"post_tag","embeddable":true,"href":"https:\/\/www.africa-press.net\/togo\/wp-json\/wp\/v2\/tags?post=17476"}],"curies":[{"name":"wp","href":"https:\/\/api.w.org\/{rel}","templated":true}]}}