{"id":17480,"date":"2023-02-20T20:10:42","date_gmt":"2023-02-20T20:10:42","guid":{"rendered":"https:\/\/www.africa-press.net\/togo\/politique\/faits-divers-il-ecope-de-10-ans-pour-complicite-de-traite-de-personne"},"modified":"2023-02-20T20:49:55","modified_gmt":"2023-02-20T20:49:55","slug":"faits-divers-il-ecope-de-10-ans-pour-complicite-de-traite-de-personne","status":"publish","type":"post","link":"https:\/\/www.africa-press.net\/togo\/toutes-les-actualites\/faits-divers-il-ecope-de-10-ans-pour-complicite-de-traite-de-personne","title":{"rendered":"Faits divers \u2013 Il \u00e9cope de 10 ans pour complicit\u00e9 de traite de personne"},"content":{"rendered":"<p><span style=\"color: #ff6600\"><strong>Africa-Press &#8211; Togo. <\/strong><\/span><b>Les premie\u0300res assises de la Cour d\u2019appel de Kara de\u0301bute\u0301es quelques jours de\u0301ja\u0300, voient passer a\u0300 ses audiences plusieurs pre\u0301venus dont le Sieur B.G. [initiale d\u2019identite\u0301], poursuivi pour complicite\u0301 de traite de personnes. Au terme de son proce\u0300s, les membres du jury ont reconnu sa culpabilite\u0301 et l\u2019ont par conse\u0301quent condamne\u0301 a\u0300 10 ans de re\u0301clusion criminelle.<\/b><\/p>\n<p>Les faits tels qu\u2019ils ont e\u0301te\u0301 expose\u0301s devant le jury, le Pre\u0301sident magistrat ainsi que le parquet de cette formation de la cour d\u2019assise de Kara ont permis d\u2019e\u0301tablir la culpabilite\u0301 du sieur B.G. relativement a\u0300 l\u2019infraction de complicite\u0301 de traite de personnes.<\/p>\n<p>Le nomme\u0301 B.G. demeurant et domicilie\u0301 a\u0300 Dapaong a, courant anne\u0301e 2017, he\u0301berge\u0301 chez lui des burkinabe\u0300, commerc\u0327ants de poisson. Lors de ce se\u0301jour, l\u2019un des burkinabe\u0300 a manifeste\u0301 de l\u2019inte\u0301re\u0302t envers la nie\u0300ce de B.G., la nomme\u0301 D.M. encore mineur au moment des faits (17 ans). Il voulait notamment prendre la jeune adolescente en mariage. Le nomme\u0301 B.G. finit par convaincre sa nie\u0300ce de partir avec ses ho\u0302tes burkinabe\u0300. Apre\u0300s quelques mois, la me\u0300re de D.M. qui est le petit fre\u0300re du pre\u0301venu a commence\u0301 par chercher sa fille en vain. Elle a alors convoque\u0301 B.G. a\u0300 la Brigade de Gendarmerie de leur ressort. Pris de peur, le pre\u0301venu a pris la poudre d\u2019escampette pour s\u2019e\u0301tablir pendant deux ans a\u0300 Lome\u0301.<\/p>\n<p>Mal lui en a pris de retourner a\u0300 Dapaong apre\u0300s ces 2 ans, il a e\u0301te\u0301 aussito\u0302t interpelle\u0301, pre\u0301sente\u0301 au parquet et de\u0301fe\u0301re\u0301 a\u0300 la prison civile en attendant son proce\u0300s. Comparaissant a\u0300 ces assises de la Cour d\u2019appel de Kara, le nomme\u0301 B.G. n\u2019a pourtant pas reconnu les faits qui l\u2019accablent visiblement. Sur les 30 ans d\u2019emprisonnement avec 20 ans de sursis et une somme de 20 millions de francs CFA, requises par le Ministe\u0300re public conforme\u0301ment aux articles 319 et suivants du Nouveau Code pe\u0301nal, la Cour a finalement condamne\u0301 le sieur B.G. a\u0300 10 ans de re\u0301clusion criminelle. Une peine qui devrait dissuader les parents qui sont tente\u0301s de \u00ab commercialiser \u00bb leur descendance.<\/p>\n<p><strong>Pour plus d&rsquo;informations et d&rsquo;analyses sur la <a href=\"https:\/\/www.africa-press.net\/togo\">Togo<\/a>, suivez <a href=\"https:\/\/www.africa-press.net\/\">Africa-Press<\/a><\/strong><\/p>\n","protected":false},"excerpt":{"rendered":"<p>Africa-Press &#8211; Togo. Les premie\u0300res assises de la Cour d\u2019appel de Kara de\u0301bute\u0301es quelques jours de\u0301ja\u0300, voient passer a\u0300 ses audiences plusieurs pre\u0301venus dont le Sieur B.G. [initiale d\u2019identite\u0301], poursuivi pour complicite\u0301 de traite de personnes. Au terme de son proce\u0300s, les membres du jury ont reconnu sa culpabilite\u0301 et l\u2019ont par conse\u0301quent condamne\u0301 a\u0300 [&hellip;]<\/p>\n","protected":false},"author":82,"featured_media":17479,"comment_status":"open","ping_status":"closed","sticky":false,"template":"","format":"standard","meta":{"footnotes":""},"categories":[21,10],"tags":[36,49,50],"class_list":["post-17480","post","type-post","status-publish","format-standard","has-post-thumbnail","hentry","category-communaute","category-toutes-les-actualites","tag-africa-press","tag-africa-press-togo","tag-togo"],"yoast_head":"<!-- This site is optimized with the Yoast SEO Premium plugin v26.1 (Yoast SEO v27.0) - https:\/\/yoast.com\/product\/yoast-seo-premium-wordpress\/ -->\n<title>Faits divers \u2013 Il \u00e9cope de 10 ans pour complicit\u00e9 de traite de personne - Togo<\/title>\n<meta name=\"description\" content=\"Les premie\u0300res assises de la Cour d\u2019appel de Kara de\u0301bute\u0301es quelques jours de\u0301ja\u0300, voient passer a\u0300 ses audiences pl ...\" \/>\n<meta name=\"robots\" content=\"index, follow, max-snippet:-1, max-image-preview:large, max-video-preview:-1\" \/>\n<link rel=\"canonical\" href=\"https:\/\/www.africa-press.net\/togo\/toutes-les-actualites\/faits-divers-il-ecope-de-10-ans-pour-complicite-de-traite-de-personne\" \/>\n<meta property=\"og:locale\" content=\"fr_FR\" \/>\n<meta property=\"og:type\" content=\"article\" \/>\n<meta property=\"og:title\" content=\"Faits divers \u2013 Il \u00e9cope de 10 ans pour complicit\u00e9 de traite de personne\" \/>\n<meta property=\"og:description\" content=\"Les premie\u0300res assises de la Cour d\u2019appel de Kara de\u0301bute\u0301es quelques jours de\u0301ja\u0300, voient passer a\u0300 ses audiences pl ...\" \/>\n<meta property=\"og:url\" content=\"https:\/\/www.africa-press.net\/togo\/toutes-les-actualites\/faits-divers-il-ecope-de-10-ans-pour-complicite-de-traite-de-personne\" \/>\n<meta property=\"og:site_name\" content=\"Togo\" \/>\n<meta property=\"article:published_time\" content=\"2023-02-20T20:10:42+00:00\" \/>\n<meta property=\"article:modified_time\" content=\"2023-02-20T20:49:55+00:00\" \/>\n<meta property=\"og:image\" content=\"https:\/\/static.africa-press.net\/togo\/sites\/58\/2023\/02\/postQueueImg_1676911247.29.jpg\" \/>\n\t<meta property=\"og:image:width\" content=\"1200\" \/>\n\t<meta property=\"og:image:height\" content=\"800\" \/>\n\t<meta property=\"og:image:type\" content=\"image\/jpeg\" \/>\n<meta name=\"author\" content=\"cfeditorfr\" \/>\n<meta name=\"twitter:card\" content=\"summary_large_image\" \/>\n<meta name=\"twitter:label1\" content=\"\u00c9crit par\" \/>\n\t<meta name=\"twitter:data1\" content=\"cfeditorfr\" \/>\n\t<meta name=\"twitter:label2\" content=\"Dur\u00e9e de lecture estim\u00e9e\" \/>\n\t<meta name=\"twitter:data2\" content=\"2 minutes\" \/>\n<script type=\"application\/ld+json\" class=\"yoast-schema-graph\">{\"@context\":\"https:\/\/schema.org\",\"@graph\":[{\"@type\":\"Article\",\"@id\":\"https:\/\/www.africa-press.net\/togo\/toutes-les-actualites\/faits-divers-il-ecope-de-10-ans-pour-complicite-de-traite-de-personne#article\",\"isPartOf\":{\"@id\":\"https:\/\/www.africa-press.net\/togo\/toutes-les-actualites\/faits-divers-il-ecope-de-10-ans-pour-complicite-de-traite-de-personne\"},\"author\":{\"name\":\"cfeditorfr\",\"@id\":\"https:\/\/www.africa-press.net\/togo\/#\/schema\/person\/2b1cf3cd81a31e3cd26889ca66d677f1\"},\"headline\":\"Faits divers \u2013 Il \u00e9cope de 10 ans pour complicit\u00e9 de traite de personne\",\"datePublished\":\"2023-02-20T20:10:42+00:00\",\"dateModified\":\"2023-02-20T20:49:55+00:00\",\"mainEntityOfPage\":{\"@id\":\"https:\/\/www.africa-press.net\/togo\/toutes-les-actualites\/faits-divers-il-ecope-de-10-ans-pour-complicite-de-traite-de-personne\"},\"wordCount\":419,\"commentCount\":0,\"image\":{\"@id\":\"https:\/\/www.africa-press.net\/togo\/toutes-les-actualites\/faits-divers-il-ecope-de-10-ans-pour-complicite-de-traite-de-personne#primaryimage\"},\"thumbnailUrl\":\"https:\/\/static.africa-press.net\/togo\/sites\/58\/2023\/02\/postQueueImg_1676911247.29.jpg\",\"keywords\":[\"Africa Press\",\"Africa Press-Togo\",\"Togo\"],\"articleSection\":[\"Communaut\u00e9\",\"Toutes les actualit\u00e9s\"],\"inLanguage\":\"fr-FR\",\"potentialAction\":[{\"@type\":\"CommentAction\",\"name\":\"Comment\",\"target\":[\"https:\/\/www.africa-press.net\/togo\/toutes-les-actualites\/faits-divers-il-ecope-de-10-ans-pour-complicite-de-traite-de-personne#respond\"]}]},{\"@type\":\"WebPage\",\"@id\":\"https:\/\/www.africa-press.net\/togo\/toutes-les-actualites\/faits-divers-il-ecope-de-10-ans-pour-complicite-de-traite-de-personne\",\"url\":\"https:\/\/www.africa-press.net\/togo\/toutes-les-actualites\/faits-divers-il-ecope-de-10-ans-pour-complicite-de-traite-de-personne\",\"name\":\"Faits divers \u2013 Il \u00e9cope de 10 ans pour complicit\u00e9 de traite de personne - Togo\",\"isPartOf\":{\"@id\":\"https:\/\/www.africa-press.net\/togo\/#website\"},\"primaryImageOfPage\":{\"@id\":\"https:\/\/www.africa-press.net\/togo\/toutes-les-actualites\/faits-divers-il-ecope-de-10-ans-pour-complicite-de-traite-de-personne#primaryimage\"},\"image\":{\"@id\":\"https:\/\/www.africa-press.net\/togo\/toutes-les-actualites\/faits-divers-il-ecope-de-10-ans-pour-complicite-de-traite-de-personne#primaryimage\"},\"thumbnailUrl\":\"https:\/\/static.africa-press.net\/togo\/sites\/58\/2023\/02\/postQueueImg_1676911247.29.jpg\",\"datePublished\":\"2023-02-20T20:10:42+00:00\",\"dateModified\":\"2023-02-20T20:49:55+00:00\",\"author\":{\"@id\":\"https:\/\/www.africa-press.net\/togo\/#\/schema\/person\/2b1cf3cd81a31e3cd26889ca66d677f1\"},\"description\":\"Les premie\u0300res assises de la Cour d\u2019appel de Kara de\u0301bute\u0301es quelques jours de\u0301ja\u0300, voient passer a\u0300 ses audiences pl ...\",\"breadcrumb\":{\"@id\":\"https:\/\/www.africa-press.net\/togo\/toutes-les-actualites\/faits-divers-il-ecope-de-10-ans-pour-complicite-de-traite-de-personne#breadcrumb\"},\"inLanguage\":\"fr-FR\",\"potentialAction\":[{\"@type\":\"ReadAction\",\"target\":[\"https:\/\/www.africa-press.net\/togo\/toutes-les-actualites\/faits-divers-il-ecope-de-10-ans-pour-complicite-de-traite-de-personne\"]}]},{\"@type\":\"ImageObject\",\"inLanguage\":\"fr-FR\",\"@id\":\"https:\/\/www.africa-press.net\/togo\/toutes-les-actualites\/faits-divers-il-ecope-de-10-ans-pour-complicite-de-traite-de-personne#primaryimage\",\"url\":\"https:\/\/static.africa-press.net\/togo\/sites\/58\/2023\/02\/postQueueImg_1676911247.29.jpg\",\"contentUrl\":\"https:\/\/static.africa-press.net\/togo\/sites\/58\/2023\/02\/postQueueImg_1676911247.29.jpg\",\"width\":1200,\"height\":800,\"caption\":\"Faits divers \u2013 Il \u00e9cope de 10 ans pour complicit\u00e9 de traite de personne\"},{\"@type\":\"BreadcrumbList\",\"@id\":\"https:\/\/www.africa-press.net\/togo\/toutes-les-actualites\/faits-divers-il-ecope-de-10-ans-pour-complicite-de-traite-de-personne#breadcrumb\",\"itemListElement\":[{\"@type\":\"ListItem\",\"position\":1,\"name\":\"Accueil\",\"item\":\"https:\/\/www.africa-press.net\/togo\/\"},{\"@type\":\"ListItem\",\"position\":2,\"name\":\"Faits divers \u2013 Il \u00e9cope de 10 ans pour complicit\u00e9 de traite de personne\"}]},{\"@type\":\"WebSite\",\"@id\":\"https:\/\/www.africa-press.net\/togo\/#website\",\"url\":\"https:\/\/www.africa-press.net\/togo\/\",\"name\":\"Togo\",\"description\":\"Just another Africa News Agency Sites site\",\"potentialAction\":[{\"@type\":\"SearchAction\",\"target\":{\"@type\":\"EntryPoint\",\"urlTemplate\":\"https:\/\/www.africa-press.net\/togo\/?s={search_term_string}\"},\"query-input\":{\"@type\":\"PropertyValueSpecification\",\"valueRequired\":true,\"valueName\":\"search_term_string\"}}],\"inLanguage\":\"fr-FR\"},{\"@type\":\"Person\",\"@id\":\"https:\/\/www.africa-press.net\/togo\/#\/schema\/person\/2b1cf3cd81a31e3cd26889ca66d677f1\",\"name\":\"cfeditorfr\"}]}<\/script>\n<!-- \/ Yoast SEO Premium plugin. -->","yoast_head_json":{"title":"Faits divers \u2013 Il \u00e9cope de 10 ans pour complicit\u00e9 de traite de personne - Togo","description":"Les premie\u0300res assises de la Cour d\u2019appel de Kara de\u0301bute\u0301es quelques jours de\u0301ja\u0300, voient passer a\u0300 ses audiences pl ...","robots":{"index":"index","follow":"follow","max-snippet":"max-snippet:-1","max-image-preview":"max-image-preview:large","max-video-preview":"max-video-preview:-1"},"canonical":"https:\/\/www.africa-press.net\/togo\/toutes-les-actualites\/faits-divers-il-ecope-de-10-ans-pour-complicite-de-traite-de-personne","og_locale":"fr_FR","og_type":"article","og_title":"Faits divers \u2013 Il \u00e9cope de 10 ans pour complicit\u00e9 de traite de personne","og_description":"Les premie\u0300res assises de la Cour d\u2019appel de Kara de\u0301bute\u0301es quelques jours de\u0301ja\u0300, voient passer a\u0300 ses audiences pl ...","og_url":"https:\/\/www.africa-press.net\/togo\/toutes-les-actualites\/faits-divers-il-ecope-de-10-ans-pour-complicite-de-traite-de-personne","og_site_name":"Togo","article_published_time":"2023-02-20T20:10:42+00:00","article_modified_time":"2023-02-20T20:49:55+00:00","og_image":[{"width":1200,"height":800,"url":"https:\/\/static.africa-press.net\/togo\/sites\/58\/2023\/02\/postQueueImg_1676911247.29.jpg","type":"image\/jpeg"}],"author":"cfeditorfr","twitter_card":"summary_large_image","twitter_misc":{"\u00c9crit par":"cfeditorfr","Dur\u00e9e de lecture estim\u00e9e":"2 minutes"},"schema":{"@context":"https:\/\/schema.org","@graph":[{"@type":"Article","@id":"https:\/\/www.africa-press.net\/togo\/toutes-les-actualites\/faits-divers-il-ecope-de-10-ans-pour-complicite-de-traite-de-personne#article","isPartOf":{"@id":"https:\/\/www.africa-press.net\/togo\/toutes-les-actualites\/faits-divers-il-ecope-de-10-ans-pour-complicite-de-traite-de-personne"},"author":{"name":"cfeditorfr","@id":"https:\/\/www.africa-press.net\/togo\/#\/schema\/person\/2b1cf3cd81a31e3cd26889ca66d677f1"},"headline":"Faits divers \u2013 Il \u00e9cope de 10 ans pour complicit\u00e9 de traite de personne","datePublished":"2023-02-20T20:10:42+00:00","dateModified":"2023-02-20T20:49:55+00:00","mainEntityOfPage":{"@id":"https:\/\/www.africa-press.net\/togo\/toutes-les-actualites\/faits-divers-il-ecope-de-10-ans-pour-complicite-de-traite-de-personne"},"wordCount":419,"commentCount":0,"image":{"@id":"https:\/\/www.africa-press.net\/togo\/toutes-les-actualites\/faits-divers-il-ecope-de-10-ans-pour-complicite-de-traite-de-personne#primaryimage"},"thumbnailUrl":"https:\/\/static.africa-press.net\/togo\/sites\/58\/2023\/02\/postQueueImg_1676911247.29.jpg","keywords":["Africa Press","Africa Press-Togo","Togo"],"articleSection":["Communaut\u00e9","Toutes les actualit\u00e9s"],"inLanguage":"fr-FR","potentialAction":[{"@type":"CommentAction","name":"Comment","target":["https:\/\/www.africa-press.net\/togo\/toutes-les-actualites\/faits-divers-il-ecope-de-10-ans-pour-complicite-de-traite-de-personne#respond"]}]},{"@type":"WebPage","@id":"https:\/\/www.africa-press.net\/togo\/toutes-les-actualites\/faits-divers-il-ecope-de-10-ans-pour-complicite-de-traite-de-personne","url":"https:\/\/www.africa-press.net\/togo\/toutes-les-actualites\/faits-divers-il-ecope-de-10-ans-pour-complicite-de-traite-de-personne","name":"Faits divers \u2013 Il \u00e9cope de 10 ans pour complicit\u00e9 de traite de personne - Togo","isPartOf":{"@id":"https:\/\/www.africa-press.net\/togo\/#website"},"primaryImageOfPage":{"@id":"https:\/\/www.africa-press.net\/togo\/toutes-les-actualites\/faits-divers-il-ecope-de-10-ans-pour-complicite-de-traite-de-personne#primaryimage"},"image":{"@id":"https:\/\/www.africa-press.net\/togo\/toutes-les-actualites\/faits-divers-il-ecope-de-10-ans-pour-complicite-de-traite-de-personne#primaryimage"},"thumbnailUrl":"https:\/\/static.africa-press.net\/togo\/sites\/58\/2023\/02\/postQueueImg_1676911247.29.jpg","datePublished":"2023-02-20T20:10:42+00:00","dateModified":"2023-02-20T20:49:55+00:00","author":{"@id":"https:\/\/www.africa-press.net\/togo\/#\/schema\/person\/2b1cf3cd81a31e3cd26889ca66d677f1"},"description":"Les premie\u0300res assises de la Cour d\u2019appel de Kara de\u0301bute\u0301es quelques jours de\u0301ja\u0300, voient passer a\u0300 ses audiences pl ...","breadcrumb":{"@id":"https:\/\/www.africa-press.net\/togo\/toutes-les-actualites\/faits-divers-il-ecope-de-10-ans-pour-complicite-de-traite-de-personne#breadcrumb"},"inLanguage":"fr-FR","potentialAction":[{"@type":"ReadAction","target":["https:\/\/www.africa-press.net\/togo\/toutes-les-actualites\/faits-divers-il-ecope-de-10-ans-pour-complicite-de-traite-de-personne"]}]},{"@type":"ImageObject","inLanguage":"fr-FR","@id":"https:\/\/www.africa-press.net\/togo\/toutes-les-actualites\/faits-divers-il-ecope-de-10-ans-pour-complicite-de-traite-de-personne#primaryimage","url":"https:\/\/static.africa-press.net\/togo\/sites\/58\/2023\/02\/postQueueImg_1676911247.29.jpg","contentUrl":"https:\/\/static.africa-press.net\/togo\/sites\/58\/2023\/02\/postQueueImg_1676911247.29.jpg","width":1200,"height":800,"caption":"Faits divers \u2013 Il \u00e9cope de 10 ans pour complicit\u00e9 de traite de personne"},{"@type":"BreadcrumbList","@id":"https:\/\/www.africa-press.net\/togo\/toutes-les-actualites\/faits-divers-il-ecope-de-10-ans-pour-complicite-de-traite-de-personne#breadcrumb","itemListElement":[{"@type":"ListItem","position":1,"name":"Accueil","item":"https:\/\/www.africa-press.net\/togo\/"},{"@type":"ListItem","position":2,"name":"Faits divers \u2013 Il \u00e9cope de 10 ans pour complicit\u00e9 de traite de personne"}]},{"@type":"WebSite","@id":"https:\/\/www.africa-press.net\/togo\/#website","url":"https:\/\/www.africa-press.net\/togo\/","name":"Togo","description":"Just another Africa News Agency Sites site","potentialAction":[{"@type":"SearchAction","target":{"@type":"EntryPoint","urlTemplate":"https:\/\/www.africa-press.net\/togo\/?s={search_term_string}"},"query-input":{"@type":"PropertyValueSpecification","valueRequired":true,"valueName":"search_term_string"}}],"inLanguage":"fr-FR"},{"@type":"Person","@id":"https:\/\/www.africa-press.net\/togo\/#\/schema\/person\/2b1cf3cd81a31e3cd26889ca66d677f1","name":"cfeditorfr"}]}},"_links":{"self":[{"href":"https:\/\/www.africa-press.net\/togo\/wp-json\/wp\/v2\/posts\/17480","targetHints":{"allow":["GET"]}}],"collection":[{"href":"https:\/\/www.africa-press.net\/togo\/wp-json\/wp\/v2\/posts"}],"about":[{"href":"https:\/\/www.africa-press.net\/togo\/wp-json\/wp\/v2\/types\/post"}],"author":[{"embeddable":true,"href":"https:\/\/www.africa-press.net\/togo\/wp-json\/wp\/v2\/users\/82"}],"replies":[{"embeddable":true,"href":"https:\/\/www.africa-press.net\/togo\/wp-json\/wp\/v2\/comments?post=17480"}],"version-history":[{"count":0,"href":"https:\/\/www.africa-press.net\/togo\/wp-json\/wp\/v2\/posts\/17480\/revisions"}],"wp:featuredmedia":[{"embeddable":true,"href":"https:\/\/www.africa-press.net\/togo\/wp-json\/wp\/v2\/media\/17479"}],"wp:attachment":[{"href":"https:\/\/www.africa-press.net\/togo\/wp-json\/wp\/v2\/media?parent=17480"}],"wp:term":[{"taxonomy":"category","embeddable":true,"href":"https:\/\/www.africa-press.net\/togo\/wp-json\/wp\/v2\/categories?post=17480"},{"taxonomy":"post_tag","embeddable":true,"href":"https:\/\/www.africa-press.net\/togo\/wp-json\/wp\/v2\/tags?post=17480"}],"curies":[{"name":"wp","href":"https:\/\/api.w.org\/{rel}","templated":true}]}}