{"id":17494,"date":"2023-02-20T20:12:01","date_gmt":"2023-02-20T20:12:01","guid":{"rendered":"https:\/\/www.africa-press.net\/togo\/politique\/togo-sokode-accueille-le-fopat-du-23-au-25-fevrier-prochains"},"modified":"2023-02-20T20:51:54","modified_gmt":"2023-02-20T20:51:54","slug":"togo-sokode-accueille-le-fopat-du-23-au-25-fevrier-prochains","status":"publish","type":"post","link":"https:\/\/www.africa-press.net\/togo\/politique\/togo-sokode-accueille-le-fopat-du-23-au-25-fevrier-prochains","title":{"rendered":"Togo : Sokod\u00e9 accueille le FOPAT du 23 au 25 f\u00e9vrier prochains"},"content":{"rendered":"<p><span style=\"color: #ff6600\"><strong>Africa-Press &#8211; Togo. <\/strong><\/span>Apre\u0300s la re\u0301gion des Savanes, de la Maritime et des Plateaux, c\u2019est au tour de la re\u0301gion Centrale d\u2019accueillir le Forum des Producteurs Agricoles Togolais (FoPAT).<\/p>\n<p>Ce forum va se de\u0301rouler du 23 au 25 fe\u0301vrier 2023 a\u0300 Sokode\u0301. Lors de ce 4e FOPAT, les discussions porteront sur l\u2019agriculture togolaise et les strate\u0301gies pour promouvoir le secteur.<\/p>\n<p>Il sera e\u0301galement question de pre\u0301senter le bilan de la campagne agricole 2022-2023, de partager et d\u2019e\u0301changer sur les mesures devant permettre la re\u0301ussite de la campagne agricole 2023-2024.<\/p>\n<p>Place\u0301 sous le the\u0300me : \u201d Transformation structurelle de l\u2019agriculture togolaise : de\u0301fis et perspectives \u201d, le FOPAT est initie\u0301 par le chef de l\u2019Etat, Faure Gnassingbe\u0301.<\/p>\n<p>Ce forum compte redynamiser l\u2019agriculture et renforcer les actions d\u2019intervention de tous les acteurs pour une transformation durable du secteur au Togo.<\/p>\n<p><strong>Pour plus d&rsquo;informations et d&rsquo;analyses sur la <a href=\"https:\/\/www.africa-press.net\/togo\">Togo<\/a>, suivez <a href=\"https:\/\/www.africa-press.net\/\">Africa-Press<\/a><\/strong><\/p>\n","protected":false},"excerpt":{"rendered":"<p>Africa-Press &#8211; Togo. Apre\u0300s la re\u0301gion des Savanes, de la Maritime et des Plateaux, c\u2019est au tour de la re\u0301gion Centrale d\u2019accueillir le Forum des Producteurs Agricoles Togolais (FoPAT). Ce forum va se de\u0301rouler du 23 au 25 fe\u0301vrier 2023 a\u0300 Sokode\u0301. Lors de ce 4e FOPAT, les discussions porteront sur l\u2019agriculture togolaise et les [&hellip;]<\/p>\n","protected":false},"author":82,"featured_media":17493,"comment_status":"open","ping_status":"closed","sticky":false,"template":"","format":"standard","meta":{"footnotes":""},"categories":[2,10],"tags":[36,49,50],"class_list":["post-17494","post","type-post","status-publish","format-standard","has-post-thumbnail","hentry","category-politique","category-toutes-les-actualites","tag-africa-press","tag-africa-press-togo","tag-togo"],"yoast_head":"<!-- This site is optimized with the Yoast SEO Premium plugin v26.1 (Yoast SEO v27.0) - https:\/\/yoast.com\/product\/yoast-seo-premium-wordpress\/ -->\n<title>Togo : Sokod\u00e9 accueille le FOPAT du 23 au 25 f\u00e9vrier prochains - Togo<\/title>\n<meta name=\"description\" content=\"Apre\u0300s la re\u0301gion des Savanes, de la Maritime et des Plateaux, c\u2019est au tour de la re\u0301gion Centrale d\u2019accueillir le Foru ...\" \/>\n<meta name=\"robots\" content=\"index, follow, max-snippet:-1, max-image-preview:large, max-video-preview:-1\" \/>\n<link rel=\"canonical\" href=\"https:\/\/www.africa-press.net\/togo\/politique\/togo-sokode-accueille-le-fopat-du-23-au-25-fevrier-prochains\" \/>\n<meta property=\"og:locale\" content=\"fr_FR\" \/>\n<meta property=\"og:type\" content=\"article\" \/>\n<meta property=\"og:title\" content=\"Togo : Sokod\u00e9 accueille le FOPAT du 23 au 25 f\u00e9vrier prochains\" \/>\n<meta property=\"og:description\" content=\"Apre\u0300s la re\u0301gion des Savanes, de la Maritime et des Plateaux, c\u2019est au tour de la re\u0301gion Centrale d\u2019accueillir le Foru ...\" \/>\n<meta property=\"og:url\" content=\"https:\/\/www.africa-press.net\/togo\/politique\/togo-sokode-accueille-le-fopat-du-23-au-25-fevrier-prochains\" \/>\n<meta property=\"og:site_name\" content=\"Togo\" \/>\n<meta property=\"article:published_time\" content=\"2023-02-20T20:12:01+00:00\" \/>\n<meta property=\"article:modified_time\" content=\"2023-02-20T20:51:54+00:00\" \/>\n<meta property=\"og:image\" content=\"https:\/\/static.africa-press.net\/togo\/sites\/58\/2023\/02\/postQueueImg_1676911323.58.jpg\" \/>\n\t<meta property=\"og:image:width\" content=\"720\" \/>\n\t<meta property=\"og:image:height\" content=\"574\" \/>\n\t<meta property=\"og:image:type\" content=\"image\/jpeg\" \/>\n<meta name=\"author\" content=\"cfeditorfr\" \/>\n<meta name=\"twitter:card\" content=\"summary_large_image\" \/>\n<meta name=\"twitter:label1\" content=\"\u00c9crit par\" \/>\n\t<meta name=\"twitter:data1\" content=\"cfeditorfr\" \/>\n\t<meta name=\"twitter:label2\" content=\"Dur\u00e9e de lecture estim\u00e9e\" \/>\n\t<meta name=\"twitter:data2\" content=\"1 minute\" \/>\n<script type=\"application\/ld+json\" class=\"yoast-schema-graph\">{\"@context\":\"https:\/\/schema.org\",\"@graph\":[{\"@type\":\"Article\",\"@id\":\"https:\/\/www.africa-press.net\/togo\/politique\/togo-sokode-accueille-le-fopat-du-23-au-25-fevrier-prochains#article\",\"isPartOf\":{\"@id\":\"https:\/\/www.africa-press.net\/togo\/politique\/togo-sokode-accueille-le-fopat-du-23-au-25-fevrier-prochains\"},\"author\":{\"name\":\"cfeditorfr\",\"@id\":\"https:\/\/www.africa-press.net\/togo\/#\/schema\/person\/2b1cf3cd81a31e3cd26889ca66d677f1\"},\"headline\":\"Togo : Sokod\u00e9 accueille le FOPAT du 23 au 25 f\u00e9vrier prochains\",\"datePublished\":\"2023-02-20T20:12:01+00:00\",\"dateModified\":\"2023-02-20T20:51:54+00:00\",\"mainEntityOfPage\":{\"@id\":\"https:\/\/www.africa-press.net\/togo\/politique\/togo-sokode-accueille-le-fopat-du-23-au-25-fevrier-prochains\"},\"wordCount\":173,\"commentCount\":0,\"image\":{\"@id\":\"https:\/\/www.africa-press.net\/togo\/politique\/togo-sokode-accueille-le-fopat-du-23-au-25-fevrier-prochains#primaryimage\"},\"thumbnailUrl\":\"https:\/\/static.africa-press.net\/togo\/sites\/58\/2023\/02\/postQueueImg_1676911323.58.jpg\",\"keywords\":[\"Africa Press\",\"Africa Press-Togo\",\"Togo\"],\"articleSection\":[\"Politique\",\"Toutes les actualit\u00e9s\"],\"inLanguage\":\"fr-FR\",\"potentialAction\":[{\"@type\":\"CommentAction\",\"name\":\"Comment\",\"target\":[\"https:\/\/www.africa-press.net\/togo\/politique\/togo-sokode-accueille-le-fopat-du-23-au-25-fevrier-prochains#respond\"]}]},{\"@type\":\"WebPage\",\"@id\":\"https:\/\/www.africa-press.net\/togo\/politique\/togo-sokode-accueille-le-fopat-du-23-au-25-fevrier-prochains\",\"url\":\"https:\/\/www.africa-press.net\/togo\/politique\/togo-sokode-accueille-le-fopat-du-23-au-25-fevrier-prochains\",\"name\":\"Togo : Sokod\u00e9 accueille le FOPAT du 23 au 25 f\u00e9vrier prochains - Togo\",\"isPartOf\":{\"@id\":\"https:\/\/www.africa-press.net\/togo\/#website\"},\"primaryImageOfPage\":{\"@id\":\"https:\/\/www.africa-press.net\/togo\/politique\/togo-sokode-accueille-le-fopat-du-23-au-25-fevrier-prochains#primaryimage\"},\"image\":{\"@id\":\"https:\/\/www.africa-press.net\/togo\/politique\/togo-sokode-accueille-le-fopat-du-23-au-25-fevrier-prochains#primaryimage\"},\"thumbnailUrl\":\"https:\/\/static.africa-press.net\/togo\/sites\/58\/2023\/02\/postQueueImg_1676911323.58.jpg\",\"datePublished\":\"2023-02-20T20:12:01+00:00\",\"dateModified\":\"2023-02-20T20:51:54+00:00\",\"author\":{\"@id\":\"https:\/\/www.africa-press.net\/togo\/#\/schema\/person\/2b1cf3cd81a31e3cd26889ca66d677f1\"},\"description\":\"Apre\u0300s la re\u0301gion des Savanes, de la Maritime et des Plateaux, c\u2019est au tour de la re\u0301gion Centrale d\u2019accueillir le Foru ...\",\"breadcrumb\":{\"@id\":\"https:\/\/www.africa-press.net\/togo\/politique\/togo-sokode-accueille-le-fopat-du-23-au-25-fevrier-prochains#breadcrumb\"},\"inLanguage\":\"fr-FR\",\"potentialAction\":[{\"@type\":\"ReadAction\",\"target\":[\"https:\/\/www.africa-press.net\/togo\/politique\/togo-sokode-accueille-le-fopat-du-23-au-25-fevrier-prochains\"]}]},{\"@type\":\"ImageObject\",\"inLanguage\":\"fr-FR\",\"@id\":\"https:\/\/www.africa-press.net\/togo\/politique\/togo-sokode-accueille-le-fopat-du-23-au-25-fevrier-prochains#primaryimage\",\"url\":\"https:\/\/static.africa-press.net\/togo\/sites\/58\/2023\/02\/postQueueImg_1676911323.58.jpg\",\"contentUrl\":\"https:\/\/static.africa-press.net\/togo\/sites\/58\/2023\/02\/postQueueImg_1676911323.58.jpg\",\"width\":720,\"height\":574,\"caption\":\"Togo : Sokod\u00e9 accueille le FOPAT du 23 au 25 f\u00e9vrier prochains\"},{\"@type\":\"BreadcrumbList\",\"@id\":\"https:\/\/www.africa-press.net\/togo\/politique\/togo-sokode-accueille-le-fopat-du-23-au-25-fevrier-prochains#breadcrumb\",\"itemListElement\":[{\"@type\":\"ListItem\",\"position\":1,\"name\":\"Accueil\",\"item\":\"https:\/\/www.africa-press.net\/togo\/\"},{\"@type\":\"ListItem\",\"position\":2,\"name\":\"Togo : Sokod\u00e9 accueille le FOPAT du 23 au 25 f\u00e9vrier prochains\"}]},{\"@type\":\"WebSite\",\"@id\":\"https:\/\/www.africa-press.net\/togo\/#website\",\"url\":\"https:\/\/www.africa-press.net\/togo\/\",\"name\":\"Togo\",\"description\":\"Just another Africa News Agency Sites site\",\"potentialAction\":[{\"@type\":\"SearchAction\",\"target\":{\"@type\":\"EntryPoint\",\"urlTemplate\":\"https:\/\/www.africa-press.net\/togo\/?s={search_term_string}\"},\"query-input\":{\"@type\":\"PropertyValueSpecification\",\"valueRequired\":true,\"valueName\":\"search_term_string\"}}],\"inLanguage\":\"fr-FR\"},{\"@type\":\"Person\",\"@id\":\"https:\/\/www.africa-press.net\/togo\/#\/schema\/person\/2b1cf3cd81a31e3cd26889ca66d677f1\",\"name\":\"cfeditorfr\"}]}<\/script>\n<!-- \/ Yoast SEO Premium plugin. -->","yoast_head_json":{"title":"Togo : Sokod\u00e9 accueille le FOPAT du 23 au 25 f\u00e9vrier prochains - Togo","description":"Apre\u0300s la re\u0301gion des Savanes, de la Maritime et des Plateaux, c\u2019est au tour de la re\u0301gion Centrale d\u2019accueillir le Foru ...","robots":{"index":"index","follow":"follow","max-snippet":"max-snippet:-1","max-image-preview":"max-image-preview:large","max-video-preview":"max-video-preview:-1"},"canonical":"https:\/\/www.africa-press.net\/togo\/politique\/togo-sokode-accueille-le-fopat-du-23-au-25-fevrier-prochains","og_locale":"fr_FR","og_type":"article","og_title":"Togo : Sokod\u00e9 accueille le FOPAT du 23 au 25 f\u00e9vrier prochains","og_description":"Apre\u0300s la re\u0301gion des Savanes, de la Maritime et des Plateaux, c\u2019est au tour de la re\u0301gion Centrale d\u2019accueillir le Foru ...","og_url":"https:\/\/www.africa-press.net\/togo\/politique\/togo-sokode-accueille-le-fopat-du-23-au-25-fevrier-prochains","og_site_name":"Togo","article_published_time":"2023-02-20T20:12:01+00:00","article_modified_time":"2023-02-20T20:51:54+00:00","og_image":[{"width":720,"height":574,"url":"https:\/\/static.africa-press.net\/togo\/sites\/58\/2023\/02\/postQueueImg_1676911323.58.jpg","type":"image\/jpeg"}],"author":"cfeditorfr","twitter_card":"summary_large_image","twitter_misc":{"\u00c9crit par":"cfeditorfr","Dur\u00e9e de lecture estim\u00e9e":"1 minute"},"schema":{"@context":"https:\/\/schema.org","@graph":[{"@type":"Article","@id":"https:\/\/www.africa-press.net\/togo\/politique\/togo-sokode-accueille-le-fopat-du-23-au-25-fevrier-prochains#article","isPartOf":{"@id":"https:\/\/www.africa-press.net\/togo\/politique\/togo-sokode-accueille-le-fopat-du-23-au-25-fevrier-prochains"},"author":{"name":"cfeditorfr","@id":"https:\/\/www.africa-press.net\/togo\/#\/schema\/person\/2b1cf3cd81a31e3cd26889ca66d677f1"},"headline":"Togo : Sokod\u00e9 accueille le FOPAT du 23 au 25 f\u00e9vrier prochains","datePublished":"2023-02-20T20:12:01+00:00","dateModified":"2023-02-20T20:51:54+00:00","mainEntityOfPage":{"@id":"https:\/\/www.africa-press.net\/togo\/politique\/togo-sokode-accueille-le-fopat-du-23-au-25-fevrier-prochains"},"wordCount":173,"commentCount":0,"image":{"@id":"https:\/\/www.africa-press.net\/togo\/politique\/togo-sokode-accueille-le-fopat-du-23-au-25-fevrier-prochains#primaryimage"},"thumbnailUrl":"https:\/\/static.africa-press.net\/togo\/sites\/58\/2023\/02\/postQueueImg_1676911323.58.jpg","keywords":["Africa Press","Africa Press-Togo","Togo"],"articleSection":["Politique","Toutes les actualit\u00e9s"],"inLanguage":"fr-FR","potentialAction":[{"@type":"CommentAction","name":"Comment","target":["https:\/\/www.africa-press.net\/togo\/politique\/togo-sokode-accueille-le-fopat-du-23-au-25-fevrier-prochains#respond"]}]},{"@type":"WebPage","@id":"https:\/\/www.africa-press.net\/togo\/politique\/togo-sokode-accueille-le-fopat-du-23-au-25-fevrier-prochains","url":"https:\/\/www.africa-press.net\/togo\/politique\/togo-sokode-accueille-le-fopat-du-23-au-25-fevrier-prochains","name":"Togo : Sokod\u00e9 accueille le FOPAT du 23 au 25 f\u00e9vrier prochains - Togo","isPartOf":{"@id":"https:\/\/www.africa-press.net\/togo\/#website"},"primaryImageOfPage":{"@id":"https:\/\/www.africa-press.net\/togo\/politique\/togo-sokode-accueille-le-fopat-du-23-au-25-fevrier-prochains#primaryimage"},"image":{"@id":"https:\/\/www.africa-press.net\/togo\/politique\/togo-sokode-accueille-le-fopat-du-23-au-25-fevrier-prochains#primaryimage"},"thumbnailUrl":"https:\/\/static.africa-press.net\/togo\/sites\/58\/2023\/02\/postQueueImg_1676911323.58.jpg","datePublished":"2023-02-20T20:12:01+00:00","dateModified":"2023-02-20T20:51:54+00:00","author":{"@id":"https:\/\/www.africa-press.net\/togo\/#\/schema\/person\/2b1cf3cd81a31e3cd26889ca66d677f1"},"description":"Apre\u0300s la re\u0301gion des Savanes, de la Maritime et des Plateaux, c\u2019est au tour de la re\u0301gion Centrale d\u2019accueillir le Foru ...","breadcrumb":{"@id":"https:\/\/www.africa-press.net\/togo\/politique\/togo-sokode-accueille-le-fopat-du-23-au-25-fevrier-prochains#breadcrumb"},"inLanguage":"fr-FR","potentialAction":[{"@type":"ReadAction","target":["https:\/\/www.africa-press.net\/togo\/politique\/togo-sokode-accueille-le-fopat-du-23-au-25-fevrier-prochains"]}]},{"@type":"ImageObject","inLanguage":"fr-FR","@id":"https:\/\/www.africa-press.net\/togo\/politique\/togo-sokode-accueille-le-fopat-du-23-au-25-fevrier-prochains#primaryimage","url":"https:\/\/static.africa-press.net\/togo\/sites\/58\/2023\/02\/postQueueImg_1676911323.58.jpg","contentUrl":"https:\/\/static.africa-press.net\/togo\/sites\/58\/2023\/02\/postQueueImg_1676911323.58.jpg","width":720,"height":574,"caption":"Togo : Sokod\u00e9 accueille le FOPAT du 23 au 25 f\u00e9vrier prochains"},{"@type":"BreadcrumbList","@id":"https:\/\/www.africa-press.net\/togo\/politique\/togo-sokode-accueille-le-fopat-du-23-au-25-fevrier-prochains#breadcrumb","itemListElement":[{"@type":"ListItem","position":1,"name":"Accueil","item":"https:\/\/www.africa-press.net\/togo\/"},{"@type":"ListItem","position":2,"name":"Togo : Sokod\u00e9 accueille le FOPAT du 23 au 25 f\u00e9vrier prochains"}]},{"@type":"WebSite","@id":"https:\/\/www.africa-press.net\/togo\/#website","url":"https:\/\/www.africa-press.net\/togo\/","name":"Togo","description":"Just another Africa News Agency Sites site","potentialAction":[{"@type":"SearchAction","target":{"@type":"EntryPoint","urlTemplate":"https:\/\/www.africa-press.net\/togo\/?s={search_term_string}"},"query-input":{"@type":"PropertyValueSpecification","valueRequired":true,"valueName":"search_term_string"}}],"inLanguage":"fr-FR"},{"@type":"Person","@id":"https:\/\/www.africa-press.net\/togo\/#\/schema\/person\/2b1cf3cd81a31e3cd26889ca66d677f1","name":"cfeditorfr"}]}},"_links":{"self":[{"href":"https:\/\/www.africa-press.net\/togo\/wp-json\/wp\/v2\/posts\/17494","targetHints":{"allow":["GET"]}}],"collection":[{"href":"https:\/\/www.africa-press.net\/togo\/wp-json\/wp\/v2\/posts"}],"about":[{"href":"https:\/\/www.africa-press.net\/togo\/wp-json\/wp\/v2\/types\/post"}],"author":[{"embeddable":true,"href":"https:\/\/www.africa-press.net\/togo\/wp-json\/wp\/v2\/users\/82"}],"replies":[{"embeddable":true,"href":"https:\/\/www.africa-press.net\/togo\/wp-json\/wp\/v2\/comments?post=17494"}],"version-history":[{"count":0,"href":"https:\/\/www.africa-press.net\/togo\/wp-json\/wp\/v2\/posts\/17494\/revisions"}],"wp:featuredmedia":[{"embeddable":true,"href":"https:\/\/www.africa-press.net\/togo\/wp-json\/wp\/v2\/media\/17493"}],"wp:attachment":[{"href":"https:\/\/www.africa-press.net\/togo\/wp-json\/wp\/v2\/media?parent=17494"}],"wp:term":[{"taxonomy":"category","embeddable":true,"href":"https:\/\/www.africa-press.net\/togo\/wp-json\/wp\/v2\/categories?post=17494"},{"taxonomy":"post_tag","embeddable":true,"href":"https:\/\/www.africa-press.net\/togo\/wp-json\/wp\/v2\/tags?post=17494"}],"curies":[{"name":"wp","href":"https:\/\/api.w.org\/{rel}","templated":true}]}}