{"id":17507,"date":"2023-02-21T12:47:29","date_gmt":"2023-02-21T12:47:29","guid":{"rendered":"https:\/\/www.africa-press.net\/togo\/politique\/afrique-ou-sera-deployee-la-prochaine-force-anti-terroriste-de-la-cedeao"},"modified":"2023-02-21T12:55:16","modified_gmt":"2023-02-21T12:55:16","slug":"afrique-ou-sera-deployee-la-prochaine-force-anti-terroriste-de-la-cedeao","status":"publish","type":"post","link":"https:\/\/www.africa-press.net\/togo\/toutes-les-actualites\/afrique-ou-sera-deployee-la-prochaine-force-anti-terroriste-de-la-cedeao","title":{"rendered":"Afrique\u2013O\u00f9 sera d\u00e9ploy\u00e9e la prochaine force anti terroriste de la CEDEAO ?"},"content":{"rendered":"<p><span style=\"color: #ff6600\"><strong>Africa-Press &#8211; Togo. <\/strong><\/span><b>L\u2019ide\u0301e d\u2019une force re\u0301gionale de lutte contre le terrorisme et de restauration de l\u2019ordre constitutionnel, e\u0301mise par le Comite\u0301 des Chefs d\u2019e\u0301tat-major de la de\u0301fense et des chefs de service de renseignement des E\u0301tats membres de la CEDEAO le 19 De\u0301cembre 2022, a e\u0301te\u0301 examine\u0301e par les Chefs d\u2019Etats de l\u2019organisation communautaire ce 18 Fe\u0301vrier 2023 a\u0300 Addis-Abeba. Sur le sujet, une question demeure en suspens : quelles seront les lieux de de\u0301ploiement de cette force si la me\u0302me CEDEAO exclut de ses instances les Etats en proie au terrorisme dans son espace ?<\/b><\/p>\n<p>Le phe\u0301nome\u0300ne du terrorisme gagne de plus en plus du terrain dans l\u2019espace CEDEAO. Les Etats les plus touche\u0301s sont surtout le Mali, le Niger, le Burkina Faso et une partie du Togo et du Be\u0301nin. Face aux e\u0301checs des interventions militaires internationales, il urge de re\u0301fle\u0301chir a\u0300 des solutions endoge\u0300nes comme une force re\u0301gionale de la CEDEAO pour combattre efficacement les groupuscules djihadistes.<\/p>\n<p>Le projet initie\u0301 par les responsables des services de se\u0301curite\u0301 des Etats membres de la CEDEAO, est ente\u0301rine\u0301 visiblement par les Chefs d\u2019Etats qui instruisent \u00ab <b>le Pre\u0301sident de la Commission de mener les concertations sur les perspectives, avec tous les E\u0301tats membres, en particulier ceux qui sont gravement touche\u0301s par la situation<\/b> \u00bb.<\/p>\n<p>L\u2019exercice impose\u0301 au Pre\u0301sident de la Commission de la CEDEAO n\u2019est pas une ta\u0302che aise\u0301e. Les Etats membres \u00ab gravement touche\u0301s par la situation \u00bb, notamment le Mali et le Burkina Faso, sont pour le moment suspendus des instances de l\u2019institution communautaire. Cette suspension risque de mettre des ba\u0302tons dans les roues de la mission confie\u0301e au Pre\u0301sident de la Commission.<\/p>\n<p>Par ailleurs, au cas ou\u0300 la concertation aboutit a\u0300 la mise en place d\u2019une force communautaire de lutte contre le terrorisme, est-il possible de de\u0301ployer ladite force sur le sol malien ou burkinabe\u0300 alors me\u0302me que ces Etats n\u2019ont plus de \u00ab bons rapports \u00bb avec la CEDEAO ?<\/p>\n<p>La CEDEAO n\u2019en a visiblement pas fini avec des de\u0301cisions encheve\u0302tre\u0301es qui tiennent rarement compte des re\u0301alite\u0301s subies par les populations.<\/p>\n<p><strong>Pour plus d&rsquo;informations et d&rsquo;analyses sur la <a href=\"https:\/\/www.africa-press.net\/togo\">Togo<\/a>, suivez <a href=\"https:\/\/www.africa-press.net\/\">Africa-Press<\/a><\/strong><\/p>\n","protected":false},"excerpt":{"rendered":"<p>Africa-Press &#8211; Togo. L\u2019ide\u0301e d\u2019une force re\u0301gionale de lutte contre le terrorisme et de restauration de l\u2019ordre constitutionnel, e\u0301mise par le Comite\u0301 des Chefs d\u2019e\u0301tat-major de la de\u0301fense et des chefs de service de renseignement des E\u0301tats membres de la CEDEAO le 19 De\u0301cembre 2022, a e\u0301te\u0301 examine\u0301e par les Chefs d\u2019Etats de l\u2019organisation communautaire [&hellip;]<\/p>\n","protected":false},"author":82,"featured_media":17505,"comment_status":"open","ping_status":"closed","sticky":false,"template":"","format":"standard","meta":{"footnotes":""},"categories":[21,10],"tags":[36,49,50],"class_list":["post-17507","post","type-post","status-publish","format-standard","has-post-thumbnail","hentry","category-communaute","category-toutes-les-actualites","tag-africa-press","tag-africa-press-togo","tag-togo"],"yoast_head":"<!-- This site is optimized with the Yoast SEO Premium plugin v26.1 (Yoast SEO v27.0) - https:\/\/yoast.com\/product\/yoast-seo-premium-wordpress\/ -->\n<title>Afrique\u2013O\u00f9 sera d\u00e9ploy\u00e9e la prochaine force anti terroriste de la CEDEAO ? - Togo<\/title>\n<meta name=\"description\" content=\"L\u2019ide\u0301e d\u2019une force re\u0301gionale de lutte contre le terrorisme et de restauration de l\u2019ordre constitutionnel, e\u0301mise pa ...\" \/>\n<meta name=\"robots\" content=\"index, follow, max-snippet:-1, max-image-preview:large, max-video-preview:-1\" \/>\n<link rel=\"canonical\" href=\"https:\/\/www.africa-press.net\/togo\/toutes-les-actualites\/afrique-ou-sera-deployee-la-prochaine-force-anti-terroriste-de-la-cedeao\" \/>\n<meta property=\"og:locale\" content=\"fr_FR\" \/>\n<meta property=\"og:type\" content=\"article\" \/>\n<meta property=\"og:title\" content=\"Afrique\u2013O\u00f9 sera d\u00e9ploy\u00e9e la prochaine force anti terroriste de la CEDEAO ?\" \/>\n<meta property=\"og:description\" content=\"L\u2019ide\u0301e d\u2019une force re\u0301gionale de lutte contre le terrorisme et de restauration de l\u2019ordre constitutionnel, e\u0301mise pa ...\" \/>\n<meta property=\"og:url\" content=\"https:\/\/www.africa-press.net\/togo\/toutes-les-actualites\/afrique-ou-sera-deployee-la-prochaine-force-anti-terroriste-de-la-cedeao\" \/>\n<meta property=\"og:site_name\" content=\"Togo\" \/>\n<meta property=\"article:published_time\" content=\"2023-02-21T12:47:29+00:00\" \/>\n<meta property=\"article:modified_time\" content=\"2023-02-21T12:55:16+00:00\" \/>\n<meta property=\"og:image\" content=\"https:\/\/static.africa-press.net\/togo\/sites\/58\/2023\/02\/postQueueImg_1676971056.99.jpg\" \/>\n\t<meta property=\"og:image:width\" content=\"1200\" \/>\n\t<meta property=\"og:image:height\" content=\"800\" \/>\n\t<meta property=\"og:image:type\" content=\"image\/jpeg\" \/>\n<meta name=\"author\" content=\"cfeditorfr\" \/>\n<meta name=\"twitter:card\" content=\"summary_large_image\" \/>\n<meta name=\"twitter:label1\" content=\"\u00c9crit par\" \/>\n\t<meta name=\"twitter:data1\" content=\"cfeditorfr\" \/>\n\t<meta name=\"twitter:label2\" content=\"Dur\u00e9e de lecture estim\u00e9e\" \/>\n\t<meta name=\"twitter:data2\" content=\"2 minutes\" \/>\n<script type=\"application\/ld+json\" class=\"yoast-schema-graph\">{\"@context\":\"https:\/\/schema.org\",\"@graph\":[{\"@type\":\"Article\",\"@id\":\"https:\/\/www.africa-press.net\/togo\/toutes-les-actualites\/afrique-ou-sera-deployee-la-prochaine-force-anti-terroriste-de-la-cedeao#article\",\"isPartOf\":{\"@id\":\"https:\/\/www.africa-press.net\/togo\/toutes-les-actualites\/afrique-ou-sera-deployee-la-prochaine-force-anti-terroriste-de-la-cedeao\"},\"author\":{\"name\":\"cfeditorfr\",\"@id\":\"https:\/\/www.africa-press.net\/togo\/#\/schema\/person\/2b1cf3cd81a31e3cd26889ca66d677f1\"},\"headline\":\"Afrique\u2013O\u00f9 sera d\u00e9ploy\u00e9e la prochaine force anti terroriste de la CEDEAO ?\",\"datePublished\":\"2023-02-21T12:47:29+00:00\",\"dateModified\":\"2023-02-21T12:55:16+00:00\",\"mainEntityOfPage\":{\"@id\":\"https:\/\/www.africa-press.net\/togo\/toutes-les-actualites\/afrique-ou-sera-deployee-la-prochaine-force-anti-terroriste-de-la-cedeao\"},\"wordCount\":413,\"commentCount\":0,\"image\":{\"@id\":\"https:\/\/www.africa-press.net\/togo\/toutes-les-actualites\/afrique-ou-sera-deployee-la-prochaine-force-anti-terroriste-de-la-cedeao#primaryimage\"},\"thumbnailUrl\":\"https:\/\/static.africa-press.net\/togo\/sites\/58\/2023\/02\/postQueueImg_1676971056.99.jpg\",\"keywords\":[\"Africa Press\",\"Africa Press-Togo\",\"Togo\"],\"articleSection\":[\"Communaut\u00e9\",\"Toutes les actualit\u00e9s\"],\"inLanguage\":\"fr-FR\",\"potentialAction\":[{\"@type\":\"CommentAction\",\"name\":\"Comment\",\"target\":[\"https:\/\/www.africa-press.net\/togo\/toutes-les-actualites\/afrique-ou-sera-deployee-la-prochaine-force-anti-terroriste-de-la-cedeao#respond\"]}]},{\"@type\":\"WebPage\",\"@id\":\"https:\/\/www.africa-press.net\/togo\/toutes-les-actualites\/afrique-ou-sera-deployee-la-prochaine-force-anti-terroriste-de-la-cedeao\",\"url\":\"https:\/\/www.africa-press.net\/togo\/toutes-les-actualites\/afrique-ou-sera-deployee-la-prochaine-force-anti-terroriste-de-la-cedeao\",\"name\":\"Afrique\u2013O\u00f9 sera d\u00e9ploy\u00e9e la prochaine force anti terroriste de la CEDEAO ? - Togo\",\"isPartOf\":{\"@id\":\"https:\/\/www.africa-press.net\/togo\/#website\"},\"primaryImageOfPage\":{\"@id\":\"https:\/\/www.africa-press.net\/togo\/toutes-les-actualites\/afrique-ou-sera-deployee-la-prochaine-force-anti-terroriste-de-la-cedeao#primaryimage\"},\"image\":{\"@id\":\"https:\/\/www.africa-press.net\/togo\/toutes-les-actualites\/afrique-ou-sera-deployee-la-prochaine-force-anti-terroriste-de-la-cedeao#primaryimage\"},\"thumbnailUrl\":\"https:\/\/static.africa-press.net\/togo\/sites\/58\/2023\/02\/postQueueImg_1676971056.99.jpg\",\"datePublished\":\"2023-02-21T12:47:29+00:00\",\"dateModified\":\"2023-02-21T12:55:16+00:00\",\"author\":{\"@id\":\"https:\/\/www.africa-press.net\/togo\/#\/schema\/person\/2b1cf3cd81a31e3cd26889ca66d677f1\"},\"description\":\"L\u2019ide\u0301e d\u2019une force re\u0301gionale de lutte contre le terrorisme et de restauration de l\u2019ordre constitutionnel, e\u0301mise pa ...\",\"breadcrumb\":{\"@id\":\"https:\/\/www.africa-press.net\/togo\/toutes-les-actualites\/afrique-ou-sera-deployee-la-prochaine-force-anti-terroriste-de-la-cedeao#breadcrumb\"},\"inLanguage\":\"fr-FR\",\"potentialAction\":[{\"@type\":\"ReadAction\",\"target\":[\"https:\/\/www.africa-press.net\/togo\/toutes-les-actualites\/afrique-ou-sera-deployee-la-prochaine-force-anti-terroriste-de-la-cedeao\"]}]},{\"@type\":\"ImageObject\",\"inLanguage\":\"fr-FR\",\"@id\":\"https:\/\/www.africa-press.net\/togo\/toutes-les-actualites\/afrique-ou-sera-deployee-la-prochaine-force-anti-terroriste-de-la-cedeao#primaryimage\",\"url\":\"https:\/\/static.africa-press.net\/togo\/sites\/58\/2023\/02\/postQueueImg_1676971056.99.jpg\",\"contentUrl\":\"https:\/\/static.africa-press.net\/togo\/sites\/58\/2023\/02\/postQueueImg_1676971056.99.jpg\",\"width\":1200,\"height\":800,\"caption\":\"Afrique\u2013O\u00f9 sera d\u00e9ploy\u00e9e la prochaine force anti terroriste de la CEDEAO ?\"},{\"@type\":\"BreadcrumbList\",\"@id\":\"https:\/\/www.africa-press.net\/togo\/toutes-les-actualites\/afrique-ou-sera-deployee-la-prochaine-force-anti-terroriste-de-la-cedeao#breadcrumb\",\"itemListElement\":[{\"@type\":\"ListItem\",\"position\":1,\"name\":\"Accueil\",\"item\":\"https:\/\/www.africa-press.net\/togo\/\"},{\"@type\":\"ListItem\",\"position\":2,\"name\":\"Afrique\u2013O\u00f9 sera d\u00e9ploy\u00e9e la prochaine force anti terroriste de la CEDEAO ?\"}]},{\"@type\":\"WebSite\",\"@id\":\"https:\/\/www.africa-press.net\/togo\/#website\",\"url\":\"https:\/\/www.africa-press.net\/togo\/\",\"name\":\"Togo\",\"description\":\"Just another Africa News Agency Sites site\",\"potentialAction\":[{\"@type\":\"SearchAction\",\"target\":{\"@type\":\"EntryPoint\",\"urlTemplate\":\"https:\/\/www.africa-press.net\/togo\/?s={search_term_string}\"},\"query-input\":{\"@type\":\"PropertyValueSpecification\",\"valueRequired\":true,\"valueName\":\"search_term_string\"}}],\"inLanguage\":\"fr-FR\"},{\"@type\":\"Person\",\"@id\":\"https:\/\/www.africa-press.net\/togo\/#\/schema\/person\/2b1cf3cd81a31e3cd26889ca66d677f1\",\"name\":\"cfeditorfr\"}]}<\/script>\n<!-- \/ Yoast SEO Premium plugin. -->","yoast_head_json":{"title":"Afrique\u2013O\u00f9 sera d\u00e9ploy\u00e9e la prochaine force anti terroriste de la CEDEAO ? - Togo","description":"L\u2019ide\u0301e d\u2019une force re\u0301gionale de lutte contre le terrorisme et de restauration de l\u2019ordre constitutionnel, e\u0301mise pa ...","robots":{"index":"index","follow":"follow","max-snippet":"max-snippet:-1","max-image-preview":"max-image-preview:large","max-video-preview":"max-video-preview:-1"},"canonical":"https:\/\/www.africa-press.net\/togo\/toutes-les-actualites\/afrique-ou-sera-deployee-la-prochaine-force-anti-terroriste-de-la-cedeao","og_locale":"fr_FR","og_type":"article","og_title":"Afrique\u2013O\u00f9 sera d\u00e9ploy\u00e9e la prochaine force anti terroriste de la CEDEAO ?","og_description":"L\u2019ide\u0301e d\u2019une force re\u0301gionale de lutte contre le terrorisme et de restauration de l\u2019ordre constitutionnel, e\u0301mise pa ...","og_url":"https:\/\/www.africa-press.net\/togo\/toutes-les-actualites\/afrique-ou-sera-deployee-la-prochaine-force-anti-terroriste-de-la-cedeao","og_site_name":"Togo","article_published_time":"2023-02-21T12:47:29+00:00","article_modified_time":"2023-02-21T12:55:16+00:00","og_image":[{"width":1200,"height":800,"url":"https:\/\/static.africa-press.net\/togo\/sites\/58\/2023\/02\/postQueueImg_1676971056.99.jpg","type":"image\/jpeg"}],"author":"cfeditorfr","twitter_card":"summary_large_image","twitter_misc":{"\u00c9crit par":"cfeditorfr","Dur\u00e9e de lecture estim\u00e9e":"2 minutes"},"schema":{"@context":"https:\/\/schema.org","@graph":[{"@type":"Article","@id":"https:\/\/www.africa-press.net\/togo\/toutes-les-actualites\/afrique-ou-sera-deployee-la-prochaine-force-anti-terroriste-de-la-cedeao#article","isPartOf":{"@id":"https:\/\/www.africa-press.net\/togo\/toutes-les-actualites\/afrique-ou-sera-deployee-la-prochaine-force-anti-terroriste-de-la-cedeao"},"author":{"name":"cfeditorfr","@id":"https:\/\/www.africa-press.net\/togo\/#\/schema\/person\/2b1cf3cd81a31e3cd26889ca66d677f1"},"headline":"Afrique\u2013O\u00f9 sera d\u00e9ploy\u00e9e la prochaine force anti terroriste de la CEDEAO ?","datePublished":"2023-02-21T12:47:29+00:00","dateModified":"2023-02-21T12:55:16+00:00","mainEntityOfPage":{"@id":"https:\/\/www.africa-press.net\/togo\/toutes-les-actualites\/afrique-ou-sera-deployee-la-prochaine-force-anti-terroriste-de-la-cedeao"},"wordCount":413,"commentCount":0,"image":{"@id":"https:\/\/www.africa-press.net\/togo\/toutes-les-actualites\/afrique-ou-sera-deployee-la-prochaine-force-anti-terroriste-de-la-cedeao#primaryimage"},"thumbnailUrl":"https:\/\/static.africa-press.net\/togo\/sites\/58\/2023\/02\/postQueueImg_1676971056.99.jpg","keywords":["Africa Press","Africa Press-Togo","Togo"],"articleSection":["Communaut\u00e9","Toutes les actualit\u00e9s"],"inLanguage":"fr-FR","potentialAction":[{"@type":"CommentAction","name":"Comment","target":["https:\/\/www.africa-press.net\/togo\/toutes-les-actualites\/afrique-ou-sera-deployee-la-prochaine-force-anti-terroriste-de-la-cedeao#respond"]}]},{"@type":"WebPage","@id":"https:\/\/www.africa-press.net\/togo\/toutes-les-actualites\/afrique-ou-sera-deployee-la-prochaine-force-anti-terroriste-de-la-cedeao","url":"https:\/\/www.africa-press.net\/togo\/toutes-les-actualites\/afrique-ou-sera-deployee-la-prochaine-force-anti-terroriste-de-la-cedeao","name":"Afrique\u2013O\u00f9 sera d\u00e9ploy\u00e9e la prochaine force anti terroriste de la CEDEAO ? - Togo","isPartOf":{"@id":"https:\/\/www.africa-press.net\/togo\/#website"},"primaryImageOfPage":{"@id":"https:\/\/www.africa-press.net\/togo\/toutes-les-actualites\/afrique-ou-sera-deployee-la-prochaine-force-anti-terroriste-de-la-cedeao#primaryimage"},"image":{"@id":"https:\/\/www.africa-press.net\/togo\/toutes-les-actualites\/afrique-ou-sera-deployee-la-prochaine-force-anti-terroriste-de-la-cedeao#primaryimage"},"thumbnailUrl":"https:\/\/static.africa-press.net\/togo\/sites\/58\/2023\/02\/postQueueImg_1676971056.99.jpg","datePublished":"2023-02-21T12:47:29+00:00","dateModified":"2023-02-21T12:55:16+00:00","author":{"@id":"https:\/\/www.africa-press.net\/togo\/#\/schema\/person\/2b1cf3cd81a31e3cd26889ca66d677f1"},"description":"L\u2019ide\u0301e d\u2019une force re\u0301gionale de lutte contre le terrorisme et de restauration de l\u2019ordre constitutionnel, e\u0301mise pa ...","breadcrumb":{"@id":"https:\/\/www.africa-press.net\/togo\/toutes-les-actualites\/afrique-ou-sera-deployee-la-prochaine-force-anti-terroriste-de-la-cedeao#breadcrumb"},"inLanguage":"fr-FR","potentialAction":[{"@type":"ReadAction","target":["https:\/\/www.africa-press.net\/togo\/toutes-les-actualites\/afrique-ou-sera-deployee-la-prochaine-force-anti-terroriste-de-la-cedeao"]}]},{"@type":"ImageObject","inLanguage":"fr-FR","@id":"https:\/\/www.africa-press.net\/togo\/toutes-les-actualites\/afrique-ou-sera-deployee-la-prochaine-force-anti-terroriste-de-la-cedeao#primaryimage","url":"https:\/\/static.africa-press.net\/togo\/sites\/58\/2023\/02\/postQueueImg_1676971056.99.jpg","contentUrl":"https:\/\/static.africa-press.net\/togo\/sites\/58\/2023\/02\/postQueueImg_1676971056.99.jpg","width":1200,"height":800,"caption":"Afrique\u2013O\u00f9 sera d\u00e9ploy\u00e9e la prochaine force anti terroriste de la CEDEAO ?"},{"@type":"BreadcrumbList","@id":"https:\/\/www.africa-press.net\/togo\/toutes-les-actualites\/afrique-ou-sera-deployee-la-prochaine-force-anti-terroriste-de-la-cedeao#breadcrumb","itemListElement":[{"@type":"ListItem","position":1,"name":"Accueil","item":"https:\/\/www.africa-press.net\/togo\/"},{"@type":"ListItem","position":2,"name":"Afrique\u2013O\u00f9 sera d\u00e9ploy\u00e9e la prochaine force anti terroriste de la CEDEAO ?"}]},{"@type":"WebSite","@id":"https:\/\/www.africa-press.net\/togo\/#website","url":"https:\/\/www.africa-press.net\/togo\/","name":"Togo","description":"Just another Africa News Agency Sites site","potentialAction":[{"@type":"SearchAction","target":{"@type":"EntryPoint","urlTemplate":"https:\/\/www.africa-press.net\/togo\/?s={search_term_string}"},"query-input":{"@type":"PropertyValueSpecification","valueRequired":true,"valueName":"search_term_string"}}],"inLanguage":"fr-FR"},{"@type":"Person","@id":"https:\/\/www.africa-press.net\/togo\/#\/schema\/person\/2b1cf3cd81a31e3cd26889ca66d677f1","name":"cfeditorfr"}]}},"_links":{"self":[{"href":"https:\/\/www.africa-press.net\/togo\/wp-json\/wp\/v2\/posts\/17507","targetHints":{"allow":["GET"]}}],"collection":[{"href":"https:\/\/www.africa-press.net\/togo\/wp-json\/wp\/v2\/posts"}],"about":[{"href":"https:\/\/www.africa-press.net\/togo\/wp-json\/wp\/v2\/types\/post"}],"author":[{"embeddable":true,"href":"https:\/\/www.africa-press.net\/togo\/wp-json\/wp\/v2\/users\/82"}],"replies":[{"embeddable":true,"href":"https:\/\/www.africa-press.net\/togo\/wp-json\/wp\/v2\/comments?post=17507"}],"version-history":[{"count":0,"href":"https:\/\/www.africa-press.net\/togo\/wp-json\/wp\/v2\/posts\/17507\/revisions"}],"wp:featuredmedia":[{"embeddable":true,"href":"https:\/\/www.africa-press.net\/togo\/wp-json\/wp\/v2\/media\/17505"}],"wp:attachment":[{"href":"https:\/\/www.africa-press.net\/togo\/wp-json\/wp\/v2\/media?parent=17507"}],"wp:term":[{"taxonomy":"category","embeddable":true,"href":"https:\/\/www.africa-press.net\/togo\/wp-json\/wp\/v2\/categories?post=17507"},{"taxonomy":"post_tag","embeddable":true,"href":"https:\/\/www.africa-press.net\/togo\/wp-json\/wp\/v2\/tags?post=17507"}],"curies":[{"name":"wp","href":"https:\/\/api.w.org\/{rel}","templated":true}]}}