{"id":17514,"date":"2023-02-21T12:48:02","date_gmt":"2023-02-21T12:48:02","guid":{"rendered":"https:\/\/www.africa-press.net\/togo\/politique\/togo-ufc-le-depute-anani-kpomegbe-au-contact-de-sa-base"},"modified":"2023-02-21T12:57:05","modified_gmt":"2023-02-21T12:57:05","slug":"togo-ufc-le-depute-anani-kpomegbe-au-contact-de-sa-base","status":"publish","type":"post","link":"https:\/\/www.africa-press.net\/togo\/politique\/togo-ufc-le-depute-anani-kpomegbe-au-contact-de-sa-base","title":{"rendered":"Togo-UFC : Le d\u00e9put\u00e9 Anani Kpomegb\u00e9 au contact de sa base"},"content":{"rendered":"<p><span style=\"color: #ff6600\"><strong>Africa-Press &#8211; Togo. <\/strong><\/span><b>Les prochaines le\u0301gislatives auront lieu l\u2019anne\u0301e prochaine. En pre\u0301lude a\u0300 cette importante e\u0301che\u0301ance, ils sont nombreux les de\u0301pute\u0301s dont Kokou Anani Kpomegbe multipliant les rencontres avec leur base e\u0301lectorale pour leur re\u0301e\u0301lection.<\/b><\/p>\n<p>Pour ceux qui doutent encore s\u2019il se pre\u0301sentera de nouveau ont la re\u0301ponse depuis quelques semaines de\u0301ja\u0300. Le de\u0301pute\u0301 de VO, pre\u0301sident de la Commission de l\u2019environnement et des changements climatiques de l\u2019Assemble\u0301e nationale, estime avoir entame\u0301 en certain de nombre de chantiers qu\u2019il se doit de terminer lors de la seconde mi-temps. D\u2019ou\u0300 son ope\u0301ration de charme en cours actuellement.<\/p>\n<p>Le de\u0301pute\u0301 de l\u2019Union des forces de changement (UFC) a fait une descente dans son fief e\u0301lectoral ce samedi 11 fe\u0301vrier. Un voyage lui ayant permis de faire une escale d\u2019abord au village d\u2019Ape\u0301tikope\u0301, dans la commune de Vo1. Accompagne\u0301 de quelques militants du parti dont Koffi Edoh Adepleto, conseiller municipal, il a rencontre\u0301 les notables et plusieurs autres personnes venus l\u2019e\u0301couter.<\/p>\n<p>\u00ab Il n\u2019est pas question de vous faire des promesses irre\u0301alisables. Moi je dis ce que je peux faire. En te\u0301moigne la liste des nombreuses re\u0301alisations que j\u2019ai pu faire avec mes propres moyens, notamment l\u2019e\u0301lectrification de douze localite\u0301s, assistance annuelle des e\u0301le\u0300ves de\u0301munis a\u0300 travers des kits scolaires, le reboisement, entre autres \u00bb, re\u0301sume l\u2019e\u0301lu.<\/p>\n<p>Il a pris du temps pour e\u0301couter les uns et les autres. Ces derniers veulent que leur village dispose d\u2019une eau potable, souhaitent que leur manioc soit achete\u0301 a\u0300 un juste prix par le gouvernement afin qu\u2019ils puissent se nourrir de leur travail, entre autres. Le visiteur a rassure\u0301 son auditoire qu\u2019il s\u2019emploiera pour que leurs proble\u0300mes vitaux soient porte\u0301s jusqu\u2019aux oreilles de qui de droit. Et de leur demander de voter pour lui au \u00ab moment opportun \u00bb.<\/p>\n<p>Apre\u0300s cette e\u0301tape, le cap est mis sur Nyive\u0301, toujours dans le VO 1. La\u0300, l\u2019ambiance est tout autre. Les gens sont sortis nombreux pour accueillir et e\u0301couter les membres de la de\u0301le\u0301gation du parti politique a\u0300 la couleur jaune dans une ambiance des grands jours.<\/p>\n<p>Kokou Anani Kpomegbe\u0301, dans un premier temps, a remercie\u0301 tous ceux qui ont fait le de\u0301placement bien que ce soit un jour ou\u0300, ge\u0301ne\u0301ralement la plupart d\u2019entre eux devraient e\u0302tre aux champs ou vaquer a\u0300 leurs occupations. Il a releve\u0301 que sa grand-me\u0300re maternelle est originaire de Nyive\u0301, qu\u2019il n\u2019est donc pas venu sur une terre inconnue.<\/p>\n<p>Il a ensuite explique\u0301 comment les travaux se de\u0301roulent a\u0300 l\u2019Assemble\u0301e nationale et dans quelle posture l\u2019opposition parvienne a\u0300 porter sa voix. \u00ab A l\u2019UFC, notre arme premie\u0300re reste le dialogue. Discuter avec le pouvoir en place n\u2019a rien de mauvais d\u2019autant plus que nous sommes tous des Togolais, conscients qu\u2019il faut que les choses bougent dans le bon sens \u00bb, a-t-il indique\u0301, demandant a\u0300 ses fre\u0300res et s\u0153urs de se faire inscrire sur les listes e\u0301lectorales au moment opportun et de porter leur choix sur sa personne lors du scrutin le\u0301gislatif de 2024.<\/p>\n<p>A Nyive\u0301, la population dit qu\u2019il sera bien que leur village dispose aussi de bureau de vote. \u00ab Nous sommes ici nombreux mais nous n\u2019avons pas de bureau de vote. Ce qui fait qu\u2019il est difficile pour beaucoup de faire plusieurs kilome\u0300tres avant de rejoindre un autre village pour voter \u00bb, a re\u0301sume\u0301 un habitant, re\u0301clamant en outre que les autorite\u0301s pensent a\u0300 e\u0301clairer leur milieu.<\/p>\n<p>Le de\u0301pute\u0301 a fait le me\u0302me exercice ce dimanche 19 fe\u0301vrier a\u0300 Logogba (VO1), a\u0300 Amegandjinkope\u0301, pre\u0300s de Kplakpladje (VO3). A la veille, il a fait don de machine a\u0300 coudre a\u0300 une couturie\u0300re et a offert un fauteuil roulant et une tondeuse au meilleur coiffeur de VO3.<\/p>\n<p>A la question de savoir comment se porte l\u2019UFC aujourd\u2019hui, M. Kpomegbe\u0301 minimise la crise. Selon tout ce qui s\u2019y passe est en train d\u2019e\u0302tre re\u0301gle\u0301 en interne. Et que \u00ab l\u2019Union des forces de changement \u00ab n\u2019a pas de proble\u0300me comme certains tentent de le faire croire a\u0300 l\u2019opinion\u00bb.<\/p>\n<p><strong>Pour plus d&rsquo;informations et d&rsquo;analyses sur la <a href=\"https:\/\/www.africa-press.net\/togo\">Togo<\/a>, suivez <a href=\"https:\/\/www.africa-press.net\/\">Africa-Press<\/a><\/strong><\/p>\n","protected":false},"excerpt":{"rendered":"<p>Africa-Press &#8211; Togo. Les prochaines le\u0301gislatives auront lieu l\u2019anne\u0301e prochaine. En pre\u0301lude a\u0300 cette importante e\u0301che\u0301ance, ils sont nombreux les de\u0301pute\u0301s dont Kokou Anani Kpomegbe multipliant les rencontres avec leur base e\u0301lectorale pour leur re\u0301e\u0301lection. Pour ceux qui doutent encore s\u2019il se pre\u0301sentera de nouveau ont la re\u0301ponse depuis quelques semaines de\u0301ja\u0300. Le de\u0301pute\u0301 de [&hellip;]<\/p>\n","protected":false},"author":82,"featured_media":17512,"comment_status":"open","ping_status":"closed","sticky":false,"template":"","format":"standard","meta":{"footnotes":""},"categories":[2,10],"tags":[36,49,50],"class_list":["post-17514","post","type-post","status-publish","format-standard","has-post-thumbnail","hentry","category-politique","category-toutes-les-actualites","tag-africa-press","tag-africa-press-togo","tag-togo"],"yoast_head":"<!-- This site is optimized with the Yoast SEO Premium plugin v26.1 (Yoast SEO v27.0) - https:\/\/yoast.com\/product\/yoast-seo-premium-wordpress\/ -->\n<title>Togo-UFC : Le d\u00e9put\u00e9 Anani Kpomegb\u00e9 au contact de sa base - Togo<\/title>\n<meta name=\"description\" content=\"Les prochaines le\u0301gislatives auront lieu l\u2019anne\u0301e prochaine. En pre\u0301lude a\u0300 cette importante e\u0301che\u0301ance, ils sont nom ...\" \/>\n<meta name=\"robots\" content=\"index, follow, max-snippet:-1, max-image-preview:large, max-video-preview:-1\" \/>\n<link rel=\"canonical\" href=\"https:\/\/www.africa-press.net\/togo\/politique\/togo-ufc-le-depute-anani-kpomegbe-au-contact-de-sa-base\" \/>\n<meta property=\"og:locale\" content=\"fr_FR\" \/>\n<meta property=\"og:type\" content=\"article\" \/>\n<meta property=\"og:title\" content=\"Togo-UFC : Le d\u00e9put\u00e9 Anani Kpomegb\u00e9 au contact de sa base\" \/>\n<meta property=\"og:description\" content=\"Les prochaines le\u0301gislatives auront lieu l\u2019anne\u0301e prochaine. En pre\u0301lude a\u0300 cette importante e\u0301che\u0301ance, ils sont nom ...\" \/>\n<meta property=\"og:url\" content=\"https:\/\/www.africa-press.net\/togo\/politique\/togo-ufc-le-depute-anani-kpomegbe-au-contact-de-sa-base\" \/>\n<meta property=\"og:site_name\" content=\"Togo\" \/>\n<meta property=\"article:published_time\" content=\"2023-02-21T12:48:02+00:00\" \/>\n<meta property=\"article:modified_time\" content=\"2023-02-21T12:57:05+00:00\" \/>\n<meta property=\"og:image\" content=\"https:\/\/static.africa-press.net\/togo\/sites\/58\/2023\/02\/postQueueImg_1676971089.85.jpg\" \/>\n\t<meta property=\"og:image:width\" content=\"1280\" \/>\n\t<meta property=\"og:image:height\" content=\"800\" \/>\n\t<meta property=\"og:image:type\" content=\"image\/jpeg\" \/>\n<meta name=\"author\" content=\"cfeditorfr\" \/>\n<meta name=\"twitter:card\" content=\"summary_large_image\" \/>\n<meta name=\"twitter:label1\" content=\"\u00c9crit par\" \/>\n\t<meta name=\"twitter:data1\" content=\"cfeditorfr\" \/>\n\t<meta name=\"twitter:label2\" content=\"Dur\u00e9e de lecture estim\u00e9e\" \/>\n\t<meta name=\"twitter:data2\" content=\"4 minutes\" \/>\n<script type=\"application\/ld+json\" class=\"yoast-schema-graph\">{\"@context\":\"https:\/\/schema.org\",\"@graph\":[{\"@type\":\"Article\",\"@id\":\"https:\/\/www.africa-press.net\/togo\/politique\/togo-ufc-le-depute-anani-kpomegbe-au-contact-de-sa-base#article\",\"isPartOf\":{\"@id\":\"https:\/\/www.africa-press.net\/togo\/politique\/togo-ufc-le-depute-anani-kpomegbe-au-contact-de-sa-base\"},\"author\":{\"name\":\"cfeditorfr\",\"@id\":\"https:\/\/www.africa-press.net\/togo\/#\/schema\/person\/2b1cf3cd81a31e3cd26889ca66d677f1\"},\"headline\":\"Togo-UFC : Le d\u00e9put\u00e9 Anani Kpomegb\u00e9 au contact de sa base\",\"datePublished\":\"2023-02-21T12:48:02+00:00\",\"dateModified\":\"2023-02-21T12:57:05+00:00\",\"mainEntityOfPage\":{\"@id\":\"https:\/\/www.africa-press.net\/togo\/politique\/togo-ufc-le-depute-anani-kpomegbe-au-contact-de-sa-base\"},\"wordCount\":767,\"commentCount\":0,\"image\":{\"@id\":\"https:\/\/www.africa-press.net\/togo\/politique\/togo-ufc-le-depute-anani-kpomegbe-au-contact-de-sa-base#primaryimage\"},\"thumbnailUrl\":\"https:\/\/static.africa-press.net\/togo\/sites\/58\/2023\/02\/postQueueImg_1676971089.85.jpg\",\"keywords\":[\"Africa Press\",\"Africa Press-Togo\",\"Togo\"],\"articleSection\":[\"Politique\",\"Toutes les actualit\u00e9s\"],\"inLanguage\":\"fr-FR\",\"potentialAction\":[{\"@type\":\"CommentAction\",\"name\":\"Comment\",\"target\":[\"https:\/\/www.africa-press.net\/togo\/politique\/togo-ufc-le-depute-anani-kpomegbe-au-contact-de-sa-base#respond\"]}]},{\"@type\":\"WebPage\",\"@id\":\"https:\/\/www.africa-press.net\/togo\/politique\/togo-ufc-le-depute-anani-kpomegbe-au-contact-de-sa-base\",\"url\":\"https:\/\/www.africa-press.net\/togo\/politique\/togo-ufc-le-depute-anani-kpomegbe-au-contact-de-sa-base\",\"name\":\"Togo-UFC : Le d\u00e9put\u00e9 Anani Kpomegb\u00e9 au contact de sa base - Togo\",\"isPartOf\":{\"@id\":\"https:\/\/www.africa-press.net\/togo\/#website\"},\"primaryImageOfPage\":{\"@id\":\"https:\/\/www.africa-press.net\/togo\/politique\/togo-ufc-le-depute-anani-kpomegbe-au-contact-de-sa-base#primaryimage\"},\"image\":{\"@id\":\"https:\/\/www.africa-press.net\/togo\/politique\/togo-ufc-le-depute-anani-kpomegbe-au-contact-de-sa-base#primaryimage\"},\"thumbnailUrl\":\"https:\/\/static.africa-press.net\/togo\/sites\/58\/2023\/02\/postQueueImg_1676971089.85.jpg\",\"datePublished\":\"2023-02-21T12:48:02+00:00\",\"dateModified\":\"2023-02-21T12:57:05+00:00\",\"author\":{\"@id\":\"https:\/\/www.africa-press.net\/togo\/#\/schema\/person\/2b1cf3cd81a31e3cd26889ca66d677f1\"},\"description\":\"Les prochaines le\u0301gislatives auront lieu l\u2019anne\u0301e prochaine. En pre\u0301lude a\u0300 cette importante e\u0301che\u0301ance, ils sont nom ...\",\"breadcrumb\":{\"@id\":\"https:\/\/www.africa-press.net\/togo\/politique\/togo-ufc-le-depute-anani-kpomegbe-au-contact-de-sa-base#breadcrumb\"},\"inLanguage\":\"fr-FR\",\"potentialAction\":[{\"@type\":\"ReadAction\",\"target\":[\"https:\/\/www.africa-press.net\/togo\/politique\/togo-ufc-le-depute-anani-kpomegbe-au-contact-de-sa-base\"]}]},{\"@type\":\"ImageObject\",\"inLanguage\":\"fr-FR\",\"@id\":\"https:\/\/www.africa-press.net\/togo\/politique\/togo-ufc-le-depute-anani-kpomegbe-au-contact-de-sa-base#primaryimage\",\"url\":\"https:\/\/static.africa-press.net\/togo\/sites\/58\/2023\/02\/postQueueImg_1676971089.85.jpg\",\"contentUrl\":\"https:\/\/static.africa-press.net\/togo\/sites\/58\/2023\/02\/postQueueImg_1676971089.85.jpg\",\"width\":1280,\"height\":800,\"caption\":\"Togo-UFC : Le d\u00e9put\u00e9 Anani Kpomegb\u00e9 au contact de sa base\"},{\"@type\":\"BreadcrumbList\",\"@id\":\"https:\/\/www.africa-press.net\/togo\/politique\/togo-ufc-le-depute-anani-kpomegbe-au-contact-de-sa-base#breadcrumb\",\"itemListElement\":[{\"@type\":\"ListItem\",\"position\":1,\"name\":\"Accueil\",\"item\":\"https:\/\/www.africa-press.net\/togo\/\"},{\"@type\":\"ListItem\",\"position\":2,\"name\":\"Togo-UFC : Le d\u00e9put\u00e9 Anani Kpomegb\u00e9 au contact de sa base\"}]},{\"@type\":\"WebSite\",\"@id\":\"https:\/\/www.africa-press.net\/togo\/#website\",\"url\":\"https:\/\/www.africa-press.net\/togo\/\",\"name\":\"Togo\",\"description\":\"Just another Africa News Agency Sites site\",\"potentialAction\":[{\"@type\":\"SearchAction\",\"target\":{\"@type\":\"EntryPoint\",\"urlTemplate\":\"https:\/\/www.africa-press.net\/togo\/?s={search_term_string}\"},\"query-input\":{\"@type\":\"PropertyValueSpecification\",\"valueRequired\":true,\"valueName\":\"search_term_string\"}}],\"inLanguage\":\"fr-FR\"},{\"@type\":\"Person\",\"@id\":\"https:\/\/www.africa-press.net\/togo\/#\/schema\/person\/2b1cf3cd81a31e3cd26889ca66d677f1\",\"name\":\"cfeditorfr\"}]}<\/script>\n<!-- \/ Yoast SEO Premium plugin. -->","yoast_head_json":{"title":"Togo-UFC : Le d\u00e9put\u00e9 Anani Kpomegb\u00e9 au contact de sa base - Togo","description":"Les prochaines le\u0301gislatives auront lieu l\u2019anne\u0301e prochaine. En pre\u0301lude a\u0300 cette importante e\u0301che\u0301ance, ils sont nom ...","robots":{"index":"index","follow":"follow","max-snippet":"max-snippet:-1","max-image-preview":"max-image-preview:large","max-video-preview":"max-video-preview:-1"},"canonical":"https:\/\/www.africa-press.net\/togo\/politique\/togo-ufc-le-depute-anani-kpomegbe-au-contact-de-sa-base","og_locale":"fr_FR","og_type":"article","og_title":"Togo-UFC : Le d\u00e9put\u00e9 Anani Kpomegb\u00e9 au contact de sa base","og_description":"Les prochaines le\u0301gislatives auront lieu l\u2019anne\u0301e prochaine. En pre\u0301lude a\u0300 cette importante e\u0301che\u0301ance, ils sont nom ...","og_url":"https:\/\/www.africa-press.net\/togo\/politique\/togo-ufc-le-depute-anani-kpomegbe-au-contact-de-sa-base","og_site_name":"Togo","article_published_time":"2023-02-21T12:48:02+00:00","article_modified_time":"2023-02-21T12:57:05+00:00","og_image":[{"width":1280,"height":800,"url":"https:\/\/static.africa-press.net\/togo\/sites\/58\/2023\/02\/postQueueImg_1676971089.85.jpg","type":"image\/jpeg"}],"author":"cfeditorfr","twitter_card":"summary_large_image","twitter_misc":{"\u00c9crit par":"cfeditorfr","Dur\u00e9e de lecture estim\u00e9e":"4 minutes"},"schema":{"@context":"https:\/\/schema.org","@graph":[{"@type":"Article","@id":"https:\/\/www.africa-press.net\/togo\/politique\/togo-ufc-le-depute-anani-kpomegbe-au-contact-de-sa-base#article","isPartOf":{"@id":"https:\/\/www.africa-press.net\/togo\/politique\/togo-ufc-le-depute-anani-kpomegbe-au-contact-de-sa-base"},"author":{"name":"cfeditorfr","@id":"https:\/\/www.africa-press.net\/togo\/#\/schema\/person\/2b1cf3cd81a31e3cd26889ca66d677f1"},"headline":"Togo-UFC : Le d\u00e9put\u00e9 Anani Kpomegb\u00e9 au contact de sa base","datePublished":"2023-02-21T12:48:02+00:00","dateModified":"2023-02-21T12:57:05+00:00","mainEntityOfPage":{"@id":"https:\/\/www.africa-press.net\/togo\/politique\/togo-ufc-le-depute-anani-kpomegbe-au-contact-de-sa-base"},"wordCount":767,"commentCount":0,"image":{"@id":"https:\/\/www.africa-press.net\/togo\/politique\/togo-ufc-le-depute-anani-kpomegbe-au-contact-de-sa-base#primaryimage"},"thumbnailUrl":"https:\/\/static.africa-press.net\/togo\/sites\/58\/2023\/02\/postQueueImg_1676971089.85.jpg","keywords":["Africa Press","Africa Press-Togo","Togo"],"articleSection":["Politique","Toutes les actualit\u00e9s"],"inLanguage":"fr-FR","potentialAction":[{"@type":"CommentAction","name":"Comment","target":["https:\/\/www.africa-press.net\/togo\/politique\/togo-ufc-le-depute-anani-kpomegbe-au-contact-de-sa-base#respond"]}]},{"@type":"WebPage","@id":"https:\/\/www.africa-press.net\/togo\/politique\/togo-ufc-le-depute-anani-kpomegbe-au-contact-de-sa-base","url":"https:\/\/www.africa-press.net\/togo\/politique\/togo-ufc-le-depute-anani-kpomegbe-au-contact-de-sa-base","name":"Togo-UFC : Le d\u00e9put\u00e9 Anani Kpomegb\u00e9 au contact de sa base - Togo","isPartOf":{"@id":"https:\/\/www.africa-press.net\/togo\/#website"},"primaryImageOfPage":{"@id":"https:\/\/www.africa-press.net\/togo\/politique\/togo-ufc-le-depute-anani-kpomegbe-au-contact-de-sa-base#primaryimage"},"image":{"@id":"https:\/\/www.africa-press.net\/togo\/politique\/togo-ufc-le-depute-anani-kpomegbe-au-contact-de-sa-base#primaryimage"},"thumbnailUrl":"https:\/\/static.africa-press.net\/togo\/sites\/58\/2023\/02\/postQueueImg_1676971089.85.jpg","datePublished":"2023-02-21T12:48:02+00:00","dateModified":"2023-02-21T12:57:05+00:00","author":{"@id":"https:\/\/www.africa-press.net\/togo\/#\/schema\/person\/2b1cf3cd81a31e3cd26889ca66d677f1"},"description":"Les prochaines le\u0301gislatives auront lieu l\u2019anne\u0301e prochaine. En pre\u0301lude a\u0300 cette importante e\u0301che\u0301ance, ils sont nom ...","breadcrumb":{"@id":"https:\/\/www.africa-press.net\/togo\/politique\/togo-ufc-le-depute-anani-kpomegbe-au-contact-de-sa-base#breadcrumb"},"inLanguage":"fr-FR","potentialAction":[{"@type":"ReadAction","target":["https:\/\/www.africa-press.net\/togo\/politique\/togo-ufc-le-depute-anani-kpomegbe-au-contact-de-sa-base"]}]},{"@type":"ImageObject","inLanguage":"fr-FR","@id":"https:\/\/www.africa-press.net\/togo\/politique\/togo-ufc-le-depute-anani-kpomegbe-au-contact-de-sa-base#primaryimage","url":"https:\/\/static.africa-press.net\/togo\/sites\/58\/2023\/02\/postQueueImg_1676971089.85.jpg","contentUrl":"https:\/\/static.africa-press.net\/togo\/sites\/58\/2023\/02\/postQueueImg_1676971089.85.jpg","width":1280,"height":800,"caption":"Togo-UFC : Le d\u00e9put\u00e9 Anani Kpomegb\u00e9 au contact de sa base"},{"@type":"BreadcrumbList","@id":"https:\/\/www.africa-press.net\/togo\/politique\/togo-ufc-le-depute-anani-kpomegbe-au-contact-de-sa-base#breadcrumb","itemListElement":[{"@type":"ListItem","position":1,"name":"Accueil","item":"https:\/\/www.africa-press.net\/togo\/"},{"@type":"ListItem","position":2,"name":"Togo-UFC : Le d\u00e9put\u00e9 Anani Kpomegb\u00e9 au contact de sa base"}]},{"@type":"WebSite","@id":"https:\/\/www.africa-press.net\/togo\/#website","url":"https:\/\/www.africa-press.net\/togo\/","name":"Togo","description":"Just another Africa News Agency Sites site","potentialAction":[{"@type":"SearchAction","target":{"@type":"EntryPoint","urlTemplate":"https:\/\/www.africa-press.net\/togo\/?s={search_term_string}"},"query-input":{"@type":"PropertyValueSpecification","valueRequired":true,"valueName":"search_term_string"}}],"inLanguage":"fr-FR"},{"@type":"Person","@id":"https:\/\/www.africa-press.net\/togo\/#\/schema\/person\/2b1cf3cd81a31e3cd26889ca66d677f1","name":"cfeditorfr"}]}},"_links":{"self":[{"href":"https:\/\/www.africa-press.net\/togo\/wp-json\/wp\/v2\/posts\/17514","targetHints":{"allow":["GET"]}}],"collection":[{"href":"https:\/\/www.africa-press.net\/togo\/wp-json\/wp\/v2\/posts"}],"about":[{"href":"https:\/\/www.africa-press.net\/togo\/wp-json\/wp\/v2\/types\/post"}],"author":[{"embeddable":true,"href":"https:\/\/www.africa-press.net\/togo\/wp-json\/wp\/v2\/users\/82"}],"replies":[{"embeddable":true,"href":"https:\/\/www.africa-press.net\/togo\/wp-json\/wp\/v2\/comments?post=17514"}],"version-history":[{"count":0,"href":"https:\/\/www.africa-press.net\/togo\/wp-json\/wp\/v2\/posts\/17514\/revisions"}],"wp:featuredmedia":[{"embeddable":true,"href":"https:\/\/www.africa-press.net\/togo\/wp-json\/wp\/v2\/media\/17512"}],"wp:attachment":[{"href":"https:\/\/www.africa-press.net\/togo\/wp-json\/wp\/v2\/media?parent=17514"}],"wp:term":[{"taxonomy":"category","embeddable":true,"href":"https:\/\/www.africa-press.net\/togo\/wp-json\/wp\/v2\/categories?post=17514"},{"taxonomy":"post_tag","embeddable":true,"href":"https:\/\/www.africa-press.net\/togo\/wp-json\/wp\/v2\/tags?post=17514"}],"curies":[{"name":"wp","href":"https:\/\/api.w.org\/{rel}","templated":true}]}}