{"id":17534,"date":"2023-02-21T18:52:18","date_gmt":"2023-02-21T18:52:18","guid":{"rendered":"https:\/\/www.africa-press.net\/togo\/politique\/togo-peur-bleue-sur-la-lagune-de-be-ce-matin"},"modified":"2023-02-21T19:58:56","modified_gmt":"2023-02-21T19:58:56","slug":"togo-peur-bleue-sur-la-lagune-de-be-ce-matin","status":"publish","type":"post","link":"https:\/\/www.africa-press.net\/togo\/toutes-les-actualites\/togo-peur-bleue-sur-la-lagune-de-be-ce-matin","title":{"rendered":"Togo-Peur bleue sur la lagune de B\u00e8 ce matin"},"content":{"rendered":"<p><span style=\"color: #ff6600\"><strong>Africa-Press &#8211; Togo. <\/strong><\/span><b>Dans la matine\u0301e de ce mardi 21 fe\u0301vrier 2023, les usagers de l\u2019Avenue Pa de Souza au niveau de la lagune de Be\u0300 (commune Golfe 1) ont e\u0301te\u0301 te\u0301moins d\u2019un incident qui aurait pu virer au drame.<\/b><\/p>\n<p>Des te\u0301moins oculaires de la sce\u0300ne rapportent qu\u2019un camion transportant des cartons de spaghetti et de couscous s\u2019est retrouve\u0301 dans la lagune.<\/p>\n<p>Les circonstances de cet accident telles que rapporte\u0301es font e\u0301tat de ce que le ve\u0301hicule en provenance du marche\u0301 de Be\u0300 remontait la pente juste apre\u0300s la lagune de Be\u0300 afin de traverser les rails et atteindre le rond-point Yesuvito (Be\u0300-Gakpoto).<\/p>\n<p>Mais pour des raisons jusqu\u2019alors inconnues, le camion au lieu de remonter la pente a pluto\u0302t fait marche arrie\u0300re, heurtant une voiture puis a de\u0301vie\u0301 dans le ravin de la lagune de Be\u0300.<\/p>\n<p>Plus de peur de que de mal, aucune perte en vie humaine n\u2019a e\u0301te\u0301 enregistre\u0301. On apprend que les forces de l\u2019ordre sont de\u0301pe\u0302che\u0301es sur les lieux afin d\u2019e\u0301tablir un constat.<\/p>\n<p><strong>Pour plus d&rsquo;informations et d&rsquo;analyses sur la <a href=\"https:\/\/www.africa-press.net\/togo\">Togo<\/a>, suivez <a href=\"https:\/\/www.africa-press.net\/\">Africa-Press<\/a><\/strong><\/p>\n","protected":false},"excerpt":{"rendered":"<p>Africa-Press &#8211; Togo. Dans la matine\u0301e de ce mardi 21 fe\u0301vrier 2023, les usagers de l\u2019Avenue Pa de Souza au niveau de la lagune de Be\u0300 (commune Golfe 1) ont e\u0301te\u0301 te\u0301moins d\u2019un incident qui aurait pu virer au drame. Des te\u0301moins oculaires de la sce\u0300ne rapportent qu\u2019un camion transportant des cartons de spaghetti et [&hellip;]<\/p>\n","protected":false},"author":82,"featured_media":17533,"comment_status":"open","ping_status":"closed","sticky":false,"template":"","format":"standard","meta":{"footnotes":""},"categories":[21,10],"tags":[36,49,50],"class_list":["post-17534","post","type-post","status-publish","format-standard","has-post-thumbnail","hentry","category-communaute","category-toutes-les-actualites","tag-africa-press","tag-africa-press-togo","tag-togo"],"yoast_head":"<!-- This site is optimized with the Yoast SEO Premium plugin v26.1 (Yoast SEO v27.0) - https:\/\/yoast.com\/product\/yoast-seo-premium-wordpress\/ -->\n<title>Togo-Peur bleue sur la lagune de B\u00e8 ce matin - Togo<\/title>\n<meta name=\"description\" content=\"Dans la matine\u0301e de ce mardi 21 fe\u0301vrier 2023, les usagers de l\u2019Avenue Pa de Souza au niveau de la lagune de Be\u0300 (com ...\" \/>\n<meta name=\"robots\" content=\"index, follow, max-snippet:-1, max-image-preview:large, max-video-preview:-1\" \/>\n<link rel=\"canonical\" href=\"https:\/\/www.africa-press.net\/togo\/toutes-les-actualites\/togo-peur-bleue-sur-la-lagune-de-be-ce-matin\" \/>\n<meta property=\"og:locale\" content=\"fr_FR\" \/>\n<meta property=\"og:type\" content=\"article\" \/>\n<meta property=\"og:title\" content=\"Togo-Peur bleue sur la lagune de B\u00e8 ce matin\" \/>\n<meta property=\"og:description\" content=\"Dans la matine\u0301e de ce mardi 21 fe\u0301vrier 2023, les usagers de l\u2019Avenue Pa de Souza au niveau de la lagune de Be\u0300 (com ...\" \/>\n<meta property=\"og:url\" content=\"https:\/\/www.africa-press.net\/togo\/toutes-les-actualites\/togo-peur-bleue-sur-la-lagune-de-be-ce-matin\" \/>\n<meta property=\"og:site_name\" content=\"Togo\" \/>\n<meta property=\"article:published_time\" content=\"2023-02-21T18:52:18+00:00\" \/>\n<meta property=\"article:modified_time\" content=\"2023-02-21T19:58:56+00:00\" \/>\n<meta property=\"og:image\" content=\"https:\/\/static.africa-press.net\/togo\/sites\/58\/2023\/02\/postQueueImg_1676992942.31.jpg\" \/>\n\t<meta property=\"og:image:width\" content=\"1280\" \/>\n\t<meta property=\"og:image:height\" content=\"800\" \/>\n\t<meta property=\"og:image:type\" content=\"image\/jpeg\" \/>\n<meta name=\"author\" content=\"cfeditorfr\" \/>\n<meta name=\"twitter:card\" content=\"summary_large_image\" \/>\n<meta name=\"twitter:label1\" content=\"\u00c9crit par\" \/>\n\t<meta name=\"twitter:data1\" content=\"cfeditorfr\" \/>\n\t<meta name=\"twitter:label2\" content=\"Dur\u00e9e de lecture estim\u00e9e\" \/>\n\t<meta name=\"twitter:data2\" content=\"1 minute\" \/>\n<script type=\"application\/ld+json\" class=\"yoast-schema-graph\">{\"@context\":\"https:\/\/schema.org\",\"@graph\":[{\"@type\":\"Article\",\"@id\":\"https:\/\/www.africa-press.net\/togo\/toutes-les-actualites\/togo-peur-bleue-sur-la-lagune-de-be-ce-matin#article\",\"isPartOf\":{\"@id\":\"https:\/\/www.africa-press.net\/togo\/toutes-les-actualites\/togo-peur-bleue-sur-la-lagune-de-be-ce-matin\"},\"author\":{\"name\":\"cfeditorfr\",\"@id\":\"https:\/\/www.africa-press.net\/togo\/#\/schema\/person\/2b1cf3cd81a31e3cd26889ca66d677f1\"},\"headline\":\"Togo-Peur bleue sur la lagune de B\u00e8 ce matin\",\"datePublished\":\"2023-02-21T18:52:18+00:00\",\"dateModified\":\"2023-02-21T19:58:56+00:00\",\"mainEntityOfPage\":{\"@id\":\"https:\/\/www.africa-press.net\/togo\/toutes-les-actualites\/togo-peur-bleue-sur-la-lagune-de-be-ce-matin\"},\"wordCount\":212,\"commentCount\":0,\"image\":{\"@id\":\"https:\/\/www.africa-press.net\/togo\/toutes-les-actualites\/togo-peur-bleue-sur-la-lagune-de-be-ce-matin#primaryimage\"},\"thumbnailUrl\":\"https:\/\/static.africa-press.net\/togo\/sites\/58\/2023\/02\/postQueueImg_1676992942.31.jpg\",\"keywords\":[\"Africa Press\",\"Africa Press-Togo\",\"Togo\"],\"articleSection\":[\"Communaut\u00e9\",\"Toutes les actualit\u00e9s\"],\"inLanguage\":\"fr-FR\",\"potentialAction\":[{\"@type\":\"CommentAction\",\"name\":\"Comment\",\"target\":[\"https:\/\/www.africa-press.net\/togo\/toutes-les-actualites\/togo-peur-bleue-sur-la-lagune-de-be-ce-matin#respond\"]}]},{\"@type\":\"WebPage\",\"@id\":\"https:\/\/www.africa-press.net\/togo\/toutes-les-actualites\/togo-peur-bleue-sur-la-lagune-de-be-ce-matin\",\"url\":\"https:\/\/www.africa-press.net\/togo\/toutes-les-actualites\/togo-peur-bleue-sur-la-lagune-de-be-ce-matin\",\"name\":\"Togo-Peur bleue sur la lagune de B\u00e8 ce matin - Togo\",\"isPartOf\":{\"@id\":\"https:\/\/www.africa-press.net\/togo\/#website\"},\"primaryImageOfPage\":{\"@id\":\"https:\/\/www.africa-press.net\/togo\/toutes-les-actualites\/togo-peur-bleue-sur-la-lagune-de-be-ce-matin#primaryimage\"},\"image\":{\"@id\":\"https:\/\/www.africa-press.net\/togo\/toutes-les-actualites\/togo-peur-bleue-sur-la-lagune-de-be-ce-matin#primaryimage\"},\"thumbnailUrl\":\"https:\/\/static.africa-press.net\/togo\/sites\/58\/2023\/02\/postQueueImg_1676992942.31.jpg\",\"datePublished\":\"2023-02-21T18:52:18+00:00\",\"dateModified\":\"2023-02-21T19:58:56+00:00\",\"author\":{\"@id\":\"https:\/\/www.africa-press.net\/togo\/#\/schema\/person\/2b1cf3cd81a31e3cd26889ca66d677f1\"},\"description\":\"Dans la matine\u0301e de ce mardi 21 fe\u0301vrier 2023, les usagers de l\u2019Avenue Pa de Souza au niveau de la lagune de Be\u0300 (com ...\",\"breadcrumb\":{\"@id\":\"https:\/\/www.africa-press.net\/togo\/toutes-les-actualites\/togo-peur-bleue-sur-la-lagune-de-be-ce-matin#breadcrumb\"},\"inLanguage\":\"fr-FR\",\"potentialAction\":[{\"@type\":\"ReadAction\",\"target\":[\"https:\/\/www.africa-press.net\/togo\/toutes-les-actualites\/togo-peur-bleue-sur-la-lagune-de-be-ce-matin\"]}]},{\"@type\":\"ImageObject\",\"inLanguage\":\"fr-FR\",\"@id\":\"https:\/\/www.africa-press.net\/togo\/toutes-les-actualites\/togo-peur-bleue-sur-la-lagune-de-be-ce-matin#primaryimage\",\"url\":\"https:\/\/static.africa-press.net\/togo\/sites\/58\/2023\/02\/postQueueImg_1676992942.31.jpg\",\"contentUrl\":\"https:\/\/static.africa-press.net\/togo\/sites\/58\/2023\/02\/postQueueImg_1676992942.31.jpg\",\"width\":1280,\"height\":800,\"caption\":\"Togo-Peur bleue sur la lagune de B\u00e8 ce matin\"},{\"@type\":\"BreadcrumbList\",\"@id\":\"https:\/\/www.africa-press.net\/togo\/toutes-les-actualites\/togo-peur-bleue-sur-la-lagune-de-be-ce-matin#breadcrumb\",\"itemListElement\":[{\"@type\":\"ListItem\",\"position\":1,\"name\":\"Accueil\",\"item\":\"https:\/\/www.africa-press.net\/togo\/\"},{\"@type\":\"ListItem\",\"position\":2,\"name\":\"Togo-Peur bleue sur la lagune de B\u00e8 ce matin\"}]},{\"@type\":\"WebSite\",\"@id\":\"https:\/\/www.africa-press.net\/togo\/#website\",\"url\":\"https:\/\/www.africa-press.net\/togo\/\",\"name\":\"Togo\",\"description\":\"Just another Africa News Agency Sites site\",\"potentialAction\":[{\"@type\":\"SearchAction\",\"target\":{\"@type\":\"EntryPoint\",\"urlTemplate\":\"https:\/\/www.africa-press.net\/togo\/?s={search_term_string}\"},\"query-input\":{\"@type\":\"PropertyValueSpecification\",\"valueRequired\":true,\"valueName\":\"search_term_string\"}}],\"inLanguage\":\"fr-FR\"},{\"@type\":\"Person\",\"@id\":\"https:\/\/www.africa-press.net\/togo\/#\/schema\/person\/2b1cf3cd81a31e3cd26889ca66d677f1\",\"name\":\"cfeditorfr\"}]}<\/script>\n<!-- \/ Yoast SEO Premium plugin. -->","yoast_head_json":{"title":"Togo-Peur bleue sur la lagune de B\u00e8 ce matin - Togo","description":"Dans la matine\u0301e de ce mardi 21 fe\u0301vrier 2023, les usagers de l\u2019Avenue Pa de Souza au niveau de la lagune de Be\u0300 (com ...","robots":{"index":"index","follow":"follow","max-snippet":"max-snippet:-1","max-image-preview":"max-image-preview:large","max-video-preview":"max-video-preview:-1"},"canonical":"https:\/\/www.africa-press.net\/togo\/toutes-les-actualites\/togo-peur-bleue-sur-la-lagune-de-be-ce-matin","og_locale":"fr_FR","og_type":"article","og_title":"Togo-Peur bleue sur la lagune de B\u00e8 ce matin","og_description":"Dans la matine\u0301e de ce mardi 21 fe\u0301vrier 2023, les usagers de l\u2019Avenue Pa de Souza au niveau de la lagune de Be\u0300 (com ...","og_url":"https:\/\/www.africa-press.net\/togo\/toutes-les-actualites\/togo-peur-bleue-sur-la-lagune-de-be-ce-matin","og_site_name":"Togo","article_published_time":"2023-02-21T18:52:18+00:00","article_modified_time":"2023-02-21T19:58:56+00:00","og_image":[{"width":1280,"height":800,"url":"https:\/\/static.africa-press.net\/togo\/sites\/58\/2023\/02\/postQueueImg_1676992942.31.jpg","type":"image\/jpeg"}],"author":"cfeditorfr","twitter_card":"summary_large_image","twitter_misc":{"\u00c9crit par":"cfeditorfr","Dur\u00e9e de lecture estim\u00e9e":"1 minute"},"schema":{"@context":"https:\/\/schema.org","@graph":[{"@type":"Article","@id":"https:\/\/www.africa-press.net\/togo\/toutes-les-actualites\/togo-peur-bleue-sur-la-lagune-de-be-ce-matin#article","isPartOf":{"@id":"https:\/\/www.africa-press.net\/togo\/toutes-les-actualites\/togo-peur-bleue-sur-la-lagune-de-be-ce-matin"},"author":{"name":"cfeditorfr","@id":"https:\/\/www.africa-press.net\/togo\/#\/schema\/person\/2b1cf3cd81a31e3cd26889ca66d677f1"},"headline":"Togo-Peur bleue sur la lagune de B\u00e8 ce matin","datePublished":"2023-02-21T18:52:18+00:00","dateModified":"2023-02-21T19:58:56+00:00","mainEntityOfPage":{"@id":"https:\/\/www.africa-press.net\/togo\/toutes-les-actualites\/togo-peur-bleue-sur-la-lagune-de-be-ce-matin"},"wordCount":212,"commentCount":0,"image":{"@id":"https:\/\/www.africa-press.net\/togo\/toutes-les-actualites\/togo-peur-bleue-sur-la-lagune-de-be-ce-matin#primaryimage"},"thumbnailUrl":"https:\/\/static.africa-press.net\/togo\/sites\/58\/2023\/02\/postQueueImg_1676992942.31.jpg","keywords":["Africa Press","Africa Press-Togo","Togo"],"articleSection":["Communaut\u00e9","Toutes les actualit\u00e9s"],"inLanguage":"fr-FR","potentialAction":[{"@type":"CommentAction","name":"Comment","target":["https:\/\/www.africa-press.net\/togo\/toutes-les-actualites\/togo-peur-bleue-sur-la-lagune-de-be-ce-matin#respond"]}]},{"@type":"WebPage","@id":"https:\/\/www.africa-press.net\/togo\/toutes-les-actualites\/togo-peur-bleue-sur-la-lagune-de-be-ce-matin","url":"https:\/\/www.africa-press.net\/togo\/toutes-les-actualites\/togo-peur-bleue-sur-la-lagune-de-be-ce-matin","name":"Togo-Peur bleue sur la lagune de B\u00e8 ce matin - Togo","isPartOf":{"@id":"https:\/\/www.africa-press.net\/togo\/#website"},"primaryImageOfPage":{"@id":"https:\/\/www.africa-press.net\/togo\/toutes-les-actualites\/togo-peur-bleue-sur-la-lagune-de-be-ce-matin#primaryimage"},"image":{"@id":"https:\/\/www.africa-press.net\/togo\/toutes-les-actualites\/togo-peur-bleue-sur-la-lagune-de-be-ce-matin#primaryimage"},"thumbnailUrl":"https:\/\/static.africa-press.net\/togo\/sites\/58\/2023\/02\/postQueueImg_1676992942.31.jpg","datePublished":"2023-02-21T18:52:18+00:00","dateModified":"2023-02-21T19:58:56+00:00","author":{"@id":"https:\/\/www.africa-press.net\/togo\/#\/schema\/person\/2b1cf3cd81a31e3cd26889ca66d677f1"},"description":"Dans la matine\u0301e de ce mardi 21 fe\u0301vrier 2023, les usagers de l\u2019Avenue Pa de Souza au niveau de la lagune de Be\u0300 (com ...","breadcrumb":{"@id":"https:\/\/www.africa-press.net\/togo\/toutes-les-actualites\/togo-peur-bleue-sur-la-lagune-de-be-ce-matin#breadcrumb"},"inLanguage":"fr-FR","potentialAction":[{"@type":"ReadAction","target":["https:\/\/www.africa-press.net\/togo\/toutes-les-actualites\/togo-peur-bleue-sur-la-lagune-de-be-ce-matin"]}]},{"@type":"ImageObject","inLanguage":"fr-FR","@id":"https:\/\/www.africa-press.net\/togo\/toutes-les-actualites\/togo-peur-bleue-sur-la-lagune-de-be-ce-matin#primaryimage","url":"https:\/\/static.africa-press.net\/togo\/sites\/58\/2023\/02\/postQueueImg_1676992942.31.jpg","contentUrl":"https:\/\/static.africa-press.net\/togo\/sites\/58\/2023\/02\/postQueueImg_1676992942.31.jpg","width":1280,"height":800,"caption":"Togo-Peur bleue sur la lagune de B\u00e8 ce matin"},{"@type":"BreadcrumbList","@id":"https:\/\/www.africa-press.net\/togo\/toutes-les-actualites\/togo-peur-bleue-sur-la-lagune-de-be-ce-matin#breadcrumb","itemListElement":[{"@type":"ListItem","position":1,"name":"Accueil","item":"https:\/\/www.africa-press.net\/togo\/"},{"@type":"ListItem","position":2,"name":"Togo-Peur bleue sur la lagune de B\u00e8 ce matin"}]},{"@type":"WebSite","@id":"https:\/\/www.africa-press.net\/togo\/#website","url":"https:\/\/www.africa-press.net\/togo\/","name":"Togo","description":"Just another Africa News Agency Sites site","potentialAction":[{"@type":"SearchAction","target":{"@type":"EntryPoint","urlTemplate":"https:\/\/www.africa-press.net\/togo\/?s={search_term_string}"},"query-input":{"@type":"PropertyValueSpecification","valueRequired":true,"valueName":"search_term_string"}}],"inLanguage":"fr-FR"},{"@type":"Person","@id":"https:\/\/www.africa-press.net\/togo\/#\/schema\/person\/2b1cf3cd81a31e3cd26889ca66d677f1","name":"cfeditorfr"}]}},"_links":{"self":[{"href":"https:\/\/www.africa-press.net\/togo\/wp-json\/wp\/v2\/posts\/17534","targetHints":{"allow":["GET"]}}],"collection":[{"href":"https:\/\/www.africa-press.net\/togo\/wp-json\/wp\/v2\/posts"}],"about":[{"href":"https:\/\/www.africa-press.net\/togo\/wp-json\/wp\/v2\/types\/post"}],"author":[{"embeddable":true,"href":"https:\/\/www.africa-press.net\/togo\/wp-json\/wp\/v2\/users\/82"}],"replies":[{"embeddable":true,"href":"https:\/\/www.africa-press.net\/togo\/wp-json\/wp\/v2\/comments?post=17534"}],"version-history":[{"count":0,"href":"https:\/\/www.africa-press.net\/togo\/wp-json\/wp\/v2\/posts\/17534\/revisions"}],"wp:featuredmedia":[{"embeddable":true,"href":"https:\/\/www.africa-press.net\/togo\/wp-json\/wp\/v2\/media\/17533"}],"wp:attachment":[{"href":"https:\/\/www.africa-press.net\/togo\/wp-json\/wp\/v2\/media?parent=17534"}],"wp:term":[{"taxonomy":"category","embeddable":true,"href":"https:\/\/www.africa-press.net\/togo\/wp-json\/wp\/v2\/categories?post=17534"},{"taxonomy":"post_tag","embeddable":true,"href":"https:\/\/www.africa-press.net\/togo\/wp-json\/wp\/v2\/tags?post=17534"}],"curies":[{"name":"wp","href":"https:\/\/api.w.org\/{rel}","templated":true}]}}