{"id":17538,"date":"2023-02-21T18:52:41","date_gmt":"2023-02-21T18:52:41","guid":{"rendered":"https:\/\/www.africa-press.net\/togo\/politique\/togo-un-coiffeur-pedophile-mis-en-aux-arrets-a-dapaong"},"modified":"2023-02-21T19:59:41","modified_gmt":"2023-02-21T19:59:41","slug":"togo-un-coiffeur-pedophile-mis-en-aux-arrets-a-dapaong","status":"publish","type":"post","link":"https:\/\/www.africa-press.net\/togo\/toutes-les-actualites\/togo-un-coiffeur-pedophile-mis-en-aux-arrets-a-dapaong","title":{"rendered":"Togo-Un coiffeur p\u00e9dophile mis en aux arr\u00eats \u00e0 Dapaong"},"content":{"rendered":"<p><span style=\"color: #ff6600\"><strong>Africa-Press &#8211; Togo. <\/strong><\/span><b>Au rang des 25 dossiers criminels juge\u0301s par la premie\u0300re session 2023 des assises de la Cour d\u2019appel de Kara, figure celui d\u2019un homme de 42 ans, coiffeur de profession, inculpe\u0301 pour des actes de pe\u0301dophilie sur une jeune mineure de moins de 10 ans.<\/b><\/p>\n<p>Des faits de l\u2019espe\u0300ce, il ressort que le nomme\u0301 Komi, 42 ans, nationalite\u0301 togolaise, demeurant et domicilie\u0301 a\u0300 Dapaong (P\/To\u0302ne), coiffeur de profession est marie\u0301 et pe\u0300re de quatre (4) enfants.<\/p>\n<p>Dans 1a journe\u0301e du 05 janvier 2022, dame D.K., une voisine du sieur Komi, a confie\u0301 a\u0300 ce dernier ses deux enfants, dont la nomme\u0301e Fatima, mineure a\u0302ge\u0301e de sept (7) ans au moment des faits, pour les coiffer. Profitant de l\u2019absence de la maman, il proce\u0300de a\u0300 des attouchements et tentatives de pe\u0301ne\u0301trations sexuelles sur la petite Fatima.<\/p>\n<p>Quelques jours plus tard, sur de\u0301nonciation de la victime, le nomme\u0301 Komi est appre\u0301hende\u0301 par la brigade de recherches et d\u2019investigations de la police nationale de Dapaong.<\/p>\n<p>Il faut noter que depuis l\u2019enque\u0302te pre\u0301liminaire jusque devant le magistrat instructeur, le mis en cause n\u2019a jamais reconnu les faits qui sont mis a\u0300 sa charge. Dans son intervention, apre\u0300s avoir releve\u0301 les e\u0301le\u0301ments de sa culpabilite\u0301, le ministe\u0300re public a demande\u0301 aux jure\u0301s de condamner le sieur Komi a\u0300 20 ans de re\u0301clusion criminelle conforme\u0301ment aux dispositions de l\u2019article 224 du Nouveau Code pe\u0301nal.<\/p>\n<p>Apre\u0300s de\u0301libe\u0301ration, ce pe\u0300re de famille est reconnu coupable des faits de pe\u0301dophilie et condamne\u0301 a\u0300 15 ans de re\u0301clusion criminelle et 2.500.000 F CFA de dommage-inte\u0301re\u0302ts au profit de la partie civile.<\/p>\n<p><strong>Pour plus d&rsquo;informations et d&rsquo;analyses sur la <a href=\"https:\/\/www.africa-press.net\/togo\">Togo<\/a>, suivez <a href=\"https:\/\/www.africa-press.net\/\">Africa-Press<\/a><\/strong><\/p>\n","protected":false},"excerpt":{"rendered":"<p>Africa-Press &#8211; Togo. Au rang des 25 dossiers criminels juge\u0301s par la premie\u0300re session 2023 des assises de la Cour d\u2019appel de Kara, figure celui d\u2019un homme de 42 ans, coiffeur de profession, inculpe\u0301 pour des actes de pe\u0301dophilie sur une jeune mineure de moins de 10 ans. Des faits de l\u2019espe\u0300ce, il ressort que [&hellip;]<\/p>\n","protected":false},"author":82,"featured_media":17537,"comment_status":"open","ping_status":"closed","sticky":false,"template":"","format":"standard","meta":{"footnotes":""},"categories":[21,10],"tags":[36,49,50],"class_list":["post-17538","post","type-post","status-publish","format-standard","has-post-thumbnail","hentry","category-communaute","category-toutes-les-actualites","tag-africa-press","tag-africa-press-togo","tag-togo"],"yoast_head":"<!-- This site is optimized with the Yoast SEO Premium plugin v26.1 (Yoast SEO v27.0) - https:\/\/yoast.com\/product\/yoast-seo-premium-wordpress\/ -->\n<title>Togo-Un coiffeur p\u00e9dophile mis en aux arr\u00eats \u00e0 Dapaong - Togo<\/title>\n<meta name=\"description\" content=\"Au rang des 25 dossiers criminels juge\u0301s par la premie\u0300re session 2023 des assises de la Cour d\u2019appel de Kara, figure ...\" \/>\n<meta name=\"robots\" content=\"index, follow, max-snippet:-1, max-image-preview:large, max-video-preview:-1\" \/>\n<link rel=\"canonical\" href=\"https:\/\/www.africa-press.net\/togo\/toutes-les-actualites\/togo-un-coiffeur-pedophile-mis-en-aux-arrets-a-dapaong\" \/>\n<meta property=\"og:locale\" content=\"fr_FR\" \/>\n<meta property=\"og:type\" content=\"article\" \/>\n<meta property=\"og:title\" content=\"Togo-Un coiffeur p\u00e9dophile mis en aux arr\u00eats \u00e0 Dapaong\" \/>\n<meta property=\"og:description\" content=\"Au rang des 25 dossiers criminels juge\u0301s par la premie\u0300re session 2023 des assises de la Cour d\u2019appel de Kara, figure ...\" \/>\n<meta property=\"og:url\" content=\"https:\/\/www.africa-press.net\/togo\/toutes-les-actualites\/togo-un-coiffeur-pedophile-mis-en-aux-arrets-a-dapaong\" \/>\n<meta property=\"og:site_name\" content=\"Togo\" \/>\n<meta property=\"article:published_time\" content=\"2023-02-21T18:52:41+00:00\" \/>\n<meta property=\"article:modified_time\" content=\"2023-02-21T19:59:41+00:00\" \/>\n<meta property=\"og:image\" content=\"https:\/\/static.africa-press.net\/togo\/sites\/58\/2023\/02\/postQueueImg_1676992975.04.jpg\" \/>\n\t<meta property=\"og:image:width\" content=\"1200\" \/>\n\t<meta property=\"og:image:height\" content=\"800\" \/>\n\t<meta property=\"og:image:type\" content=\"image\/jpeg\" \/>\n<meta name=\"author\" content=\"cfeditorfr\" \/>\n<meta name=\"twitter:card\" content=\"summary_large_image\" \/>\n<meta name=\"twitter:label1\" content=\"\u00c9crit par\" \/>\n\t<meta name=\"twitter:data1\" content=\"cfeditorfr\" \/>\n\t<meta name=\"twitter:label2\" content=\"Dur\u00e9e de lecture estim\u00e9e\" \/>\n\t<meta name=\"twitter:data2\" content=\"2 minutes\" \/>\n<script type=\"application\/ld+json\" class=\"yoast-schema-graph\">{\"@context\":\"https:\/\/schema.org\",\"@graph\":[{\"@type\":\"Article\",\"@id\":\"https:\/\/www.africa-press.net\/togo\/toutes-les-actualites\/togo-un-coiffeur-pedophile-mis-en-aux-arrets-a-dapaong#article\",\"isPartOf\":{\"@id\":\"https:\/\/www.africa-press.net\/togo\/toutes-les-actualites\/togo-un-coiffeur-pedophile-mis-en-aux-arrets-a-dapaong\"},\"author\":{\"name\":\"cfeditorfr\",\"@id\":\"https:\/\/www.africa-press.net\/togo\/#\/schema\/person\/2b1cf3cd81a31e3cd26889ca66d677f1\"},\"headline\":\"Togo-Un coiffeur p\u00e9dophile mis en aux arr\u00eats \u00e0 Dapaong\",\"datePublished\":\"2023-02-21T18:52:41+00:00\",\"dateModified\":\"2023-02-21T19:59:41+00:00\",\"mainEntityOfPage\":{\"@id\":\"https:\/\/www.africa-press.net\/togo\/toutes-les-actualites\/togo-un-coiffeur-pedophile-mis-en-aux-arrets-a-dapaong\"},\"wordCount\":316,\"commentCount\":0,\"image\":{\"@id\":\"https:\/\/www.africa-press.net\/togo\/toutes-les-actualites\/togo-un-coiffeur-pedophile-mis-en-aux-arrets-a-dapaong#primaryimage\"},\"thumbnailUrl\":\"https:\/\/static.africa-press.net\/togo\/sites\/58\/2023\/02\/postQueueImg_1676992975.04.jpg\",\"keywords\":[\"Africa Press\",\"Africa Press-Togo\",\"Togo\"],\"articleSection\":[\"Communaut\u00e9\",\"Toutes les actualit\u00e9s\"],\"inLanguage\":\"fr-FR\",\"potentialAction\":[{\"@type\":\"CommentAction\",\"name\":\"Comment\",\"target\":[\"https:\/\/www.africa-press.net\/togo\/toutes-les-actualites\/togo-un-coiffeur-pedophile-mis-en-aux-arrets-a-dapaong#respond\"]}]},{\"@type\":\"WebPage\",\"@id\":\"https:\/\/www.africa-press.net\/togo\/toutes-les-actualites\/togo-un-coiffeur-pedophile-mis-en-aux-arrets-a-dapaong\",\"url\":\"https:\/\/www.africa-press.net\/togo\/toutes-les-actualites\/togo-un-coiffeur-pedophile-mis-en-aux-arrets-a-dapaong\",\"name\":\"Togo-Un coiffeur p\u00e9dophile mis en aux arr\u00eats \u00e0 Dapaong - Togo\",\"isPartOf\":{\"@id\":\"https:\/\/www.africa-press.net\/togo\/#website\"},\"primaryImageOfPage\":{\"@id\":\"https:\/\/www.africa-press.net\/togo\/toutes-les-actualites\/togo-un-coiffeur-pedophile-mis-en-aux-arrets-a-dapaong#primaryimage\"},\"image\":{\"@id\":\"https:\/\/www.africa-press.net\/togo\/toutes-les-actualites\/togo-un-coiffeur-pedophile-mis-en-aux-arrets-a-dapaong#primaryimage\"},\"thumbnailUrl\":\"https:\/\/static.africa-press.net\/togo\/sites\/58\/2023\/02\/postQueueImg_1676992975.04.jpg\",\"datePublished\":\"2023-02-21T18:52:41+00:00\",\"dateModified\":\"2023-02-21T19:59:41+00:00\",\"author\":{\"@id\":\"https:\/\/www.africa-press.net\/togo\/#\/schema\/person\/2b1cf3cd81a31e3cd26889ca66d677f1\"},\"description\":\"Au rang des 25 dossiers criminels juge\u0301s par la premie\u0300re session 2023 des assises de la Cour d\u2019appel de Kara, figure ...\",\"breadcrumb\":{\"@id\":\"https:\/\/www.africa-press.net\/togo\/toutes-les-actualites\/togo-un-coiffeur-pedophile-mis-en-aux-arrets-a-dapaong#breadcrumb\"},\"inLanguage\":\"fr-FR\",\"potentialAction\":[{\"@type\":\"ReadAction\",\"target\":[\"https:\/\/www.africa-press.net\/togo\/toutes-les-actualites\/togo-un-coiffeur-pedophile-mis-en-aux-arrets-a-dapaong\"]}]},{\"@type\":\"ImageObject\",\"inLanguage\":\"fr-FR\",\"@id\":\"https:\/\/www.africa-press.net\/togo\/toutes-les-actualites\/togo-un-coiffeur-pedophile-mis-en-aux-arrets-a-dapaong#primaryimage\",\"url\":\"https:\/\/static.africa-press.net\/togo\/sites\/58\/2023\/02\/postQueueImg_1676992975.04.jpg\",\"contentUrl\":\"https:\/\/static.africa-press.net\/togo\/sites\/58\/2023\/02\/postQueueImg_1676992975.04.jpg\",\"width\":1200,\"height\":800,\"caption\":\"Togo-Un coiffeur p\u00e9dophile mis en aux arr\u00eats \u00e0 Dapaong\"},{\"@type\":\"BreadcrumbList\",\"@id\":\"https:\/\/www.africa-press.net\/togo\/toutes-les-actualites\/togo-un-coiffeur-pedophile-mis-en-aux-arrets-a-dapaong#breadcrumb\",\"itemListElement\":[{\"@type\":\"ListItem\",\"position\":1,\"name\":\"Accueil\",\"item\":\"https:\/\/www.africa-press.net\/togo\/\"},{\"@type\":\"ListItem\",\"position\":2,\"name\":\"Togo-Un coiffeur p\u00e9dophile mis en aux arr\u00eats \u00e0 Dapaong\"}]},{\"@type\":\"WebSite\",\"@id\":\"https:\/\/www.africa-press.net\/togo\/#website\",\"url\":\"https:\/\/www.africa-press.net\/togo\/\",\"name\":\"Togo\",\"description\":\"Just another Africa News Agency Sites site\",\"potentialAction\":[{\"@type\":\"SearchAction\",\"target\":{\"@type\":\"EntryPoint\",\"urlTemplate\":\"https:\/\/www.africa-press.net\/togo\/?s={search_term_string}\"},\"query-input\":{\"@type\":\"PropertyValueSpecification\",\"valueRequired\":true,\"valueName\":\"search_term_string\"}}],\"inLanguage\":\"fr-FR\"},{\"@type\":\"Person\",\"@id\":\"https:\/\/www.africa-press.net\/togo\/#\/schema\/person\/2b1cf3cd81a31e3cd26889ca66d677f1\",\"name\":\"cfeditorfr\"}]}<\/script>\n<!-- \/ Yoast SEO Premium plugin. -->","yoast_head_json":{"title":"Togo-Un coiffeur p\u00e9dophile mis en aux arr\u00eats \u00e0 Dapaong - Togo","description":"Au rang des 25 dossiers criminels juge\u0301s par la premie\u0300re session 2023 des assises de la Cour d\u2019appel de Kara, figure ...","robots":{"index":"index","follow":"follow","max-snippet":"max-snippet:-1","max-image-preview":"max-image-preview:large","max-video-preview":"max-video-preview:-1"},"canonical":"https:\/\/www.africa-press.net\/togo\/toutes-les-actualites\/togo-un-coiffeur-pedophile-mis-en-aux-arrets-a-dapaong","og_locale":"fr_FR","og_type":"article","og_title":"Togo-Un coiffeur p\u00e9dophile mis en aux arr\u00eats \u00e0 Dapaong","og_description":"Au rang des 25 dossiers criminels juge\u0301s par la premie\u0300re session 2023 des assises de la Cour d\u2019appel de Kara, figure ...","og_url":"https:\/\/www.africa-press.net\/togo\/toutes-les-actualites\/togo-un-coiffeur-pedophile-mis-en-aux-arrets-a-dapaong","og_site_name":"Togo","article_published_time":"2023-02-21T18:52:41+00:00","article_modified_time":"2023-02-21T19:59:41+00:00","og_image":[{"width":1200,"height":800,"url":"https:\/\/static.africa-press.net\/togo\/sites\/58\/2023\/02\/postQueueImg_1676992975.04.jpg","type":"image\/jpeg"}],"author":"cfeditorfr","twitter_card":"summary_large_image","twitter_misc":{"\u00c9crit par":"cfeditorfr","Dur\u00e9e de lecture estim\u00e9e":"2 minutes"},"schema":{"@context":"https:\/\/schema.org","@graph":[{"@type":"Article","@id":"https:\/\/www.africa-press.net\/togo\/toutes-les-actualites\/togo-un-coiffeur-pedophile-mis-en-aux-arrets-a-dapaong#article","isPartOf":{"@id":"https:\/\/www.africa-press.net\/togo\/toutes-les-actualites\/togo-un-coiffeur-pedophile-mis-en-aux-arrets-a-dapaong"},"author":{"name":"cfeditorfr","@id":"https:\/\/www.africa-press.net\/togo\/#\/schema\/person\/2b1cf3cd81a31e3cd26889ca66d677f1"},"headline":"Togo-Un coiffeur p\u00e9dophile mis en aux arr\u00eats \u00e0 Dapaong","datePublished":"2023-02-21T18:52:41+00:00","dateModified":"2023-02-21T19:59:41+00:00","mainEntityOfPage":{"@id":"https:\/\/www.africa-press.net\/togo\/toutes-les-actualites\/togo-un-coiffeur-pedophile-mis-en-aux-arrets-a-dapaong"},"wordCount":316,"commentCount":0,"image":{"@id":"https:\/\/www.africa-press.net\/togo\/toutes-les-actualites\/togo-un-coiffeur-pedophile-mis-en-aux-arrets-a-dapaong#primaryimage"},"thumbnailUrl":"https:\/\/static.africa-press.net\/togo\/sites\/58\/2023\/02\/postQueueImg_1676992975.04.jpg","keywords":["Africa Press","Africa Press-Togo","Togo"],"articleSection":["Communaut\u00e9","Toutes les actualit\u00e9s"],"inLanguage":"fr-FR","potentialAction":[{"@type":"CommentAction","name":"Comment","target":["https:\/\/www.africa-press.net\/togo\/toutes-les-actualites\/togo-un-coiffeur-pedophile-mis-en-aux-arrets-a-dapaong#respond"]}]},{"@type":"WebPage","@id":"https:\/\/www.africa-press.net\/togo\/toutes-les-actualites\/togo-un-coiffeur-pedophile-mis-en-aux-arrets-a-dapaong","url":"https:\/\/www.africa-press.net\/togo\/toutes-les-actualites\/togo-un-coiffeur-pedophile-mis-en-aux-arrets-a-dapaong","name":"Togo-Un coiffeur p\u00e9dophile mis en aux arr\u00eats \u00e0 Dapaong - Togo","isPartOf":{"@id":"https:\/\/www.africa-press.net\/togo\/#website"},"primaryImageOfPage":{"@id":"https:\/\/www.africa-press.net\/togo\/toutes-les-actualites\/togo-un-coiffeur-pedophile-mis-en-aux-arrets-a-dapaong#primaryimage"},"image":{"@id":"https:\/\/www.africa-press.net\/togo\/toutes-les-actualites\/togo-un-coiffeur-pedophile-mis-en-aux-arrets-a-dapaong#primaryimage"},"thumbnailUrl":"https:\/\/static.africa-press.net\/togo\/sites\/58\/2023\/02\/postQueueImg_1676992975.04.jpg","datePublished":"2023-02-21T18:52:41+00:00","dateModified":"2023-02-21T19:59:41+00:00","author":{"@id":"https:\/\/www.africa-press.net\/togo\/#\/schema\/person\/2b1cf3cd81a31e3cd26889ca66d677f1"},"description":"Au rang des 25 dossiers criminels juge\u0301s par la premie\u0300re session 2023 des assises de la Cour d\u2019appel de Kara, figure ...","breadcrumb":{"@id":"https:\/\/www.africa-press.net\/togo\/toutes-les-actualites\/togo-un-coiffeur-pedophile-mis-en-aux-arrets-a-dapaong#breadcrumb"},"inLanguage":"fr-FR","potentialAction":[{"@type":"ReadAction","target":["https:\/\/www.africa-press.net\/togo\/toutes-les-actualites\/togo-un-coiffeur-pedophile-mis-en-aux-arrets-a-dapaong"]}]},{"@type":"ImageObject","inLanguage":"fr-FR","@id":"https:\/\/www.africa-press.net\/togo\/toutes-les-actualites\/togo-un-coiffeur-pedophile-mis-en-aux-arrets-a-dapaong#primaryimage","url":"https:\/\/static.africa-press.net\/togo\/sites\/58\/2023\/02\/postQueueImg_1676992975.04.jpg","contentUrl":"https:\/\/static.africa-press.net\/togo\/sites\/58\/2023\/02\/postQueueImg_1676992975.04.jpg","width":1200,"height":800,"caption":"Togo-Un coiffeur p\u00e9dophile mis en aux arr\u00eats \u00e0 Dapaong"},{"@type":"BreadcrumbList","@id":"https:\/\/www.africa-press.net\/togo\/toutes-les-actualites\/togo-un-coiffeur-pedophile-mis-en-aux-arrets-a-dapaong#breadcrumb","itemListElement":[{"@type":"ListItem","position":1,"name":"Accueil","item":"https:\/\/www.africa-press.net\/togo\/"},{"@type":"ListItem","position":2,"name":"Togo-Un coiffeur p\u00e9dophile mis en aux arr\u00eats \u00e0 Dapaong"}]},{"@type":"WebSite","@id":"https:\/\/www.africa-press.net\/togo\/#website","url":"https:\/\/www.africa-press.net\/togo\/","name":"Togo","description":"Just another Africa News Agency Sites site","potentialAction":[{"@type":"SearchAction","target":{"@type":"EntryPoint","urlTemplate":"https:\/\/www.africa-press.net\/togo\/?s={search_term_string}"},"query-input":{"@type":"PropertyValueSpecification","valueRequired":true,"valueName":"search_term_string"}}],"inLanguage":"fr-FR"},{"@type":"Person","@id":"https:\/\/www.africa-press.net\/togo\/#\/schema\/person\/2b1cf3cd81a31e3cd26889ca66d677f1","name":"cfeditorfr"}]}},"_links":{"self":[{"href":"https:\/\/www.africa-press.net\/togo\/wp-json\/wp\/v2\/posts\/17538","targetHints":{"allow":["GET"]}}],"collection":[{"href":"https:\/\/www.africa-press.net\/togo\/wp-json\/wp\/v2\/posts"}],"about":[{"href":"https:\/\/www.africa-press.net\/togo\/wp-json\/wp\/v2\/types\/post"}],"author":[{"embeddable":true,"href":"https:\/\/www.africa-press.net\/togo\/wp-json\/wp\/v2\/users\/82"}],"replies":[{"embeddable":true,"href":"https:\/\/www.africa-press.net\/togo\/wp-json\/wp\/v2\/comments?post=17538"}],"version-history":[{"count":0,"href":"https:\/\/www.africa-press.net\/togo\/wp-json\/wp\/v2\/posts\/17538\/revisions"}],"wp:featuredmedia":[{"embeddable":true,"href":"https:\/\/www.africa-press.net\/togo\/wp-json\/wp\/v2\/media\/17537"}],"wp:attachment":[{"href":"https:\/\/www.africa-press.net\/togo\/wp-json\/wp\/v2\/media?parent=17538"}],"wp:term":[{"taxonomy":"category","embeddable":true,"href":"https:\/\/www.africa-press.net\/togo\/wp-json\/wp\/v2\/categories?post=17538"},{"taxonomy":"post_tag","embeddable":true,"href":"https:\/\/www.africa-press.net\/togo\/wp-json\/wp\/v2\/tags?post=17538"}],"curies":[{"name":"wp","href":"https:\/\/api.w.org\/{rel}","templated":true}]}}