{"id":17610,"date":"2023-02-22T12:46:47","date_gmt":"2023-02-22T12:46:47","guid":{"rendered":"https:\/\/www.africa-press.net\/togo\/politique\/togo-les-adieux-daliou-dia-a-faure-gnassingbe"},"modified":"2023-02-22T12:55:56","modified_gmt":"2023-02-22T12:55:56","slug":"togo-les-adieux-daliou-dia-a-faure-gnassingbe","status":"publish","type":"post","link":"https:\/\/www.africa-press.net\/togo\/politique\/togo-les-adieux-daliou-dia-a-faure-gnassingbe","title":{"rendered":"Togo-Les adieux d\u2019Aliou Dia \u00e0 Faure Gnassingb\u00e9"},"content":{"rendered":"<p><span style=\"color: #ff6600\"><strong>Africa-Press &#8211; Togo. <\/strong><\/span><b>Le chef de l\u2019Etat Faure Gnassingbe\u0301 a rec\u0327u ce mardi Aliou Mamadou Dia, Repre\u0301sentant-re\u0301sident du Programme des Nations unies pour le de\u0301veloppement (PNUD) et Repre\u0301sentant-Re\u0301sident du Syste\u0300me des Nations unies, en fin de mission au Togo.<\/b><\/p>\n<p>Aliou Dia est alle\u0301 dire ses adieux a\u0300 Faure Gnassingbe\u0301. L\u2019occasion pour les deux hommes de faire le point des re\u0301alisations du PNUD et du Syste\u0300me des Nations unies au Togo, au cours des quatre dernie\u0300res anne\u0301es.<\/p>\n<p>\u00ab Nous avons aborde\u0301 ce qu\u2019on a pu faire avec le PNUD et le Syste\u0300me des Nations unies pour accompagner la mise en \u0153uvre de la Feuille de route. Je voudrais remercier le chef de l\u2019E\u0301tat pour la facilitation de notre mission \u00bb, a pre\u0301cise\u0301 Aliou Mamadou Dia.<\/p>\n<p>En effet, la contribution du PNUD aux efforts de de\u0301veloppement du Togo a permis au pays d\u2019atteindre des re\u0301sultats probants dans de nombreux domaines, notamment l\u2019e\u0301ducation, l\u2019e\u0301nergie, l\u2019inclusion sociale, l\u2019emploi des jeunes, l\u2019e\u0301galite\u0301 genre a\u0300 travers des programmes multidimensionnels novateurs tel que le Programme d\u2019urgence de de\u0301veloppement communautaire (PUDC).<\/p>\n<p>Le partenariat entre le Togo et l\u2019agence onusienne s\u2019est aussi de\u0301veloppe\u0301 en matie\u0300re d\u2019assistance e\u0301lectorale, de de\u0301centralisation, de consolidation de la paix et de gestion de l\u2019environnement.<\/p>\n<p>Le PNUD a en outre soutenu le secteur prive\u0301, notamment a\u0300 travers le projet de Facilite\u0301 togolaise pour l\u2019acce\u0301le\u0301ration et l\u2019innovation (FTAI), finance\u0301 annuellement a\u0300 hauteur de 265 millions FCFA en faveur de l\u2019innovation des startups et Petites et moyennes entreprises (PME).<\/p>\n<p>En rappel, le gouvernement et le Syste\u0300me des Nations unies ont signe\u0301 le 14 fe\u0301vrier dernier, un nouveau cadre de coope\u0301ration pour la pe\u0301riode 2023-2026 d\u2019un montant d\u2019environ 150 milliards de FCFA.<\/p>\n<p><strong>Pour plus d&rsquo;informations et d&rsquo;analyses sur la <a href=\"https:\/\/www.africa-press.net\/togo\">Togo<\/a>, suivez <a href=\"https:\/\/www.africa-press.net\/\">Africa-Press<\/a><\/strong><\/p>\n","protected":false},"excerpt":{"rendered":"<p>Africa-Press &#8211; Togo. Le chef de l\u2019Etat Faure Gnassingbe\u0301 a rec\u0327u ce mardi Aliou Mamadou Dia, Repre\u0301sentant-re\u0301sident du Programme des Nations unies pour le de\u0301veloppement (PNUD) et Repre\u0301sentant-Re\u0301sident du Syste\u0300me des Nations unies, en fin de mission au Togo. Aliou Dia est alle\u0301 dire ses adieux a\u0300 Faure Gnassingbe\u0301. L\u2019occasion pour les deux hommes de [&hellip;]<\/p>\n","protected":false},"author":82,"featured_media":17608,"comment_status":"open","ping_status":"closed","sticky":false,"template":"","format":"standard","meta":{"footnotes":""},"categories":[2,10],"tags":[36,49,50],"class_list":["post-17610","post","type-post","status-publish","format-standard","has-post-thumbnail","hentry","category-politique","category-toutes-les-actualites","tag-africa-press","tag-africa-press-togo","tag-togo"],"yoast_head":"<!-- This site is optimized with the Yoast SEO Premium plugin v26.1 (Yoast SEO v27.0) - https:\/\/yoast.com\/product\/yoast-seo-premium-wordpress\/ -->\n<title>Togo-Les adieux d\u2019Aliou Dia \u00e0 Faure Gnassingb\u00e9 - Togo<\/title>\n<meta name=\"description\" content=\"Le chef de l\u2019Etat Faure Gnassingbe\u0301 a rec\u0327u ce mardi Aliou Mamadou Dia, Repre\u0301sentant-re\u0301sident du Programme des Nati ...\" \/>\n<meta name=\"robots\" content=\"index, follow, max-snippet:-1, max-image-preview:large, max-video-preview:-1\" \/>\n<link rel=\"canonical\" href=\"https:\/\/www.africa-press.net\/togo\/politique\/togo-les-adieux-daliou-dia-a-faure-gnassingbe\" \/>\n<meta property=\"og:locale\" content=\"fr_FR\" \/>\n<meta property=\"og:type\" content=\"article\" \/>\n<meta property=\"og:title\" content=\"Togo-Les adieux d\u2019Aliou Dia \u00e0 Faure Gnassingb\u00e9\" \/>\n<meta property=\"og:description\" content=\"Le chef de l\u2019Etat Faure Gnassingbe\u0301 a rec\u0327u ce mardi Aliou Mamadou Dia, Repre\u0301sentant-re\u0301sident du Programme des Nati ...\" \/>\n<meta property=\"og:url\" content=\"https:\/\/www.africa-press.net\/togo\/politique\/togo-les-adieux-daliou-dia-a-faure-gnassingbe\" \/>\n<meta property=\"og:site_name\" content=\"Togo\" \/>\n<meta property=\"article:published_time\" content=\"2023-02-22T12:46:47+00:00\" \/>\n<meta property=\"article:modified_time\" content=\"2023-02-22T12:55:56+00:00\" \/>\n<meta property=\"og:image\" content=\"https:\/\/static.africa-press.net\/togo\/sites\/58\/2023\/02\/postQueueImg_1677057414.80.jpg\" \/>\n\t<meta property=\"og:image:width\" content=\"1280\" \/>\n\t<meta property=\"og:image:height\" content=\"806\" \/>\n\t<meta property=\"og:image:type\" content=\"image\/jpeg\" \/>\n<meta name=\"author\" content=\"cfeditorfr\" \/>\n<meta name=\"twitter:card\" content=\"summary_large_image\" \/>\n<meta name=\"twitter:label1\" content=\"\u00c9crit par\" \/>\n\t<meta name=\"twitter:data1\" content=\"cfeditorfr\" \/>\n\t<meta name=\"twitter:label2\" content=\"Dur\u00e9e de lecture estim\u00e9e\" \/>\n\t<meta name=\"twitter:data2\" content=\"2 minutes\" \/>\n<script type=\"application\/ld+json\" class=\"yoast-schema-graph\">{\"@context\":\"https:\/\/schema.org\",\"@graph\":[{\"@type\":\"Article\",\"@id\":\"https:\/\/www.africa-press.net\/togo\/politique\/togo-les-adieux-daliou-dia-a-faure-gnassingbe#article\",\"isPartOf\":{\"@id\":\"https:\/\/www.africa-press.net\/togo\/politique\/togo-les-adieux-daliou-dia-a-faure-gnassingbe\"},\"author\":{\"name\":\"cfeditorfr\",\"@id\":\"https:\/\/www.africa-press.net\/togo\/#\/schema\/person\/2b1cf3cd81a31e3cd26889ca66d677f1\"},\"headline\":\"Togo-Les adieux d\u2019Aliou Dia \u00e0 Faure Gnassingb\u00e9\",\"datePublished\":\"2023-02-22T12:46:47+00:00\",\"dateModified\":\"2023-02-22T12:55:56+00:00\",\"mainEntityOfPage\":{\"@id\":\"https:\/\/www.africa-press.net\/togo\/politique\/togo-les-adieux-daliou-dia-a-faure-gnassingbe\"},\"wordCount\":338,\"commentCount\":0,\"image\":{\"@id\":\"https:\/\/www.africa-press.net\/togo\/politique\/togo-les-adieux-daliou-dia-a-faure-gnassingbe#primaryimage\"},\"thumbnailUrl\":\"https:\/\/static.africa-press.net\/togo\/sites\/58\/2023\/02\/postQueueImg_1677057414.80.jpg\",\"keywords\":[\"Africa Press\",\"Africa Press-Togo\",\"Togo\"],\"articleSection\":[\"Politique\",\"Toutes les actualit\u00e9s\"],\"inLanguage\":\"fr-FR\",\"potentialAction\":[{\"@type\":\"CommentAction\",\"name\":\"Comment\",\"target\":[\"https:\/\/www.africa-press.net\/togo\/politique\/togo-les-adieux-daliou-dia-a-faure-gnassingbe#respond\"]}]},{\"@type\":\"WebPage\",\"@id\":\"https:\/\/www.africa-press.net\/togo\/politique\/togo-les-adieux-daliou-dia-a-faure-gnassingbe\",\"url\":\"https:\/\/www.africa-press.net\/togo\/politique\/togo-les-adieux-daliou-dia-a-faure-gnassingbe\",\"name\":\"Togo-Les adieux d\u2019Aliou Dia \u00e0 Faure Gnassingb\u00e9 - Togo\",\"isPartOf\":{\"@id\":\"https:\/\/www.africa-press.net\/togo\/#website\"},\"primaryImageOfPage\":{\"@id\":\"https:\/\/www.africa-press.net\/togo\/politique\/togo-les-adieux-daliou-dia-a-faure-gnassingbe#primaryimage\"},\"image\":{\"@id\":\"https:\/\/www.africa-press.net\/togo\/politique\/togo-les-adieux-daliou-dia-a-faure-gnassingbe#primaryimage\"},\"thumbnailUrl\":\"https:\/\/static.africa-press.net\/togo\/sites\/58\/2023\/02\/postQueueImg_1677057414.80.jpg\",\"datePublished\":\"2023-02-22T12:46:47+00:00\",\"dateModified\":\"2023-02-22T12:55:56+00:00\",\"author\":{\"@id\":\"https:\/\/www.africa-press.net\/togo\/#\/schema\/person\/2b1cf3cd81a31e3cd26889ca66d677f1\"},\"description\":\"Le chef de l\u2019Etat Faure Gnassingbe\u0301 a rec\u0327u ce mardi Aliou Mamadou Dia, Repre\u0301sentant-re\u0301sident du Programme des Nati ...\",\"breadcrumb\":{\"@id\":\"https:\/\/www.africa-press.net\/togo\/politique\/togo-les-adieux-daliou-dia-a-faure-gnassingbe#breadcrumb\"},\"inLanguage\":\"fr-FR\",\"potentialAction\":[{\"@type\":\"ReadAction\",\"target\":[\"https:\/\/www.africa-press.net\/togo\/politique\/togo-les-adieux-daliou-dia-a-faure-gnassingbe\"]}]},{\"@type\":\"ImageObject\",\"inLanguage\":\"fr-FR\",\"@id\":\"https:\/\/www.africa-press.net\/togo\/politique\/togo-les-adieux-daliou-dia-a-faure-gnassingbe#primaryimage\",\"url\":\"https:\/\/static.africa-press.net\/togo\/sites\/58\/2023\/02\/postQueueImg_1677057414.80.jpg\",\"contentUrl\":\"https:\/\/static.africa-press.net\/togo\/sites\/58\/2023\/02\/postQueueImg_1677057414.80.jpg\",\"width\":1280,\"height\":806,\"caption\":\"Togo-Les adieux d\u2019Aliou Dia \u00e0 Faure Gnassingb\u00e9\"},{\"@type\":\"BreadcrumbList\",\"@id\":\"https:\/\/www.africa-press.net\/togo\/politique\/togo-les-adieux-daliou-dia-a-faure-gnassingbe#breadcrumb\",\"itemListElement\":[{\"@type\":\"ListItem\",\"position\":1,\"name\":\"Accueil\",\"item\":\"https:\/\/www.africa-press.net\/togo\/\"},{\"@type\":\"ListItem\",\"position\":2,\"name\":\"Togo-Les adieux d\u2019Aliou Dia \u00e0 Faure Gnassingb\u00e9\"}]},{\"@type\":\"WebSite\",\"@id\":\"https:\/\/www.africa-press.net\/togo\/#website\",\"url\":\"https:\/\/www.africa-press.net\/togo\/\",\"name\":\"Togo\",\"description\":\"Just another Africa News Agency Sites site\",\"potentialAction\":[{\"@type\":\"SearchAction\",\"target\":{\"@type\":\"EntryPoint\",\"urlTemplate\":\"https:\/\/www.africa-press.net\/togo\/?s={search_term_string}\"},\"query-input\":{\"@type\":\"PropertyValueSpecification\",\"valueRequired\":true,\"valueName\":\"search_term_string\"}}],\"inLanguage\":\"fr-FR\"},{\"@type\":\"Person\",\"@id\":\"https:\/\/www.africa-press.net\/togo\/#\/schema\/person\/2b1cf3cd81a31e3cd26889ca66d677f1\",\"name\":\"cfeditorfr\"}]}<\/script>\n<!-- \/ Yoast SEO Premium plugin. -->","yoast_head_json":{"title":"Togo-Les adieux d\u2019Aliou Dia \u00e0 Faure Gnassingb\u00e9 - Togo","description":"Le chef de l\u2019Etat Faure Gnassingbe\u0301 a rec\u0327u ce mardi Aliou Mamadou Dia, Repre\u0301sentant-re\u0301sident du Programme des Nati ...","robots":{"index":"index","follow":"follow","max-snippet":"max-snippet:-1","max-image-preview":"max-image-preview:large","max-video-preview":"max-video-preview:-1"},"canonical":"https:\/\/www.africa-press.net\/togo\/politique\/togo-les-adieux-daliou-dia-a-faure-gnassingbe","og_locale":"fr_FR","og_type":"article","og_title":"Togo-Les adieux d\u2019Aliou Dia \u00e0 Faure Gnassingb\u00e9","og_description":"Le chef de l\u2019Etat Faure Gnassingbe\u0301 a rec\u0327u ce mardi Aliou Mamadou Dia, Repre\u0301sentant-re\u0301sident du Programme des Nati ...","og_url":"https:\/\/www.africa-press.net\/togo\/politique\/togo-les-adieux-daliou-dia-a-faure-gnassingbe","og_site_name":"Togo","article_published_time":"2023-02-22T12:46:47+00:00","article_modified_time":"2023-02-22T12:55:56+00:00","og_image":[{"width":1280,"height":806,"url":"https:\/\/static.africa-press.net\/togo\/sites\/58\/2023\/02\/postQueueImg_1677057414.80.jpg","type":"image\/jpeg"}],"author":"cfeditorfr","twitter_card":"summary_large_image","twitter_misc":{"\u00c9crit par":"cfeditorfr","Dur\u00e9e de lecture estim\u00e9e":"2 minutes"},"schema":{"@context":"https:\/\/schema.org","@graph":[{"@type":"Article","@id":"https:\/\/www.africa-press.net\/togo\/politique\/togo-les-adieux-daliou-dia-a-faure-gnassingbe#article","isPartOf":{"@id":"https:\/\/www.africa-press.net\/togo\/politique\/togo-les-adieux-daliou-dia-a-faure-gnassingbe"},"author":{"name":"cfeditorfr","@id":"https:\/\/www.africa-press.net\/togo\/#\/schema\/person\/2b1cf3cd81a31e3cd26889ca66d677f1"},"headline":"Togo-Les adieux d\u2019Aliou Dia \u00e0 Faure Gnassingb\u00e9","datePublished":"2023-02-22T12:46:47+00:00","dateModified":"2023-02-22T12:55:56+00:00","mainEntityOfPage":{"@id":"https:\/\/www.africa-press.net\/togo\/politique\/togo-les-adieux-daliou-dia-a-faure-gnassingbe"},"wordCount":338,"commentCount":0,"image":{"@id":"https:\/\/www.africa-press.net\/togo\/politique\/togo-les-adieux-daliou-dia-a-faure-gnassingbe#primaryimage"},"thumbnailUrl":"https:\/\/static.africa-press.net\/togo\/sites\/58\/2023\/02\/postQueueImg_1677057414.80.jpg","keywords":["Africa Press","Africa Press-Togo","Togo"],"articleSection":["Politique","Toutes les actualit\u00e9s"],"inLanguage":"fr-FR","potentialAction":[{"@type":"CommentAction","name":"Comment","target":["https:\/\/www.africa-press.net\/togo\/politique\/togo-les-adieux-daliou-dia-a-faure-gnassingbe#respond"]}]},{"@type":"WebPage","@id":"https:\/\/www.africa-press.net\/togo\/politique\/togo-les-adieux-daliou-dia-a-faure-gnassingbe","url":"https:\/\/www.africa-press.net\/togo\/politique\/togo-les-adieux-daliou-dia-a-faure-gnassingbe","name":"Togo-Les adieux d\u2019Aliou Dia \u00e0 Faure Gnassingb\u00e9 - Togo","isPartOf":{"@id":"https:\/\/www.africa-press.net\/togo\/#website"},"primaryImageOfPage":{"@id":"https:\/\/www.africa-press.net\/togo\/politique\/togo-les-adieux-daliou-dia-a-faure-gnassingbe#primaryimage"},"image":{"@id":"https:\/\/www.africa-press.net\/togo\/politique\/togo-les-adieux-daliou-dia-a-faure-gnassingbe#primaryimage"},"thumbnailUrl":"https:\/\/static.africa-press.net\/togo\/sites\/58\/2023\/02\/postQueueImg_1677057414.80.jpg","datePublished":"2023-02-22T12:46:47+00:00","dateModified":"2023-02-22T12:55:56+00:00","author":{"@id":"https:\/\/www.africa-press.net\/togo\/#\/schema\/person\/2b1cf3cd81a31e3cd26889ca66d677f1"},"description":"Le chef de l\u2019Etat Faure Gnassingbe\u0301 a rec\u0327u ce mardi Aliou Mamadou Dia, Repre\u0301sentant-re\u0301sident du Programme des Nati ...","breadcrumb":{"@id":"https:\/\/www.africa-press.net\/togo\/politique\/togo-les-adieux-daliou-dia-a-faure-gnassingbe#breadcrumb"},"inLanguage":"fr-FR","potentialAction":[{"@type":"ReadAction","target":["https:\/\/www.africa-press.net\/togo\/politique\/togo-les-adieux-daliou-dia-a-faure-gnassingbe"]}]},{"@type":"ImageObject","inLanguage":"fr-FR","@id":"https:\/\/www.africa-press.net\/togo\/politique\/togo-les-adieux-daliou-dia-a-faure-gnassingbe#primaryimage","url":"https:\/\/static.africa-press.net\/togo\/sites\/58\/2023\/02\/postQueueImg_1677057414.80.jpg","contentUrl":"https:\/\/static.africa-press.net\/togo\/sites\/58\/2023\/02\/postQueueImg_1677057414.80.jpg","width":1280,"height":806,"caption":"Togo-Les adieux d\u2019Aliou Dia \u00e0 Faure Gnassingb\u00e9"},{"@type":"BreadcrumbList","@id":"https:\/\/www.africa-press.net\/togo\/politique\/togo-les-adieux-daliou-dia-a-faure-gnassingbe#breadcrumb","itemListElement":[{"@type":"ListItem","position":1,"name":"Accueil","item":"https:\/\/www.africa-press.net\/togo\/"},{"@type":"ListItem","position":2,"name":"Togo-Les adieux d\u2019Aliou Dia \u00e0 Faure Gnassingb\u00e9"}]},{"@type":"WebSite","@id":"https:\/\/www.africa-press.net\/togo\/#website","url":"https:\/\/www.africa-press.net\/togo\/","name":"Togo","description":"Just another Africa News Agency Sites site","potentialAction":[{"@type":"SearchAction","target":{"@type":"EntryPoint","urlTemplate":"https:\/\/www.africa-press.net\/togo\/?s={search_term_string}"},"query-input":{"@type":"PropertyValueSpecification","valueRequired":true,"valueName":"search_term_string"}}],"inLanguage":"fr-FR"},{"@type":"Person","@id":"https:\/\/www.africa-press.net\/togo\/#\/schema\/person\/2b1cf3cd81a31e3cd26889ca66d677f1","name":"cfeditorfr"}]}},"_links":{"self":[{"href":"https:\/\/www.africa-press.net\/togo\/wp-json\/wp\/v2\/posts\/17610","targetHints":{"allow":["GET"]}}],"collection":[{"href":"https:\/\/www.africa-press.net\/togo\/wp-json\/wp\/v2\/posts"}],"about":[{"href":"https:\/\/www.africa-press.net\/togo\/wp-json\/wp\/v2\/types\/post"}],"author":[{"embeddable":true,"href":"https:\/\/www.africa-press.net\/togo\/wp-json\/wp\/v2\/users\/82"}],"replies":[{"embeddable":true,"href":"https:\/\/www.africa-press.net\/togo\/wp-json\/wp\/v2\/comments?post=17610"}],"version-history":[{"count":0,"href":"https:\/\/www.africa-press.net\/togo\/wp-json\/wp\/v2\/posts\/17610\/revisions"}],"wp:featuredmedia":[{"embeddable":true,"href":"https:\/\/www.africa-press.net\/togo\/wp-json\/wp\/v2\/media\/17608"}],"wp:attachment":[{"href":"https:\/\/www.africa-press.net\/togo\/wp-json\/wp\/v2\/media?parent=17610"}],"wp:term":[{"taxonomy":"category","embeddable":true,"href":"https:\/\/www.africa-press.net\/togo\/wp-json\/wp\/v2\/categories?post=17610"},{"taxonomy":"post_tag","embeddable":true,"href":"https:\/\/www.africa-press.net\/togo\/wp-json\/wp\/v2\/tags?post=17610"}],"curies":[{"name":"wp","href":"https:\/\/api.w.org\/{rel}","templated":true}]}}