{"id":17619,"date":"2023-02-22T12:45:31","date_gmt":"2023-02-22T12:45:31","guid":{"rendered":"https:\/\/www.africa-press.net\/togo\/politique\/elim-can-2023-eperviers-etalons-les-24-et-29-mars-a-marrakech-et-lome"},"modified":"2023-02-22T12:57:09","modified_gmt":"2023-02-22T12:57:09","slug":"elim-can-2023-eperviers-etalons-les-24-et-29-mars-a-marrakech-et-lome","status":"publish","type":"post","link":"https:\/\/www.africa-press.net\/togo\/sports\/elim-can-2023-eperviers-etalons-les-24-et-29-mars-a-marrakech-et-lome","title":{"rendered":"Elim CAN 2023 : Eperviers-Etalons les 24 et 29 mars \u00e0 Marrakech et Lom\u00e9"},"content":{"rendered":"<p><span style=\"color: #ff6600\"><strong>Africa-Press &#8211; Togo. <\/strong><\/span><b>Le Togo et le Burkina Faso se donnent rendez-vous les 24 et 28 mars prochains respectivement a\u0300 Marrakech et Lome\u0301 dans le cadre des e\u0301liminatoires de la CAN 2023.<\/b><\/p>\n<p>La Confe\u0301de\u0301ration africaine de football (CAF) pre\u0301cise les dates auxquelles les E\u0301perviers et les E\u0301talons vont jouer en une double confrontation de la course qualificative de la CAN Co\u0302te d\u2019Ivoire 2023.<\/p>\n<p>Le Burkina Faso recevra le Togo le 24 mars a\u0300 19 heures a\u0300 Marrakech. N\u2019ayant pas de stade homologue\u0301, la se\u0301lection burkinabe\u0301 joue a\u0300 l\u2019exte\u0301rieur. Le retour aura lieu quatre jours plus tard au stade de Ke\u0301gue\u0301 a\u0300 Lome\u0301 a\u0300 partir de 19 heures GMT.<\/p>\n<p>Apre\u0300s deux journe\u0301es des e\u0301liminatoires, les E\u0301perviers se classent au quatrie\u0300me rang suite un nul (2-2) contre Eswatini et la de\u0301faite contre le Cap Vert.<\/p>\n<p><strong>Pour plus d&rsquo;informations et d&rsquo;analyses sur la <a href=\"https:\/\/www.africa-press.net\/togo\">Togo<\/a>, suivez <a href=\"https:\/\/www.africa-press.net\/\">Africa-Press<\/a><\/strong><\/p>\n","protected":false},"excerpt":{"rendered":"<p>Africa-Press &#8211; Togo. Le Togo et le Burkina Faso se donnent rendez-vous les 24 et 28 mars prochains respectivement a\u0300 Marrakech et Lome\u0301 dans le cadre des e\u0301liminatoires de la CAN 2023. La Confe\u0301de\u0301ration africaine de football (CAF) pre\u0301cise les dates auxquelles les E\u0301perviers et les E\u0301talons vont jouer en une double confrontation de la [&hellip;]<\/p>\n","protected":false},"author":82,"featured_media":17615,"comment_status":"open","ping_status":"closed","sticky":false,"template":"","format":"standard","meta":{"footnotes":""},"categories":[6,10],"tags":[36,49,50],"class_list":["post-17619","post","type-post","status-publish","format-standard","has-post-thumbnail","hentry","category-sports","category-toutes-les-actualites","tag-africa-press","tag-africa-press-togo","tag-togo"],"yoast_head":"<!-- This site is optimized with the Yoast SEO Premium plugin v26.1 (Yoast SEO v27.0) - https:\/\/yoast.com\/product\/yoast-seo-premium-wordpress\/ -->\n<title>Elim CAN 2023 : Eperviers-Etalons les 24 et 29 mars \u00e0 Marrakech et Lom\u00e9 - Togo<\/title>\n<meta name=\"description\" content=\"Le Togo et le Burkina Faso se donnent rendez-vous les 24 et 28 mars prochains respectivement a\u0300 Marrakech et Lome\u0301 da ...\" \/>\n<meta name=\"robots\" content=\"index, follow, max-snippet:-1, max-image-preview:large, max-video-preview:-1\" \/>\n<link rel=\"canonical\" href=\"https:\/\/www.africa-press.net\/togo\/sports\/elim-can-2023-eperviers-etalons-les-24-et-29-mars-a-marrakech-et-lome\" \/>\n<meta property=\"og:locale\" content=\"fr_FR\" \/>\n<meta property=\"og:type\" content=\"article\" \/>\n<meta property=\"og:title\" content=\"Elim CAN 2023 : Eperviers-Etalons les 24 et 29 mars \u00e0 Marrakech et Lom\u00e9\" \/>\n<meta property=\"og:description\" content=\"Le Togo et le Burkina Faso se donnent rendez-vous les 24 et 28 mars prochains respectivement a\u0300 Marrakech et Lome\u0301 da ...\" \/>\n<meta property=\"og:url\" content=\"https:\/\/www.africa-press.net\/togo\/sports\/elim-can-2023-eperviers-etalons-les-24-et-29-mars-a-marrakech-et-lome\" \/>\n<meta property=\"og:site_name\" content=\"Togo\" \/>\n<meta property=\"article:published_time\" content=\"2023-02-22T12:45:31+00:00\" \/>\n<meta property=\"article:modified_time\" content=\"2023-02-22T12:57:09+00:00\" \/>\n<meta property=\"og:image\" content=\"https:\/\/static.africa-press.net\/togo\/sites\/58\/2023\/02\/postQueueImg_1677057338.66.jpg\" \/>\n\t<meta property=\"og:image:width\" content=\"1280\" \/>\n\t<meta property=\"og:image:height\" content=\"803\" \/>\n\t<meta property=\"og:image:type\" content=\"image\/jpeg\" \/>\n<meta name=\"author\" content=\"cfeditorfr\" \/>\n<meta name=\"twitter:card\" content=\"summary_large_image\" \/>\n<meta name=\"twitter:label1\" content=\"\u00c9crit par\" \/>\n\t<meta name=\"twitter:data1\" content=\"cfeditorfr\" \/>\n\t<meta name=\"twitter:label2\" content=\"Dur\u00e9e de lecture estim\u00e9e\" \/>\n\t<meta name=\"twitter:data2\" content=\"1 minute\" \/>\n<script type=\"application\/ld+json\" class=\"yoast-schema-graph\">{\"@context\":\"https:\/\/schema.org\",\"@graph\":[{\"@type\":\"Article\",\"@id\":\"https:\/\/www.africa-press.net\/togo\/sports\/elim-can-2023-eperviers-etalons-les-24-et-29-mars-a-marrakech-et-lome#article\",\"isPartOf\":{\"@id\":\"https:\/\/www.africa-press.net\/togo\/sports\/elim-can-2023-eperviers-etalons-les-24-et-29-mars-a-marrakech-et-lome\"},\"author\":{\"name\":\"cfeditorfr\",\"@id\":\"https:\/\/www.africa-press.net\/togo\/#\/schema\/person\/2b1cf3cd81a31e3cd26889ca66d677f1\"},\"headline\":\"Elim CAN 2023 : Eperviers-Etalons les 24 et 29 mars \u00e0 Marrakech et Lom\u00e9\",\"datePublished\":\"2023-02-22T12:45:31+00:00\",\"dateModified\":\"2023-02-22T12:57:09+00:00\",\"mainEntityOfPage\":{\"@id\":\"https:\/\/www.africa-press.net\/togo\/sports\/elim-can-2023-eperviers-etalons-les-24-et-29-mars-a-marrakech-et-lome\"},\"wordCount\":166,\"commentCount\":0,\"image\":{\"@id\":\"https:\/\/www.africa-press.net\/togo\/sports\/elim-can-2023-eperviers-etalons-les-24-et-29-mars-a-marrakech-et-lome#primaryimage\"},\"thumbnailUrl\":\"https:\/\/static.africa-press.net\/togo\/sites\/58\/2023\/02\/postQueueImg_1677057338.66.jpg\",\"keywords\":[\"Africa Press\",\"Africa Press-Togo\",\"Togo\"],\"articleSection\":[\"Sports\",\"Toutes les actualit\u00e9s\"],\"inLanguage\":\"fr-FR\",\"potentialAction\":[{\"@type\":\"CommentAction\",\"name\":\"Comment\",\"target\":[\"https:\/\/www.africa-press.net\/togo\/sports\/elim-can-2023-eperviers-etalons-les-24-et-29-mars-a-marrakech-et-lome#respond\"]}]},{\"@type\":\"WebPage\",\"@id\":\"https:\/\/www.africa-press.net\/togo\/sports\/elim-can-2023-eperviers-etalons-les-24-et-29-mars-a-marrakech-et-lome\",\"url\":\"https:\/\/www.africa-press.net\/togo\/sports\/elim-can-2023-eperviers-etalons-les-24-et-29-mars-a-marrakech-et-lome\",\"name\":\"Elim CAN 2023 : Eperviers-Etalons les 24 et 29 mars \u00e0 Marrakech et Lom\u00e9 - Togo\",\"isPartOf\":{\"@id\":\"https:\/\/www.africa-press.net\/togo\/#website\"},\"primaryImageOfPage\":{\"@id\":\"https:\/\/www.africa-press.net\/togo\/sports\/elim-can-2023-eperviers-etalons-les-24-et-29-mars-a-marrakech-et-lome#primaryimage\"},\"image\":{\"@id\":\"https:\/\/www.africa-press.net\/togo\/sports\/elim-can-2023-eperviers-etalons-les-24-et-29-mars-a-marrakech-et-lome#primaryimage\"},\"thumbnailUrl\":\"https:\/\/static.africa-press.net\/togo\/sites\/58\/2023\/02\/postQueueImg_1677057338.66.jpg\",\"datePublished\":\"2023-02-22T12:45:31+00:00\",\"dateModified\":\"2023-02-22T12:57:09+00:00\",\"author\":{\"@id\":\"https:\/\/www.africa-press.net\/togo\/#\/schema\/person\/2b1cf3cd81a31e3cd26889ca66d677f1\"},\"description\":\"Le Togo et le Burkina Faso se donnent rendez-vous les 24 et 28 mars prochains respectivement a\u0300 Marrakech et Lome\u0301 da ...\",\"breadcrumb\":{\"@id\":\"https:\/\/www.africa-press.net\/togo\/sports\/elim-can-2023-eperviers-etalons-les-24-et-29-mars-a-marrakech-et-lome#breadcrumb\"},\"inLanguage\":\"fr-FR\",\"potentialAction\":[{\"@type\":\"ReadAction\",\"target\":[\"https:\/\/www.africa-press.net\/togo\/sports\/elim-can-2023-eperviers-etalons-les-24-et-29-mars-a-marrakech-et-lome\"]}]},{\"@type\":\"ImageObject\",\"inLanguage\":\"fr-FR\",\"@id\":\"https:\/\/www.africa-press.net\/togo\/sports\/elim-can-2023-eperviers-etalons-les-24-et-29-mars-a-marrakech-et-lome#primaryimage\",\"url\":\"https:\/\/static.africa-press.net\/togo\/sites\/58\/2023\/02\/postQueueImg_1677057338.66.jpg\",\"contentUrl\":\"https:\/\/static.africa-press.net\/togo\/sites\/58\/2023\/02\/postQueueImg_1677057338.66.jpg\",\"width\":1280,\"height\":803,\"caption\":\"Elim CAN 2023 : Eperviers-Etalons les 24 et 29 mars \u00e0 Marrakech et Lom\u00e9\"},{\"@type\":\"BreadcrumbList\",\"@id\":\"https:\/\/www.africa-press.net\/togo\/sports\/elim-can-2023-eperviers-etalons-les-24-et-29-mars-a-marrakech-et-lome#breadcrumb\",\"itemListElement\":[{\"@type\":\"ListItem\",\"position\":1,\"name\":\"Accueil\",\"item\":\"https:\/\/www.africa-press.net\/togo\/\"},{\"@type\":\"ListItem\",\"position\":2,\"name\":\"Elim CAN 2023 : Eperviers-Etalons les 24 et 29 mars \u00e0 Marrakech et Lom\u00e9\"}]},{\"@type\":\"WebSite\",\"@id\":\"https:\/\/www.africa-press.net\/togo\/#website\",\"url\":\"https:\/\/www.africa-press.net\/togo\/\",\"name\":\"Togo\",\"description\":\"Just another Africa News Agency Sites site\",\"potentialAction\":[{\"@type\":\"SearchAction\",\"target\":{\"@type\":\"EntryPoint\",\"urlTemplate\":\"https:\/\/www.africa-press.net\/togo\/?s={search_term_string}\"},\"query-input\":{\"@type\":\"PropertyValueSpecification\",\"valueRequired\":true,\"valueName\":\"search_term_string\"}}],\"inLanguage\":\"fr-FR\"},{\"@type\":\"Person\",\"@id\":\"https:\/\/www.africa-press.net\/togo\/#\/schema\/person\/2b1cf3cd81a31e3cd26889ca66d677f1\",\"name\":\"cfeditorfr\"}]}<\/script>\n<!-- \/ Yoast SEO Premium plugin. -->","yoast_head_json":{"title":"Elim CAN 2023 : Eperviers-Etalons les 24 et 29 mars \u00e0 Marrakech et Lom\u00e9 - Togo","description":"Le Togo et le Burkina Faso se donnent rendez-vous les 24 et 28 mars prochains respectivement a\u0300 Marrakech et Lome\u0301 da ...","robots":{"index":"index","follow":"follow","max-snippet":"max-snippet:-1","max-image-preview":"max-image-preview:large","max-video-preview":"max-video-preview:-1"},"canonical":"https:\/\/www.africa-press.net\/togo\/sports\/elim-can-2023-eperviers-etalons-les-24-et-29-mars-a-marrakech-et-lome","og_locale":"fr_FR","og_type":"article","og_title":"Elim CAN 2023 : Eperviers-Etalons les 24 et 29 mars \u00e0 Marrakech et Lom\u00e9","og_description":"Le Togo et le Burkina Faso se donnent rendez-vous les 24 et 28 mars prochains respectivement a\u0300 Marrakech et Lome\u0301 da ...","og_url":"https:\/\/www.africa-press.net\/togo\/sports\/elim-can-2023-eperviers-etalons-les-24-et-29-mars-a-marrakech-et-lome","og_site_name":"Togo","article_published_time":"2023-02-22T12:45:31+00:00","article_modified_time":"2023-02-22T12:57:09+00:00","og_image":[{"width":1280,"height":803,"url":"https:\/\/static.africa-press.net\/togo\/sites\/58\/2023\/02\/postQueueImg_1677057338.66.jpg","type":"image\/jpeg"}],"author":"cfeditorfr","twitter_card":"summary_large_image","twitter_misc":{"\u00c9crit par":"cfeditorfr","Dur\u00e9e de lecture estim\u00e9e":"1 minute"},"schema":{"@context":"https:\/\/schema.org","@graph":[{"@type":"Article","@id":"https:\/\/www.africa-press.net\/togo\/sports\/elim-can-2023-eperviers-etalons-les-24-et-29-mars-a-marrakech-et-lome#article","isPartOf":{"@id":"https:\/\/www.africa-press.net\/togo\/sports\/elim-can-2023-eperviers-etalons-les-24-et-29-mars-a-marrakech-et-lome"},"author":{"name":"cfeditorfr","@id":"https:\/\/www.africa-press.net\/togo\/#\/schema\/person\/2b1cf3cd81a31e3cd26889ca66d677f1"},"headline":"Elim CAN 2023 : Eperviers-Etalons les 24 et 29 mars \u00e0 Marrakech et Lom\u00e9","datePublished":"2023-02-22T12:45:31+00:00","dateModified":"2023-02-22T12:57:09+00:00","mainEntityOfPage":{"@id":"https:\/\/www.africa-press.net\/togo\/sports\/elim-can-2023-eperviers-etalons-les-24-et-29-mars-a-marrakech-et-lome"},"wordCount":166,"commentCount":0,"image":{"@id":"https:\/\/www.africa-press.net\/togo\/sports\/elim-can-2023-eperviers-etalons-les-24-et-29-mars-a-marrakech-et-lome#primaryimage"},"thumbnailUrl":"https:\/\/static.africa-press.net\/togo\/sites\/58\/2023\/02\/postQueueImg_1677057338.66.jpg","keywords":["Africa Press","Africa Press-Togo","Togo"],"articleSection":["Sports","Toutes les actualit\u00e9s"],"inLanguage":"fr-FR","potentialAction":[{"@type":"CommentAction","name":"Comment","target":["https:\/\/www.africa-press.net\/togo\/sports\/elim-can-2023-eperviers-etalons-les-24-et-29-mars-a-marrakech-et-lome#respond"]}]},{"@type":"WebPage","@id":"https:\/\/www.africa-press.net\/togo\/sports\/elim-can-2023-eperviers-etalons-les-24-et-29-mars-a-marrakech-et-lome","url":"https:\/\/www.africa-press.net\/togo\/sports\/elim-can-2023-eperviers-etalons-les-24-et-29-mars-a-marrakech-et-lome","name":"Elim CAN 2023 : Eperviers-Etalons les 24 et 29 mars \u00e0 Marrakech et Lom\u00e9 - Togo","isPartOf":{"@id":"https:\/\/www.africa-press.net\/togo\/#website"},"primaryImageOfPage":{"@id":"https:\/\/www.africa-press.net\/togo\/sports\/elim-can-2023-eperviers-etalons-les-24-et-29-mars-a-marrakech-et-lome#primaryimage"},"image":{"@id":"https:\/\/www.africa-press.net\/togo\/sports\/elim-can-2023-eperviers-etalons-les-24-et-29-mars-a-marrakech-et-lome#primaryimage"},"thumbnailUrl":"https:\/\/static.africa-press.net\/togo\/sites\/58\/2023\/02\/postQueueImg_1677057338.66.jpg","datePublished":"2023-02-22T12:45:31+00:00","dateModified":"2023-02-22T12:57:09+00:00","author":{"@id":"https:\/\/www.africa-press.net\/togo\/#\/schema\/person\/2b1cf3cd81a31e3cd26889ca66d677f1"},"description":"Le Togo et le Burkina Faso se donnent rendez-vous les 24 et 28 mars prochains respectivement a\u0300 Marrakech et Lome\u0301 da ...","breadcrumb":{"@id":"https:\/\/www.africa-press.net\/togo\/sports\/elim-can-2023-eperviers-etalons-les-24-et-29-mars-a-marrakech-et-lome#breadcrumb"},"inLanguage":"fr-FR","potentialAction":[{"@type":"ReadAction","target":["https:\/\/www.africa-press.net\/togo\/sports\/elim-can-2023-eperviers-etalons-les-24-et-29-mars-a-marrakech-et-lome"]}]},{"@type":"ImageObject","inLanguage":"fr-FR","@id":"https:\/\/www.africa-press.net\/togo\/sports\/elim-can-2023-eperviers-etalons-les-24-et-29-mars-a-marrakech-et-lome#primaryimage","url":"https:\/\/static.africa-press.net\/togo\/sites\/58\/2023\/02\/postQueueImg_1677057338.66.jpg","contentUrl":"https:\/\/static.africa-press.net\/togo\/sites\/58\/2023\/02\/postQueueImg_1677057338.66.jpg","width":1280,"height":803,"caption":"Elim CAN 2023 : Eperviers-Etalons les 24 et 29 mars \u00e0 Marrakech et Lom\u00e9"},{"@type":"BreadcrumbList","@id":"https:\/\/www.africa-press.net\/togo\/sports\/elim-can-2023-eperviers-etalons-les-24-et-29-mars-a-marrakech-et-lome#breadcrumb","itemListElement":[{"@type":"ListItem","position":1,"name":"Accueil","item":"https:\/\/www.africa-press.net\/togo\/"},{"@type":"ListItem","position":2,"name":"Elim CAN 2023 : Eperviers-Etalons les 24 et 29 mars \u00e0 Marrakech et Lom\u00e9"}]},{"@type":"WebSite","@id":"https:\/\/www.africa-press.net\/togo\/#website","url":"https:\/\/www.africa-press.net\/togo\/","name":"Togo","description":"Just another Africa News Agency Sites site","potentialAction":[{"@type":"SearchAction","target":{"@type":"EntryPoint","urlTemplate":"https:\/\/www.africa-press.net\/togo\/?s={search_term_string}"},"query-input":{"@type":"PropertyValueSpecification","valueRequired":true,"valueName":"search_term_string"}}],"inLanguage":"fr-FR"},{"@type":"Person","@id":"https:\/\/www.africa-press.net\/togo\/#\/schema\/person\/2b1cf3cd81a31e3cd26889ca66d677f1","name":"cfeditorfr"}]}},"_links":{"self":[{"href":"https:\/\/www.africa-press.net\/togo\/wp-json\/wp\/v2\/posts\/17619","targetHints":{"allow":["GET"]}}],"collection":[{"href":"https:\/\/www.africa-press.net\/togo\/wp-json\/wp\/v2\/posts"}],"about":[{"href":"https:\/\/www.africa-press.net\/togo\/wp-json\/wp\/v2\/types\/post"}],"author":[{"embeddable":true,"href":"https:\/\/www.africa-press.net\/togo\/wp-json\/wp\/v2\/users\/82"}],"replies":[{"embeddable":true,"href":"https:\/\/www.africa-press.net\/togo\/wp-json\/wp\/v2\/comments?post=17619"}],"version-history":[{"count":0,"href":"https:\/\/www.africa-press.net\/togo\/wp-json\/wp\/v2\/posts\/17619\/revisions"}],"wp:featuredmedia":[{"embeddable":true,"href":"https:\/\/www.africa-press.net\/togo\/wp-json\/wp\/v2\/media\/17615"}],"wp:attachment":[{"href":"https:\/\/www.africa-press.net\/togo\/wp-json\/wp\/v2\/media?parent=17619"}],"wp:term":[{"taxonomy":"category","embeddable":true,"href":"https:\/\/www.africa-press.net\/togo\/wp-json\/wp\/v2\/categories?post=17619"},{"taxonomy":"post_tag","embeddable":true,"href":"https:\/\/www.africa-press.net\/togo\/wp-json\/wp\/v2\/tags?post=17619"}],"curies":[{"name":"wp","href":"https:\/\/api.w.org\/{rel}","templated":true}]}}