{"id":17647,"date":"2023-02-22T12:46:34","date_gmt":"2023-02-22T12:46:34","guid":{"rendered":"https:\/\/www.africa-press.net\/togo\/politique\/diplomatie-tiemoko-moriko-en-fin-de-mission-au-togo"},"modified":"2023-02-22T13:03:43","modified_gmt":"2023-02-22T13:03:43","slug":"diplomatie-tiemoko-moriko-en-fin-de-mission-au-togo","status":"publish","type":"post","link":"https:\/\/www.africa-press.net\/togo\/politique\/diplomatie-tiemoko-moriko-en-fin-de-mission-au-togo","title":{"rendered":"Diplomatie : Ti\u00e9moko Moriko en fin de mission au Togo"},"content":{"rendered":"<p><span style=\"color: #ff6600\"><strong>Africa-Press &#8211; Togo. <\/strong><\/span><b>L\u2019ambassadeur de Co\u0302te d\u2019Ivoire, Tie\u0301moko Moriko, est en fin de mission au Togo. Rec\u0327u ce mardi 21 fe\u0301vrier 2023 en audience, le diplomate ivoirien a fait ses adieux au chef de l\u2019Etat, Faure Gnassingbe\u0301.<\/b><\/p>\n<p>Au cours des e\u0301changes, Tie\u0301moko Moriko a exprime\u0301 sa reconnaissance au chef de l\u2019Etat togolais pour son implication dans la redynamisation des liens de coope\u0301ration bilate\u0301rale et des relations de bon voisinage dans la sous-re\u0301gion.<\/p>\n<p>Il a particulie\u0300rement salue\u0301 Faure Gnassingbe\u0301 pour sa diplomatie active ayant conduit au de\u0301nouement de la crise entre la Co\u0302te d\u2019Ivoire et le Mali, marque\u0301 par la libe\u0301ration des 49 militaires ivoiriens.<\/p>\n<p>\u00ab Nous sommes en fin de mission, Il est biense\u0301ant dans la tradition diplomatique de venir faire les adieux au Pre\u0301sident de la Re\u0301publique, et lui dire infiniment merci pour tout son soutien et son appui multiforme et surtout pour le ro\u0302le que le Pre\u0301sident Faure Essozimna Gnassingbe\u0301 a joue\u0301 dans la libe\u0301ration des soldats ivoiriens qui e\u0301taient de\u0301tenus au Mali, pays fre\u0300re \u00bb.<\/p>\n<p>Le Togo et la Co\u0302te d\u2019Ivoire entretiennent d\u2019excellentes relations d\u2019amitie\u0301 de coope\u0301ration qui se sont enrichies et diversifie\u0301es avec la cre\u0301ation de la Grande commission mixte.<\/p>\n<p><strong>Pour plus d&rsquo;informations et d&rsquo;analyses sur la <a href=\"https:\/\/www.africa-press.net\/togo\">Togo<\/a>, suivez <a href=\"https:\/\/www.africa-press.net\/\">Africa-Press<\/a><\/strong><\/p>\n","protected":false},"excerpt":{"rendered":"<p>Africa-Press &#8211; Togo. L\u2019ambassadeur de Co\u0302te d\u2019Ivoire, Tie\u0301moko Moriko, est en fin de mission au Togo. Rec\u0327u ce mardi 21 fe\u0301vrier 2023 en audience, le diplomate ivoirien a fait ses adieux au chef de l\u2019Etat, Faure Gnassingbe\u0301. Au cours des e\u0301changes, Tie\u0301moko Moriko a exprime\u0301 sa reconnaissance au chef de l\u2019Etat togolais pour son implication [&hellip;]<\/p>\n","protected":false},"author":82,"featured_media":17645,"comment_status":"open","ping_status":"closed","sticky":false,"template":"","format":"standard","meta":{"footnotes":""},"categories":[2,10],"tags":[36,49,50],"class_list":["post-17647","post","type-post","status-publish","format-standard","has-post-thumbnail","hentry","category-politique","category-toutes-les-actualites","tag-africa-press","tag-africa-press-togo","tag-togo"],"yoast_head":"<!-- This site is optimized with the Yoast SEO Premium plugin v26.1 (Yoast SEO v27.0) - https:\/\/yoast.com\/product\/yoast-seo-premium-wordpress\/ -->\n<title>Diplomatie : Ti\u00e9moko Moriko en fin de mission au Togo - Togo<\/title>\n<meta name=\"description\" content=\"L\u2019ambassadeur de Co\u0302te d\u2019Ivoire, Tie\u0301moko Moriko, est en fin de mission au Togo. Rec\u0327u ce mardi 21 fe\u0301vrier 2023 en a ...\" \/>\n<meta name=\"robots\" content=\"index, follow, max-snippet:-1, max-image-preview:large, max-video-preview:-1\" \/>\n<link rel=\"canonical\" href=\"https:\/\/www.africa-press.net\/togo\/politique\/diplomatie-tiemoko-moriko-en-fin-de-mission-au-togo\" \/>\n<meta property=\"og:locale\" content=\"fr_FR\" \/>\n<meta property=\"og:type\" content=\"article\" \/>\n<meta property=\"og:title\" content=\"Diplomatie : Ti\u00e9moko Moriko en fin de mission au Togo\" \/>\n<meta property=\"og:description\" content=\"L\u2019ambassadeur de Co\u0302te d\u2019Ivoire, Tie\u0301moko Moriko, est en fin de mission au Togo. Rec\u0327u ce mardi 21 fe\u0301vrier 2023 en a ...\" \/>\n<meta property=\"og:url\" content=\"https:\/\/www.africa-press.net\/togo\/politique\/diplomatie-tiemoko-moriko-en-fin-de-mission-au-togo\" \/>\n<meta property=\"og:site_name\" content=\"Togo\" \/>\n<meta property=\"article:published_time\" content=\"2023-02-22T12:46:34+00:00\" \/>\n<meta property=\"article:modified_time\" content=\"2023-02-22T13:03:43+00:00\" \/>\n<meta property=\"og:image\" content=\"https:\/\/static.africa-press.net\/togo\/sites\/58\/2023\/02\/postQueueImg_1677057399.44.jpg\" \/>\n\t<meta property=\"og:image:width\" content=\"1280\" \/>\n\t<meta property=\"og:image:height\" content=\"800\" \/>\n\t<meta property=\"og:image:type\" content=\"image\/jpeg\" \/>\n<meta name=\"author\" content=\"cfeditorfr\" \/>\n<meta name=\"twitter:card\" content=\"summary_large_image\" \/>\n<meta name=\"twitter:label1\" content=\"\u00c9crit par\" \/>\n\t<meta name=\"twitter:data1\" content=\"cfeditorfr\" \/>\n\t<meta name=\"twitter:label2\" content=\"Dur\u00e9e de lecture estim\u00e9e\" \/>\n\t<meta name=\"twitter:data2\" content=\"1 minute\" \/>\n<script type=\"application\/ld+json\" class=\"yoast-schema-graph\">{\"@context\":\"https:\/\/schema.org\",\"@graph\":[{\"@type\":\"Article\",\"@id\":\"https:\/\/www.africa-press.net\/togo\/politique\/diplomatie-tiemoko-moriko-en-fin-de-mission-au-togo#article\",\"isPartOf\":{\"@id\":\"https:\/\/www.africa-press.net\/togo\/politique\/diplomatie-tiemoko-moriko-en-fin-de-mission-au-togo\"},\"author\":{\"name\":\"cfeditorfr\",\"@id\":\"https:\/\/www.africa-press.net\/togo\/#\/schema\/person\/2b1cf3cd81a31e3cd26889ca66d677f1\"},\"headline\":\"Diplomatie : Ti\u00e9moko Moriko en fin de mission au Togo\",\"datePublished\":\"2023-02-22T12:46:34+00:00\",\"dateModified\":\"2023-02-22T13:03:43+00:00\",\"mainEntityOfPage\":{\"@id\":\"https:\/\/www.africa-press.net\/togo\/politique\/diplomatie-tiemoko-moriko-en-fin-de-mission-au-togo\"},\"wordCount\":245,\"commentCount\":0,\"image\":{\"@id\":\"https:\/\/www.africa-press.net\/togo\/politique\/diplomatie-tiemoko-moriko-en-fin-de-mission-au-togo#primaryimage\"},\"thumbnailUrl\":\"https:\/\/static.africa-press.net\/togo\/sites\/58\/2023\/02\/postQueueImg_1677057399.44.jpg\",\"keywords\":[\"Africa Press\",\"Africa Press-Togo\",\"Togo\"],\"articleSection\":[\"Politique\",\"Toutes les actualit\u00e9s\"],\"inLanguage\":\"fr-FR\",\"potentialAction\":[{\"@type\":\"CommentAction\",\"name\":\"Comment\",\"target\":[\"https:\/\/www.africa-press.net\/togo\/politique\/diplomatie-tiemoko-moriko-en-fin-de-mission-au-togo#respond\"]}]},{\"@type\":\"WebPage\",\"@id\":\"https:\/\/www.africa-press.net\/togo\/politique\/diplomatie-tiemoko-moriko-en-fin-de-mission-au-togo\",\"url\":\"https:\/\/www.africa-press.net\/togo\/politique\/diplomatie-tiemoko-moriko-en-fin-de-mission-au-togo\",\"name\":\"Diplomatie : Ti\u00e9moko Moriko en fin de mission au Togo - Togo\",\"isPartOf\":{\"@id\":\"https:\/\/www.africa-press.net\/togo\/#website\"},\"primaryImageOfPage\":{\"@id\":\"https:\/\/www.africa-press.net\/togo\/politique\/diplomatie-tiemoko-moriko-en-fin-de-mission-au-togo#primaryimage\"},\"image\":{\"@id\":\"https:\/\/www.africa-press.net\/togo\/politique\/diplomatie-tiemoko-moriko-en-fin-de-mission-au-togo#primaryimage\"},\"thumbnailUrl\":\"https:\/\/static.africa-press.net\/togo\/sites\/58\/2023\/02\/postQueueImg_1677057399.44.jpg\",\"datePublished\":\"2023-02-22T12:46:34+00:00\",\"dateModified\":\"2023-02-22T13:03:43+00:00\",\"author\":{\"@id\":\"https:\/\/www.africa-press.net\/togo\/#\/schema\/person\/2b1cf3cd81a31e3cd26889ca66d677f1\"},\"description\":\"L\u2019ambassadeur de Co\u0302te d\u2019Ivoire, Tie\u0301moko Moriko, est en fin de mission au Togo. Rec\u0327u ce mardi 21 fe\u0301vrier 2023 en a ...\",\"breadcrumb\":{\"@id\":\"https:\/\/www.africa-press.net\/togo\/politique\/diplomatie-tiemoko-moriko-en-fin-de-mission-au-togo#breadcrumb\"},\"inLanguage\":\"fr-FR\",\"potentialAction\":[{\"@type\":\"ReadAction\",\"target\":[\"https:\/\/www.africa-press.net\/togo\/politique\/diplomatie-tiemoko-moriko-en-fin-de-mission-au-togo\"]}]},{\"@type\":\"ImageObject\",\"inLanguage\":\"fr-FR\",\"@id\":\"https:\/\/www.africa-press.net\/togo\/politique\/diplomatie-tiemoko-moriko-en-fin-de-mission-au-togo#primaryimage\",\"url\":\"https:\/\/static.africa-press.net\/togo\/sites\/58\/2023\/02\/postQueueImg_1677057399.44.jpg\",\"contentUrl\":\"https:\/\/static.africa-press.net\/togo\/sites\/58\/2023\/02\/postQueueImg_1677057399.44.jpg\",\"width\":1280,\"height\":800,\"caption\":\"Diplomatie : Ti\u00e9moko Moriko en fin de mission au Togo\"},{\"@type\":\"BreadcrumbList\",\"@id\":\"https:\/\/www.africa-press.net\/togo\/politique\/diplomatie-tiemoko-moriko-en-fin-de-mission-au-togo#breadcrumb\",\"itemListElement\":[{\"@type\":\"ListItem\",\"position\":1,\"name\":\"Accueil\",\"item\":\"https:\/\/www.africa-press.net\/togo\/\"},{\"@type\":\"ListItem\",\"position\":2,\"name\":\"Diplomatie : Ti\u00e9moko Moriko en fin de mission au Togo\"}]},{\"@type\":\"WebSite\",\"@id\":\"https:\/\/www.africa-press.net\/togo\/#website\",\"url\":\"https:\/\/www.africa-press.net\/togo\/\",\"name\":\"Togo\",\"description\":\"Just another Africa News Agency Sites site\",\"potentialAction\":[{\"@type\":\"SearchAction\",\"target\":{\"@type\":\"EntryPoint\",\"urlTemplate\":\"https:\/\/www.africa-press.net\/togo\/?s={search_term_string}\"},\"query-input\":{\"@type\":\"PropertyValueSpecification\",\"valueRequired\":true,\"valueName\":\"search_term_string\"}}],\"inLanguage\":\"fr-FR\"},{\"@type\":\"Person\",\"@id\":\"https:\/\/www.africa-press.net\/togo\/#\/schema\/person\/2b1cf3cd81a31e3cd26889ca66d677f1\",\"name\":\"cfeditorfr\"}]}<\/script>\n<!-- \/ Yoast SEO Premium plugin. -->","yoast_head_json":{"title":"Diplomatie : Ti\u00e9moko Moriko en fin de mission au Togo - Togo","description":"L\u2019ambassadeur de Co\u0302te d\u2019Ivoire, Tie\u0301moko Moriko, est en fin de mission au Togo. Rec\u0327u ce mardi 21 fe\u0301vrier 2023 en a ...","robots":{"index":"index","follow":"follow","max-snippet":"max-snippet:-1","max-image-preview":"max-image-preview:large","max-video-preview":"max-video-preview:-1"},"canonical":"https:\/\/www.africa-press.net\/togo\/politique\/diplomatie-tiemoko-moriko-en-fin-de-mission-au-togo","og_locale":"fr_FR","og_type":"article","og_title":"Diplomatie : Ti\u00e9moko Moriko en fin de mission au Togo","og_description":"L\u2019ambassadeur de Co\u0302te d\u2019Ivoire, Tie\u0301moko Moriko, est en fin de mission au Togo. Rec\u0327u ce mardi 21 fe\u0301vrier 2023 en a ...","og_url":"https:\/\/www.africa-press.net\/togo\/politique\/diplomatie-tiemoko-moriko-en-fin-de-mission-au-togo","og_site_name":"Togo","article_published_time":"2023-02-22T12:46:34+00:00","article_modified_time":"2023-02-22T13:03:43+00:00","og_image":[{"width":1280,"height":800,"url":"https:\/\/static.africa-press.net\/togo\/sites\/58\/2023\/02\/postQueueImg_1677057399.44.jpg","type":"image\/jpeg"}],"author":"cfeditorfr","twitter_card":"summary_large_image","twitter_misc":{"\u00c9crit par":"cfeditorfr","Dur\u00e9e de lecture estim\u00e9e":"1 minute"},"schema":{"@context":"https:\/\/schema.org","@graph":[{"@type":"Article","@id":"https:\/\/www.africa-press.net\/togo\/politique\/diplomatie-tiemoko-moriko-en-fin-de-mission-au-togo#article","isPartOf":{"@id":"https:\/\/www.africa-press.net\/togo\/politique\/diplomatie-tiemoko-moriko-en-fin-de-mission-au-togo"},"author":{"name":"cfeditorfr","@id":"https:\/\/www.africa-press.net\/togo\/#\/schema\/person\/2b1cf3cd81a31e3cd26889ca66d677f1"},"headline":"Diplomatie : Ti\u00e9moko Moriko en fin de mission au Togo","datePublished":"2023-02-22T12:46:34+00:00","dateModified":"2023-02-22T13:03:43+00:00","mainEntityOfPage":{"@id":"https:\/\/www.africa-press.net\/togo\/politique\/diplomatie-tiemoko-moriko-en-fin-de-mission-au-togo"},"wordCount":245,"commentCount":0,"image":{"@id":"https:\/\/www.africa-press.net\/togo\/politique\/diplomatie-tiemoko-moriko-en-fin-de-mission-au-togo#primaryimage"},"thumbnailUrl":"https:\/\/static.africa-press.net\/togo\/sites\/58\/2023\/02\/postQueueImg_1677057399.44.jpg","keywords":["Africa Press","Africa Press-Togo","Togo"],"articleSection":["Politique","Toutes les actualit\u00e9s"],"inLanguage":"fr-FR","potentialAction":[{"@type":"CommentAction","name":"Comment","target":["https:\/\/www.africa-press.net\/togo\/politique\/diplomatie-tiemoko-moriko-en-fin-de-mission-au-togo#respond"]}]},{"@type":"WebPage","@id":"https:\/\/www.africa-press.net\/togo\/politique\/diplomatie-tiemoko-moriko-en-fin-de-mission-au-togo","url":"https:\/\/www.africa-press.net\/togo\/politique\/diplomatie-tiemoko-moriko-en-fin-de-mission-au-togo","name":"Diplomatie : Ti\u00e9moko Moriko en fin de mission au Togo - Togo","isPartOf":{"@id":"https:\/\/www.africa-press.net\/togo\/#website"},"primaryImageOfPage":{"@id":"https:\/\/www.africa-press.net\/togo\/politique\/diplomatie-tiemoko-moriko-en-fin-de-mission-au-togo#primaryimage"},"image":{"@id":"https:\/\/www.africa-press.net\/togo\/politique\/diplomatie-tiemoko-moriko-en-fin-de-mission-au-togo#primaryimage"},"thumbnailUrl":"https:\/\/static.africa-press.net\/togo\/sites\/58\/2023\/02\/postQueueImg_1677057399.44.jpg","datePublished":"2023-02-22T12:46:34+00:00","dateModified":"2023-02-22T13:03:43+00:00","author":{"@id":"https:\/\/www.africa-press.net\/togo\/#\/schema\/person\/2b1cf3cd81a31e3cd26889ca66d677f1"},"description":"L\u2019ambassadeur de Co\u0302te d\u2019Ivoire, Tie\u0301moko Moriko, est en fin de mission au Togo. Rec\u0327u ce mardi 21 fe\u0301vrier 2023 en a ...","breadcrumb":{"@id":"https:\/\/www.africa-press.net\/togo\/politique\/diplomatie-tiemoko-moriko-en-fin-de-mission-au-togo#breadcrumb"},"inLanguage":"fr-FR","potentialAction":[{"@type":"ReadAction","target":["https:\/\/www.africa-press.net\/togo\/politique\/diplomatie-tiemoko-moriko-en-fin-de-mission-au-togo"]}]},{"@type":"ImageObject","inLanguage":"fr-FR","@id":"https:\/\/www.africa-press.net\/togo\/politique\/diplomatie-tiemoko-moriko-en-fin-de-mission-au-togo#primaryimage","url":"https:\/\/static.africa-press.net\/togo\/sites\/58\/2023\/02\/postQueueImg_1677057399.44.jpg","contentUrl":"https:\/\/static.africa-press.net\/togo\/sites\/58\/2023\/02\/postQueueImg_1677057399.44.jpg","width":1280,"height":800,"caption":"Diplomatie : Ti\u00e9moko Moriko en fin de mission au Togo"},{"@type":"BreadcrumbList","@id":"https:\/\/www.africa-press.net\/togo\/politique\/diplomatie-tiemoko-moriko-en-fin-de-mission-au-togo#breadcrumb","itemListElement":[{"@type":"ListItem","position":1,"name":"Accueil","item":"https:\/\/www.africa-press.net\/togo\/"},{"@type":"ListItem","position":2,"name":"Diplomatie : Ti\u00e9moko Moriko en fin de mission au Togo"}]},{"@type":"WebSite","@id":"https:\/\/www.africa-press.net\/togo\/#website","url":"https:\/\/www.africa-press.net\/togo\/","name":"Togo","description":"Just another Africa News Agency Sites site","potentialAction":[{"@type":"SearchAction","target":{"@type":"EntryPoint","urlTemplate":"https:\/\/www.africa-press.net\/togo\/?s={search_term_string}"},"query-input":{"@type":"PropertyValueSpecification","valueRequired":true,"valueName":"search_term_string"}}],"inLanguage":"fr-FR"},{"@type":"Person","@id":"https:\/\/www.africa-press.net\/togo\/#\/schema\/person\/2b1cf3cd81a31e3cd26889ca66d677f1","name":"cfeditorfr"}]}},"_links":{"self":[{"href":"https:\/\/www.africa-press.net\/togo\/wp-json\/wp\/v2\/posts\/17647","targetHints":{"allow":["GET"]}}],"collection":[{"href":"https:\/\/www.africa-press.net\/togo\/wp-json\/wp\/v2\/posts"}],"about":[{"href":"https:\/\/www.africa-press.net\/togo\/wp-json\/wp\/v2\/types\/post"}],"author":[{"embeddable":true,"href":"https:\/\/www.africa-press.net\/togo\/wp-json\/wp\/v2\/users\/82"}],"replies":[{"embeddable":true,"href":"https:\/\/www.africa-press.net\/togo\/wp-json\/wp\/v2\/comments?post=17647"}],"version-history":[{"count":0,"href":"https:\/\/www.africa-press.net\/togo\/wp-json\/wp\/v2\/posts\/17647\/revisions"}],"wp:featuredmedia":[{"embeddable":true,"href":"https:\/\/www.africa-press.net\/togo\/wp-json\/wp\/v2\/media\/17645"}],"wp:attachment":[{"href":"https:\/\/www.africa-press.net\/togo\/wp-json\/wp\/v2\/media?parent=17647"}],"wp:term":[{"taxonomy":"category","embeddable":true,"href":"https:\/\/www.africa-press.net\/togo\/wp-json\/wp\/v2\/categories?post=17647"},{"taxonomy":"post_tag","embeddable":true,"href":"https:\/\/www.africa-press.net\/togo\/wp-json\/wp\/v2\/tags?post=17647"}],"curies":[{"name":"wp","href":"https:\/\/api.w.org\/{rel}","templated":true}]}}