{"id":17654,"date":"2023-02-22T12:44:59","date_gmt":"2023-02-22T12:44:59","guid":{"rendered":"https:\/\/www.africa-press.net\/togo\/politique\/zis-dikolo-maurel-prom-fournira-la-zone-en-energie"},"modified":"2023-02-22T13:04:24","modified_gmt":"2023-02-22T13:04:24","slug":"zis-dikolo-maurel-prom-fournira-la-zone-en-energie","status":"publish","type":"post","link":"https:\/\/www.africa-press.net\/togo\/economie\/zis-dikolo-maurel-prom-fournira-la-zone-en-energie","title":{"rendered":"ZIS d\u2019Ikolo : Maurel &amp; Prom fournira la zone en \u00e9nergie"},"content":{"rendered":"<p><span style=\"color: #ff6600\"><strong>Africa-Press &#8211; Togo. <\/strong><\/span>Pour pallier les difficulte\u0301s d\u2019approvisionnement en e\u0301nergie auxquelles sont confronte\u0301es les deux socie\u0301te\u0301s actuellement en production sur le site, la compagnie pe\u0301trolie\u0300re franc\u0327aise fournira en gaz la Zone d\u2019investissement spe\u0301cial d\u2019Ikolo par le biais de la GSEZ et de la SEEG, conforme\u0301ment aux conclusions de la se\u0301ance de travail tenue mardi a\u0300 Libreville. Une solution qui pourrait e\u0301galement be\u0301ne\u0301ficier aux me\u0301nages de Fougamou et Mouila.<\/p>\n<p>Cre\u0301e\u0301e en 2021, la Zone d\u2019investissement spe\u0301cial d\u2019Ikolo a\u0300 Lambare\u0301ne\u0301 connai\u0302t des difficulte\u0301s d\u2019approvisionnement en e\u0301nergie pour les trois socie\u0301te\u0301s en production sur le site. Une se\u0301ance de travail a\u0300 laquelle ont pris part des repre\u0301sentants du ministe\u0300re de la Promotion des investissements, de l\u2019E\u0301nergie et ceux de la SEEG a eu lieu, mardi 21 fe\u0301vrier a\u0300 Libreville. Il s\u2019est agi pour les participants de trouver des solutions a\u0300 cette situation, motif de de\u0301couragement pour les ope\u0301rateurs e\u0301conomiques dont les repre\u0301sentants ont e\u0301galement pris part a\u0300 la rencontre.<\/p>\n<p>Selon Aristide Ngari, directeur ge\u0301ne\u0301ral de l\u2019E\u0301nergie, la se\u0301ance de travail s\u2019est acheve\u0301 sur la structuration d\u2019une l\u2019alimentation de cette zone e\u0301conomique a\u0300 partir du gaz produit par la compagnie franc\u0327aise Maurel &amp; Prom. \u00abMaurel &amp; Prom produira du gaz qu\u2019elle livrera a\u0300 GSEZ qui construira une ligne e\u0301lectrique jusqu\u2019a\u0300 ce qu\u2019on rejoigne la ligne principale exploite\u0301e par la SEEG, qui a\u0300 son tour transportera cette e\u0301nergie\u00bb, pre\u0301cise le repre\u0301sentant du ministe\u0300re de l\u2019E\u0301nergie et des Ressources hydrauliques.<\/p>\n<p>La ZIS d\u2019Ikolo ne ne\u0301cessite pas moins de 3 me\u0301gawatts pour le fonctionnement optimal des socie\u0301te\u0301s qui y sont installe\u0301es, selon les experts. La situation est telle qu\u2019une des trois qui e\u0301taient entre\u0301es en production sur le site a du\u0302 fermer faute d\u2019e\u0301nergie. Une quatrie\u0300me socie\u0301te\u0301 est actuellement en construction sur la zone.<\/p>\n<p>Au ministe\u0300re de la Promotion des investissements, on informe que le gaz de Maurel &amp; Prom servira e\u0301galement aux me\u0301nages, loin de la Zone. En effet, \u00abla SEEG interviendra dans le transport de l\u2019e\u0301lectricite\u0301 non seulement dans la ZES d\u2019Ikolo, mais e\u0301galement ses environs (Fougamou et Mouila)\u00bb.<\/p>\n<p><strong>Pour plus d&rsquo;informations et d&rsquo;analyses sur la <a href=\"https:\/\/www.africa-press.net\/togo\">Togo<\/a>, suivez <a href=\"https:\/\/www.africa-press.net\/\">Africa-Press<\/a><\/strong><\/p>\n","protected":false},"excerpt":{"rendered":"<p>Africa-Press &#8211; Togo. Pour pallier les difficulte\u0301s d\u2019approvisionnement en e\u0301nergie auxquelles sont confronte\u0301es les deux socie\u0301te\u0301s actuellement en production sur le site, la compagnie pe\u0301trolie\u0300re franc\u0327aise fournira en gaz la Zone d\u2019investissement spe\u0301cial d\u2019Ikolo par le biais de la GSEZ et de la SEEG, conforme\u0301ment aux conclusions de la se\u0301ance de travail tenue mardi a\u0300 [&hellip;]<\/p>\n","protected":false},"author":82,"featured_media":17651,"comment_status":"open","ping_status":"closed","sticky":false,"template":"","format":"standard","meta":{"footnotes":""},"categories":[3,10],"tags":[36,49,50],"class_list":["post-17654","post","type-post","status-publish","format-standard","has-post-thumbnail","hentry","category-economie","category-toutes-les-actualites","tag-africa-press","tag-africa-press-togo","tag-togo"],"yoast_head":"<!-- This site is optimized with the Yoast SEO Premium plugin v26.1 (Yoast SEO v27.0) - https:\/\/yoast.com\/product\/yoast-seo-premium-wordpress\/ -->\n<title>ZIS d\u2019Ikolo : Maurel &amp; Prom fournira la zone en \u00e9nergie - Togo<\/title>\n<meta name=\"description\" content=\"Pour pallier les difficulte\u0301s d\u2019approvisionnement en e\u0301nergie auxquelles sont confronte\u0301es les deux socie\u0301te\u0301s actuellem ...\" \/>\n<meta name=\"robots\" content=\"index, follow, max-snippet:-1, max-image-preview:large, max-video-preview:-1\" \/>\n<link rel=\"canonical\" href=\"https:\/\/www.africa-press.net\/togo\/economie\/zis-dikolo-maurel-prom-fournira-la-zone-en-energie\" \/>\n<meta property=\"og:locale\" content=\"fr_FR\" \/>\n<meta property=\"og:type\" content=\"article\" \/>\n<meta property=\"og:title\" content=\"ZIS d\u2019Ikolo : Maurel &amp; Prom fournira la zone en \u00e9nergie\" \/>\n<meta property=\"og:description\" content=\"Pour pallier les difficulte\u0301s d\u2019approvisionnement en e\u0301nergie auxquelles sont confronte\u0301es les deux socie\u0301te\u0301s actuellem ...\" \/>\n<meta property=\"og:url\" content=\"https:\/\/www.africa-press.net\/togo\/economie\/zis-dikolo-maurel-prom-fournira-la-zone-en-energie\" \/>\n<meta property=\"og:site_name\" content=\"Togo\" \/>\n<meta property=\"article:published_time\" content=\"2023-02-22T12:44:59+00:00\" \/>\n<meta property=\"article:modified_time\" content=\"2023-02-22T13:04:24+00:00\" \/>\n<meta property=\"og:image\" content=\"https:\/\/static.africa-press.net\/togo\/sites\/58\/2023\/02\/postQueueImg_1677058177.35.jpg\" \/>\n\t<meta property=\"og:image:width\" content=\"720\" \/>\n\t<meta property=\"og:image:height\" content=\"405\" \/>\n\t<meta property=\"og:image:type\" content=\"image\/jpeg\" \/>\n<meta name=\"author\" content=\"cfeditorfr\" \/>\n<meta name=\"twitter:card\" content=\"summary_large_image\" \/>\n<meta name=\"twitter:label1\" content=\"\u00c9crit par\" \/>\n\t<meta name=\"twitter:data1\" content=\"cfeditorfr\" \/>\n\t<meta name=\"twitter:label2\" content=\"Dur\u00e9e de lecture estim\u00e9e\" \/>\n\t<meta name=\"twitter:data2\" content=\"2 minutes\" \/>\n<script type=\"application\/ld+json\" class=\"yoast-schema-graph\">{\"@context\":\"https:\/\/schema.org\",\"@graph\":[{\"@type\":\"Article\",\"@id\":\"https:\/\/www.africa-press.net\/togo\/economie\/zis-dikolo-maurel-prom-fournira-la-zone-en-energie#article\",\"isPartOf\":{\"@id\":\"https:\/\/www.africa-press.net\/togo\/economie\/zis-dikolo-maurel-prom-fournira-la-zone-en-energie\"},\"author\":{\"name\":\"cfeditorfr\",\"@id\":\"https:\/\/www.africa-press.net\/togo\/#\/schema\/person\/2b1cf3cd81a31e3cd26889ca66d677f1\"},\"headline\":\"ZIS d\u2019Ikolo : Maurel &amp; Prom fournira la zone en \u00e9nergie\",\"datePublished\":\"2023-02-22T12:44:59+00:00\",\"dateModified\":\"2023-02-22T13:04:24+00:00\",\"mainEntityOfPage\":{\"@id\":\"https:\/\/www.africa-press.net\/togo\/economie\/zis-dikolo-maurel-prom-fournira-la-zone-en-energie\"},\"wordCount\":437,\"commentCount\":0,\"image\":{\"@id\":\"https:\/\/www.africa-press.net\/togo\/economie\/zis-dikolo-maurel-prom-fournira-la-zone-en-energie#primaryimage\"},\"thumbnailUrl\":\"https:\/\/static.africa-press.net\/togo\/sites\/58\/2023\/02\/postQueueImg_1677058177.35.jpg\",\"keywords\":[\"Africa Press\",\"Africa Press-Togo\",\"Togo\"],\"articleSection\":[\"\u00c9conomie\",\"Toutes les actualit\u00e9s\"],\"inLanguage\":\"fr-FR\",\"potentialAction\":[{\"@type\":\"CommentAction\",\"name\":\"Comment\",\"target\":[\"https:\/\/www.africa-press.net\/togo\/economie\/zis-dikolo-maurel-prom-fournira-la-zone-en-energie#respond\"]}]},{\"@type\":\"WebPage\",\"@id\":\"https:\/\/www.africa-press.net\/togo\/economie\/zis-dikolo-maurel-prom-fournira-la-zone-en-energie\",\"url\":\"https:\/\/www.africa-press.net\/togo\/economie\/zis-dikolo-maurel-prom-fournira-la-zone-en-energie\",\"name\":\"ZIS d\u2019Ikolo : Maurel &amp; Prom fournira la zone en \u00e9nergie - Togo\",\"isPartOf\":{\"@id\":\"https:\/\/www.africa-press.net\/togo\/#website\"},\"primaryImageOfPage\":{\"@id\":\"https:\/\/www.africa-press.net\/togo\/economie\/zis-dikolo-maurel-prom-fournira-la-zone-en-energie#primaryimage\"},\"image\":{\"@id\":\"https:\/\/www.africa-press.net\/togo\/economie\/zis-dikolo-maurel-prom-fournira-la-zone-en-energie#primaryimage\"},\"thumbnailUrl\":\"https:\/\/static.africa-press.net\/togo\/sites\/58\/2023\/02\/postQueueImg_1677058177.35.jpg\",\"datePublished\":\"2023-02-22T12:44:59+00:00\",\"dateModified\":\"2023-02-22T13:04:24+00:00\",\"author\":{\"@id\":\"https:\/\/www.africa-press.net\/togo\/#\/schema\/person\/2b1cf3cd81a31e3cd26889ca66d677f1\"},\"description\":\"Pour pallier les difficulte\u0301s d\u2019approvisionnement en e\u0301nergie auxquelles sont confronte\u0301es les deux socie\u0301te\u0301s actuellem ...\",\"breadcrumb\":{\"@id\":\"https:\/\/www.africa-press.net\/togo\/economie\/zis-dikolo-maurel-prom-fournira-la-zone-en-energie#breadcrumb\"},\"inLanguage\":\"fr-FR\",\"potentialAction\":[{\"@type\":\"ReadAction\",\"target\":[\"https:\/\/www.africa-press.net\/togo\/economie\/zis-dikolo-maurel-prom-fournira-la-zone-en-energie\"]}]},{\"@type\":\"ImageObject\",\"inLanguage\":\"fr-FR\",\"@id\":\"https:\/\/www.africa-press.net\/togo\/economie\/zis-dikolo-maurel-prom-fournira-la-zone-en-energie#primaryimage\",\"url\":\"https:\/\/static.africa-press.net\/togo\/sites\/58\/2023\/02\/postQueueImg_1677058177.35.jpg\",\"contentUrl\":\"https:\/\/static.africa-press.net\/togo\/sites\/58\/2023\/02\/postQueueImg_1677058177.35.jpg\",\"width\":720,\"height\":405,\"caption\":\"ZIS d\u2019Ikolo : Maurel &amp; Prom fournira la zone en \u00e9nergie\"},{\"@type\":\"BreadcrumbList\",\"@id\":\"https:\/\/www.africa-press.net\/togo\/economie\/zis-dikolo-maurel-prom-fournira-la-zone-en-energie#breadcrumb\",\"itemListElement\":[{\"@type\":\"ListItem\",\"position\":1,\"name\":\"Accueil\",\"item\":\"https:\/\/www.africa-press.net\/togo\/\"},{\"@type\":\"ListItem\",\"position\":2,\"name\":\"ZIS d\u2019Ikolo : Maurel &amp; Prom fournira la zone en \u00e9nergie\"}]},{\"@type\":\"WebSite\",\"@id\":\"https:\/\/www.africa-press.net\/togo\/#website\",\"url\":\"https:\/\/www.africa-press.net\/togo\/\",\"name\":\"Togo\",\"description\":\"Just another Africa News Agency Sites site\",\"potentialAction\":[{\"@type\":\"SearchAction\",\"target\":{\"@type\":\"EntryPoint\",\"urlTemplate\":\"https:\/\/www.africa-press.net\/togo\/?s={search_term_string}\"},\"query-input\":{\"@type\":\"PropertyValueSpecification\",\"valueRequired\":true,\"valueName\":\"search_term_string\"}}],\"inLanguage\":\"fr-FR\"},{\"@type\":\"Person\",\"@id\":\"https:\/\/www.africa-press.net\/togo\/#\/schema\/person\/2b1cf3cd81a31e3cd26889ca66d677f1\",\"name\":\"cfeditorfr\"}]}<\/script>\n<!-- \/ Yoast SEO Premium plugin. -->","yoast_head_json":{"title":"ZIS d\u2019Ikolo : Maurel &amp; Prom fournira la zone en \u00e9nergie - Togo","description":"Pour pallier les difficulte\u0301s d\u2019approvisionnement en e\u0301nergie auxquelles sont confronte\u0301es les deux socie\u0301te\u0301s actuellem ...","robots":{"index":"index","follow":"follow","max-snippet":"max-snippet:-1","max-image-preview":"max-image-preview:large","max-video-preview":"max-video-preview:-1"},"canonical":"https:\/\/www.africa-press.net\/togo\/economie\/zis-dikolo-maurel-prom-fournira-la-zone-en-energie","og_locale":"fr_FR","og_type":"article","og_title":"ZIS d\u2019Ikolo : Maurel &amp; Prom fournira la zone en \u00e9nergie","og_description":"Pour pallier les difficulte\u0301s d\u2019approvisionnement en e\u0301nergie auxquelles sont confronte\u0301es les deux socie\u0301te\u0301s actuellem ...","og_url":"https:\/\/www.africa-press.net\/togo\/economie\/zis-dikolo-maurel-prom-fournira-la-zone-en-energie","og_site_name":"Togo","article_published_time":"2023-02-22T12:44:59+00:00","article_modified_time":"2023-02-22T13:04:24+00:00","og_image":[{"width":720,"height":405,"url":"https:\/\/static.africa-press.net\/togo\/sites\/58\/2023\/02\/postQueueImg_1677058177.35.jpg","type":"image\/jpeg"}],"author":"cfeditorfr","twitter_card":"summary_large_image","twitter_misc":{"\u00c9crit par":"cfeditorfr","Dur\u00e9e de lecture estim\u00e9e":"2 minutes"},"schema":{"@context":"https:\/\/schema.org","@graph":[{"@type":"Article","@id":"https:\/\/www.africa-press.net\/togo\/economie\/zis-dikolo-maurel-prom-fournira-la-zone-en-energie#article","isPartOf":{"@id":"https:\/\/www.africa-press.net\/togo\/economie\/zis-dikolo-maurel-prom-fournira-la-zone-en-energie"},"author":{"name":"cfeditorfr","@id":"https:\/\/www.africa-press.net\/togo\/#\/schema\/person\/2b1cf3cd81a31e3cd26889ca66d677f1"},"headline":"ZIS d\u2019Ikolo : Maurel &amp; Prom fournira la zone en \u00e9nergie","datePublished":"2023-02-22T12:44:59+00:00","dateModified":"2023-02-22T13:04:24+00:00","mainEntityOfPage":{"@id":"https:\/\/www.africa-press.net\/togo\/economie\/zis-dikolo-maurel-prom-fournira-la-zone-en-energie"},"wordCount":437,"commentCount":0,"image":{"@id":"https:\/\/www.africa-press.net\/togo\/economie\/zis-dikolo-maurel-prom-fournira-la-zone-en-energie#primaryimage"},"thumbnailUrl":"https:\/\/static.africa-press.net\/togo\/sites\/58\/2023\/02\/postQueueImg_1677058177.35.jpg","keywords":["Africa Press","Africa Press-Togo","Togo"],"articleSection":["\u00c9conomie","Toutes les actualit\u00e9s"],"inLanguage":"fr-FR","potentialAction":[{"@type":"CommentAction","name":"Comment","target":["https:\/\/www.africa-press.net\/togo\/economie\/zis-dikolo-maurel-prom-fournira-la-zone-en-energie#respond"]}]},{"@type":"WebPage","@id":"https:\/\/www.africa-press.net\/togo\/economie\/zis-dikolo-maurel-prom-fournira-la-zone-en-energie","url":"https:\/\/www.africa-press.net\/togo\/economie\/zis-dikolo-maurel-prom-fournira-la-zone-en-energie","name":"ZIS d\u2019Ikolo : Maurel &amp; Prom fournira la zone en \u00e9nergie - Togo","isPartOf":{"@id":"https:\/\/www.africa-press.net\/togo\/#website"},"primaryImageOfPage":{"@id":"https:\/\/www.africa-press.net\/togo\/economie\/zis-dikolo-maurel-prom-fournira-la-zone-en-energie#primaryimage"},"image":{"@id":"https:\/\/www.africa-press.net\/togo\/economie\/zis-dikolo-maurel-prom-fournira-la-zone-en-energie#primaryimage"},"thumbnailUrl":"https:\/\/static.africa-press.net\/togo\/sites\/58\/2023\/02\/postQueueImg_1677058177.35.jpg","datePublished":"2023-02-22T12:44:59+00:00","dateModified":"2023-02-22T13:04:24+00:00","author":{"@id":"https:\/\/www.africa-press.net\/togo\/#\/schema\/person\/2b1cf3cd81a31e3cd26889ca66d677f1"},"description":"Pour pallier les difficulte\u0301s d\u2019approvisionnement en e\u0301nergie auxquelles sont confronte\u0301es les deux socie\u0301te\u0301s actuellem ...","breadcrumb":{"@id":"https:\/\/www.africa-press.net\/togo\/economie\/zis-dikolo-maurel-prom-fournira-la-zone-en-energie#breadcrumb"},"inLanguage":"fr-FR","potentialAction":[{"@type":"ReadAction","target":["https:\/\/www.africa-press.net\/togo\/economie\/zis-dikolo-maurel-prom-fournira-la-zone-en-energie"]}]},{"@type":"ImageObject","inLanguage":"fr-FR","@id":"https:\/\/www.africa-press.net\/togo\/economie\/zis-dikolo-maurel-prom-fournira-la-zone-en-energie#primaryimage","url":"https:\/\/static.africa-press.net\/togo\/sites\/58\/2023\/02\/postQueueImg_1677058177.35.jpg","contentUrl":"https:\/\/static.africa-press.net\/togo\/sites\/58\/2023\/02\/postQueueImg_1677058177.35.jpg","width":720,"height":405,"caption":"ZIS d\u2019Ikolo : Maurel &amp; Prom fournira la zone en \u00e9nergie"},{"@type":"BreadcrumbList","@id":"https:\/\/www.africa-press.net\/togo\/economie\/zis-dikolo-maurel-prom-fournira-la-zone-en-energie#breadcrumb","itemListElement":[{"@type":"ListItem","position":1,"name":"Accueil","item":"https:\/\/www.africa-press.net\/togo\/"},{"@type":"ListItem","position":2,"name":"ZIS d\u2019Ikolo : Maurel &amp; Prom fournira la zone en \u00e9nergie"}]},{"@type":"WebSite","@id":"https:\/\/www.africa-press.net\/togo\/#website","url":"https:\/\/www.africa-press.net\/togo\/","name":"Togo","description":"Just another Africa News Agency Sites site","potentialAction":[{"@type":"SearchAction","target":{"@type":"EntryPoint","urlTemplate":"https:\/\/www.africa-press.net\/togo\/?s={search_term_string}"},"query-input":{"@type":"PropertyValueSpecification","valueRequired":true,"valueName":"search_term_string"}}],"inLanguage":"fr-FR"},{"@type":"Person","@id":"https:\/\/www.africa-press.net\/togo\/#\/schema\/person\/2b1cf3cd81a31e3cd26889ca66d677f1","name":"cfeditorfr"}]}},"_links":{"self":[{"href":"https:\/\/www.africa-press.net\/togo\/wp-json\/wp\/v2\/posts\/17654","targetHints":{"allow":["GET"]}}],"collection":[{"href":"https:\/\/www.africa-press.net\/togo\/wp-json\/wp\/v2\/posts"}],"about":[{"href":"https:\/\/www.africa-press.net\/togo\/wp-json\/wp\/v2\/types\/post"}],"author":[{"embeddable":true,"href":"https:\/\/www.africa-press.net\/togo\/wp-json\/wp\/v2\/users\/82"}],"replies":[{"embeddable":true,"href":"https:\/\/www.africa-press.net\/togo\/wp-json\/wp\/v2\/comments?post=17654"}],"version-history":[{"count":0,"href":"https:\/\/www.africa-press.net\/togo\/wp-json\/wp\/v2\/posts\/17654\/revisions"}],"wp:featuredmedia":[{"embeddable":true,"href":"https:\/\/www.africa-press.net\/togo\/wp-json\/wp\/v2\/media\/17651"}],"wp:attachment":[{"href":"https:\/\/www.africa-press.net\/togo\/wp-json\/wp\/v2\/media?parent=17654"}],"wp:term":[{"taxonomy":"category","embeddable":true,"href":"https:\/\/www.africa-press.net\/togo\/wp-json\/wp\/v2\/categories?post=17654"},{"taxonomy":"post_tag","embeddable":true,"href":"https:\/\/www.africa-press.net\/togo\/wp-json\/wp\/v2\/tags?post=17654"}],"curies":[{"name":"wp","href":"https:\/\/api.w.org\/{rel}","templated":true}]}}