{"id":17670,"date":"2023-02-22T20:00:08","date_gmt":"2023-02-22T20:00:08","guid":{"rendered":"https:\/\/www.africa-press.net\/togo\/politique\/togo-compte-rendu-du-conseil-des-ministres-de-ce-mercredi-22-fevrier-2023"},"modified":"2023-02-22T20:25:55","modified_gmt":"2023-02-22T20:25:55","slug":"togo-compte-rendu-du-conseil-des-ministres-de-ce-mercredi-22-fevrier-2023","status":"publish","type":"post","link":"https:\/\/www.africa-press.net\/togo\/politique\/togo-compte-rendu-du-conseil-des-ministres-de-ce-mercredi-22-fevrier-2023","title":{"rendered":"Togo- Compte rendu du conseil des ministres de ce mercredi 22 f\u00e9vrier 2023"},"content":{"rendered":"<p><span style=\"color: #ff6600\"><strong>Africa-Press &#8211; Togo. <\/strong><\/span><b>Le conseil des ministres s\u2019est re\u0301uni ce mercredi 22 fe\u0301vrier 2023 sous la pre\u0301sidence du chef de l\u2019Etat Faure Essozimna Gnassingbe\u0301. Le conseil a examine\u0301 deux (02) projets de de\u0301cret et e\u0301coute\u0301 cinq (05) communications.<\/b><\/p>\n<p>I. Au titre des projets de de\u0301cret,<\/p>\n<p>3. Le conseil a examine\u0301 et adopte\u0301 en deuxie\u0300me lecture un projet de de\u0301cret fixant les conditions d\u2019acce\u0300s et d\u2019exercice de la profession de conducteur routier.<\/p>\n<p>4. Ce projet de de\u0301cret s\u2019inscrit dans le cadre de la professionnalisation du secteur du transport au Togo a\u0300 travers le me\u0301tier de conducteur routier et l\u2019ame\u0301lioration de la se\u0301curite\u0301 routie\u0300re.<\/p>\n<p>5. L\u2019adoption de ce texte permet de disposer des informations et donne\u0301es ne\u0301cessaires pour une meilleure organisation du sous-secteur du transport routier, en vue de sa contribution a\u0300 la re\u0301alisation de l\u2019ambition de la feuille de route gouvernementale 2020-2025 qui vise a\u0300 affirmer la place du pays en tant que hub logistique et de services.<\/p>\n<p>6. Le conseil a examine\u0301 en premie\u0300re lecture un projet de de\u0301cret fixant les conditions d\u2019acce\u0300s a\u0300 la profession de transporteur, d\u2019interme\u0301diaire et d\u2019auxiliaire de transport et d\u2019exercice des activite\u0301s de transport routier.<\/p>\n<p>7. Le gouvernement, dans le but de renforcer et d\u2019ame\u0301liorer l\u2019efficacite\u0301 des services logistiques pour le commerce, s\u2019est investi, ces dernie\u0300res anne\u0301es, dans la modernisation des infrastructures de transports ainsi que dans l\u2019ame\u0301lioration du cadre re\u0301glementaire du secteur.<\/p>\n<p>8. L\u2019e\u0301tude de ce texte, qui vise a\u0300 professionnaliser et organiser le secteur du transport des biens et des personnes, se poursuivra lors d\u2019une prochaine se\u0301ance du conseil<\/p>\n<p>II. Au titre des communications,<\/p>\n<p>9. Le conseil a e\u0301coute\u0301 une premie\u0300re communication relative a\u0300 la note de cadrage de la protection sociale ; pre\u0301sente\u0301e par le ministre de la fonction publique, du travail et du dialogue sociale.<\/p>\n<p>10. Cette communication vise a\u0300 pre\u0301senter le cadrage ge\u0301ne\u0301ral de la politique de protection sociale dans notre pays. Elle fait l\u2019e\u0301tat des lieux des diffe\u0301rents dispositifs existants et de\u0301finit les orientations pour la mise en place d\u2019un syste\u0300me inte\u0301gre\u0301 de protection sociale de notre pays.<\/p>\n<p>Ceci dans la droite ligne de l\u2019axe 1 de la feuille de route qui ambitionne de renforcer l\u2019inclusion et l\u2019harmonie sociales.<\/p>\n<p>11. Le conseil a instruit pour la finalisation du document de politique en capitalisant sur les initiatives existantes et sur les axes d\u2019ame\u0301lioration identifie\u0301s, notamment en termes de plus grande synergie et de digitalisation des dispositifs.<\/p>\n<p>12. Le conseil a e\u0301coute\u0301 une deuxie\u0300me communication relative a\u0300 la digitalisation des services publics de l\u2019administration togolaise ; pre\u0301sente\u0301e par le ministre l\u2019e\u0301conomie nume\u0301rique et de la transformation digitale.<\/p>\n<p>13. Dans le but de simplifier l\u2019ensemble des de\u0301marches administratives et de rapprocher davantage le citoyen de l\u2019administration publique, le gouvernement a inscrit, au titre des projets prioritaires de sa feuille de route gouvernementale 2020-2025, un projet de digitalisation des services publics. La pre\u0301sente communication a pour objet de rendre compte de l\u2019avancement des travaux mene\u0301s dans le cadre de ce projet.<\/p>\n<p>14. Au rang des re\u0301sultats de\u0301ja\u0300 obtenus figure la cre\u0301ation de l\u2019Agence Togo Digital (ATD) en septembre 2021 et le lancement en juin 2022 du portail national des services publics digitalise\u0301s (www.service-public.gouv.tg). Ce portail compte aujourd\u2019hui plusieurs parcours de services ope\u0301rationnels, notamment les demandes de passeport, de carte de se\u0301jour, du permis de construire, de raccordement a\u0300 l\u2019e\u0301lectricite\u0301 basse tension, du duplicata de nationalite\u0301 et le suivi en ligne de la premie\u0300re demande du certificat de nationalite\u0301.<\/p>\n<p>15. L\u2019Agence Togo Digital, dont les capacite\u0301s seront renforce\u0301es, poursuit sa mission en lien avec plusieurs entite\u0301s administratives pour la mise en ligne sur le portail d\u2019une trentaine de parcours de services d\u2019ici la fin du second trimestre de l\u2019anne\u0301e 2023. Ces parcours concerneront des services lie\u0301s a\u0300 la promotion des investissements, a\u0300 la gestion des fonctionnaires ou encore des services du secteur de l\u2019e\u0301conomie maritime.<\/p>\n<p>16. Le conseil a e\u0301coute\u0301 une troisie\u0300me communication sur la digitalisation du casier judiciaire et de la demande du duplicata du certificat de la nationalite\u0301 togolaise ; pre\u0301sente\u0301e par le ministre de la justice et de la le\u0301gislation.<\/p>\n<p>17. La digitalisation de ces deux services tre\u0300s utiles pour nos concitoyens illustre la vision du Chef de l\u2019Etat, Son Excellence Monsieur Faure Essozimna GNASSINGBE, qui vise a\u0300 renforcer l\u2019inclusion et l\u2019harmonie sociales.<\/p>\n<p>18. La communication pre\u0301sente\u0301e a permis de constater la tre\u0300s forte adhe\u0301sion des citoyens a\u0300 ces nouveaux processus. Ainsi, depuis la re\u0301forme, pre\u0300s de 350.000 bulletins ont e\u0301te\u0301 de\u0301livre\u0301s contre une moyenne annuelle de 50.000 bulletins. Cet engouement est lie\u0301 a\u0300 la ce\u0301le\u0301rite\u0301 du processus et a\u0300 la possibilite\u0301 de demander le casier judiciaire sans se de\u0301placer et de pouvoir le faire livrer en tout lieu de son choix.<\/p>\n<p>19. S\u2019agissant de la digitalisation de la demande de duplicata du certificat de nationalite\u0301 lance\u0301e en janvier 2023, elle vient re\u0301pondre a\u0300 un allongement constate\u0301 du de\u0301lai ne\u0301cessaire pour l\u2019obtention de ce document.<\/p>\n<p>20. De\u0301sormais la demande de duplicata peut se faire dans 5 chefs-lieux de re\u0301gion et dans douze (12) pre\u0301fectures et en ligne.<\/p>\n<p>21. Le conseil a salue\u0301 la re\u0301ussite de la digitalisation de ces processus et a invite\u0301 les acteurs a\u0300 poursuivre les actions en vue d\u2019une modernisation de la justice conforme\u0301ment aux ambitions de la feuille de route gouvernementale et aux be\u0301ne\u0301fices des populations.<\/p>\n<p>22. Il a saisi cette opportunite\u0301 pour lancer un appel aux populations afin de se faire e\u0301tablir le nouveau format du certificat de nationalite\u0301 qui facilite la mise en \u0153uvre du processus de digitalisation.<\/p>\n<p>23. Le conseil a e\u0301coute\u0301 une quatrie\u0300me communication relative a\u0300 l\u2019ouverture des cre\u0300ches\/garderies au Togo ; pre\u0301sente\u0301e par le ministre de l\u2019action sociale, de la promotion de la femme et de l\u2019alphabe\u0301tisation.<\/p>\n<p>24. Le gouvernement place au c\u0153ur de ses actions prioritaires, la promotion de la femme et des enfants. Dans le but de faciliter la conciliation de l\u2019encadrement de l\u2019enfant avec la vie professionnelle des parents, il est ne\u0301cessaire d\u2019organiser l\u2019accueil des enfants dans des structures respectant des normes et standards.<\/p>\n<p>25. La communication vise a\u0300 pre\u0301senter un e\u0301tat des lieux des structures accueillant les enfants dans notre pays. Ainsi, on de\u0301nombre a\u0300 ce jour 28 cre\u0300ches \/ garderies sur toute l\u2019e\u0301tendue du territoire.<\/p>\n<p>26. Cette communication vise a\u0300 proposer une re\u0301glementation qui contribuera a\u0300 la mise en \u0153uvre re\u0301ussie des politiques nationales de de\u0301veloppement de la petite enfance ainsi que du bien-e\u0302tre de l\u2019enfant au Togo.<\/p>\n<p>27. Le conseil a e\u0301coute\u0301 une dernie\u0300re communication relative a\u0300 la 17e\u0300me e\u0301dition de la foire internationale de Lome\u0301 ; pre\u0301sente\u0301e par le ministre du commerce, de l\u2019industrie et de la consommation locale.<\/p>\n<p>28. La 17e\u0300me e\u0301dition de la foire internationale de Lome\u0301 s\u2019est tenue du 30 novembre au 18 de\u0301cembre 2022 sur le site du Centre togolais des expositions et foires de Lome\u0301 (CETEF). Cet e\u0301ve\u0300nement s\u2019est inscrit dans le cadre de la relance de la croissance e\u0301conomique de notre pays apre\u0300s le ralentissement observe\u0301 en 2020.<\/p>\n<p>29. La re\u0301ussite de cet e\u0301ve\u0300nement qui a regroupe\u0301 plus de 1143 exposants venus de 22 pays d\u2019Afrique et du reste du monde est le re\u0301sultat des actions mene\u0301es pour renforcer le rayonnement de notre pays.<\/p>\n<p>30. Il est a\u0300 noter que toutes les branches de l\u2019e\u0301conomie nationale ont be\u0301ne\u0301ficie\u0301 des retombe\u0301es positives de cette foire. Plus concre\u0300tement, en termes d\u2019impact e\u0301conomique, cet e\u0301ve\u0300nement a permis de cre\u0301er des emplois occasionnels surtout pour les jeunes et les femmes, de nouer des partenariats d\u2019affaires.<\/p>\n<p>31. Le conseil a fe\u0301licite\u0301 les organisateurs et les a instruit d\u2019acce\u0301le\u0301rer les actions visant a\u0300 accroitre les capacite\u0301s du centre afin de mieux pre\u0301parer la prochaine la prochaine e\u0301dition.<\/p>\n<p><strong>Pour plus d&rsquo;informations et d&rsquo;analyses sur la <a href=\"https:\/\/www.africa-press.net\/togo\">Togo<\/a>, suivez <a href=\"https:\/\/www.africa-press.net\/\">Africa-Press<\/a><\/strong><\/p>\n","protected":false},"excerpt":{"rendered":"<p>Africa-Press &#8211; Togo. Le conseil des ministres s\u2019est re\u0301uni ce mercredi 22 fe\u0301vrier 2023 sous la pre\u0301sidence du chef de l\u2019Etat Faure Essozimna Gnassingbe\u0301. Le conseil a examine\u0301 deux (02) projets de de\u0301cret et e\u0301coute\u0301 cinq (05) communications. I. Au titre des projets de de\u0301cret, 3. Le conseil a examine\u0301 et adopte\u0301 en deuxie\u0300me lecture [&hellip;]<\/p>\n","protected":false},"author":82,"featured_media":17669,"comment_status":"open","ping_status":"closed","sticky":false,"template":"","format":"standard","meta":{"footnotes":""},"categories":[2,10],"tags":[36,49,50],"class_list":["post-17670","post","type-post","status-publish","format-standard","has-post-thumbnail","hentry","category-politique","category-toutes-les-actualites","tag-africa-press","tag-africa-press-togo","tag-togo"],"yoast_head":"<!-- This site is optimized with the Yoast SEO Premium plugin v26.1 (Yoast SEO v27.0) - https:\/\/yoast.com\/product\/yoast-seo-premium-wordpress\/ -->\n<title>Togo- Compte rendu du conseil des ministres de ce mercredi 22 f\u00e9vrier 2023 - Togo<\/title>\n<meta name=\"description\" content=\"Le conseil des ministres s\u2019est re\u0301uni ce mercredi 22 fe\u0301vrier 2023 sous la pre\u0301sidence du chef de l\u2019Etat Faure Essozi ...\" \/>\n<meta name=\"robots\" content=\"index, follow, max-snippet:-1, max-image-preview:large, max-video-preview:-1\" \/>\n<link rel=\"canonical\" href=\"https:\/\/www.africa-press.net\/togo\/politique\/togo-compte-rendu-du-conseil-des-ministres-de-ce-mercredi-22-fevrier-2023\" \/>\n<meta property=\"og:locale\" content=\"fr_FR\" \/>\n<meta property=\"og:type\" content=\"article\" \/>\n<meta property=\"og:title\" content=\"Togo- Compte rendu du conseil des ministres de ce mercredi 22 f\u00e9vrier 2023\" \/>\n<meta property=\"og:description\" content=\"Le conseil des ministres s\u2019est re\u0301uni ce mercredi 22 fe\u0301vrier 2023 sous la pre\u0301sidence du chef de l\u2019Etat Faure Essozi ...\" \/>\n<meta property=\"og:url\" content=\"https:\/\/www.africa-press.net\/togo\/politique\/togo-compte-rendu-du-conseil-des-ministres-de-ce-mercredi-22-fevrier-2023\" \/>\n<meta property=\"og:site_name\" content=\"Togo\" \/>\n<meta property=\"article:published_time\" content=\"2023-02-22T20:00:08+00:00\" \/>\n<meta property=\"article:modified_time\" content=\"2023-02-22T20:25:55+00:00\" \/>\n<meta property=\"og:image\" content=\"https:\/\/static.africa-press.net\/togo\/sites\/58\/2023\/02\/postQueueImg_1677083415.34.jpg\" \/>\n\t<meta property=\"og:image:width\" content=\"1280\" \/>\n\t<meta property=\"og:image:height\" content=\"808\" \/>\n\t<meta property=\"og:image:type\" content=\"image\/jpeg\" \/>\n<meta name=\"author\" content=\"cfeditorfr\" \/>\n<meta name=\"twitter:card\" content=\"summary_large_image\" \/>\n<meta name=\"twitter:label1\" content=\"\u00c9crit par\" \/>\n\t<meta name=\"twitter:data1\" content=\"cfeditorfr\" \/>\n\t<meta name=\"twitter:label2\" content=\"Dur\u00e9e de lecture estim\u00e9e\" \/>\n\t<meta name=\"twitter:data2\" content=\"7 minutes\" \/>\n<script type=\"application\/ld+json\" class=\"yoast-schema-graph\">{\"@context\":\"https:\/\/schema.org\",\"@graph\":[{\"@type\":\"Article\",\"@id\":\"https:\/\/www.africa-press.net\/togo\/politique\/togo-compte-rendu-du-conseil-des-ministres-de-ce-mercredi-22-fevrier-2023#article\",\"isPartOf\":{\"@id\":\"https:\/\/www.africa-press.net\/togo\/politique\/togo-compte-rendu-du-conseil-des-ministres-de-ce-mercredi-22-fevrier-2023\"},\"author\":{\"name\":\"cfeditorfr\",\"@id\":\"https:\/\/www.africa-press.net\/togo\/#\/schema\/person\/2b1cf3cd81a31e3cd26889ca66d677f1\"},\"headline\":\"Togo- Compte rendu du conseil des ministres de ce mercredi 22 f\u00e9vrier 2023\",\"datePublished\":\"2023-02-22T20:00:08+00:00\",\"dateModified\":\"2023-02-22T20:25:55+00:00\",\"mainEntityOfPage\":{\"@id\":\"https:\/\/www.africa-press.net\/togo\/politique\/togo-compte-rendu-du-conseil-des-ministres-de-ce-mercredi-22-fevrier-2023\"},\"wordCount\":1431,\"commentCount\":0,\"image\":{\"@id\":\"https:\/\/www.africa-press.net\/togo\/politique\/togo-compte-rendu-du-conseil-des-ministres-de-ce-mercredi-22-fevrier-2023#primaryimage\"},\"thumbnailUrl\":\"https:\/\/static.africa-press.net\/togo\/sites\/58\/2023\/02\/postQueueImg_1677083415.34.jpg\",\"keywords\":[\"Africa Press\",\"Africa Press-Togo\",\"Togo\"],\"articleSection\":[\"Politique\",\"Toutes les actualit\u00e9s\"],\"inLanguage\":\"fr-FR\",\"potentialAction\":[{\"@type\":\"CommentAction\",\"name\":\"Comment\",\"target\":[\"https:\/\/www.africa-press.net\/togo\/politique\/togo-compte-rendu-du-conseil-des-ministres-de-ce-mercredi-22-fevrier-2023#respond\"]}]},{\"@type\":\"WebPage\",\"@id\":\"https:\/\/www.africa-press.net\/togo\/politique\/togo-compte-rendu-du-conseil-des-ministres-de-ce-mercredi-22-fevrier-2023\",\"url\":\"https:\/\/www.africa-press.net\/togo\/politique\/togo-compte-rendu-du-conseil-des-ministres-de-ce-mercredi-22-fevrier-2023\",\"name\":\"Togo- Compte rendu du conseil des ministres de ce mercredi 22 f\u00e9vrier 2023 - Togo\",\"isPartOf\":{\"@id\":\"https:\/\/www.africa-press.net\/togo\/#website\"},\"primaryImageOfPage\":{\"@id\":\"https:\/\/www.africa-press.net\/togo\/politique\/togo-compte-rendu-du-conseil-des-ministres-de-ce-mercredi-22-fevrier-2023#primaryimage\"},\"image\":{\"@id\":\"https:\/\/www.africa-press.net\/togo\/politique\/togo-compte-rendu-du-conseil-des-ministres-de-ce-mercredi-22-fevrier-2023#primaryimage\"},\"thumbnailUrl\":\"https:\/\/static.africa-press.net\/togo\/sites\/58\/2023\/02\/postQueueImg_1677083415.34.jpg\",\"datePublished\":\"2023-02-22T20:00:08+00:00\",\"dateModified\":\"2023-02-22T20:25:55+00:00\",\"author\":{\"@id\":\"https:\/\/www.africa-press.net\/togo\/#\/schema\/person\/2b1cf3cd81a31e3cd26889ca66d677f1\"},\"description\":\"Le conseil des ministres s\u2019est re\u0301uni ce mercredi 22 fe\u0301vrier 2023 sous la pre\u0301sidence du chef de l\u2019Etat Faure Essozi ...\",\"breadcrumb\":{\"@id\":\"https:\/\/www.africa-press.net\/togo\/politique\/togo-compte-rendu-du-conseil-des-ministres-de-ce-mercredi-22-fevrier-2023#breadcrumb\"},\"inLanguage\":\"fr-FR\",\"potentialAction\":[{\"@type\":\"ReadAction\",\"target\":[\"https:\/\/www.africa-press.net\/togo\/politique\/togo-compte-rendu-du-conseil-des-ministres-de-ce-mercredi-22-fevrier-2023\"]}]},{\"@type\":\"ImageObject\",\"inLanguage\":\"fr-FR\",\"@id\":\"https:\/\/www.africa-press.net\/togo\/politique\/togo-compte-rendu-du-conseil-des-ministres-de-ce-mercredi-22-fevrier-2023#primaryimage\",\"url\":\"https:\/\/static.africa-press.net\/togo\/sites\/58\/2023\/02\/postQueueImg_1677083415.34.jpg\",\"contentUrl\":\"https:\/\/static.africa-press.net\/togo\/sites\/58\/2023\/02\/postQueueImg_1677083415.34.jpg\",\"width\":1280,\"height\":808,\"caption\":\"Togo- Compte rendu du conseil des ministres de ce mercredi 22 f\u00e9vrier 2023\"},{\"@type\":\"BreadcrumbList\",\"@id\":\"https:\/\/www.africa-press.net\/togo\/politique\/togo-compte-rendu-du-conseil-des-ministres-de-ce-mercredi-22-fevrier-2023#breadcrumb\",\"itemListElement\":[{\"@type\":\"ListItem\",\"position\":1,\"name\":\"Accueil\",\"item\":\"https:\/\/www.africa-press.net\/togo\/\"},{\"@type\":\"ListItem\",\"position\":2,\"name\":\"Togo- Compte rendu du conseil des ministres de ce mercredi 22 f\u00e9vrier 2023\"}]},{\"@type\":\"WebSite\",\"@id\":\"https:\/\/www.africa-press.net\/togo\/#website\",\"url\":\"https:\/\/www.africa-press.net\/togo\/\",\"name\":\"Togo\",\"description\":\"Just another Africa News Agency Sites site\",\"potentialAction\":[{\"@type\":\"SearchAction\",\"target\":{\"@type\":\"EntryPoint\",\"urlTemplate\":\"https:\/\/www.africa-press.net\/togo\/?s={search_term_string}\"},\"query-input\":{\"@type\":\"PropertyValueSpecification\",\"valueRequired\":true,\"valueName\":\"search_term_string\"}}],\"inLanguage\":\"fr-FR\"},{\"@type\":\"Person\",\"@id\":\"https:\/\/www.africa-press.net\/togo\/#\/schema\/person\/2b1cf3cd81a31e3cd26889ca66d677f1\",\"name\":\"cfeditorfr\"}]}<\/script>\n<!-- \/ Yoast SEO Premium plugin. -->","yoast_head_json":{"title":"Togo- Compte rendu du conseil des ministres de ce mercredi 22 f\u00e9vrier 2023 - Togo","description":"Le conseil des ministres s\u2019est re\u0301uni ce mercredi 22 fe\u0301vrier 2023 sous la pre\u0301sidence du chef de l\u2019Etat Faure Essozi ...","robots":{"index":"index","follow":"follow","max-snippet":"max-snippet:-1","max-image-preview":"max-image-preview:large","max-video-preview":"max-video-preview:-1"},"canonical":"https:\/\/www.africa-press.net\/togo\/politique\/togo-compte-rendu-du-conseil-des-ministres-de-ce-mercredi-22-fevrier-2023","og_locale":"fr_FR","og_type":"article","og_title":"Togo- Compte rendu du conseil des ministres de ce mercredi 22 f\u00e9vrier 2023","og_description":"Le conseil des ministres s\u2019est re\u0301uni ce mercredi 22 fe\u0301vrier 2023 sous la pre\u0301sidence du chef de l\u2019Etat Faure Essozi ...","og_url":"https:\/\/www.africa-press.net\/togo\/politique\/togo-compte-rendu-du-conseil-des-ministres-de-ce-mercredi-22-fevrier-2023","og_site_name":"Togo","article_published_time":"2023-02-22T20:00:08+00:00","article_modified_time":"2023-02-22T20:25:55+00:00","og_image":[{"width":1280,"height":808,"url":"https:\/\/static.africa-press.net\/togo\/sites\/58\/2023\/02\/postQueueImg_1677083415.34.jpg","type":"image\/jpeg"}],"author":"cfeditorfr","twitter_card":"summary_large_image","twitter_misc":{"\u00c9crit par":"cfeditorfr","Dur\u00e9e de lecture estim\u00e9e":"7 minutes"},"schema":{"@context":"https:\/\/schema.org","@graph":[{"@type":"Article","@id":"https:\/\/www.africa-press.net\/togo\/politique\/togo-compte-rendu-du-conseil-des-ministres-de-ce-mercredi-22-fevrier-2023#article","isPartOf":{"@id":"https:\/\/www.africa-press.net\/togo\/politique\/togo-compte-rendu-du-conseil-des-ministres-de-ce-mercredi-22-fevrier-2023"},"author":{"name":"cfeditorfr","@id":"https:\/\/www.africa-press.net\/togo\/#\/schema\/person\/2b1cf3cd81a31e3cd26889ca66d677f1"},"headline":"Togo- Compte rendu du conseil des ministres de ce mercredi 22 f\u00e9vrier 2023","datePublished":"2023-02-22T20:00:08+00:00","dateModified":"2023-02-22T20:25:55+00:00","mainEntityOfPage":{"@id":"https:\/\/www.africa-press.net\/togo\/politique\/togo-compte-rendu-du-conseil-des-ministres-de-ce-mercredi-22-fevrier-2023"},"wordCount":1431,"commentCount":0,"image":{"@id":"https:\/\/www.africa-press.net\/togo\/politique\/togo-compte-rendu-du-conseil-des-ministres-de-ce-mercredi-22-fevrier-2023#primaryimage"},"thumbnailUrl":"https:\/\/static.africa-press.net\/togo\/sites\/58\/2023\/02\/postQueueImg_1677083415.34.jpg","keywords":["Africa Press","Africa Press-Togo","Togo"],"articleSection":["Politique","Toutes les actualit\u00e9s"],"inLanguage":"fr-FR","potentialAction":[{"@type":"CommentAction","name":"Comment","target":["https:\/\/www.africa-press.net\/togo\/politique\/togo-compte-rendu-du-conseil-des-ministres-de-ce-mercredi-22-fevrier-2023#respond"]}]},{"@type":"WebPage","@id":"https:\/\/www.africa-press.net\/togo\/politique\/togo-compte-rendu-du-conseil-des-ministres-de-ce-mercredi-22-fevrier-2023","url":"https:\/\/www.africa-press.net\/togo\/politique\/togo-compte-rendu-du-conseil-des-ministres-de-ce-mercredi-22-fevrier-2023","name":"Togo- Compte rendu du conseil des ministres de ce mercredi 22 f\u00e9vrier 2023 - Togo","isPartOf":{"@id":"https:\/\/www.africa-press.net\/togo\/#website"},"primaryImageOfPage":{"@id":"https:\/\/www.africa-press.net\/togo\/politique\/togo-compte-rendu-du-conseil-des-ministres-de-ce-mercredi-22-fevrier-2023#primaryimage"},"image":{"@id":"https:\/\/www.africa-press.net\/togo\/politique\/togo-compte-rendu-du-conseil-des-ministres-de-ce-mercredi-22-fevrier-2023#primaryimage"},"thumbnailUrl":"https:\/\/static.africa-press.net\/togo\/sites\/58\/2023\/02\/postQueueImg_1677083415.34.jpg","datePublished":"2023-02-22T20:00:08+00:00","dateModified":"2023-02-22T20:25:55+00:00","author":{"@id":"https:\/\/www.africa-press.net\/togo\/#\/schema\/person\/2b1cf3cd81a31e3cd26889ca66d677f1"},"description":"Le conseil des ministres s\u2019est re\u0301uni ce mercredi 22 fe\u0301vrier 2023 sous la pre\u0301sidence du chef de l\u2019Etat Faure Essozi ...","breadcrumb":{"@id":"https:\/\/www.africa-press.net\/togo\/politique\/togo-compte-rendu-du-conseil-des-ministres-de-ce-mercredi-22-fevrier-2023#breadcrumb"},"inLanguage":"fr-FR","potentialAction":[{"@type":"ReadAction","target":["https:\/\/www.africa-press.net\/togo\/politique\/togo-compte-rendu-du-conseil-des-ministres-de-ce-mercredi-22-fevrier-2023"]}]},{"@type":"ImageObject","inLanguage":"fr-FR","@id":"https:\/\/www.africa-press.net\/togo\/politique\/togo-compte-rendu-du-conseil-des-ministres-de-ce-mercredi-22-fevrier-2023#primaryimage","url":"https:\/\/static.africa-press.net\/togo\/sites\/58\/2023\/02\/postQueueImg_1677083415.34.jpg","contentUrl":"https:\/\/static.africa-press.net\/togo\/sites\/58\/2023\/02\/postQueueImg_1677083415.34.jpg","width":1280,"height":808,"caption":"Togo- Compte rendu du conseil des ministres de ce mercredi 22 f\u00e9vrier 2023"},{"@type":"BreadcrumbList","@id":"https:\/\/www.africa-press.net\/togo\/politique\/togo-compte-rendu-du-conseil-des-ministres-de-ce-mercredi-22-fevrier-2023#breadcrumb","itemListElement":[{"@type":"ListItem","position":1,"name":"Accueil","item":"https:\/\/www.africa-press.net\/togo\/"},{"@type":"ListItem","position":2,"name":"Togo- Compte rendu du conseil des ministres de ce mercredi 22 f\u00e9vrier 2023"}]},{"@type":"WebSite","@id":"https:\/\/www.africa-press.net\/togo\/#website","url":"https:\/\/www.africa-press.net\/togo\/","name":"Togo","description":"Just another Africa News Agency Sites site","potentialAction":[{"@type":"SearchAction","target":{"@type":"EntryPoint","urlTemplate":"https:\/\/www.africa-press.net\/togo\/?s={search_term_string}"},"query-input":{"@type":"PropertyValueSpecification","valueRequired":true,"valueName":"search_term_string"}}],"inLanguage":"fr-FR"},{"@type":"Person","@id":"https:\/\/www.africa-press.net\/togo\/#\/schema\/person\/2b1cf3cd81a31e3cd26889ca66d677f1","name":"cfeditorfr"}]}},"_links":{"self":[{"href":"https:\/\/www.africa-press.net\/togo\/wp-json\/wp\/v2\/posts\/17670","targetHints":{"allow":["GET"]}}],"collection":[{"href":"https:\/\/www.africa-press.net\/togo\/wp-json\/wp\/v2\/posts"}],"about":[{"href":"https:\/\/www.africa-press.net\/togo\/wp-json\/wp\/v2\/types\/post"}],"author":[{"embeddable":true,"href":"https:\/\/www.africa-press.net\/togo\/wp-json\/wp\/v2\/users\/82"}],"replies":[{"embeddable":true,"href":"https:\/\/www.africa-press.net\/togo\/wp-json\/wp\/v2\/comments?post=17670"}],"version-history":[{"count":0,"href":"https:\/\/www.africa-press.net\/togo\/wp-json\/wp\/v2\/posts\/17670\/revisions"}],"wp:featuredmedia":[{"embeddable":true,"href":"https:\/\/www.africa-press.net\/togo\/wp-json\/wp\/v2\/media\/17669"}],"wp:attachment":[{"href":"https:\/\/www.africa-press.net\/togo\/wp-json\/wp\/v2\/media?parent=17670"}],"wp:term":[{"taxonomy":"category","embeddable":true,"href":"https:\/\/www.africa-press.net\/togo\/wp-json\/wp\/v2\/categories?post=17670"},{"taxonomy":"post_tag","embeddable":true,"href":"https:\/\/www.africa-press.net\/togo\/wp-json\/wp\/v2\/tags?post=17670"}],"curies":[{"name":"wp","href":"https:\/\/api.w.org\/{rel}","templated":true}]}}