{"id":17674,"date":"2023-02-22T20:00:49","date_gmt":"2023-02-22T20:00:49","guid":{"rendered":"https:\/\/www.africa-press.net\/togo\/politique\/togo-covidgate-le-gouvernement-sest-explique-devant-lassemblee-nationale-voici-les-arguments-avances"},"modified":"2023-02-22T20:26:46","modified_gmt":"2023-02-22T20:26:46","slug":"togo-covidgate-le-gouvernement-sest-explique-devant-lassemblee-nationale-voici-les-arguments-avances","status":"publish","type":"post","link":"https:\/\/www.africa-press.net\/togo\/politique\/togo-covidgate-le-gouvernement-sest-explique-devant-lassemblee-nationale-voici-les-arguments-avances","title":{"rendered":"Togo\/Covidgate\u00a0: Le gouvernement s\u2019est expliqu\u00e9 devant l\u2019assembl\u00e9e nationale\u00a0; voici les arguments avanc\u00e9s"},"content":{"rendered":"<p><span style=\"color: #ff6600\"><strong>Africa-Press &#8211; Togo. <\/strong><\/span>Assemble\u0301e nationale: Le gouvernement s&rsquo;est explique\u0301 sur la gestion du fonds Covid-19<\/p>\n<p>Le mardi 21 fe\u0301vrier 2023, au sie\u0300ge de la repre\u0301sentation nationale, la Pre\u0301sidente de l\u2019Assemble\u0301e nationale, Madame Yawa Djigbodi Tse\u0300gan, a proce\u0301de\u0301 a\u0300 l\u2019ouverture de la premie\u0300re session extraordinaire de l\u2019anne\u0301e, conforme\u0301ment aux dispositions de l\u2019article 55 aline\u0301a 8 de la Constitution.<\/p>\n<p>La session s\u2019est de\u0301roule\u0301e en pre\u0301sence d\u2019une forte de\u0301le\u0301gation gouvernementale conduite par Payadowa Boukpessi, ministre d\u2019Etat, ministre de l\u2019administration territoriale, de la de\u0301centralisation et du de\u0301veloppement des territoires ainsi que l\u2019e\u0301quipe de la coordination nationale de la gestion de la riposte contre la Covid-19.<\/p>\n<p>En lien avec les dispositions constitutionnelles notamment l\u2019article 96 aline\u0301a 2, la forte mobilisation de l\u2019e\u0301quipe gouvernementale a\u0300 l\u2019he\u0301micycle s\u2019explique par la ne\u0301cessite\u0301 pour le gouvernement de communiquer sur le rapport d\u2019audit du fonds de riposte et de solidarite\u0301 contre la Covid-19, gestion 2020 publie\u0301 par la Cour des comptes. Par ailleurs, cette communication fait corps avec l\u2019obligation de redevabilite\u0301 a\u0300 l\u2019e\u0301gard de la repre\u0301sentation nationale et s\u2019inscrit dans les missions re\u0301galiennes de l\u2019institution parlementaire, celles de contro\u0302le de l\u2019action gouvernementale.<\/p>\n<p>Sur le fondement de l\u2019article 86 de la Constitution, le Gouvernement avait sollicite\u0301 et obtenu de l\u2019Assemble\u0301e nationale une habilitation a\u0300 prendre par ordonnances les mesures relevant du domaine de la loi a\u0300 compter du 16 mars 2020. Par 11 lois, l\u2019Assemble\u0301e nationale a de\u0301ja\u0300 ratifie\u0301 les ordonnances prises par le Gouvernement.<\/p>\n<p>De plus, conforme\u0301ment a\u0300 l\u2019article 5 de la loi d\u2019habilitation, je cite \u00ab le Gouvernement communique a\u0300 l\u2019Assemble\u0301e nationale, a\u0300 sa demande, toute mesure prise ou mise en \u0153uvre en application de ladite loi d\u2019habilitation. L\u2019Assemble\u0301e nationale peut reque\u0301rir toute information comple\u0301mentaire en ce qui concerne le contro\u0302le et l\u2019e\u0301valuation des mesures \u00bb fin de citation. Il s\u2019agit donc d\u2019un exercice qui participe de la mise en \u0153uvre par l\u2019Assemble\u0301e nationale de ses pre\u0301rogatives de contro\u0302le de l\u2019action gouvernementale.<\/p>\n<p>\u00ab A\u0300 l\u2019occasion de ce de\u0301bat de nation, je voudrais rendre hommage au Pre\u0301sident de la Re\u0301publique, Son Excellence Monsieur, Faure Essozimna Gnassingbe\u0301, qui aux premie\u0300res heures de la pande\u0301mie, a fait e\u0301riger des barrie\u0300res multiformes pour prote\u0301ger les populations contre la Covid sur les plans sanitaire, se\u0301curitaire, social et e\u0301conomique. D\u2019importantes ressources financie\u0300res ont e\u0301te\u0301 mobilise\u0301es pour donner des re\u0301sultats tangibles reconnus tant au plan national qu\u2019international par les partenaires en de\u0301veloppement comme l\u2019un des rares pays ayant eu la meilleure approche de protection des populations. Toutefois et afin d\u2019apporter des pre\u0301cisions, le gouvernement vient e\u0301clairer la Repre\u0301sentation nationale sur les points de la gestion du fonds y relatif \u00bb, Mme Yawa Djigbodi Tse\u0300gan, Pre\u0301sidente de l\u2019Assemble\u0301e nationale.<\/p>\n<p>Payadowa Boukpessi, ministre d\u2019Etat, ministre de l\u2019administration territoriale, de la de\u0301centralisation et du de\u0301veloppement des territoires a rappele\u0301 le contexte et la justification de ce fonds, soit un montant de 400 milliards mobilisable sur plusieurs anne\u0301es sur le fondement de l\u2019ordonnance n\u00b02020-002 du 11 mai 2020. Ce fonds e\u0301tait entie\u0300rement inte\u0301gre\u0301 a\u0300 la comptabilite\u0301 publique.<\/p>\n<p>Aussi, note-t-il que le fonds avait pour but de lutter contre la propagation de la maladie, de prote\u0301ger, de pre\u0301server, et surtout de sauver des vies humaines. En outre, l\u2019objectif fixe\u0301 e\u0301tait de maintenir l\u2019activite\u0301 e\u0301conomique a\u0300 un niveau acceptable et de la redynamiser.<\/p>\n<p>En ce qui concerne l\u2019audit commandite\u0301 par le gouvernement, le ministre d\u2019Etat souligne qu\u2019il avait pour but de donner une certaine assurance que les ressources mobilise\u0301es ont permis de faire face efficacement aux de\u0301penses lie\u0301es a\u0300 la riposte et sont utilise\u0301es conforme\u0301ment aux accords ou conventions de pre\u0302t d\u2019une part et d\u2019autre part, dans le respect des textes en vigueur au titre de l\u2019exercice budge\u0301taire 2020.<\/p>\n<p>Cette communication du gouvernement a e\u0301te\u0301 l\u2019opportunite\u0301 pour diffe\u0301rents ministres de donner des informations et explications pertinentes relevant de leur de\u0301partement a\u0300 la Repre\u0301sentation nationale s\u2019agissant de la gestion de ce fonds.<\/p>\n<p>Pour le ministre d\u2019E\u0301tat Payadowa Boukpessi, \u00ab les de\u0301penses faites dans le cadre de la lutte contre la Covid-19 sont re\u0301gulie\u0300res, conformes et since\u0300res. Les quelques insuffisances releve\u0301es n\u2019entachent en rien les proce\u0301dures requises en la matie\u0300re. L\u2019essentiel est que les mesures e\u0301conomiques, sociales et financie\u0300res ont permis de soulager les populations en difficulte\u0301 \u00bb, a-t-il laisse\u0301 entendre.<\/p>\n<p>La Pre\u0301sidente de l\u2019Assemble\u0301e nationale a salue\u0301 \u00ab l\u2019inge\u0301niosite\u0301, l\u2019engagement, le sens de responsabilite\u0301, le respect et la protection de la vie humaine et particulie\u0300rement la vie du citoyen togolais, le sens de l\u2019anticipation dont a fait preuve le gouvernement pendant la pe\u0301riode de crise sous la houlette d\u2019un Grand Leader, Son Excellence Monsieur Faure Essozimna Gnassingbe\u0301, Pre\u0301sident de la Re\u0301publique, qui sait agir non seulement en temps de paix mais e\u0301galement en tant de crise \u00bb.<\/p>\n<p>Pour la Pre\u0301sidente de l\u2019Assemble\u0301e nationale \u00ab c\u2019e\u0301tait une pe\u0301riode ou\u0300 il fallait faire preuve de strate\u0301gie et de ce\u0301le\u0301rite\u0301 \u00bb. Elle poursuit en ces termes \u00ab me\u0302me si on peut relever quelques insuffisances dans le rapport d\u2019audit, l\u2019essentiel est d\u2019avoir sauve\u0301 des vies humaines. Il est extre\u0302mement important de le noter et de te\u0301moigner toute sa gratitude au Dieu cre\u0301ateur \u00bb, a-t-elle indique\u0301.<\/p>\n<p>Par ailleurs, les membres du gouvernement ont apporte\u0301 des e\u0301claircissements sur d\u2019autres pre\u0301occupations des de\u0301pute\u0301s afin de rassurer les populations de l\u2019utilisation saine des fonds Covid dans un souci de transparence et de bonne gouvernance publique.<\/p>\n<p><strong>Pour plus d&rsquo;informations et d&rsquo;analyses sur la <a href=\"https:\/\/www.africa-press.net\/togo\">Togo<\/a>, suivez <a href=\"https:\/\/www.africa-press.net\/\">Africa-Press<\/a><\/strong><\/p>\n","protected":false},"excerpt":{"rendered":"<p>Africa-Press &#8211; Togo. Assemble\u0301e nationale: Le gouvernement s&rsquo;est explique\u0301 sur la gestion du fonds Covid-19 Le mardi 21 fe\u0301vrier 2023, au sie\u0300ge de la repre\u0301sentation nationale, la Pre\u0301sidente de l\u2019Assemble\u0301e nationale, Madame Yawa Djigbodi Tse\u0300gan, a proce\u0301de\u0301 a\u0300 l\u2019ouverture de la premie\u0300re session extraordinaire de l\u2019anne\u0301e, conforme\u0301ment aux dispositions de l\u2019article 55 aline\u0301a 8 de [&hellip;]<\/p>\n","protected":false},"author":82,"featured_media":17673,"comment_status":"open","ping_status":"closed","sticky":false,"template":"","format":"standard","meta":{"footnotes":""},"categories":[2,10],"tags":[36,49,480,50],"class_list":["post-17674","post","type-post","status-publish","format-standard","has-post-thumbnail","hentry","category-politique","category-toutes-les-actualites","tag-africa-press","tag-africa-press-togo","tag-assemblee-nationale","tag-togo"],"yoast_head":"<!-- This site is optimized with the Yoast SEO Premium plugin v26.1 (Yoast SEO v27.0) - https:\/\/yoast.com\/product\/yoast-seo-premium-wordpress\/ -->\n<title>Togo\/Covidgate\u00a0: Le gouvernement s\u2019est expliqu\u00e9 devant l\u2019assembl\u00e9e nationale\u00a0; voici les arguments avanc\u00e9s - Togo<\/title>\n<meta name=\"description\" content=\"Assemble\u0301e nationale: Le gouvernement s&#039;est explique\u0301 sur la gestion du fonds Covid-19 Le mardi 21 fe\u0301vrier 2023, au si ...\" \/>\n<meta name=\"robots\" content=\"index, follow, max-snippet:-1, max-image-preview:large, max-video-preview:-1\" \/>\n<link rel=\"canonical\" href=\"https:\/\/www.africa-press.net\/togo\/politique\/togo-covidgate-le-gouvernement-sest-explique-devant-lassemblee-nationale-voici-les-arguments-avances\" \/>\n<meta property=\"og:locale\" content=\"fr_FR\" \/>\n<meta property=\"og:type\" content=\"article\" \/>\n<meta property=\"og:title\" content=\"Togo\/Covidgate\u00a0: Le gouvernement s\u2019est expliqu\u00e9 devant l\u2019assembl\u00e9e nationale\u00a0; voici les arguments avanc\u00e9s\" \/>\n<meta property=\"og:description\" content=\"Assemble\u0301e nationale: Le gouvernement s&#039;est explique\u0301 sur la gestion du fonds Covid-19 Le mardi 21 fe\u0301vrier 2023, au si ...\" \/>\n<meta property=\"og:url\" content=\"https:\/\/www.africa-press.net\/togo\/politique\/togo-covidgate-le-gouvernement-sest-explique-devant-lassemblee-nationale-voici-les-arguments-avances\" \/>\n<meta property=\"og:site_name\" content=\"Togo\" \/>\n<meta property=\"article:published_time\" content=\"2023-02-22T20:00:49+00:00\" \/>\n<meta property=\"article:modified_time\" content=\"2023-02-22T20:26:46+00:00\" \/>\n<meta property=\"og:image\" content=\"https:\/\/static.africa-press.net\/togo\/sites\/58\/2023\/02\/postQueueImg_1677083463.00.jpg\" \/>\n\t<meta property=\"og:image:width\" content=\"720\" \/>\n\t<meta property=\"og:image:height\" content=\"540\" \/>\n\t<meta property=\"og:image:type\" content=\"image\/jpeg\" \/>\n<meta name=\"author\" content=\"cfeditorfr\" \/>\n<meta name=\"twitter:card\" content=\"summary_large_image\" \/>\n<meta name=\"twitter:label1\" content=\"\u00c9crit par\" \/>\n\t<meta name=\"twitter:data1\" content=\"cfeditorfr\" \/>\n\t<meta name=\"twitter:label2\" content=\"Dur\u00e9e de lecture estim\u00e9e\" \/>\n\t<meta name=\"twitter:data2\" content=\"5 minutes\" \/>\n<script type=\"application\/ld+json\" class=\"yoast-schema-graph\">{\"@context\":\"https:\/\/schema.org\",\"@graph\":[{\"@type\":\"Article\",\"@id\":\"https:\/\/www.africa-press.net\/togo\/politique\/togo-covidgate-le-gouvernement-sest-explique-devant-lassemblee-nationale-voici-les-arguments-avances#article\",\"isPartOf\":{\"@id\":\"https:\/\/www.africa-press.net\/togo\/politique\/togo-covidgate-le-gouvernement-sest-explique-devant-lassemblee-nationale-voici-les-arguments-avances\"},\"author\":{\"name\":\"cfeditorfr\",\"@id\":\"https:\/\/www.africa-press.net\/togo\/#\/schema\/person\/2b1cf3cd81a31e3cd26889ca66d677f1\"},\"headline\":\"Togo\/Covidgate\u00a0: Le gouvernement s\u2019est expliqu\u00e9 devant l\u2019assembl\u00e9e nationale\u00a0; voici les arguments avanc\u00e9s\",\"datePublished\":\"2023-02-22T20:00:49+00:00\",\"dateModified\":\"2023-02-22T20:26:46+00:00\",\"mainEntityOfPage\":{\"@id\":\"https:\/\/www.africa-press.net\/togo\/politique\/togo-covidgate-le-gouvernement-sest-explique-devant-lassemblee-nationale-voici-les-arguments-avances\"},\"wordCount\":1049,\"commentCount\":0,\"image\":{\"@id\":\"https:\/\/www.africa-press.net\/togo\/politique\/togo-covidgate-le-gouvernement-sest-explique-devant-lassemblee-nationale-voici-les-arguments-avances#primaryimage\"},\"thumbnailUrl\":\"https:\/\/static.africa-press.net\/togo\/sites\/58\/2023\/02\/postQueueImg_1677083463.00.jpg\",\"keywords\":[\"Africa Press\",\"Africa Press-Togo\",\"Assembl\u00e9e Nationale\",\"Togo\"],\"articleSection\":[\"Politique\",\"Toutes les actualit\u00e9s\"],\"inLanguage\":\"fr-FR\",\"potentialAction\":[{\"@type\":\"CommentAction\",\"name\":\"Comment\",\"target\":[\"https:\/\/www.africa-press.net\/togo\/politique\/togo-covidgate-le-gouvernement-sest-explique-devant-lassemblee-nationale-voici-les-arguments-avances#respond\"]}]},{\"@type\":\"WebPage\",\"@id\":\"https:\/\/www.africa-press.net\/togo\/politique\/togo-covidgate-le-gouvernement-sest-explique-devant-lassemblee-nationale-voici-les-arguments-avances\",\"url\":\"https:\/\/www.africa-press.net\/togo\/politique\/togo-covidgate-le-gouvernement-sest-explique-devant-lassemblee-nationale-voici-les-arguments-avances\",\"name\":\"Togo\/Covidgate\u00a0: Le gouvernement s\u2019est expliqu\u00e9 devant l\u2019assembl\u00e9e nationale\u00a0; voici les arguments avanc\u00e9s - Togo\",\"isPartOf\":{\"@id\":\"https:\/\/www.africa-press.net\/togo\/#website\"},\"primaryImageOfPage\":{\"@id\":\"https:\/\/www.africa-press.net\/togo\/politique\/togo-covidgate-le-gouvernement-sest-explique-devant-lassemblee-nationale-voici-les-arguments-avances#primaryimage\"},\"image\":{\"@id\":\"https:\/\/www.africa-press.net\/togo\/politique\/togo-covidgate-le-gouvernement-sest-explique-devant-lassemblee-nationale-voici-les-arguments-avances#primaryimage\"},\"thumbnailUrl\":\"https:\/\/static.africa-press.net\/togo\/sites\/58\/2023\/02\/postQueueImg_1677083463.00.jpg\",\"datePublished\":\"2023-02-22T20:00:49+00:00\",\"dateModified\":\"2023-02-22T20:26:46+00:00\",\"author\":{\"@id\":\"https:\/\/www.africa-press.net\/togo\/#\/schema\/person\/2b1cf3cd81a31e3cd26889ca66d677f1\"},\"description\":\"Assemble\u0301e nationale: Le gouvernement s'est explique\u0301 sur la gestion du fonds Covid-19 Le mardi 21 fe\u0301vrier 2023, au si ...\",\"breadcrumb\":{\"@id\":\"https:\/\/www.africa-press.net\/togo\/politique\/togo-covidgate-le-gouvernement-sest-explique-devant-lassemblee-nationale-voici-les-arguments-avances#breadcrumb\"},\"inLanguage\":\"fr-FR\",\"potentialAction\":[{\"@type\":\"ReadAction\",\"target\":[\"https:\/\/www.africa-press.net\/togo\/politique\/togo-covidgate-le-gouvernement-sest-explique-devant-lassemblee-nationale-voici-les-arguments-avances\"]}]},{\"@type\":\"ImageObject\",\"inLanguage\":\"fr-FR\",\"@id\":\"https:\/\/www.africa-press.net\/togo\/politique\/togo-covidgate-le-gouvernement-sest-explique-devant-lassemblee-nationale-voici-les-arguments-avances#primaryimage\",\"url\":\"https:\/\/static.africa-press.net\/togo\/sites\/58\/2023\/02\/postQueueImg_1677083463.00.jpg\",\"contentUrl\":\"https:\/\/static.africa-press.net\/togo\/sites\/58\/2023\/02\/postQueueImg_1677083463.00.jpg\",\"width\":720,\"height\":540,\"caption\":\"Togo\/Covidgate\u00a0: Le gouvernement s\u2019est expliqu\u00e9 devant l\u2019assembl\u00e9e nationale\u00a0; voici les arguments avanc\u00e9s\"},{\"@type\":\"BreadcrumbList\",\"@id\":\"https:\/\/www.africa-press.net\/togo\/politique\/togo-covidgate-le-gouvernement-sest-explique-devant-lassemblee-nationale-voici-les-arguments-avances#breadcrumb\",\"itemListElement\":[{\"@type\":\"ListItem\",\"position\":1,\"name\":\"Accueil\",\"item\":\"https:\/\/www.africa-press.net\/togo\/\"},{\"@type\":\"ListItem\",\"position\":2,\"name\":\"Togo\/Covidgate\u00a0: Le gouvernement s\u2019est expliqu\u00e9 devant l\u2019assembl\u00e9e nationale\u00a0; voici les arguments avanc\u00e9s\"}]},{\"@type\":\"WebSite\",\"@id\":\"https:\/\/www.africa-press.net\/togo\/#website\",\"url\":\"https:\/\/www.africa-press.net\/togo\/\",\"name\":\"Togo\",\"description\":\"Just another Africa News Agency Sites site\",\"potentialAction\":[{\"@type\":\"SearchAction\",\"target\":{\"@type\":\"EntryPoint\",\"urlTemplate\":\"https:\/\/www.africa-press.net\/togo\/?s={search_term_string}\"},\"query-input\":{\"@type\":\"PropertyValueSpecification\",\"valueRequired\":true,\"valueName\":\"search_term_string\"}}],\"inLanguage\":\"fr-FR\"},{\"@type\":\"Person\",\"@id\":\"https:\/\/www.africa-press.net\/togo\/#\/schema\/person\/2b1cf3cd81a31e3cd26889ca66d677f1\",\"name\":\"cfeditorfr\"}]}<\/script>\n<!-- \/ Yoast SEO Premium plugin. -->","yoast_head_json":{"title":"Togo\/Covidgate\u00a0: Le gouvernement s\u2019est expliqu\u00e9 devant l\u2019assembl\u00e9e nationale\u00a0; voici les arguments avanc\u00e9s - Togo","description":"Assemble\u0301e nationale: Le gouvernement s'est explique\u0301 sur la gestion du fonds Covid-19 Le mardi 21 fe\u0301vrier 2023, au si ...","robots":{"index":"index","follow":"follow","max-snippet":"max-snippet:-1","max-image-preview":"max-image-preview:large","max-video-preview":"max-video-preview:-1"},"canonical":"https:\/\/www.africa-press.net\/togo\/politique\/togo-covidgate-le-gouvernement-sest-explique-devant-lassemblee-nationale-voici-les-arguments-avances","og_locale":"fr_FR","og_type":"article","og_title":"Togo\/Covidgate\u00a0: Le gouvernement s\u2019est expliqu\u00e9 devant l\u2019assembl\u00e9e nationale\u00a0; voici les arguments avanc\u00e9s","og_description":"Assemble\u0301e nationale: Le gouvernement s'est explique\u0301 sur la gestion du fonds Covid-19 Le mardi 21 fe\u0301vrier 2023, au si ...","og_url":"https:\/\/www.africa-press.net\/togo\/politique\/togo-covidgate-le-gouvernement-sest-explique-devant-lassemblee-nationale-voici-les-arguments-avances","og_site_name":"Togo","article_published_time":"2023-02-22T20:00:49+00:00","article_modified_time":"2023-02-22T20:26:46+00:00","og_image":[{"width":720,"height":540,"url":"https:\/\/static.africa-press.net\/togo\/sites\/58\/2023\/02\/postQueueImg_1677083463.00.jpg","type":"image\/jpeg"}],"author":"cfeditorfr","twitter_card":"summary_large_image","twitter_misc":{"\u00c9crit par":"cfeditorfr","Dur\u00e9e de lecture estim\u00e9e":"5 minutes"},"schema":{"@context":"https:\/\/schema.org","@graph":[{"@type":"Article","@id":"https:\/\/www.africa-press.net\/togo\/politique\/togo-covidgate-le-gouvernement-sest-explique-devant-lassemblee-nationale-voici-les-arguments-avances#article","isPartOf":{"@id":"https:\/\/www.africa-press.net\/togo\/politique\/togo-covidgate-le-gouvernement-sest-explique-devant-lassemblee-nationale-voici-les-arguments-avances"},"author":{"name":"cfeditorfr","@id":"https:\/\/www.africa-press.net\/togo\/#\/schema\/person\/2b1cf3cd81a31e3cd26889ca66d677f1"},"headline":"Togo\/Covidgate\u00a0: Le gouvernement s\u2019est expliqu\u00e9 devant l\u2019assembl\u00e9e nationale\u00a0; voici les arguments avanc\u00e9s","datePublished":"2023-02-22T20:00:49+00:00","dateModified":"2023-02-22T20:26:46+00:00","mainEntityOfPage":{"@id":"https:\/\/www.africa-press.net\/togo\/politique\/togo-covidgate-le-gouvernement-sest-explique-devant-lassemblee-nationale-voici-les-arguments-avances"},"wordCount":1049,"commentCount":0,"image":{"@id":"https:\/\/www.africa-press.net\/togo\/politique\/togo-covidgate-le-gouvernement-sest-explique-devant-lassemblee-nationale-voici-les-arguments-avances#primaryimage"},"thumbnailUrl":"https:\/\/static.africa-press.net\/togo\/sites\/58\/2023\/02\/postQueueImg_1677083463.00.jpg","keywords":["Africa Press","Africa Press-Togo","Assembl\u00e9e Nationale","Togo"],"articleSection":["Politique","Toutes les actualit\u00e9s"],"inLanguage":"fr-FR","potentialAction":[{"@type":"CommentAction","name":"Comment","target":["https:\/\/www.africa-press.net\/togo\/politique\/togo-covidgate-le-gouvernement-sest-explique-devant-lassemblee-nationale-voici-les-arguments-avances#respond"]}]},{"@type":"WebPage","@id":"https:\/\/www.africa-press.net\/togo\/politique\/togo-covidgate-le-gouvernement-sest-explique-devant-lassemblee-nationale-voici-les-arguments-avances","url":"https:\/\/www.africa-press.net\/togo\/politique\/togo-covidgate-le-gouvernement-sest-explique-devant-lassemblee-nationale-voici-les-arguments-avances","name":"Togo\/Covidgate\u00a0: Le gouvernement s\u2019est expliqu\u00e9 devant l\u2019assembl\u00e9e nationale\u00a0; voici les arguments avanc\u00e9s - Togo","isPartOf":{"@id":"https:\/\/www.africa-press.net\/togo\/#website"},"primaryImageOfPage":{"@id":"https:\/\/www.africa-press.net\/togo\/politique\/togo-covidgate-le-gouvernement-sest-explique-devant-lassemblee-nationale-voici-les-arguments-avances#primaryimage"},"image":{"@id":"https:\/\/www.africa-press.net\/togo\/politique\/togo-covidgate-le-gouvernement-sest-explique-devant-lassemblee-nationale-voici-les-arguments-avances#primaryimage"},"thumbnailUrl":"https:\/\/static.africa-press.net\/togo\/sites\/58\/2023\/02\/postQueueImg_1677083463.00.jpg","datePublished":"2023-02-22T20:00:49+00:00","dateModified":"2023-02-22T20:26:46+00:00","author":{"@id":"https:\/\/www.africa-press.net\/togo\/#\/schema\/person\/2b1cf3cd81a31e3cd26889ca66d677f1"},"description":"Assemble\u0301e nationale: Le gouvernement s'est explique\u0301 sur la gestion du fonds Covid-19 Le mardi 21 fe\u0301vrier 2023, au si ...","breadcrumb":{"@id":"https:\/\/www.africa-press.net\/togo\/politique\/togo-covidgate-le-gouvernement-sest-explique-devant-lassemblee-nationale-voici-les-arguments-avances#breadcrumb"},"inLanguage":"fr-FR","potentialAction":[{"@type":"ReadAction","target":["https:\/\/www.africa-press.net\/togo\/politique\/togo-covidgate-le-gouvernement-sest-explique-devant-lassemblee-nationale-voici-les-arguments-avances"]}]},{"@type":"ImageObject","inLanguage":"fr-FR","@id":"https:\/\/www.africa-press.net\/togo\/politique\/togo-covidgate-le-gouvernement-sest-explique-devant-lassemblee-nationale-voici-les-arguments-avances#primaryimage","url":"https:\/\/static.africa-press.net\/togo\/sites\/58\/2023\/02\/postQueueImg_1677083463.00.jpg","contentUrl":"https:\/\/static.africa-press.net\/togo\/sites\/58\/2023\/02\/postQueueImg_1677083463.00.jpg","width":720,"height":540,"caption":"Togo\/Covidgate\u00a0: Le gouvernement s\u2019est expliqu\u00e9 devant l\u2019assembl\u00e9e nationale\u00a0; voici les arguments avanc\u00e9s"},{"@type":"BreadcrumbList","@id":"https:\/\/www.africa-press.net\/togo\/politique\/togo-covidgate-le-gouvernement-sest-explique-devant-lassemblee-nationale-voici-les-arguments-avances#breadcrumb","itemListElement":[{"@type":"ListItem","position":1,"name":"Accueil","item":"https:\/\/www.africa-press.net\/togo\/"},{"@type":"ListItem","position":2,"name":"Togo\/Covidgate\u00a0: Le gouvernement s\u2019est expliqu\u00e9 devant l\u2019assembl\u00e9e nationale\u00a0; voici les arguments avanc\u00e9s"}]},{"@type":"WebSite","@id":"https:\/\/www.africa-press.net\/togo\/#website","url":"https:\/\/www.africa-press.net\/togo\/","name":"Togo","description":"Just another Africa News Agency Sites site","potentialAction":[{"@type":"SearchAction","target":{"@type":"EntryPoint","urlTemplate":"https:\/\/www.africa-press.net\/togo\/?s={search_term_string}"},"query-input":{"@type":"PropertyValueSpecification","valueRequired":true,"valueName":"search_term_string"}}],"inLanguage":"fr-FR"},{"@type":"Person","@id":"https:\/\/www.africa-press.net\/togo\/#\/schema\/person\/2b1cf3cd81a31e3cd26889ca66d677f1","name":"cfeditorfr"}]}},"_links":{"self":[{"href":"https:\/\/www.africa-press.net\/togo\/wp-json\/wp\/v2\/posts\/17674","targetHints":{"allow":["GET"]}}],"collection":[{"href":"https:\/\/www.africa-press.net\/togo\/wp-json\/wp\/v2\/posts"}],"about":[{"href":"https:\/\/www.africa-press.net\/togo\/wp-json\/wp\/v2\/types\/post"}],"author":[{"embeddable":true,"href":"https:\/\/www.africa-press.net\/togo\/wp-json\/wp\/v2\/users\/82"}],"replies":[{"embeddable":true,"href":"https:\/\/www.africa-press.net\/togo\/wp-json\/wp\/v2\/comments?post=17674"}],"version-history":[{"count":0,"href":"https:\/\/www.africa-press.net\/togo\/wp-json\/wp\/v2\/posts\/17674\/revisions"}],"wp:featuredmedia":[{"embeddable":true,"href":"https:\/\/www.africa-press.net\/togo\/wp-json\/wp\/v2\/media\/17673"}],"wp:attachment":[{"href":"https:\/\/www.africa-press.net\/togo\/wp-json\/wp\/v2\/media?parent=17674"}],"wp:term":[{"taxonomy":"category","embeddable":true,"href":"https:\/\/www.africa-press.net\/togo\/wp-json\/wp\/v2\/categories?post=17674"},{"taxonomy":"post_tag","embeddable":true,"href":"https:\/\/www.africa-press.net\/togo\/wp-json\/wp\/v2\/tags?post=17674"}],"curies":[{"name":"wp","href":"https:\/\/api.w.org\/{rel}","templated":true}]}}