{"id":17676,"date":"2023-02-22T20:01:07","date_gmt":"2023-02-22T20:01:07","guid":{"rendered":"https:\/\/www.africa-press.net\/togo\/politique\/togo-anc-de-hauts-cadres-definitivement-exclus-du-parti"},"modified":"2023-02-22T20:27:02","modified_gmt":"2023-02-22T20:27:02","slug":"togo-anc-de-hauts-cadres-definitivement-exclus-du-parti","status":"publish","type":"post","link":"https:\/\/www.africa-press.net\/togo\/politique\/togo-anc-de-hauts-cadres-definitivement-exclus-du-parti","title":{"rendered":"Togo\/ANC : de hauts cadres d\u00e9finitivement exclus du parti"},"content":{"rendered":"<p><span style=\"color: #ff6600\"><strong>Africa-Press &#8211; Togo. <\/strong><\/span>Sept anciens membres des structures fe\u0301de\u0301rales de la fe\u0301de\u0301ration internationale ANC Europe-Asie sont de\u0301finitivement exclus du parti. Cette de\u0301cision a e\u0301te\u0301 prise au travers d\u2019un communique\u0301 en date de ce lundi 20 fe\u0301vrier 2023.<\/p>\n<p>Communique\u0301 N\u00b0 23-014\/ANC\/ BN-SG\/<\/p>\n<p>DECISION PORTANT EXCLUSION DEFINITIVE<\/p>\n<p>LE BUREAU NATIONAL DE L\u2019ANC:<\/p>\n<p>Sur le rapport du Secre\u0301taire Ge\u0301ne\u0301ral en date, a\u0300 Lome\u0301, du 10 fe\u0301vrier 2023, visant a\u0300 mettre fin aux errements gravissimes et re\u0301pe\u0301te\u0301es de certains membres de l\u2019ANC, notamment d\u2019anciens membres des structures fe\u0301de\u0301rales de la fe\u0301de\u0301ration internationale ANC Europe-Asia<\/p>\n<p>Vu l\u2019article 6 des statuts de l\u2019ANC qui:<\/p>\n<p>\u2013 Proscrit en son sein et combat en Re\u0301publique Togolaise, en Afrique et partout ailleurs dans le monde, l\u2019intole\u0301rance, le tribalisme, le re\u0301gionalisme, le racisme, le fanatisme, l\u2019incitation et le recours a\u0300 la violence sous toutes ses formes,<\/p>\n<p>\u2013 Proscrit en son sein toute cre\u0301ation d\u2019associations ou de regroupements a\u0300 caracte\u0300re politique inde\u0301pendamment d\u2019elle,<\/p>\n<p>\u2013 Combat en son sein toute ide\u0301e de sectarisme, de ne\u0301potisme, de corruption et de fe\u0301odalite\u0301<\/p>\n<p>Vu le rapport circonstancie\u0301 en date du 29 janvier 2023, adresse\u0301, au Bureau National par le Bureau Fe\u0301de\u0301ral ANC Europe-Asie et comportant, au regard des agissements des mis en cause, une reque\u0302te d\u2019exclusion, conforme a\u0300 l\u2019aline\u0301a 2 de l\u2019article 41 du re\u0300glement inte\u0301rieur de l\u2019ANC,<\/p>\n<p>Prenant bonne note des courriers adresse\u0301s au Bureau Fe\u0301de\u0301ral par les sections U.K., Allemagne et Suisse, fustigeant les agissements des mis en cause et demandant leur exclusion du parti, courriers du\u0302ment annexe\u0301s au rapport circonstancie\u0301 pre\u0301cite\u0301 du Bureau Fe\u0301de\u0301ral ANC Europe- Asie:<\/p>\n<p>En application de :<\/p>\n<p>\u2013 l\u2019article 37 du re\u0300glement inte\u0301rieur, en vertu duquel \u00ab Les fautes disciplinaires lourdes sont notamment le non-respect des principes politiques du Parti, la trahison politique, la divulgation des secrets du parti les actes mettant en pe\u0301ril la vie du parti, le non-respect des consignes et directives du Parti, la re\u0301cidive a\u0300 re\u0301pe\u0301tition de fautes disciplinaires ordinaires, \u00bb;<\/p>\n<p>\u2013 l\u2019article 38 du re\u0300glement inte\u0301rieur qui dispose: \u00ab les sanctions applicables aux fautes disciplinaires sont l\u2019avertissement, l\u2019expulsion d\u2019une re\u0301union, la suspension dans l\u2019exercice d\u2019une fonction, le bla\u0302me, l\u2019exclusion temporaire, l\u2019exclusion de\u0301finitive.\u00bb<\/p>\n<p>Conside\u0301rant le courrier irre\u0301ve\u0301rencieux, outrancier et outrageant en date du 11 de\u0301cembre 2022, par lequel les mis en cause, visiblement dans une action concerte\u0301e dans le but de nuire a\u0300 leur propre parti, se sont fait l\u2019e\u0301cho, en y adhe\u0301rant, des propos inde\u0301cents du pouvoir RPT\/UNIR, visant a\u0300 salir la re\u0301putation de l\u2019ANC et de ses dirigeants, le 26 novembre 2022 a\u0300 la cathe\u0301drale de Lome\u0301, au cours d\u2019une pre\u0301tendue oraison fune\u0300bre<\/p>\n<p>Notant les dysfonctionnements graves ayant durablement paralyse\u0301 les activite\u0301s de la Fe\u0301de\u0301ration Internationale Europe Asie re\u0301sultant de l\u2019attitude re\u0301cidiviste des mis en cause, qui a conduit le Bureau National a\u0300 la prise de sa de\u0301cision n\u201d 21-023\/ANC\/ BN-SG en date du 12 mai 2021, par laquelle, en application de l\u2019article 30 aline\u0301a 3 des statuts, un bureau provisoire, dont ils furent e\u0301carte\u0301s, a e\u0301te\u0301 mis en place;<\/p>\n<p>Notant e\u0301galement que les actions des mis en cause apparaissent clairement comme une man\u0153uvre de de\u0301stabilisation ourdie, planifie\u0301e et exe\u0301cute\u0301e en intelligence et de concert avec des forces et des acteurs exte\u0301rieurs notoirement hostiles a\u0300 l\u2019ANC<\/p>\n<p>Sur la recommandation expresse, ferme et unanime du Comite\u0301 Politique, re\u0301uni en sa se\u0301ance du 15 fe\u0301vrier 2023, au sie\u0300ge du parti, en vue d\u2019une sanction d\u2019exclusion de\u0301finitive refle\u0301tant la de\u0301termination du Bureau National a\u0300 ne pas tole\u0301rer que le mensonge, la diffamation, la division et le de\u0301sordre prospe\u0300rent dans les rangs de l\u2019ANC<\/p>\n<p>Apre\u0300s examen approfondi, de\u0301libe\u0301ration et approbation unanime du Bureau National, en sa re\u0301union du lundi 20 fe\u0301vrier 2023, au sie\u0300ge du parti:<\/p>\n<p>Le Comite\u0301 des Sages du\u0302ment et pre\u0301alablement entendu en application de l\u2019article 41 du re\u0300glement inte\u0301rieur :<\/p>\n<p>De\u0301cide:<\/p>\n<p>Article 1:<\/p>\n<p>Pour commission d\u2019actions et actes de\u0301libe\u0301re\u0301s, re\u0301pe\u0301te\u0301s et ave\u0301re\u0301s tendant au non-respect des principes politiques du parti, a\u0300 la trahison politique, a\u0300 la divulgation d\u2019informations mensonge\u0300res et diffamatoires sur le parti, a\u0300 la mise en pe\u0301ril de la vie du parti, au non-respect des consignes et directives du parti, a\u0300 la re\u0301cidive a\u0300 re\u0301pe\u0301tition de fautes disciplinaires ordinaires destine\u0301s a\u0300 miner la lutte de libe\u0301ration du peuple togolais, a\u0300 semer la division et le de\u0301sordre au sein de l\u2019ANC, a\u0300 saper le moral des militants et a\u0300 de\u0301truire le parti, en intelligence flagrante avec des forces et des acteurs exte\u0301rieurs notoirement hostiles a\u0300 l\u2019ANC, les membres de la Fe\u0301de\u0301ration Internationale ANC Europe-Asie dont les noms suivent, sont de\u0301finitivement exclus de l\u2019Alliance Nationale pour le Changement (ANC) avec effet imme\u0301diat.<\/p>\n<p>Il s\u2019agit de Messieurs:<\/p>\n<p>1. Lucien Hounkanli (ex-membre de la Section ANC-United Kingdom)<\/p>\n<p>2. Augustin Mensah (ex-membre de la Sous-section ANC-lle de France)<\/p>\n<p>3. Augustin Glokpan (ex-membre de la Sous-section ANC-Ile de France)<\/p>\n<p>4. Joeffery Nyaye (ex-membre de la Section ANC-United Kingdom)<\/p>\n<p>5. Victor Tossou (ex-membre de la Section ANC-Allemagne)<\/p>\n<p>6. Tevi Nathaniel Lawson (ex-membre de la Sous-section ANC-Ile de France)<\/p>\n<p>7. Gbati Zoumaro (ex-membre de la Section ANC-Benelux).<\/p>\n<p>Article 2:<\/p>\n<p>Les sept personnes ci-dessus exclues, sont de\u0301finitivement de\u0301chues de leur qualite\u0301 de membre de l\u2019ANC et ne sont plus membres ni d\u2019aucun organe central, ni d\u2019aucune structure fe\u0301de\u0301rale du parti. En outre, elles ne sont plus habilite\u0301es a\u0300 repre\u0301senter l\u2019ANC d\u2019aucune manie\u0300re, ni a\u0300 agir et a\u0300 s\u2019exprimer en son nom, ni a\u0300 utiliser les nom, sigle, emble\u0300me et couleur du part. Elles sont, en conse\u0301quence tenues, de restituer au parti leurs cartes de membre ainsi que les biens, les mate\u0301riels et les documents de toute nature en leur possession et appartenant au parti, conforme\u0301ment au 2 alinea de l\u2019article 12 des statuts.<\/p>\n<p>Article 3:<\/p>\n<p>Le Bureau Fe\u0301de\u0301ral ANC Europe-Asie est charge, en rapport avec le Secre\u0301taire Ge\u0301ne\u0301ral, de l\u2019application de la pre\u0301sente de\u0301cision qui doit e\u0302tre imme\u0301diatement notifie\u0301e a\u0300 tous les organes du parti et, spe\u0301cifiquement, a\u0300 tous les membres du Bureau Fe\u0301de\u0301ral et a\u0300 toutes les sections et sous-sections de la fe\u0301de\u0301ration internationale ANC Europe-Asie ainsi qu\u2019a\u0300 chacune des personnes exclues.<\/p>\n<p><strong>Pour plus d&rsquo;informations et d&rsquo;analyses sur la <a href=\"https:\/\/www.africa-press.net\/togo\">Togo<\/a>, suivez <a href=\"https:\/\/www.africa-press.net\/\">Africa-Press<\/a><\/strong><\/p>\n","protected":false},"excerpt":{"rendered":"<p>Africa-Press &#8211; Togo. Sept anciens membres des structures fe\u0301de\u0301rales de la fe\u0301de\u0301ration internationale ANC Europe-Asie sont de\u0301finitivement exclus du parti. Cette de\u0301cision a e\u0301te\u0301 prise au travers d\u2019un communique\u0301 en date de ce lundi 20 fe\u0301vrier 2023. Communique\u0301 N\u00b0 23-014\/ANC\/ BN-SG\/ DECISION PORTANT EXCLUSION DEFINITIVE LE BUREAU NATIONAL DE L\u2019ANC: Sur le rapport du Secre\u0301taire [&hellip;]<\/p>\n","protected":false},"author":82,"featured_media":17675,"comment_status":"open","ping_status":"closed","sticky":false,"template":"","format":"standard","meta":{"footnotes":""},"categories":[2,10],"tags":[36,49,1709,50],"class_list":["post-17676","post","type-post","status-publish","format-standard","has-post-thumbnail","hentry","category-politique","category-toutes-les-actualites","tag-africa-press","tag-africa-press-togo","tag-anc-togo","tag-togo"],"yoast_head":"<!-- This site is optimized with the Yoast SEO Premium plugin v26.1 (Yoast SEO v27.0) - https:\/\/yoast.com\/product\/yoast-seo-premium-wordpress\/ -->\n<title>Togo\/ANC : de hauts cadres d\u00e9finitivement exclus du parti - Togo<\/title>\n<meta name=\"description\" content=\"Sept anciens membres des structures fe\u0301de\u0301rales de la fe\u0301de\u0301ration internationale ANC Europe-Asie sont de\u0301finitivement e ...\" \/>\n<meta name=\"robots\" content=\"index, follow, max-snippet:-1, max-image-preview:large, max-video-preview:-1\" \/>\n<link rel=\"canonical\" href=\"https:\/\/www.africa-press.net\/togo\/politique\/togo-anc-de-hauts-cadres-definitivement-exclus-du-parti\" \/>\n<meta property=\"og:locale\" content=\"fr_FR\" \/>\n<meta property=\"og:type\" content=\"article\" \/>\n<meta property=\"og:title\" content=\"Togo\/ANC : de hauts cadres d\u00e9finitivement exclus du parti\" \/>\n<meta property=\"og:description\" content=\"Sept anciens membres des structures fe\u0301de\u0301rales de la fe\u0301de\u0301ration internationale ANC Europe-Asie sont de\u0301finitivement e ...\" \/>\n<meta property=\"og:url\" content=\"https:\/\/www.africa-press.net\/togo\/politique\/togo-anc-de-hauts-cadres-definitivement-exclus-du-parti\" \/>\n<meta property=\"og:site_name\" content=\"Togo\" \/>\n<meta property=\"article:published_time\" content=\"2023-02-22T20:01:07+00:00\" \/>\n<meta property=\"article:modified_time\" content=\"2023-02-22T20:27:02+00:00\" \/>\n<meta property=\"og:image\" content=\"https:\/\/static.africa-press.net\/togo\/sites\/58\/2023\/02\/postQueueImg_1677083479.58.jpg\" \/>\n\t<meta property=\"og:image:width\" content=\"720\" \/>\n\t<meta property=\"og:image:height\" content=\"450\" \/>\n\t<meta property=\"og:image:type\" content=\"image\/jpeg\" \/>\n<meta name=\"author\" content=\"cfeditorfr\" \/>\n<meta name=\"twitter:card\" content=\"summary_large_image\" \/>\n<meta name=\"twitter:label1\" content=\"\u00c9crit par\" \/>\n\t<meta name=\"twitter:data1\" content=\"cfeditorfr\" \/>\n\t<meta name=\"twitter:label2\" content=\"Dur\u00e9e de lecture estim\u00e9e\" \/>\n\t<meta name=\"twitter:data2\" content=\"6 minutes\" \/>\n<script type=\"application\/ld+json\" class=\"yoast-schema-graph\">{\"@context\":\"https:\/\/schema.org\",\"@graph\":[{\"@type\":\"Article\",\"@id\":\"https:\/\/www.africa-press.net\/togo\/politique\/togo-anc-de-hauts-cadres-definitivement-exclus-du-parti#article\",\"isPartOf\":{\"@id\":\"https:\/\/www.africa-press.net\/togo\/politique\/togo-anc-de-hauts-cadres-definitivement-exclus-du-parti\"},\"author\":{\"name\":\"cfeditorfr\",\"@id\":\"https:\/\/www.africa-press.net\/togo\/#\/schema\/person\/2b1cf3cd81a31e3cd26889ca66d677f1\"},\"headline\":\"Togo\/ANC : de hauts cadres d\u00e9finitivement exclus du parti\",\"datePublished\":\"2023-02-22T20:01:07+00:00\",\"dateModified\":\"2023-02-22T20:27:02+00:00\",\"mainEntityOfPage\":{\"@id\":\"https:\/\/www.africa-press.net\/togo\/politique\/togo-anc-de-hauts-cadres-definitivement-exclus-du-parti\"},\"wordCount\":1162,\"commentCount\":0,\"image\":{\"@id\":\"https:\/\/www.africa-press.net\/togo\/politique\/togo-anc-de-hauts-cadres-definitivement-exclus-du-parti#primaryimage\"},\"thumbnailUrl\":\"https:\/\/static.africa-press.net\/togo\/sites\/58\/2023\/02\/postQueueImg_1677083479.58.jpg\",\"keywords\":[\"Africa Press\",\"Africa Press-Togo\",\"ANC Togo\",\"Togo\"],\"articleSection\":[\"Politique\",\"Toutes les actualit\u00e9s\"],\"inLanguage\":\"fr-FR\",\"potentialAction\":[{\"@type\":\"CommentAction\",\"name\":\"Comment\",\"target\":[\"https:\/\/www.africa-press.net\/togo\/politique\/togo-anc-de-hauts-cadres-definitivement-exclus-du-parti#respond\"]}]},{\"@type\":\"WebPage\",\"@id\":\"https:\/\/www.africa-press.net\/togo\/politique\/togo-anc-de-hauts-cadres-definitivement-exclus-du-parti\",\"url\":\"https:\/\/www.africa-press.net\/togo\/politique\/togo-anc-de-hauts-cadres-definitivement-exclus-du-parti\",\"name\":\"Togo\/ANC : de hauts cadres d\u00e9finitivement exclus du parti - Togo\",\"isPartOf\":{\"@id\":\"https:\/\/www.africa-press.net\/togo\/#website\"},\"primaryImageOfPage\":{\"@id\":\"https:\/\/www.africa-press.net\/togo\/politique\/togo-anc-de-hauts-cadres-definitivement-exclus-du-parti#primaryimage\"},\"image\":{\"@id\":\"https:\/\/www.africa-press.net\/togo\/politique\/togo-anc-de-hauts-cadres-definitivement-exclus-du-parti#primaryimage\"},\"thumbnailUrl\":\"https:\/\/static.africa-press.net\/togo\/sites\/58\/2023\/02\/postQueueImg_1677083479.58.jpg\",\"datePublished\":\"2023-02-22T20:01:07+00:00\",\"dateModified\":\"2023-02-22T20:27:02+00:00\",\"author\":{\"@id\":\"https:\/\/www.africa-press.net\/togo\/#\/schema\/person\/2b1cf3cd81a31e3cd26889ca66d677f1\"},\"description\":\"Sept anciens membres des structures fe\u0301de\u0301rales de la fe\u0301de\u0301ration internationale ANC Europe-Asie sont de\u0301finitivement e ...\",\"breadcrumb\":{\"@id\":\"https:\/\/www.africa-press.net\/togo\/politique\/togo-anc-de-hauts-cadres-definitivement-exclus-du-parti#breadcrumb\"},\"inLanguage\":\"fr-FR\",\"potentialAction\":[{\"@type\":\"ReadAction\",\"target\":[\"https:\/\/www.africa-press.net\/togo\/politique\/togo-anc-de-hauts-cadres-definitivement-exclus-du-parti\"]}]},{\"@type\":\"ImageObject\",\"inLanguage\":\"fr-FR\",\"@id\":\"https:\/\/www.africa-press.net\/togo\/politique\/togo-anc-de-hauts-cadres-definitivement-exclus-du-parti#primaryimage\",\"url\":\"https:\/\/static.africa-press.net\/togo\/sites\/58\/2023\/02\/postQueueImg_1677083479.58.jpg\",\"contentUrl\":\"https:\/\/static.africa-press.net\/togo\/sites\/58\/2023\/02\/postQueueImg_1677083479.58.jpg\",\"width\":720,\"height\":450,\"caption\":\"Togo\/ANC : de hauts cadres d\u00e9finitivement exclus du parti\"},{\"@type\":\"BreadcrumbList\",\"@id\":\"https:\/\/www.africa-press.net\/togo\/politique\/togo-anc-de-hauts-cadres-definitivement-exclus-du-parti#breadcrumb\",\"itemListElement\":[{\"@type\":\"ListItem\",\"position\":1,\"name\":\"Accueil\",\"item\":\"https:\/\/www.africa-press.net\/togo\/\"},{\"@type\":\"ListItem\",\"position\":2,\"name\":\"Togo\/ANC : de hauts cadres d\u00e9finitivement exclus du parti\"}]},{\"@type\":\"WebSite\",\"@id\":\"https:\/\/www.africa-press.net\/togo\/#website\",\"url\":\"https:\/\/www.africa-press.net\/togo\/\",\"name\":\"Togo\",\"description\":\"Just another Africa News Agency Sites site\",\"potentialAction\":[{\"@type\":\"SearchAction\",\"target\":{\"@type\":\"EntryPoint\",\"urlTemplate\":\"https:\/\/www.africa-press.net\/togo\/?s={search_term_string}\"},\"query-input\":{\"@type\":\"PropertyValueSpecification\",\"valueRequired\":true,\"valueName\":\"search_term_string\"}}],\"inLanguage\":\"fr-FR\"},{\"@type\":\"Person\",\"@id\":\"https:\/\/www.africa-press.net\/togo\/#\/schema\/person\/2b1cf3cd81a31e3cd26889ca66d677f1\",\"name\":\"cfeditorfr\"}]}<\/script>\n<!-- \/ Yoast SEO Premium plugin. -->","yoast_head_json":{"title":"Togo\/ANC : de hauts cadres d\u00e9finitivement exclus du parti - Togo","description":"Sept anciens membres des structures fe\u0301de\u0301rales de la fe\u0301de\u0301ration internationale ANC Europe-Asie sont de\u0301finitivement e ...","robots":{"index":"index","follow":"follow","max-snippet":"max-snippet:-1","max-image-preview":"max-image-preview:large","max-video-preview":"max-video-preview:-1"},"canonical":"https:\/\/www.africa-press.net\/togo\/politique\/togo-anc-de-hauts-cadres-definitivement-exclus-du-parti","og_locale":"fr_FR","og_type":"article","og_title":"Togo\/ANC : de hauts cadres d\u00e9finitivement exclus du parti","og_description":"Sept anciens membres des structures fe\u0301de\u0301rales de la fe\u0301de\u0301ration internationale ANC Europe-Asie sont de\u0301finitivement e ...","og_url":"https:\/\/www.africa-press.net\/togo\/politique\/togo-anc-de-hauts-cadres-definitivement-exclus-du-parti","og_site_name":"Togo","article_published_time":"2023-02-22T20:01:07+00:00","article_modified_time":"2023-02-22T20:27:02+00:00","og_image":[{"width":720,"height":450,"url":"https:\/\/static.africa-press.net\/togo\/sites\/58\/2023\/02\/postQueueImg_1677083479.58.jpg","type":"image\/jpeg"}],"author":"cfeditorfr","twitter_card":"summary_large_image","twitter_misc":{"\u00c9crit par":"cfeditorfr","Dur\u00e9e de lecture estim\u00e9e":"6 minutes"},"schema":{"@context":"https:\/\/schema.org","@graph":[{"@type":"Article","@id":"https:\/\/www.africa-press.net\/togo\/politique\/togo-anc-de-hauts-cadres-definitivement-exclus-du-parti#article","isPartOf":{"@id":"https:\/\/www.africa-press.net\/togo\/politique\/togo-anc-de-hauts-cadres-definitivement-exclus-du-parti"},"author":{"name":"cfeditorfr","@id":"https:\/\/www.africa-press.net\/togo\/#\/schema\/person\/2b1cf3cd81a31e3cd26889ca66d677f1"},"headline":"Togo\/ANC : de hauts cadres d\u00e9finitivement exclus du parti","datePublished":"2023-02-22T20:01:07+00:00","dateModified":"2023-02-22T20:27:02+00:00","mainEntityOfPage":{"@id":"https:\/\/www.africa-press.net\/togo\/politique\/togo-anc-de-hauts-cadres-definitivement-exclus-du-parti"},"wordCount":1162,"commentCount":0,"image":{"@id":"https:\/\/www.africa-press.net\/togo\/politique\/togo-anc-de-hauts-cadres-definitivement-exclus-du-parti#primaryimage"},"thumbnailUrl":"https:\/\/static.africa-press.net\/togo\/sites\/58\/2023\/02\/postQueueImg_1677083479.58.jpg","keywords":["Africa Press","Africa Press-Togo","ANC Togo","Togo"],"articleSection":["Politique","Toutes les actualit\u00e9s"],"inLanguage":"fr-FR","potentialAction":[{"@type":"CommentAction","name":"Comment","target":["https:\/\/www.africa-press.net\/togo\/politique\/togo-anc-de-hauts-cadres-definitivement-exclus-du-parti#respond"]}]},{"@type":"WebPage","@id":"https:\/\/www.africa-press.net\/togo\/politique\/togo-anc-de-hauts-cadres-definitivement-exclus-du-parti","url":"https:\/\/www.africa-press.net\/togo\/politique\/togo-anc-de-hauts-cadres-definitivement-exclus-du-parti","name":"Togo\/ANC : de hauts cadres d\u00e9finitivement exclus du parti - Togo","isPartOf":{"@id":"https:\/\/www.africa-press.net\/togo\/#website"},"primaryImageOfPage":{"@id":"https:\/\/www.africa-press.net\/togo\/politique\/togo-anc-de-hauts-cadres-definitivement-exclus-du-parti#primaryimage"},"image":{"@id":"https:\/\/www.africa-press.net\/togo\/politique\/togo-anc-de-hauts-cadres-definitivement-exclus-du-parti#primaryimage"},"thumbnailUrl":"https:\/\/static.africa-press.net\/togo\/sites\/58\/2023\/02\/postQueueImg_1677083479.58.jpg","datePublished":"2023-02-22T20:01:07+00:00","dateModified":"2023-02-22T20:27:02+00:00","author":{"@id":"https:\/\/www.africa-press.net\/togo\/#\/schema\/person\/2b1cf3cd81a31e3cd26889ca66d677f1"},"description":"Sept anciens membres des structures fe\u0301de\u0301rales de la fe\u0301de\u0301ration internationale ANC Europe-Asie sont de\u0301finitivement e ...","breadcrumb":{"@id":"https:\/\/www.africa-press.net\/togo\/politique\/togo-anc-de-hauts-cadres-definitivement-exclus-du-parti#breadcrumb"},"inLanguage":"fr-FR","potentialAction":[{"@type":"ReadAction","target":["https:\/\/www.africa-press.net\/togo\/politique\/togo-anc-de-hauts-cadres-definitivement-exclus-du-parti"]}]},{"@type":"ImageObject","inLanguage":"fr-FR","@id":"https:\/\/www.africa-press.net\/togo\/politique\/togo-anc-de-hauts-cadres-definitivement-exclus-du-parti#primaryimage","url":"https:\/\/static.africa-press.net\/togo\/sites\/58\/2023\/02\/postQueueImg_1677083479.58.jpg","contentUrl":"https:\/\/static.africa-press.net\/togo\/sites\/58\/2023\/02\/postQueueImg_1677083479.58.jpg","width":720,"height":450,"caption":"Togo\/ANC : de hauts cadres d\u00e9finitivement exclus du parti"},{"@type":"BreadcrumbList","@id":"https:\/\/www.africa-press.net\/togo\/politique\/togo-anc-de-hauts-cadres-definitivement-exclus-du-parti#breadcrumb","itemListElement":[{"@type":"ListItem","position":1,"name":"Accueil","item":"https:\/\/www.africa-press.net\/togo\/"},{"@type":"ListItem","position":2,"name":"Togo\/ANC : de hauts cadres d\u00e9finitivement exclus du parti"}]},{"@type":"WebSite","@id":"https:\/\/www.africa-press.net\/togo\/#website","url":"https:\/\/www.africa-press.net\/togo\/","name":"Togo","description":"Just another Africa News Agency Sites site","potentialAction":[{"@type":"SearchAction","target":{"@type":"EntryPoint","urlTemplate":"https:\/\/www.africa-press.net\/togo\/?s={search_term_string}"},"query-input":{"@type":"PropertyValueSpecification","valueRequired":true,"valueName":"search_term_string"}}],"inLanguage":"fr-FR"},{"@type":"Person","@id":"https:\/\/www.africa-press.net\/togo\/#\/schema\/person\/2b1cf3cd81a31e3cd26889ca66d677f1","name":"cfeditorfr"}]}},"_links":{"self":[{"href":"https:\/\/www.africa-press.net\/togo\/wp-json\/wp\/v2\/posts\/17676","targetHints":{"allow":["GET"]}}],"collection":[{"href":"https:\/\/www.africa-press.net\/togo\/wp-json\/wp\/v2\/posts"}],"about":[{"href":"https:\/\/www.africa-press.net\/togo\/wp-json\/wp\/v2\/types\/post"}],"author":[{"embeddable":true,"href":"https:\/\/www.africa-press.net\/togo\/wp-json\/wp\/v2\/users\/82"}],"replies":[{"embeddable":true,"href":"https:\/\/www.africa-press.net\/togo\/wp-json\/wp\/v2\/comments?post=17676"}],"version-history":[{"count":0,"href":"https:\/\/www.africa-press.net\/togo\/wp-json\/wp\/v2\/posts\/17676\/revisions"}],"wp:featuredmedia":[{"embeddable":true,"href":"https:\/\/www.africa-press.net\/togo\/wp-json\/wp\/v2\/media\/17675"}],"wp:attachment":[{"href":"https:\/\/www.africa-press.net\/togo\/wp-json\/wp\/v2\/media?parent=17676"}],"wp:term":[{"taxonomy":"category","embeddable":true,"href":"https:\/\/www.africa-press.net\/togo\/wp-json\/wp\/v2\/categories?post=17676"},{"taxonomy":"post_tag","embeddable":true,"href":"https:\/\/www.africa-press.net\/togo\/wp-json\/wp\/v2\/tags?post=17676"}],"curies":[{"name":"wp","href":"https:\/\/api.w.org\/{rel}","templated":true}]}}