{"id":17689,"date":"2023-02-23T12:45:42","date_gmt":"2023-02-23T12:45:42","guid":{"rendered":"https:\/\/www.africa-press.net\/togo\/politique\/deces-de-christian-atsu-les-larmes-des-orphelins-de-beckys-foundation"},"modified":"2023-02-23T12:56:01","modified_gmt":"2023-02-23T12:56:01","slug":"deces-de-christian-atsu-les-larmes-des-orphelins-de-beckys-foundation","status":"publish","type":"post","link":"https:\/\/www.africa-press.net\/togo\/toutes-les-actualites\/deces-de-christian-atsu-les-larmes-des-orphelins-de-beckys-foundation","title":{"rendered":"D\u00e9c\u00e8s de Christian Atsu : les larmes des orphelins de Becky\u2019s Foundation"},"content":{"rendered":"<p><span style=\"color: #ff6600\"><strong>Africa-Press &#8211; Togo. <\/strong><\/span><b>Le footballeur ghane\u0301en, Christian Atsu, de\u0301ce\u0301de\u0301 sous les de\u0301combres suite au tremblement de terre qui a frappe\u0301 la Turquie et la Syrie le 06 fe\u0301vrier 2023, a laisse\u0301 non seulement ses deux fils orphelins, mais un grand nombre d\u2019a\u0302mes sans espoir. Les orphelins de la Fondation Becky sont en larmes depuis que leur seul bienfaiteur a e\u0301te\u0301 confirme\u0301 mort dans cette catastrophe.<\/b><\/p>\n<p>Les enfants de cette Fondation qui accueille aussi des orphelins venant des pays voisins, n\u2019avaient plus d\u2019espoir apre\u0300s avoir perdu leurs parents. Mais ils vont retrouver le sourire gra\u0302ce a\u0300 la ge\u0301ne\u0301rosite\u0301 de l\u2019international ghane\u0301en Christian Atsu.<\/p>\n<p>Les projets de construction d\u2019e\u0301coles pour les orphelins de la Fondation Becky s\u2019arre\u0302teront de manie\u0300re inattendue apre\u0300s le de\u0301ce\u0300s surprenant de l\u2019ancien milieu de terrain des Black Stars a\u0300 l\u2019a\u0302ge de 31 ans.<\/p>\n<p>Ces jeunes filles et garc\u0327ons ne peuvent retenir leurs larmes lorsqu\u2019ils parlent a\u0300 des colle\u0300gues qui ont visite\u0301 leur camp. Il est d\u2019ailleurs difficile de comprendre correctement les messages dans leurs ge\u0301missements.<\/p>\n<p>Selon plusieurs d\u2019entre eux, Christian Atsu les traitait comme ses enfants biologiques.<\/p>\n<p>\u00ab Chaque fois qu\u2019il vient ici, il organise des fe\u0302tes pour nous. Il a dit qu\u2019il partait jouer au football a\u0300 l\u2019e\u0301tranger&#8230; Il me manque tellement \u00bb, raconte une petite fille. \u00ab Christian est comme un pe\u0300re, un oncle, un fre\u0300re. En fait, il est tout pour nous&#8230; c\u2019est lui qui nous a donne\u0301 de l\u2019espoir, nous a donne\u0301 une meilleure e\u0301ducation&#8230; Pendant que je vous parle, nous sommes de\u0301sespe\u0301re\u0301s et nos mains sont sur nos mains\u201d, a ajoute\u0301 un jeune garc\u0327on.<\/p>\n<p>En effet, Christian Atsu, e\u0301tant le seul bailleur de fonds d\u2019un projet de construction d\u2019e\u0301cole, il est laisse\u0301 dans les limbes. L\u2019infrastructure scolaire comprend des salles de classe, des bibliothe\u0300ques, un terrain de football et des bureaux ultra modernes.<\/p>\n<p>\u201cIl a promis qu\u2019il allait terminer cela pour nous afin que nous puissions passer a\u0300 l\u2019inauguration en juin pendant sa pause\u201d, a de\u0301clare\u0301 Seth Asiedu, le directeur de la Becky\u2019s Foundation.<\/p>\n<p>Selon lui, Atsu s\u2019est e\u0301galement engage\u0301 a\u0300 faire venir certains de ses colle\u0300gues footballeurs pour la mise en service. Malheureusement, l\u2019ancien joueur du Chelsea FC n\u2019a pas pu envoyer les derniers fonds pour le projet. Son corps sans vie sera envoye\u0301 au Ghana treize jours apre\u0300s le tremblement de terre.<\/p>\n<p><strong>Pour plus d&rsquo;informations et d&rsquo;analyses sur la <a href=\"https:\/\/www.africa-press.net\/togo\">Togo<\/a>, suivez <a href=\"https:\/\/www.africa-press.net\/\">Africa-Press<\/a><\/strong><\/p>\n","protected":false},"excerpt":{"rendered":"<p>Africa-Press &#8211; Togo. Le footballeur ghane\u0301en, Christian Atsu, de\u0301ce\u0301de\u0301 sous les de\u0301combres suite au tremblement de terre qui a frappe\u0301 la Turquie et la Syrie le 06 fe\u0301vrier 2023, a laisse\u0301 non seulement ses deux fils orphelins, mais un grand nombre d\u2019a\u0302mes sans espoir. Les orphelins de la Fondation Becky sont en larmes depuis que [&hellip;]<\/p>\n","protected":false},"author":82,"featured_media":17688,"comment_status":"open","ping_status":"closed","sticky":false,"template":"","format":"standard","meta":{"footnotes":""},"categories":[21,10],"tags":[36,49,50],"class_list":["post-17689","post","type-post","status-publish","format-standard","has-post-thumbnail","hentry","category-communaute","category-toutes-les-actualites","tag-africa-press","tag-africa-press-togo","tag-togo"],"yoast_head":"<!-- This site is optimized with the Yoast SEO Premium plugin v26.1 (Yoast SEO v27.0) - https:\/\/yoast.com\/product\/yoast-seo-premium-wordpress\/ -->\n<title>D\u00e9c\u00e8s de Christian Atsu : les larmes des orphelins de Becky\u2019s Foundation - Togo<\/title>\n<meta name=\"description\" content=\"Le footballeur ghane\u0301en, Christian Atsu, de\u0301ce\u0301de\u0301 sous les de\u0301combres suite au tremblement de terre qui a frappe\u0301 la ...\" \/>\n<meta name=\"robots\" content=\"index, follow, max-snippet:-1, max-image-preview:large, max-video-preview:-1\" \/>\n<link rel=\"canonical\" href=\"https:\/\/www.africa-press.net\/togo\/toutes-les-actualites\/deces-de-christian-atsu-les-larmes-des-orphelins-de-beckys-foundation\" \/>\n<meta property=\"og:locale\" content=\"fr_FR\" \/>\n<meta property=\"og:type\" content=\"article\" \/>\n<meta property=\"og:title\" content=\"D\u00e9c\u00e8s de Christian Atsu : les larmes des orphelins de Becky\u2019s Foundation\" \/>\n<meta property=\"og:description\" content=\"Le footballeur ghane\u0301en, Christian Atsu, de\u0301ce\u0301de\u0301 sous les de\u0301combres suite au tremblement de terre qui a frappe\u0301 la ...\" \/>\n<meta property=\"og:url\" content=\"https:\/\/www.africa-press.net\/togo\/toutes-les-actualites\/deces-de-christian-atsu-les-larmes-des-orphelins-de-beckys-foundation\" \/>\n<meta property=\"og:site_name\" content=\"Togo\" \/>\n<meta property=\"article:published_time\" content=\"2023-02-23T12:45:42+00:00\" \/>\n<meta property=\"article:modified_time\" content=\"2023-02-23T12:56:01+00:00\" \/>\n<meta property=\"og:image\" content=\"https:\/\/static.africa-press.net\/togo\/sites\/58\/2023\/02\/postQueueImg_1677143763.51.jpg\" \/>\n\t<meta property=\"og:image:width\" content=\"1920\" \/>\n\t<meta property=\"og:image:height\" content=\"1000\" \/>\n\t<meta property=\"og:image:type\" content=\"image\/jpeg\" \/>\n<meta name=\"author\" content=\"cfeditorfr\" \/>\n<meta name=\"twitter:card\" content=\"summary_large_image\" \/>\n<meta name=\"twitter:label1\" content=\"\u00c9crit par\" \/>\n\t<meta name=\"twitter:data1\" content=\"cfeditorfr\" \/>\n\t<meta name=\"twitter:label2\" content=\"Dur\u00e9e de lecture estim\u00e9e\" \/>\n\t<meta name=\"twitter:data2\" content=\"2 minutes\" \/>\n<script type=\"application\/ld+json\" class=\"yoast-schema-graph\">{\"@context\":\"https:\/\/schema.org\",\"@graph\":[{\"@type\":\"Article\",\"@id\":\"https:\/\/www.africa-press.net\/togo\/toutes-les-actualites\/deces-de-christian-atsu-les-larmes-des-orphelins-de-beckys-foundation#article\",\"isPartOf\":{\"@id\":\"https:\/\/www.africa-press.net\/togo\/toutes-les-actualites\/deces-de-christian-atsu-les-larmes-des-orphelins-de-beckys-foundation\"},\"author\":{\"name\":\"cfeditorfr\",\"@id\":\"https:\/\/www.africa-press.net\/togo\/#\/schema\/person\/2b1cf3cd81a31e3cd26889ca66d677f1\"},\"headline\":\"D\u00e9c\u00e8s de Christian Atsu : les larmes des orphelins de Becky\u2019s Foundation\",\"datePublished\":\"2023-02-23T12:45:42+00:00\",\"dateModified\":\"2023-02-23T12:56:01+00:00\",\"mainEntityOfPage\":{\"@id\":\"https:\/\/www.africa-press.net\/togo\/toutes-les-actualites\/deces-de-christian-atsu-les-larmes-des-orphelins-de-beckys-foundation\"},\"wordCount\":464,\"commentCount\":0,\"image\":{\"@id\":\"https:\/\/www.africa-press.net\/togo\/toutes-les-actualites\/deces-de-christian-atsu-les-larmes-des-orphelins-de-beckys-foundation#primaryimage\"},\"thumbnailUrl\":\"https:\/\/static.africa-press.net\/togo\/sites\/58\/2023\/02\/postQueueImg_1677143763.51.jpg\",\"keywords\":[\"Africa Press\",\"Africa Press-Togo\",\"Togo\"],\"articleSection\":[\"Communaut\u00e9\",\"Toutes les actualit\u00e9s\"],\"inLanguage\":\"fr-FR\",\"potentialAction\":[{\"@type\":\"CommentAction\",\"name\":\"Comment\",\"target\":[\"https:\/\/www.africa-press.net\/togo\/toutes-les-actualites\/deces-de-christian-atsu-les-larmes-des-orphelins-de-beckys-foundation#respond\"]}]},{\"@type\":\"WebPage\",\"@id\":\"https:\/\/www.africa-press.net\/togo\/toutes-les-actualites\/deces-de-christian-atsu-les-larmes-des-orphelins-de-beckys-foundation\",\"url\":\"https:\/\/www.africa-press.net\/togo\/toutes-les-actualites\/deces-de-christian-atsu-les-larmes-des-orphelins-de-beckys-foundation\",\"name\":\"D\u00e9c\u00e8s de Christian Atsu : les larmes des orphelins de Becky\u2019s Foundation - Togo\",\"isPartOf\":{\"@id\":\"https:\/\/www.africa-press.net\/togo\/#website\"},\"primaryImageOfPage\":{\"@id\":\"https:\/\/www.africa-press.net\/togo\/toutes-les-actualites\/deces-de-christian-atsu-les-larmes-des-orphelins-de-beckys-foundation#primaryimage\"},\"image\":{\"@id\":\"https:\/\/www.africa-press.net\/togo\/toutes-les-actualites\/deces-de-christian-atsu-les-larmes-des-orphelins-de-beckys-foundation#primaryimage\"},\"thumbnailUrl\":\"https:\/\/static.africa-press.net\/togo\/sites\/58\/2023\/02\/postQueueImg_1677143763.51.jpg\",\"datePublished\":\"2023-02-23T12:45:42+00:00\",\"dateModified\":\"2023-02-23T12:56:01+00:00\",\"author\":{\"@id\":\"https:\/\/www.africa-press.net\/togo\/#\/schema\/person\/2b1cf3cd81a31e3cd26889ca66d677f1\"},\"description\":\"Le footballeur ghane\u0301en, Christian Atsu, de\u0301ce\u0301de\u0301 sous les de\u0301combres suite au tremblement de terre qui a frappe\u0301 la ...\",\"breadcrumb\":{\"@id\":\"https:\/\/www.africa-press.net\/togo\/toutes-les-actualites\/deces-de-christian-atsu-les-larmes-des-orphelins-de-beckys-foundation#breadcrumb\"},\"inLanguage\":\"fr-FR\",\"potentialAction\":[{\"@type\":\"ReadAction\",\"target\":[\"https:\/\/www.africa-press.net\/togo\/toutes-les-actualites\/deces-de-christian-atsu-les-larmes-des-orphelins-de-beckys-foundation\"]}]},{\"@type\":\"ImageObject\",\"inLanguage\":\"fr-FR\",\"@id\":\"https:\/\/www.africa-press.net\/togo\/toutes-les-actualites\/deces-de-christian-atsu-les-larmes-des-orphelins-de-beckys-foundation#primaryimage\",\"url\":\"https:\/\/static.africa-press.net\/togo\/sites\/58\/2023\/02\/postQueueImg_1677143763.51.jpg\",\"contentUrl\":\"https:\/\/static.africa-press.net\/togo\/sites\/58\/2023\/02\/postQueueImg_1677143763.51.jpg\",\"width\":1920,\"height\":1000,\"caption\":\"D\u00e9c\u00e8s de Christian Atsu : les larmes des orphelins de Becky\u2019s Foundation\"},{\"@type\":\"BreadcrumbList\",\"@id\":\"https:\/\/www.africa-press.net\/togo\/toutes-les-actualites\/deces-de-christian-atsu-les-larmes-des-orphelins-de-beckys-foundation#breadcrumb\",\"itemListElement\":[{\"@type\":\"ListItem\",\"position\":1,\"name\":\"Accueil\",\"item\":\"https:\/\/www.africa-press.net\/togo\/\"},{\"@type\":\"ListItem\",\"position\":2,\"name\":\"D\u00e9c\u00e8s de Christian Atsu : les larmes des orphelins de Becky\u2019s Foundation\"}]},{\"@type\":\"WebSite\",\"@id\":\"https:\/\/www.africa-press.net\/togo\/#website\",\"url\":\"https:\/\/www.africa-press.net\/togo\/\",\"name\":\"Togo\",\"description\":\"Just another Africa News Agency Sites site\",\"potentialAction\":[{\"@type\":\"SearchAction\",\"target\":{\"@type\":\"EntryPoint\",\"urlTemplate\":\"https:\/\/www.africa-press.net\/togo\/?s={search_term_string}\"},\"query-input\":{\"@type\":\"PropertyValueSpecification\",\"valueRequired\":true,\"valueName\":\"search_term_string\"}}],\"inLanguage\":\"fr-FR\"},{\"@type\":\"Person\",\"@id\":\"https:\/\/www.africa-press.net\/togo\/#\/schema\/person\/2b1cf3cd81a31e3cd26889ca66d677f1\",\"name\":\"cfeditorfr\"}]}<\/script>\n<!-- \/ Yoast SEO Premium plugin. -->","yoast_head_json":{"title":"D\u00e9c\u00e8s de Christian Atsu : les larmes des orphelins de Becky\u2019s Foundation - Togo","description":"Le footballeur ghane\u0301en, Christian Atsu, de\u0301ce\u0301de\u0301 sous les de\u0301combres suite au tremblement de terre qui a frappe\u0301 la ...","robots":{"index":"index","follow":"follow","max-snippet":"max-snippet:-1","max-image-preview":"max-image-preview:large","max-video-preview":"max-video-preview:-1"},"canonical":"https:\/\/www.africa-press.net\/togo\/toutes-les-actualites\/deces-de-christian-atsu-les-larmes-des-orphelins-de-beckys-foundation","og_locale":"fr_FR","og_type":"article","og_title":"D\u00e9c\u00e8s de Christian Atsu : les larmes des orphelins de Becky\u2019s Foundation","og_description":"Le footballeur ghane\u0301en, Christian Atsu, de\u0301ce\u0301de\u0301 sous les de\u0301combres suite au tremblement de terre qui a frappe\u0301 la ...","og_url":"https:\/\/www.africa-press.net\/togo\/toutes-les-actualites\/deces-de-christian-atsu-les-larmes-des-orphelins-de-beckys-foundation","og_site_name":"Togo","article_published_time":"2023-02-23T12:45:42+00:00","article_modified_time":"2023-02-23T12:56:01+00:00","og_image":[{"width":1920,"height":1000,"url":"https:\/\/static.africa-press.net\/togo\/sites\/58\/2023\/02\/postQueueImg_1677143763.51.jpg","type":"image\/jpeg"}],"author":"cfeditorfr","twitter_card":"summary_large_image","twitter_misc":{"\u00c9crit par":"cfeditorfr","Dur\u00e9e de lecture estim\u00e9e":"2 minutes"},"schema":{"@context":"https:\/\/schema.org","@graph":[{"@type":"Article","@id":"https:\/\/www.africa-press.net\/togo\/toutes-les-actualites\/deces-de-christian-atsu-les-larmes-des-orphelins-de-beckys-foundation#article","isPartOf":{"@id":"https:\/\/www.africa-press.net\/togo\/toutes-les-actualites\/deces-de-christian-atsu-les-larmes-des-orphelins-de-beckys-foundation"},"author":{"name":"cfeditorfr","@id":"https:\/\/www.africa-press.net\/togo\/#\/schema\/person\/2b1cf3cd81a31e3cd26889ca66d677f1"},"headline":"D\u00e9c\u00e8s de Christian Atsu : les larmes des orphelins de Becky\u2019s Foundation","datePublished":"2023-02-23T12:45:42+00:00","dateModified":"2023-02-23T12:56:01+00:00","mainEntityOfPage":{"@id":"https:\/\/www.africa-press.net\/togo\/toutes-les-actualites\/deces-de-christian-atsu-les-larmes-des-orphelins-de-beckys-foundation"},"wordCount":464,"commentCount":0,"image":{"@id":"https:\/\/www.africa-press.net\/togo\/toutes-les-actualites\/deces-de-christian-atsu-les-larmes-des-orphelins-de-beckys-foundation#primaryimage"},"thumbnailUrl":"https:\/\/static.africa-press.net\/togo\/sites\/58\/2023\/02\/postQueueImg_1677143763.51.jpg","keywords":["Africa Press","Africa Press-Togo","Togo"],"articleSection":["Communaut\u00e9","Toutes les actualit\u00e9s"],"inLanguage":"fr-FR","potentialAction":[{"@type":"CommentAction","name":"Comment","target":["https:\/\/www.africa-press.net\/togo\/toutes-les-actualites\/deces-de-christian-atsu-les-larmes-des-orphelins-de-beckys-foundation#respond"]}]},{"@type":"WebPage","@id":"https:\/\/www.africa-press.net\/togo\/toutes-les-actualites\/deces-de-christian-atsu-les-larmes-des-orphelins-de-beckys-foundation","url":"https:\/\/www.africa-press.net\/togo\/toutes-les-actualites\/deces-de-christian-atsu-les-larmes-des-orphelins-de-beckys-foundation","name":"D\u00e9c\u00e8s de Christian Atsu : les larmes des orphelins de Becky\u2019s Foundation - Togo","isPartOf":{"@id":"https:\/\/www.africa-press.net\/togo\/#website"},"primaryImageOfPage":{"@id":"https:\/\/www.africa-press.net\/togo\/toutes-les-actualites\/deces-de-christian-atsu-les-larmes-des-orphelins-de-beckys-foundation#primaryimage"},"image":{"@id":"https:\/\/www.africa-press.net\/togo\/toutes-les-actualites\/deces-de-christian-atsu-les-larmes-des-orphelins-de-beckys-foundation#primaryimage"},"thumbnailUrl":"https:\/\/static.africa-press.net\/togo\/sites\/58\/2023\/02\/postQueueImg_1677143763.51.jpg","datePublished":"2023-02-23T12:45:42+00:00","dateModified":"2023-02-23T12:56:01+00:00","author":{"@id":"https:\/\/www.africa-press.net\/togo\/#\/schema\/person\/2b1cf3cd81a31e3cd26889ca66d677f1"},"description":"Le footballeur ghane\u0301en, Christian Atsu, de\u0301ce\u0301de\u0301 sous les de\u0301combres suite au tremblement de terre qui a frappe\u0301 la ...","breadcrumb":{"@id":"https:\/\/www.africa-press.net\/togo\/toutes-les-actualites\/deces-de-christian-atsu-les-larmes-des-orphelins-de-beckys-foundation#breadcrumb"},"inLanguage":"fr-FR","potentialAction":[{"@type":"ReadAction","target":["https:\/\/www.africa-press.net\/togo\/toutes-les-actualites\/deces-de-christian-atsu-les-larmes-des-orphelins-de-beckys-foundation"]}]},{"@type":"ImageObject","inLanguage":"fr-FR","@id":"https:\/\/www.africa-press.net\/togo\/toutes-les-actualites\/deces-de-christian-atsu-les-larmes-des-orphelins-de-beckys-foundation#primaryimage","url":"https:\/\/static.africa-press.net\/togo\/sites\/58\/2023\/02\/postQueueImg_1677143763.51.jpg","contentUrl":"https:\/\/static.africa-press.net\/togo\/sites\/58\/2023\/02\/postQueueImg_1677143763.51.jpg","width":1920,"height":1000,"caption":"D\u00e9c\u00e8s de Christian Atsu : les larmes des orphelins de Becky\u2019s Foundation"},{"@type":"BreadcrumbList","@id":"https:\/\/www.africa-press.net\/togo\/toutes-les-actualites\/deces-de-christian-atsu-les-larmes-des-orphelins-de-beckys-foundation#breadcrumb","itemListElement":[{"@type":"ListItem","position":1,"name":"Accueil","item":"https:\/\/www.africa-press.net\/togo\/"},{"@type":"ListItem","position":2,"name":"D\u00e9c\u00e8s de Christian Atsu : les larmes des orphelins de Becky\u2019s Foundation"}]},{"@type":"WebSite","@id":"https:\/\/www.africa-press.net\/togo\/#website","url":"https:\/\/www.africa-press.net\/togo\/","name":"Togo","description":"Just another Africa News Agency Sites site","potentialAction":[{"@type":"SearchAction","target":{"@type":"EntryPoint","urlTemplate":"https:\/\/www.africa-press.net\/togo\/?s={search_term_string}"},"query-input":{"@type":"PropertyValueSpecification","valueRequired":true,"valueName":"search_term_string"}}],"inLanguage":"fr-FR"},{"@type":"Person","@id":"https:\/\/www.africa-press.net\/togo\/#\/schema\/person\/2b1cf3cd81a31e3cd26889ca66d677f1","name":"cfeditorfr"}]}},"_links":{"self":[{"href":"https:\/\/www.africa-press.net\/togo\/wp-json\/wp\/v2\/posts\/17689","targetHints":{"allow":["GET"]}}],"collection":[{"href":"https:\/\/www.africa-press.net\/togo\/wp-json\/wp\/v2\/posts"}],"about":[{"href":"https:\/\/www.africa-press.net\/togo\/wp-json\/wp\/v2\/types\/post"}],"author":[{"embeddable":true,"href":"https:\/\/www.africa-press.net\/togo\/wp-json\/wp\/v2\/users\/82"}],"replies":[{"embeddable":true,"href":"https:\/\/www.africa-press.net\/togo\/wp-json\/wp\/v2\/comments?post=17689"}],"version-history":[{"count":0,"href":"https:\/\/www.africa-press.net\/togo\/wp-json\/wp\/v2\/posts\/17689\/revisions"}],"wp:featuredmedia":[{"embeddable":true,"href":"https:\/\/www.africa-press.net\/togo\/wp-json\/wp\/v2\/media\/17688"}],"wp:attachment":[{"href":"https:\/\/www.africa-press.net\/togo\/wp-json\/wp\/v2\/media?parent=17689"}],"wp:term":[{"taxonomy":"category","embeddable":true,"href":"https:\/\/www.africa-press.net\/togo\/wp-json\/wp\/v2\/categories?post=17689"},{"taxonomy":"post_tag","embeddable":true,"href":"https:\/\/www.africa-press.net\/togo\/wp-json\/wp\/v2\/tags?post=17689"}],"curies":[{"name":"wp","href":"https:\/\/api.w.org\/{rel}","templated":true}]}}