{"id":17692,"date":"2023-02-23T12:46:11","date_gmt":"2023-02-23T12:46:11","guid":{"rendered":"https:\/\/www.africa-press.net\/togo\/politique\/togo-ouro-akpo-tchagnaou-suspendu-par-lanc-comment-en-est-on-arrive-a-ce-point-de-non-retour-2"},"modified":"2023-02-23T12:56:39","modified_gmt":"2023-02-23T12:56:39","slug":"togo-ouro-akpo-tchagnaou-suspendu-par-lanc-comment-en-est-on-arrive-a-ce-point-de-non-retour-2","status":"publish","type":"post","link":"https:\/\/www.africa-press.net\/togo\/politique\/togo-ouro-akpo-tchagnaou-suspendu-par-lanc-comment-en-est-on-arrive-a-ce-point-de-non-retour-2","title":{"rendered":"Togo\/Ouro-Akpo Tchagnaou suspendu par l\u00b4ANC : Comment en est-on arriv\u00e9 \u00e0 ce point de non-retour?"},"content":{"rendered":"<p><span style=\"color: #ff6600\"><strong>Africa-Press &#8211; Togo. <\/strong><\/span>Il y a a\u0300 peu pre\u0300s une semaine, l \u0301information sur la suspension de Monsieur Tchagnaou Ouro-Akpo par la formation politique a\u0300 laquelle il appartenait jusqu \u0301alors avait circule\u0301 sur les re\u0301seaux sociaux. Il s \u0301agit de la formation orange, l \u0301Alliance Nationale pour le Changement (ANC). Ouro-Akpo y e\u0301tait 2e secre\u0301taire ge\u0301ne\u0301ral adjoint dans le bureau e\u0301xe\u0301cutif.<\/p>\n<p>Il eut e\u0301galement l \u0301occasion, dans un passe\u0301 re\u0301cent, de repre\u0301senter ce parti politique de l \u0301opposition au sein du parlement togolais. Et c \u0301est tout a\u0300 fait normal que tout observateur de la sce\u0300ne politique togolaise, qui n \u0301est pas force\u0301ment dans le secret des dieux, s \u0301interroge, apre\u0300s une telle surprenante nouvelle, sur le pourquoi et le comment. Il va alors de soi que les uns et les autres aillent de leurs petits commentaires et de leurs spe\u0301culations. C \u0301est pourquoi, pour en savoir plus pour pouvoir, par notre modeste contribution, e\u0301clairer la lanterne de tous ceux qui sont encore au stade des interrogations, nous avons pris sur nous de mener notre petite enque\u0302te.<\/p>\n<p>Les choses avaient re\u0301ellement commence\u0301 a\u0300 se ga\u0302ter entre le bouillant Tchagnaou Ouro-Akpo et Jean-Pierre Fabre, voire les premiers responsables de l \u0301ANC, au lendemain des fameuses e\u0301lections pre\u0301sidentielles de fe\u0301vrier 2020. C \u0301e\u0301tait donc apre\u0300s ces e\u0301lections que l \u0301honorable Ouro-Akpo et certains de ses amis du parti, originaires des pre\u0301fectures de Tchaoudjo et d \u0301Assoli, re\u0301volte\u0301s par la tenue du scrutin et par le comportement incompatible de certains responsables de l \u0301ANC dans les pre\u0301fectures pre\u0301cite\u0301es au cours des ope\u0301rations e\u0301lectorales, avaient de\u0301cide\u0301 d \u0301aller voir le pre\u0301sident national de la formation orange, Monsieur Jean-Pierre Fabre, pour lui faire part de leur indignation et lui faire des propositions dans le but d \u0301ame\u0301liorer a\u0300 l \u0301avenir le fonctionnement du parti. C \u0301e\u0301tait le 18 juin 2020. Ce jour-la\u0300, Ouro-Akpo et ses colle\u0300gues du parti ne ma\u0302che\u0300rent pas leur mot face a\u0300 leur pre\u0301sident.<\/p>\n<p>Pour eux les causes de l \u0301e\u0301chec de leur parti aux e\u0301lections e\u0301taient dues au disfonctionnement de certaines structures de l \u0301ANC et au comportement inapproprie\u0301 des uns et des autres. Ils dirent a\u0300 Jean-Pierre Fabre de cesser, par exemple, de continuer a\u0300 accuser le vieux pre\u0301lat Fanoko Philipe Kpodzro comme le responsable de leurs de\u0301boires; celui-ci n \u0301y serait pour rien et que les proble\u0300mes e\u0301taient internes au parti et qu \u0301il fallait avoir le courage pour tirer les lec\u0327ons de leur e\u0301chec. Le changement de paradigmes pour re\u0301organiser le parti, e\u0301tait l \u0301une des principales propositions faites au cours de l \u0301entretien, et les noms de personnalite\u0301s qui, aux yeux de Ouro-Akpo et ses accompagnateurs, n \u0301avaient plus une bonne image aupre\u0300s des populations, furent cite\u0301s. Le pre\u0301sident de l \u0301ANC, Monsieur Jean-Pierre Fabre, conside\u0301rait que parler de ces personnalite\u0301s dont l \u0301image est de\u0301ja\u0300 e\u0301corne\u0301e aux yeux des populations, reviendrait a\u0300 parler de lui-me\u0302me. C \u0301est pourquoi, non seulement il rapporta tout le contenu des discussions aux personnalite\u0301s concerne\u0301es par les accusations de Ouro-Akpo et ses amis, mais l \u0301ex-de\u0301pute\u0301 avait commence\u0301 a\u0300 e\u0302tre conside\u0301re\u0301 comme persona non grata et de\u0301sormais estampille\u0301 infre\u0301quentable par les personnalite\u0301s mises en cause et par Jean-Pierre Fabre lui-me\u0302me.<\/p>\n<p>Apre\u0300s cet entretien avec le pre\u0301sident du parti orange, Tchagnaou Ouro-Akpo revient a\u0300 la charge et publie un document portant sur la strate\u0301gie de reconque\u0302te de l \u0301e\u0301lectorat de l \u0301ANC; document remis a\u0300 son chef hie\u0301rarchique, c \u0301est-a\u0300-dire a\u0300 Monsieur Jean-Pierre Fabre. L \u0301honorable Ouro-Akpo y propose une restructuration fonctionnelle et ope\u0301rationnelle du parti. La\u0300 aussi, au lieu de chercher a\u0300 e\u0301tudier la proposition pour e\u0301ventuellement l \u0301exploi\u0302ter, le document n \u0301avait fait qu \u0301e\u0301largir davantage le fosse\u0301 entre certains premiers responsables du parti, dont Jean-Pierre Fabre, et lui. Inde\u0301pendamment du fait que Monsieur Jean-Pierre Fabre n \u0301ait pas joue\u0301 le jeu en conside\u0301rant les initiateurs de la petite re\u0301volution pour ame\u0301liorer les choses, comme de simples frondeurs mal inspire\u0301s, il y eut un autre aspect qui finit peut-e\u0302tre par ga\u0302ter de\u0301finitivement les choses. C \u0301est le fait que ce qui e\u0301tait normalement destine\u0301 a\u0300 la cuisine interne du parti politique ANC, se soit retrouve\u0301 sur la place publique. En effet, par imprudence, l \u0301honorable Ouro-Akpo se confie a\u0300 un de ses compatriotes de la diaspora allemande en lui envoyant des messages-audio parlant de ses reproches, de ses propositions ou de ses relations tout court avec les responsables de son parti politique ANC. Des confidences prive\u0301es de Tchagnaou Ouro-Akpo sur sa formation politique qui se retrouvent comme par enchantement sur la table de Jean-Pierre Fabre. Les messages furent monte\u0301s sous forme de vide\u0301os et publie\u0301s sur les plateformes du parti. La goutte d \u0301eau qui fit de\u0301border le vase? Il n \u0301y a pas longtemps Jean-Pierre avait reproche\u0301 a\u0300 son 2e secre\u0301taire ge\u0301ne\u0301ral adjoint de publier ou d \u0301avoir publie\u0301 des articles dans un journal prive\u0301 de la place a\u0300 Lome\u0301 dont le directeur de publication serait un farouche de\u0301tracteur de l \u0301ANC. Le me\u0302me reproche lui fit fait par le me\u0302me Jean-Pierre Fabre et le comite\u0301 politique du parti d \u0301avoir publie\u0301 dans le journal en ligne appartenant au Togolais re\u0301sidant en Allemagne qui n \u0301est autre que celui avec qui Ouro-Akpo Tchagnaou avait e\u0301change\u0301 sur son parti politique, e\u0301galement e\u0301tiquete\u0301 par les responsables de la formation orange comme leur farouche adversaire. Nous tenons a\u0300 rappeler que ces informations, portant sur les turpitudes entre le parti ANC et son \u201epeut-e\u0302tre ex-2e secre\u0301taire ge\u0301ne\u0301ral adjoint\u201c, sont contenues dans le fameux message-audio envoye\u0301 par l \u0301inte\u0301resse\u0301 au suppose\u0301 ennemi du parti installe\u0301 en Allemagne. Nous n \u0301avons fait que l \u0301exploiter.<\/p>\n<p>Pour Tchagnaou Ouro-Akpo l \u0301histoire semble se re\u0301pe\u0301ter et on pourrait dire sans risque de se tromper qu \u0301il est finalement devenu un habitue\u0301 des suspensions. Qui ne se rappelle pas qu \u0301en 2010 a\u0300 l \u0301UFC, il e\u0301tait l \u0301un des neuf (9) de\u0301pute\u0301s a\u0300 avoir e\u0301te\u0301 suspendu par un certain Gilchrist Olympio a\u0300 la suite d \u0301un malentendu? Aujourd \u0301hui encore c \u0301est Jean-Pierre Fabre, un ancien compagnon de celui qui appartient de\u0301sormais a\u0300 la poubelle de l \u0301histoire togolaise par son comportement indigne, qui le fait suspendre. Connai\u0302tra-t-on un jour les vraies raisons qui ont conduit a\u0300 la suspension de Ouro-Akpo Tchagnaou qui, selon certains observateurs, aurait beaucoup fait pour l \u0301implantation de l \u0301Alliance Nationale pour le Changement (ANC) dans la re\u0301gion centrale? D \u0301apre\u0300s nos recoupements, l \u0301ancien de\u0301pute\u0301 semble avoir pris ses liberte\u0301s ces derniers temps en publiant des tribunes sur la situation politique et e\u0301conomique de notre pays dans des journaux prive\u0301s de la place. Selon toujours nos enque\u0302tes, le pre\u0301sident national de l \u0301ANC se plaindrait de ce fait et semblerait en prendre ombrage; comme quoi il ne peut pas y avoir deux capitaines dans un bateau. Ouro-Akpo Tchagnaou l \u0301aura appris a\u0300 ses de\u0301pens. Et le fait que l \u0301inte\u0301resse\u0301 pri\u0302t pour pre\u0301texte un empe\u0302chement professionnel pour ne pas re\u0301pondre a\u0300 une convocation du Comite\u0301 Politique de l \u0301ANC le 15 fe\u0301vrier 2023 au sie\u0300ge du parti, pour se faire sermonner, voire humilier et pre\u0301senter ses excuses, avait fini par faire consommer le divorce de\u0301finitif.<\/p>\n<p>L \u0301origine ge\u0301ographique de Tchagnaou Ouro-Akpo, ou\u0300 on ne badine pas avec la droiture et la dignite\u0301 en toutes choses et surtout en politique, ne jouerait-elle pas un ro\u0302le dans son comportement qui pourrait e\u0302tre mal compris dans un milieu comme le monde politique togolais, surtout co\u0302te\u0301 opposition, largement synonyme d \u0301e\u0301goi\u0308sme, de la formule \u201emoi ou rien\u201c, de coups fourre\u0301s de toutes sortes, de recherche de l \u0301inte\u0301re\u0302t personnel et de trahisons? E\u0301conomiste de formation, Ouro-Akpo Tchagnaou est loin d \u0301e\u0302tre un politicien me\u0301diocre. Rebondira-t-il un jour quelque part d \u0301une fac\u0327on ou d \u0301une autre pour voler de ses propres ailes, ou finira-t-il par s \u0301arranger avec sa formation politique ANC qui lui doit beaucoup?<\/p>\n<p>Wait and see!!!<\/p>\n<p>Samari Tchadjobo<\/p>\n<p>Allemagne<\/p>\n<p><strong>Pour plus d&rsquo;informations et d&rsquo;analyses sur la <a href=\"https:\/\/www.africa-press.net\/togo\">Togo<\/a>, suivez <a href=\"https:\/\/www.africa-press.net\/\">Africa-Press<\/a><\/strong><\/p>\n","protected":false},"excerpt":{"rendered":"<p>Africa-Press &#8211; Togo. Il y a a\u0300 peu pre\u0300s une semaine, l \u0301information sur la suspension de Monsieur Tchagnaou Ouro-Akpo par la formation politique a\u0300 laquelle il appartenait jusqu \u0301alors avait circule\u0301 sur les re\u0301seaux sociaux. Il s \u0301agit de la formation orange, l \u0301Alliance Nationale pour le Changement (ANC). Ouro-Akpo y e\u0301tait 2e secre\u0301taire [&hellip;]<\/p>\n","protected":false},"author":82,"featured_media":17690,"comment_status":"open","ping_status":"closed","sticky":false,"template":"","format":"standard","meta":{"footnotes":""},"categories":[2,10],"tags":[36,49,50],"class_list":["post-17692","post","type-post","status-publish","format-standard","has-post-thumbnail","hentry","category-politique","category-toutes-les-actualites","tag-africa-press","tag-africa-press-togo","tag-togo"],"yoast_head":"<!-- This site is optimized with the Yoast SEO Premium plugin v26.1 (Yoast SEO v27.0) - https:\/\/yoast.com\/product\/yoast-seo-premium-wordpress\/ -->\n<title>Togo\/Ouro-Akpo Tchagnaou suspendu par l\u00b4ANC : Comment en est-on arriv\u00e9 \u00e0 ce point de non-retour? - Togo<\/title>\n<meta name=\"description\" content=\"Il y a a\u0300 peu pre\u0300s une semaine, l \u0301information sur la suspension de Monsieur Tchagnaou Ouro-Akpo par la formation polit ...\" \/>\n<meta name=\"robots\" content=\"index, follow, max-snippet:-1, max-image-preview:large, max-video-preview:-1\" \/>\n<link rel=\"canonical\" href=\"https:\/\/www.africa-press.net\/togo\/politique\/togo-ouro-akpo-tchagnaou-suspendu-par-lanc-comment-en-est-on-arrive-a-ce-point-de-non-retour-2\" \/>\n<meta property=\"og:locale\" content=\"fr_FR\" \/>\n<meta property=\"og:type\" content=\"article\" \/>\n<meta property=\"og:title\" content=\"Togo\/Ouro-Akpo Tchagnaou suspendu par l\u00b4ANC : Comment en est-on arriv\u00e9 \u00e0 ce point de non-retour?\" \/>\n<meta property=\"og:description\" content=\"Il y a a\u0300 peu pre\u0300s une semaine, l \u0301information sur la suspension de Monsieur Tchagnaou Ouro-Akpo par la formation polit ...\" \/>\n<meta property=\"og:url\" content=\"https:\/\/www.africa-press.net\/togo\/politique\/togo-ouro-akpo-tchagnaou-suspendu-par-lanc-comment-en-est-on-arrive-a-ce-point-de-non-retour-2\" \/>\n<meta property=\"og:site_name\" content=\"Togo\" \/>\n<meta property=\"article:published_time\" content=\"2023-02-23T12:46:11+00:00\" \/>\n<meta property=\"article:modified_time\" content=\"2023-02-23T12:56:39+00:00\" \/>\n<meta property=\"og:image\" content=\"https:\/\/static.africa-press.net\/togo\/sites\/58\/2023\/02\/postQueueImg_1677143775.82.jpg\" \/>\n\t<meta property=\"og:image:width\" content=\"720\" \/>\n\t<meta property=\"og:image:height\" content=\"479\" \/>\n\t<meta property=\"og:image:type\" content=\"image\/jpeg\" \/>\n<meta name=\"author\" content=\"cfeditorfr\" \/>\n<meta name=\"twitter:card\" content=\"summary_large_image\" \/>\n<meta name=\"twitter:label1\" content=\"\u00c9crit par\" \/>\n\t<meta name=\"twitter:data1\" content=\"cfeditorfr\" \/>\n\t<meta name=\"twitter:label2\" content=\"Dur\u00e9e de lecture estim\u00e9e\" \/>\n\t<meta name=\"twitter:data2\" content=\"7 minutes\" \/>\n<script type=\"application\/ld+json\" class=\"yoast-schema-graph\">{\"@context\":\"https:\/\/schema.org\",\"@graph\":[{\"@type\":\"Article\",\"@id\":\"https:\/\/www.africa-press.net\/togo\/politique\/togo-ouro-akpo-tchagnaou-suspendu-par-lanc-comment-en-est-on-arrive-a-ce-point-de-non-retour-2#article\",\"isPartOf\":{\"@id\":\"https:\/\/www.africa-press.net\/togo\/politique\/togo-ouro-akpo-tchagnaou-suspendu-par-lanc-comment-en-est-on-arrive-a-ce-point-de-non-retour-2\"},\"author\":{\"name\":\"cfeditorfr\",\"@id\":\"https:\/\/www.africa-press.net\/togo\/#\/schema\/person\/2b1cf3cd81a31e3cd26889ca66d677f1\"},\"headline\":\"Togo\/Ouro-Akpo Tchagnaou suspendu par l\u00b4ANC : Comment en est-on arriv\u00e9 \u00e0 ce point de non-retour?\",\"datePublished\":\"2023-02-23T12:46:11+00:00\",\"dateModified\":\"2023-02-23T12:56:39+00:00\",\"mainEntityOfPage\":{\"@id\":\"https:\/\/www.africa-press.net\/togo\/politique\/togo-ouro-akpo-tchagnaou-suspendu-par-lanc-comment-en-est-on-arrive-a-ce-point-de-non-retour-2\"},\"wordCount\":1479,\"commentCount\":0,\"image\":{\"@id\":\"https:\/\/www.africa-press.net\/togo\/politique\/togo-ouro-akpo-tchagnaou-suspendu-par-lanc-comment-en-est-on-arrive-a-ce-point-de-non-retour-2#primaryimage\"},\"thumbnailUrl\":\"https:\/\/static.africa-press.net\/togo\/sites\/58\/2023\/02\/postQueueImg_1677143775.82.jpg\",\"keywords\":[\"Africa Press\",\"Africa Press-Togo\",\"Togo\"],\"articleSection\":[\"Politique\",\"Toutes les actualit\u00e9s\"],\"inLanguage\":\"fr-FR\",\"potentialAction\":[{\"@type\":\"CommentAction\",\"name\":\"Comment\",\"target\":[\"https:\/\/www.africa-press.net\/togo\/politique\/togo-ouro-akpo-tchagnaou-suspendu-par-lanc-comment-en-est-on-arrive-a-ce-point-de-non-retour-2#respond\"]}]},{\"@type\":\"WebPage\",\"@id\":\"https:\/\/www.africa-press.net\/togo\/politique\/togo-ouro-akpo-tchagnaou-suspendu-par-lanc-comment-en-est-on-arrive-a-ce-point-de-non-retour-2\",\"url\":\"https:\/\/www.africa-press.net\/togo\/politique\/togo-ouro-akpo-tchagnaou-suspendu-par-lanc-comment-en-est-on-arrive-a-ce-point-de-non-retour-2\",\"name\":\"Togo\/Ouro-Akpo Tchagnaou suspendu par l\u00b4ANC : Comment en est-on arriv\u00e9 \u00e0 ce point de non-retour? - Togo\",\"isPartOf\":{\"@id\":\"https:\/\/www.africa-press.net\/togo\/#website\"},\"primaryImageOfPage\":{\"@id\":\"https:\/\/www.africa-press.net\/togo\/politique\/togo-ouro-akpo-tchagnaou-suspendu-par-lanc-comment-en-est-on-arrive-a-ce-point-de-non-retour-2#primaryimage\"},\"image\":{\"@id\":\"https:\/\/www.africa-press.net\/togo\/politique\/togo-ouro-akpo-tchagnaou-suspendu-par-lanc-comment-en-est-on-arrive-a-ce-point-de-non-retour-2#primaryimage\"},\"thumbnailUrl\":\"https:\/\/static.africa-press.net\/togo\/sites\/58\/2023\/02\/postQueueImg_1677143775.82.jpg\",\"datePublished\":\"2023-02-23T12:46:11+00:00\",\"dateModified\":\"2023-02-23T12:56:39+00:00\",\"author\":{\"@id\":\"https:\/\/www.africa-press.net\/togo\/#\/schema\/person\/2b1cf3cd81a31e3cd26889ca66d677f1\"},\"description\":\"Il y a a\u0300 peu pre\u0300s une semaine, l \u0301information sur la suspension de Monsieur Tchagnaou Ouro-Akpo par la formation polit ...\",\"breadcrumb\":{\"@id\":\"https:\/\/www.africa-press.net\/togo\/politique\/togo-ouro-akpo-tchagnaou-suspendu-par-lanc-comment-en-est-on-arrive-a-ce-point-de-non-retour-2#breadcrumb\"},\"inLanguage\":\"fr-FR\",\"potentialAction\":[{\"@type\":\"ReadAction\",\"target\":[\"https:\/\/www.africa-press.net\/togo\/politique\/togo-ouro-akpo-tchagnaou-suspendu-par-lanc-comment-en-est-on-arrive-a-ce-point-de-non-retour-2\"]}]},{\"@type\":\"ImageObject\",\"inLanguage\":\"fr-FR\",\"@id\":\"https:\/\/www.africa-press.net\/togo\/politique\/togo-ouro-akpo-tchagnaou-suspendu-par-lanc-comment-en-est-on-arrive-a-ce-point-de-non-retour-2#primaryimage\",\"url\":\"https:\/\/static.africa-press.net\/togo\/sites\/58\/2023\/02\/postQueueImg_1677143775.82.jpg\",\"contentUrl\":\"https:\/\/static.africa-press.net\/togo\/sites\/58\/2023\/02\/postQueueImg_1677143775.82.jpg\",\"width\":720,\"height\":479,\"caption\":\"Togo\/Ouro-Akpo Tchagnaou suspendu par l\u00b4ANC : Comment en est-on arriv\u00e9 \u00e0 ce point de non-retour?\"},{\"@type\":\"BreadcrumbList\",\"@id\":\"https:\/\/www.africa-press.net\/togo\/politique\/togo-ouro-akpo-tchagnaou-suspendu-par-lanc-comment-en-est-on-arrive-a-ce-point-de-non-retour-2#breadcrumb\",\"itemListElement\":[{\"@type\":\"ListItem\",\"position\":1,\"name\":\"Accueil\",\"item\":\"https:\/\/www.africa-press.net\/togo\/\"},{\"@type\":\"ListItem\",\"position\":2,\"name\":\"Togo\/Ouro-Akpo Tchagnaou suspendu par l\u00b4ANC : Comment en est-on arriv\u00e9 \u00e0 ce point de non-retour?\"}]},{\"@type\":\"WebSite\",\"@id\":\"https:\/\/www.africa-press.net\/togo\/#website\",\"url\":\"https:\/\/www.africa-press.net\/togo\/\",\"name\":\"Togo\",\"description\":\"Just another Africa News Agency Sites site\",\"potentialAction\":[{\"@type\":\"SearchAction\",\"target\":{\"@type\":\"EntryPoint\",\"urlTemplate\":\"https:\/\/www.africa-press.net\/togo\/?s={search_term_string}\"},\"query-input\":{\"@type\":\"PropertyValueSpecification\",\"valueRequired\":true,\"valueName\":\"search_term_string\"}}],\"inLanguage\":\"fr-FR\"},{\"@type\":\"Person\",\"@id\":\"https:\/\/www.africa-press.net\/togo\/#\/schema\/person\/2b1cf3cd81a31e3cd26889ca66d677f1\",\"name\":\"cfeditorfr\"}]}<\/script>\n<!-- \/ Yoast SEO Premium plugin. -->","yoast_head_json":{"title":"Togo\/Ouro-Akpo Tchagnaou suspendu par l\u00b4ANC : Comment en est-on arriv\u00e9 \u00e0 ce point de non-retour? - Togo","description":"Il y a a\u0300 peu pre\u0300s une semaine, l \u0301information sur la suspension de Monsieur Tchagnaou Ouro-Akpo par la formation polit ...","robots":{"index":"index","follow":"follow","max-snippet":"max-snippet:-1","max-image-preview":"max-image-preview:large","max-video-preview":"max-video-preview:-1"},"canonical":"https:\/\/www.africa-press.net\/togo\/politique\/togo-ouro-akpo-tchagnaou-suspendu-par-lanc-comment-en-est-on-arrive-a-ce-point-de-non-retour-2","og_locale":"fr_FR","og_type":"article","og_title":"Togo\/Ouro-Akpo Tchagnaou suspendu par l\u00b4ANC : Comment en est-on arriv\u00e9 \u00e0 ce point de non-retour?","og_description":"Il y a a\u0300 peu pre\u0300s une semaine, l \u0301information sur la suspension de Monsieur Tchagnaou Ouro-Akpo par la formation polit ...","og_url":"https:\/\/www.africa-press.net\/togo\/politique\/togo-ouro-akpo-tchagnaou-suspendu-par-lanc-comment-en-est-on-arrive-a-ce-point-de-non-retour-2","og_site_name":"Togo","article_published_time":"2023-02-23T12:46:11+00:00","article_modified_time":"2023-02-23T12:56:39+00:00","og_image":[{"width":720,"height":479,"url":"https:\/\/static.africa-press.net\/togo\/sites\/58\/2023\/02\/postQueueImg_1677143775.82.jpg","type":"image\/jpeg"}],"author":"cfeditorfr","twitter_card":"summary_large_image","twitter_misc":{"\u00c9crit par":"cfeditorfr","Dur\u00e9e de lecture estim\u00e9e":"7 minutes"},"schema":{"@context":"https:\/\/schema.org","@graph":[{"@type":"Article","@id":"https:\/\/www.africa-press.net\/togo\/politique\/togo-ouro-akpo-tchagnaou-suspendu-par-lanc-comment-en-est-on-arrive-a-ce-point-de-non-retour-2#article","isPartOf":{"@id":"https:\/\/www.africa-press.net\/togo\/politique\/togo-ouro-akpo-tchagnaou-suspendu-par-lanc-comment-en-est-on-arrive-a-ce-point-de-non-retour-2"},"author":{"name":"cfeditorfr","@id":"https:\/\/www.africa-press.net\/togo\/#\/schema\/person\/2b1cf3cd81a31e3cd26889ca66d677f1"},"headline":"Togo\/Ouro-Akpo Tchagnaou suspendu par l\u00b4ANC : Comment en est-on arriv\u00e9 \u00e0 ce point de non-retour?","datePublished":"2023-02-23T12:46:11+00:00","dateModified":"2023-02-23T12:56:39+00:00","mainEntityOfPage":{"@id":"https:\/\/www.africa-press.net\/togo\/politique\/togo-ouro-akpo-tchagnaou-suspendu-par-lanc-comment-en-est-on-arrive-a-ce-point-de-non-retour-2"},"wordCount":1479,"commentCount":0,"image":{"@id":"https:\/\/www.africa-press.net\/togo\/politique\/togo-ouro-akpo-tchagnaou-suspendu-par-lanc-comment-en-est-on-arrive-a-ce-point-de-non-retour-2#primaryimage"},"thumbnailUrl":"https:\/\/static.africa-press.net\/togo\/sites\/58\/2023\/02\/postQueueImg_1677143775.82.jpg","keywords":["Africa Press","Africa Press-Togo","Togo"],"articleSection":["Politique","Toutes les actualit\u00e9s"],"inLanguage":"fr-FR","potentialAction":[{"@type":"CommentAction","name":"Comment","target":["https:\/\/www.africa-press.net\/togo\/politique\/togo-ouro-akpo-tchagnaou-suspendu-par-lanc-comment-en-est-on-arrive-a-ce-point-de-non-retour-2#respond"]}]},{"@type":"WebPage","@id":"https:\/\/www.africa-press.net\/togo\/politique\/togo-ouro-akpo-tchagnaou-suspendu-par-lanc-comment-en-est-on-arrive-a-ce-point-de-non-retour-2","url":"https:\/\/www.africa-press.net\/togo\/politique\/togo-ouro-akpo-tchagnaou-suspendu-par-lanc-comment-en-est-on-arrive-a-ce-point-de-non-retour-2","name":"Togo\/Ouro-Akpo Tchagnaou suspendu par l\u00b4ANC : Comment en est-on arriv\u00e9 \u00e0 ce point de non-retour? - Togo","isPartOf":{"@id":"https:\/\/www.africa-press.net\/togo\/#website"},"primaryImageOfPage":{"@id":"https:\/\/www.africa-press.net\/togo\/politique\/togo-ouro-akpo-tchagnaou-suspendu-par-lanc-comment-en-est-on-arrive-a-ce-point-de-non-retour-2#primaryimage"},"image":{"@id":"https:\/\/www.africa-press.net\/togo\/politique\/togo-ouro-akpo-tchagnaou-suspendu-par-lanc-comment-en-est-on-arrive-a-ce-point-de-non-retour-2#primaryimage"},"thumbnailUrl":"https:\/\/static.africa-press.net\/togo\/sites\/58\/2023\/02\/postQueueImg_1677143775.82.jpg","datePublished":"2023-02-23T12:46:11+00:00","dateModified":"2023-02-23T12:56:39+00:00","author":{"@id":"https:\/\/www.africa-press.net\/togo\/#\/schema\/person\/2b1cf3cd81a31e3cd26889ca66d677f1"},"description":"Il y a a\u0300 peu pre\u0300s une semaine, l \u0301information sur la suspension de Monsieur Tchagnaou Ouro-Akpo par la formation polit ...","breadcrumb":{"@id":"https:\/\/www.africa-press.net\/togo\/politique\/togo-ouro-akpo-tchagnaou-suspendu-par-lanc-comment-en-est-on-arrive-a-ce-point-de-non-retour-2#breadcrumb"},"inLanguage":"fr-FR","potentialAction":[{"@type":"ReadAction","target":["https:\/\/www.africa-press.net\/togo\/politique\/togo-ouro-akpo-tchagnaou-suspendu-par-lanc-comment-en-est-on-arrive-a-ce-point-de-non-retour-2"]}]},{"@type":"ImageObject","inLanguage":"fr-FR","@id":"https:\/\/www.africa-press.net\/togo\/politique\/togo-ouro-akpo-tchagnaou-suspendu-par-lanc-comment-en-est-on-arrive-a-ce-point-de-non-retour-2#primaryimage","url":"https:\/\/static.africa-press.net\/togo\/sites\/58\/2023\/02\/postQueueImg_1677143775.82.jpg","contentUrl":"https:\/\/static.africa-press.net\/togo\/sites\/58\/2023\/02\/postQueueImg_1677143775.82.jpg","width":720,"height":479,"caption":"Togo\/Ouro-Akpo Tchagnaou suspendu par l\u00b4ANC : Comment en est-on arriv\u00e9 \u00e0 ce point de non-retour?"},{"@type":"BreadcrumbList","@id":"https:\/\/www.africa-press.net\/togo\/politique\/togo-ouro-akpo-tchagnaou-suspendu-par-lanc-comment-en-est-on-arrive-a-ce-point-de-non-retour-2#breadcrumb","itemListElement":[{"@type":"ListItem","position":1,"name":"Accueil","item":"https:\/\/www.africa-press.net\/togo\/"},{"@type":"ListItem","position":2,"name":"Togo\/Ouro-Akpo Tchagnaou suspendu par l\u00b4ANC : Comment en est-on arriv\u00e9 \u00e0 ce point de non-retour?"}]},{"@type":"WebSite","@id":"https:\/\/www.africa-press.net\/togo\/#website","url":"https:\/\/www.africa-press.net\/togo\/","name":"Togo","description":"Just another Africa News Agency Sites site","potentialAction":[{"@type":"SearchAction","target":{"@type":"EntryPoint","urlTemplate":"https:\/\/www.africa-press.net\/togo\/?s={search_term_string}"},"query-input":{"@type":"PropertyValueSpecification","valueRequired":true,"valueName":"search_term_string"}}],"inLanguage":"fr-FR"},{"@type":"Person","@id":"https:\/\/www.africa-press.net\/togo\/#\/schema\/person\/2b1cf3cd81a31e3cd26889ca66d677f1","name":"cfeditorfr"}]}},"_links":{"self":[{"href":"https:\/\/www.africa-press.net\/togo\/wp-json\/wp\/v2\/posts\/17692","targetHints":{"allow":["GET"]}}],"collection":[{"href":"https:\/\/www.africa-press.net\/togo\/wp-json\/wp\/v2\/posts"}],"about":[{"href":"https:\/\/www.africa-press.net\/togo\/wp-json\/wp\/v2\/types\/post"}],"author":[{"embeddable":true,"href":"https:\/\/www.africa-press.net\/togo\/wp-json\/wp\/v2\/users\/82"}],"replies":[{"embeddable":true,"href":"https:\/\/www.africa-press.net\/togo\/wp-json\/wp\/v2\/comments?post=17692"}],"version-history":[{"count":0,"href":"https:\/\/www.africa-press.net\/togo\/wp-json\/wp\/v2\/posts\/17692\/revisions"}],"wp:featuredmedia":[{"embeddable":true,"href":"https:\/\/www.africa-press.net\/togo\/wp-json\/wp\/v2\/media\/17690"}],"wp:attachment":[{"href":"https:\/\/www.africa-press.net\/togo\/wp-json\/wp\/v2\/media?parent=17692"}],"wp:term":[{"taxonomy":"category","embeddable":true,"href":"https:\/\/www.africa-press.net\/togo\/wp-json\/wp\/v2\/categories?post=17692"},{"taxonomy":"post_tag","embeddable":true,"href":"https:\/\/www.africa-press.net\/togo\/wp-json\/wp\/v2\/tags?post=17692"}],"curies":[{"name":"wp","href":"https:\/\/api.w.org\/{rel}","templated":true}]}}