{"id":17709,"date":"2023-02-23T18:59:56","date_gmt":"2023-02-23T18:59:56","guid":{"rendered":"https:\/\/www.africa-press.net\/togo\/politique\/vers-une-reglementation-des-creches-et-garderies"},"modified":"2023-02-23T19:30:51","modified_gmt":"2023-02-23T19:30:51","slug":"vers-une-reglementation-des-creches-et-garderies","status":"publish","type":"post","link":"https:\/\/www.africa-press.net\/togo\/toutes-les-actualites\/vers-une-reglementation-des-creches-et-garderies","title":{"rendered":"vers une r\u00e8glementation des cr\u00e8ches et garderies"},"content":{"rendered":"<p><span style=\"color: #ff6600\"><strong>Africa-Press &#8211; Togo. <\/strong><\/span>En Conseil des ministres, ce mercredi 22 fe\u0301vrier 2023, l\u2019exe\u0301cutif a e\u0301coute\u0301 une communication relative a\u0300 l\u2019ouverture des cre\u0300ches et des garderies au Togo, pre\u0301sente\u0301e par le ministre de l\u2019action sociale, de la promotion de la femme et de l\u2019alphabe\u0301tisation.<\/p>\n<p>La communication vise a\u0300 pre\u0301senter un e\u0301tat des lieux des structures accueillant les enfants dans notre pays. Ainsi, on de\u0301nombre a\u0300 ce jour 28 cre\u0300ches et garderies sur toute l\u2019e\u0301tendue du territoire.<\/p>\n<p>Le gouvernement place au c\u0153ur de ses actions prioritaires, la promotion de la femme et des enfants. Dans le but de faciliter la conciliation de l\u2019encadrement de l\u2019enfant avec la vie professionnelle des parents, il est ne\u0301cessaire d\u2019organiser l\u2019accueil des enfants dans des structures respectant des normes et standards.<\/p>\n<p><strong>Pour plus d&rsquo;informations et d&rsquo;analyses sur la <a href=\"https:\/\/www.africa-press.net\/togo\">Togo<\/a>, suivez <a href=\"https:\/\/www.africa-press.net\/\">Africa-Press<\/a><\/strong><\/p>\n","protected":false},"excerpt":{"rendered":"<p>Africa-Press &#8211; Togo. En Conseil des ministres, ce mercredi 22 fe\u0301vrier 2023, l\u2019exe\u0301cutif a e\u0301coute\u0301 une communication relative a\u0300 l\u2019ouverture des cre\u0300ches et des garderies au Togo, pre\u0301sente\u0301e par le ministre de l\u2019action sociale, de la promotion de la femme et de l\u2019alphabe\u0301tisation. La communication vise a\u0300 pre\u0301senter un e\u0301tat des lieux des structures accueillant [&hellip;]<\/p>\n","protected":false},"author":82,"featured_media":17708,"comment_status":"open","ping_status":"closed","sticky":false,"template":"","format":"standard","meta":{"footnotes":""},"categories":[21,10],"tags":[36,49,50],"class_list":["post-17709","post","type-post","status-publish","format-standard","has-post-thumbnail","hentry","category-communaute","category-toutes-les-actualites","tag-africa-press","tag-africa-press-togo","tag-togo"],"yoast_head":"<!-- This site is optimized with the Yoast SEO Premium plugin v26.1 (Yoast SEO v27.0) - https:\/\/yoast.com\/product\/yoast-seo-premium-wordpress\/ -->\n<title>vers une r\u00e8glementation des cr\u00e8ches et garderies - Togo<\/title>\n<meta name=\"description\" content=\"En Conseil des ministres, ce mercredi 22 fe\u0301vrier 2023, l\u2019exe\u0301cutif a e\u0301coute\u0301 une communication relative a\u0300 l\u2019ouverture ...\" \/>\n<meta name=\"robots\" content=\"index, follow, max-snippet:-1, max-image-preview:large, max-video-preview:-1\" \/>\n<link rel=\"canonical\" href=\"https:\/\/www.africa-press.net\/togo\/toutes-les-actualites\/vers-une-reglementation-des-creches-et-garderies\" \/>\n<meta property=\"og:locale\" content=\"fr_FR\" \/>\n<meta property=\"og:type\" content=\"article\" \/>\n<meta property=\"og:title\" content=\"vers une r\u00e8glementation des cr\u00e8ches et garderies\" \/>\n<meta property=\"og:description\" content=\"En Conseil des ministres, ce mercredi 22 fe\u0301vrier 2023, l\u2019exe\u0301cutif a e\u0301coute\u0301 une communication relative a\u0300 l\u2019ouverture ...\" \/>\n<meta property=\"og:url\" content=\"https:\/\/www.africa-press.net\/togo\/toutes-les-actualites\/vers-une-reglementation-des-creches-et-garderies\" \/>\n<meta property=\"og:site_name\" content=\"Togo\" \/>\n<meta property=\"article:published_time\" content=\"2023-02-23T18:59:56+00:00\" \/>\n<meta property=\"article:modified_time\" content=\"2023-02-23T19:30:51+00:00\" \/>\n<meta property=\"og:image\" content=\"https:\/\/static.africa-press.net\/togo\/sites\/58\/2023\/02\/postQueueImg_1677166201.64.jpg\" \/>\n\t<meta property=\"og:image:width\" content=\"720\" \/>\n\t<meta property=\"og:image:height\" content=\"480\" \/>\n\t<meta property=\"og:image:type\" content=\"image\/jpeg\" \/>\n<meta name=\"author\" content=\"cfeditorfr\" \/>\n<meta name=\"twitter:card\" content=\"summary_large_image\" \/>\n<meta name=\"twitter:label1\" content=\"\u00c9crit par\" \/>\n\t<meta name=\"twitter:data1\" content=\"cfeditorfr\" \/>\n\t<meta name=\"twitter:label2\" content=\"Dur\u00e9e de lecture estim\u00e9e\" \/>\n\t<meta name=\"twitter:data2\" content=\"1 minute\" \/>\n<script type=\"application\/ld+json\" class=\"yoast-schema-graph\">{\"@context\":\"https:\/\/schema.org\",\"@graph\":[{\"@type\":\"Article\",\"@id\":\"https:\/\/www.africa-press.net\/togo\/toutes-les-actualites\/vers-une-reglementation-des-creches-et-garderies#article\",\"isPartOf\":{\"@id\":\"https:\/\/www.africa-press.net\/togo\/toutes-les-actualites\/vers-une-reglementation-des-creches-et-garderies\"},\"author\":{\"name\":\"cfeditorfr\",\"@id\":\"https:\/\/www.africa-press.net\/togo\/#\/schema\/person\/2b1cf3cd81a31e3cd26889ca66d677f1\"},\"headline\":\"vers une r\u00e8glementation des cr\u00e8ches et garderies\",\"datePublished\":\"2023-02-23T18:59:56+00:00\",\"dateModified\":\"2023-02-23T19:30:51+00:00\",\"mainEntityOfPage\":{\"@id\":\"https:\/\/www.africa-press.net\/togo\/toutes-les-actualites\/vers-une-reglementation-des-creches-et-garderies\"},\"wordCount\":165,\"commentCount\":0,\"image\":{\"@id\":\"https:\/\/www.africa-press.net\/togo\/toutes-les-actualites\/vers-une-reglementation-des-creches-et-garderies#primaryimage\"},\"thumbnailUrl\":\"https:\/\/static.africa-press.net\/togo\/sites\/58\/2023\/02\/postQueueImg_1677166201.64.jpg\",\"keywords\":[\"Africa Press\",\"Africa Press-Togo\",\"Togo\"],\"articleSection\":[\"Communaut\u00e9\",\"Toutes les actualit\u00e9s\"],\"inLanguage\":\"fr-FR\",\"potentialAction\":[{\"@type\":\"CommentAction\",\"name\":\"Comment\",\"target\":[\"https:\/\/www.africa-press.net\/togo\/toutes-les-actualites\/vers-une-reglementation-des-creches-et-garderies#respond\"]}]},{\"@type\":\"WebPage\",\"@id\":\"https:\/\/www.africa-press.net\/togo\/toutes-les-actualites\/vers-une-reglementation-des-creches-et-garderies\",\"url\":\"https:\/\/www.africa-press.net\/togo\/toutes-les-actualites\/vers-une-reglementation-des-creches-et-garderies\",\"name\":\"vers une r\u00e8glementation des cr\u00e8ches et garderies - Togo\",\"isPartOf\":{\"@id\":\"https:\/\/www.africa-press.net\/togo\/#website\"},\"primaryImageOfPage\":{\"@id\":\"https:\/\/www.africa-press.net\/togo\/toutes-les-actualites\/vers-une-reglementation-des-creches-et-garderies#primaryimage\"},\"image\":{\"@id\":\"https:\/\/www.africa-press.net\/togo\/toutes-les-actualites\/vers-une-reglementation-des-creches-et-garderies#primaryimage\"},\"thumbnailUrl\":\"https:\/\/static.africa-press.net\/togo\/sites\/58\/2023\/02\/postQueueImg_1677166201.64.jpg\",\"datePublished\":\"2023-02-23T18:59:56+00:00\",\"dateModified\":\"2023-02-23T19:30:51+00:00\",\"author\":{\"@id\":\"https:\/\/www.africa-press.net\/togo\/#\/schema\/person\/2b1cf3cd81a31e3cd26889ca66d677f1\"},\"description\":\"En Conseil des ministres, ce mercredi 22 fe\u0301vrier 2023, l\u2019exe\u0301cutif a e\u0301coute\u0301 une communication relative a\u0300 l\u2019ouverture ...\",\"breadcrumb\":{\"@id\":\"https:\/\/www.africa-press.net\/togo\/toutes-les-actualites\/vers-une-reglementation-des-creches-et-garderies#breadcrumb\"},\"inLanguage\":\"fr-FR\",\"potentialAction\":[{\"@type\":\"ReadAction\",\"target\":[\"https:\/\/www.africa-press.net\/togo\/toutes-les-actualites\/vers-une-reglementation-des-creches-et-garderies\"]}]},{\"@type\":\"ImageObject\",\"inLanguage\":\"fr-FR\",\"@id\":\"https:\/\/www.africa-press.net\/togo\/toutes-les-actualites\/vers-une-reglementation-des-creches-et-garderies#primaryimage\",\"url\":\"https:\/\/static.africa-press.net\/togo\/sites\/58\/2023\/02\/postQueueImg_1677166201.64.jpg\",\"contentUrl\":\"https:\/\/static.africa-press.net\/togo\/sites\/58\/2023\/02\/postQueueImg_1677166201.64.jpg\",\"width\":720,\"height\":480,\"caption\":\"vers une r\u00e8glementation des cr\u00e8ches et garderies\"},{\"@type\":\"BreadcrumbList\",\"@id\":\"https:\/\/www.africa-press.net\/togo\/toutes-les-actualites\/vers-une-reglementation-des-creches-et-garderies#breadcrumb\",\"itemListElement\":[{\"@type\":\"ListItem\",\"position\":1,\"name\":\"Accueil\",\"item\":\"https:\/\/www.africa-press.net\/togo\/\"},{\"@type\":\"ListItem\",\"position\":2,\"name\":\"vers une r\u00e8glementation des cr\u00e8ches et garderies\"}]},{\"@type\":\"WebSite\",\"@id\":\"https:\/\/www.africa-press.net\/togo\/#website\",\"url\":\"https:\/\/www.africa-press.net\/togo\/\",\"name\":\"Togo\",\"description\":\"Just another Africa News Agency Sites site\",\"potentialAction\":[{\"@type\":\"SearchAction\",\"target\":{\"@type\":\"EntryPoint\",\"urlTemplate\":\"https:\/\/www.africa-press.net\/togo\/?s={search_term_string}\"},\"query-input\":{\"@type\":\"PropertyValueSpecification\",\"valueRequired\":true,\"valueName\":\"search_term_string\"}}],\"inLanguage\":\"fr-FR\"},{\"@type\":\"Person\",\"@id\":\"https:\/\/www.africa-press.net\/togo\/#\/schema\/person\/2b1cf3cd81a31e3cd26889ca66d677f1\",\"name\":\"cfeditorfr\"}]}<\/script>\n<!-- \/ Yoast SEO Premium plugin. -->","yoast_head_json":{"title":"vers une r\u00e8glementation des cr\u00e8ches et garderies - Togo","description":"En Conseil des ministres, ce mercredi 22 fe\u0301vrier 2023, l\u2019exe\u0301cutif a e\u0301coute\u0301 une communication relative a\u0300 l\u2019ouverture ...","robots":{"index":"index","follow":"follow","max-snippet":"max-snippet:-1","max-image-preview":"max-image-preview:large","max-video-preview":"max-video-preview:-1"},"canonical":"https:\/\/www.africa-press.net\/togo\/toutes-les-actualites\/vers-une-reglementation-des-creches-et-garderies","og_locale":"fr_FR","og_type":"article","og_title":"vers une r\u00e8glementation des cr\u00e8ches et garderies","og_description":"En Conseil des ministres, ce mercredi 22 fe\u0301vrier 2023, l\u2019exe\u0301cutif a e\u0301coute\u0301 une communication relative a\u0300 l\u2019ouverture ...","og_url":"https:\/\/www.africa-press.net\/togo\/toutes-les-actualites\/vers-une-reglementation-des-creches-et-garderies","og_site_name":"Togo","article_published_time":"2023-02-23T18:59:56+00:00","article_modified_time":"2023-02-23T19:30:51+00:00","og_image":[{"width":720,"height":480,"url":"https:\/\/static.africa-press.net\/togo\/sites\/58\/2023\/02\/postQueueImg_1677166201.64.jpg","type":"image\/jpeg"}],"author":"cfeditorfr","twitter_card":"summary_large_image","twitter_misc":{"\u00c9crit par":"cfeditorfr","Dur\u00e9e de lecture estim\u00e9e":"1 minute"},"schema":{"@context":"https:\/\/schema.org","@graph":[{"@type":"Article","@id":"https:\/\/www.africa-press.net\/togo\/toutes-les-actualites\/vers-une-reglementation-des-creches-et-garderies#article","isPartOf":{"@id":"https:\/\/www.africa-press.net\/togo\/toutes-les-actualites\/vers-une-reglementation-des-creches-et-garderies"},"author":{"name":"cfeditorfr","@id":"https:\/\/www.africa-press.net\/togo\/#\/schema\/person\/2b1cf3cd81a31e3cd26889ca66d677f1"},"headline":"vers une r\u00e8glementation des cr\u00e8ches et garderies","datePublished":"2023-02-23T18:59:56+00:00","dateModified":"2023-02-23T19:30:51+00:00","mainEntityOfPage":{"@id":"https:\/\/www.africa-press.net\/togo\/toutes-les-actualites\/vers-une-reglementation-des-creches-et-garderies"},"wordCount":165,"commentCount":0,"image":{"@id":"https:\/\/www.africa-press.net\/togo\/toutes-les-actualites\/vers-une-reglementation-des-creches-et-garderies#primaryimage"},"thumbnailUrl":"https:\/\/static.africa-press.net\/togo\/sites\/58\/2023\/02\/postQueueImg_1677166201.64.jpg","keywords":["Africa Press","Africa Press-Togo","Togo"],"articleSection":["Communaut\u00e9","Toutes les actualit\u00e9s"],"inLanguage":"fr-FR","potentialAction":[{"@type":"CommentAction","name":"Comment","target":["https:\/\/www.africa-press.net\/togo\/toutes-les-actualites\/vers-une-reglementation-des-creches-et-garderies#respond"]}]},{"@type":"WebPage","@id":"https:\/\/www.africa-press.net\/togo\/toutes-les-actualites\/vers-une-reglementation-des-creches-et-garderies","url":"https:\/\/www.africa-press.net\/togo\/toutes-les-actualites\/vers-une-reglementation-des-creches-et-garderies","name":"vers une r\u00e8glementation des cr\u00e8ches et garderies - Togo","isPartOf":{"@id":"https:\/\/www.africa-press.net\/togo\/#website"},"primaryImageOfPage":{"@id":"https:\/\/www.africa-press.net\/togo\/toutes-les-actualites\/vers-une-reglementation-des-creches-et-garderies#primaryimage"},"image":{"@id":"https:\/\/www.africa-press.net\/togo\/toutes-les-actualites\/vers-une-reglementation-des-creches-et-garderies#primaryimage"},"thumbnailUrl":"https:\/\/static.africa-press.net\/togo\/sites\/58\/2023\/02\/postQueueImg_1677166201.64.jpg","datePublished":"2023-02-23T18:59:56+00:00","dateModified":"2023-02-23T19:30:51+00:00","author":{"@id":"https:\/\/www.africa-press.net\/togo\/#\/schema\/person\/2b1cf3cd81a31e3cd26889ca66d677f1"},"description":"En Conseil des ministres, ce mercredi 22 fe\u0301vrier 2023, l\u2019exe\u0301cutif a e\u0301coute\u0301 une communication relative a\u0300 l\u2019ouverture ...","breadcrumb":{"@id":"https:\/\/www.africa-press.net\/togo\/toutes-les-actualites\/vers-une-reglementation-des-creches-et-garderies#breadcrumb"},"inLanguage":"fr-FR","potentialAction":[{"@type":"ReadAction","target":["https:\/\/www.africa-press.net\/togo\/toutes-les-actualites\/vers-une-reglementation-des-creches-et-garderies"]}]},{"@type":"ImageObject","inLanguage":"fr-FR","@id":"https:\/\/www.africa-press.net\/togo\/toutes-les-actualites\/vers-une-reglementation-des-creches-et-garderies#primaryimage","url":"https:\/\/static.africa-press.net\/togo\/sites\/58\/2023\/02\/postQueueImg_1677166201.64.jpg","contentUrl":"https:\/\/static.africa-press.net\/togo\/sites\/58\/2023\/02\/postQueueImg_1677166201.64.jpg","width":720,"height":480,"caption":"vers une r\u00e8glementation des cr\u00e8ches et garderies"},{"@type":"BreadcrumbList","@id":"https:\/\/www.africa-press.net\/togo\/toutes-les-actualites\/vers-une-reglementation-des-creches-et-garderies#breadcrumb","itemListElement":[{"@type":"ListItem","position":1,"name":"Accueil","item":"https:\/\/www.africa-press.net\/togo\/"},{"@type":"ListItem","position":2,"name":"vers une r\u00e8glementation des cr\u00e8ches et garderies"}]},{"@type":"WebSite","@id":"https:\/\/www.africa-press.net\/togo\/#website","url":"https:\/\/www.africa-press.net\/togo\/","name":"Togo","description":"Just another Africa News Agency Sites site","potentialAction":[{"@type":"SearchAction","target":{"@type":"EntryPoint","urlTemplate":"https:\/\/www.africa-press.net\/togo\/?s={search_term_string}"},"query-input":{"@type":"PropertyValueSpecification","valueRequired":true,"valueName":"search_term_string"}}],"inLanguage":"fr-FR"},{"@type":"Person","@id":"https:\/\/www.africa-press.net\/togo\/#\/schema\/person\/2b1cf3cd81a31e3cd26889ca66d677f1","name":"cfeditorfr"}]}},"_links":{"self":[{"href":"https:\/\/www.africa-press.net\/togo\/wp-json\/wp\/v2\/posts\/17709","targetHints":{"allow":["GET"]}}],"collection":[{"href":"https:\/\/www.africa-press.net\/togo\/wp-json\/wp\/v2\/posts"}],"about":[{"href":"https:\/\/www.africa-press.net\/togo\/wp-json\/wp\/v2\/types\/post"}],"author":[{"embeddable":true,"href":"https:\/\/www.africa-press.net\/togo\/wp-json\/wp\/v2\/users\/82"}],"replies":[{"embeddable":true,"href":"https:\/\/www.africa-press.net\/togo\/wp-json\/wp\/v2\/comments?post=17709"}],"version-history":[{"count":0,"href":"https:\/\/www.africa-press.net\/togo\/wp-json\/wp\/v2\/posts\/17709\/revisions"}],"wp:featuredmedia":[{"embeddable":true,"href":"https:\/\/www.africa-press.net\/togo\/wp-json\/wp\/v2\/media\/17708"}],"wp:attachment":[{"href":"https:\/\/www.africa-press.net\/togo\/wp-json\/wp\/v2\/media?parent=17709"}],"wp:term":[{"taxonomy":"category","embeddable":true,"href":"https:\/\/www.africa-press.net\/togo\/wp-json\/wp\/v2\/categories?post=17709"},{"taxonomy":"post_tag","embeddable":true,"href":"https:\/\/www.africa-press.net\/togo\/wp-json\/wp\/v2\/tags?post=17709"}],"curies":[{"name":"wp","href":"https:\/\/api.w.org\/{rel}","templated":true}]}}