{"id":17729,"date":"2023-02-24T12:38:00","date_gmt":"2023-02-24T12:38:00","guid":{"rendered":"https:\/\/www.africa-press.net\/togo\/politique\/un-webinaire-de-togo-debout-ce-dimanche"},"modified":"2023-02-24T13:01:42","modified_gmt":"2023-02-24T13:01:42","slug":"un-webinaire-de-togo-debout-ce-dimanche","status":"publish","type":"post","link":"https:\/\/www.africa-press.net\/togo\/politique\/un-webinaire-de-togo-debout-ce-dimanche","title":{"rendered":"Un webinaire de Togo Debout ce dimanche"},"content":{"rendered":"<p><span style=\"color: #ff6600\"><strong>Africa-Press &#8211; Togo. <\/strong><\/span><b>Les responsables du Front Citoyen Togo Debout (FCTD) organisent un webinaire ce dimanche 26 fe\u0301vrier 2023. Plusieurs sujets de l\u2019actualite\u0301 sociopolitique de la sous-re\u0301gion seront aborde\u0301s au cours de cette rencontre virtuelle.<\/b><\/p>\n<p>Le webinaire qui de\u0301marre ce dimanche a\u0300 partir de 18 heures GMT (19 heures de Paris), sera fait via la plateforme ZOOM. Les intervenants sont Pr David Dosseh ( OSC Togo), Ghae\u0308ls Babacar Mbaye ( OSC Se\u0301ne\u0301gal) et Fovi Katakou (OSC Togo).<\/p>\n<p>Le sujet phare qui sera de\u0301battu au cours de ce webinaire est: \u201cTogo-Se\u0301ne\u0301gal : Quelle issue a\u0300 la mobilisation des OSC contre la gabegie des fonds COVID ?\u201d.<\/p>\n<p>Le lien pour rejoindre la re\u0301union : https:\/\/www.togodebout.info\/lerendez-vous<\/p>\n<p><strong>Pour plus d&rsquo;informations et d&rsquo;analyses sur la <a href=\"https:\/\/www.africa-press.net\/togo\">Togo<\/a>, suivez <a href=\"https:\/\/www.africa-press.net\/\">Africa-Press<\/a><\/strong><\/p>\n","protected":false},"excerpt":{"rendered":"<p>Africa-Press &#8211; Togo. Les responsables du Front Citoyen Togo Debout (FCTD) organisent un webinaire ce dimanche 26 fe\u0301vrier 2023. Plusieurs sujets de l\u2019actualite\u0301 sociopolitique de la sous-re\u0301gion seront aborde\u0301s au cours de cette rencontre virtuelle. Le webinaire qui de\u0301marre ce dimanche a\u0300 partir de 18 heures GMT (19 heures de Paris), sera fait via la [&hellip;]<\/p>\n","protected":false},"author":82,"featured_media":17728,"comment_status":"open","ping_status":"closed","sticky":false,"template":"","format":"standard","meta":{"footnotes":""},"categories":[2,10],"tags":[36,49,50],"class_list":["post-17729","post","type-post","status-publish","format-standard","has-post-thumbnail","hentry","category-politique","category-toutes-les-actualites","tag-africa-press","tag-africa-press-togo","tag-togo"],"yoast_head":"<!-- This site is optimized with the Yoast SEO Premium plugin v26.1 (Yoast SEO v27.0) - https:\/\/yoast.com\/product\/yoast-seo-premium-wordpress\/ -->\n<title>Un webinaire de Togo Debout ce dimanche - Togo<\/title>\n<meta name=\"description\" content=\"Les responsables du Front Citoyen Togo Debout (FCTD) organisent un webinaire ce dimanche 26 fe\u0301vrier 2023. Plusieurs ...\" \/>\n<meta name=\"robots\" content=\"index, follow, max-snippet:-1, max-image-preview:large, max-video-preview:-1\" \/>\n<link rel=\"canonical\" href=\"https:\/\/www.africa-press.net\/togo\/politique\/un-webinaire-de-togo-debout-ce-dimanche\" \/>\n<meta property=\"og:locale\" content=\"fr_FR\" \/>\n<meta property=\"og:type\" content=\"article\" \/>\n<meta property=\"og:title\" content=\"Un webinaire de Togo Debout ce dimanche\" \/>\n<meta property=\"og:description\" content=\"Les responsables du Front Citoyen Togo Debout (FCTD) organisent un webinaire ce dimanche 26 fe\u0301vrier 2023. Plusieurs ...\" \/>\n<meta property=\"og:url\" content=\"https:\/\/www.africa-press.net\/togo\/politique\/un-webinaire-de-togo-debout-ce-dimanche\" \/>\n<meta property=\"og:site_name\" content=\"Togo\" \/>\n<meta property=\"article:published_time\" content=\"2023-02-24T12:38:00+00:00\" \/>\n<meta property=\"article:modified_time\" content=\"2023-02-24T13:01:42+00:00\" \/>\n<meta property=\"og:image\" content=\"https:\/\/static.africa-press.net\/togo\/sites\/58\/2023\/02\/postQueueImg_1677229685.94.jpg\" \/>\n\t<meta property=\"og:image:width\" content=\"1278\" \/>\n\t<meta property=\"og:image:height\" content=\"800\" \/>\n\t<meta property=\"og:image:type\" content=\"image\/jpeg\" \/>\n<meta name=\"author\" content=\"cfeditorfr\" \/>\n<meta name=\"twitter:card\" content=\"summary_large_image\" \/>\n<meta name=\"twitter:label1\" content=\"\u00c9crit par\" \/>\n\t<meta name=\"twitter:data1\" content=\"cfeditorfr\" \/>\n\t<meta name=\"twitter:label2\" content=\"Dur\u00e9e de lecture estim\u00e9e\" \/>\n\t<meta name=\"twitter:data2\" content=\"1 minute\" \/>\n<script type=\"application\/ld+json\" class=\"yoast-schema-graph\">{\"@context\":\"https:\/\/schema.org\",\"@graph\":[{\"@type\":\"Article\",\"@id\":\"https:\/\/www.africa-press.net\/togo\/politique\/un-webinaire-de-togo-debout-ce-dimanche#article\",\"isPartOf\":{\"@id\":\"https:\/\/www.africa-press.net\/togo\/politique\/un-webinaire-de-togo-debout-ce-dimanche\"},\"author\":{\"name\":\"cfeditorfr\",\"@id\":\"https:\/\/www.africa-press.net\/togo\/#\/schema\/person\/2b1cf3cd81a31e3cd26889ca66d677f1\"},\"headline\":\"Un webinaire de Togo Debout ce dimanche\",\"datePublished\":\"2023-02-24T12:38:00+00:00\",\"dateModified\":\"2023-02-24T13:01:42+00:00\",\"mainEntityOfPage\":{\"@id\":\"https:\/\/www.africa-press.net\/togo\/politique\/un-webinaire-de-togo-debout-ce-dimanche\"},\"wordCount\":139,\"commentCount\":0,\"image\":{\"@id\":\"https:\/\/www.africa-press.net\/togo\/politique\/un-webinaire-de-togo-debout-ce-dimanche#primaryimage\"},\"thumbnailUrl\":\"https:\/\/static.africa-press.net\/togo\/sites\/58\/2023\/02\/postQueueImg_1677229685.94.jpg\",\"keywords\":[\"Africa Press\",\"Africa Press-Togo\",\"Togo\"],\"articleSection\":[\"Politique\",\"Toutes les actualit\u00e9s\"],\"inLanguage\":\"fr-FR\",\"potentialAction\":[{\"@type\":\"CommentAction\",\"name\":\"Comment\",\"target\":[\"https:\/\/www.africa-press.net\/togo\/politique\/un-webinaire-de-togo-debout-ce-dimanche#respond\"]}]},{\"@type\":\"WebPage\",\"@id\":\"https:\/\/www.africa-press.net\/togo\/politique\/un-webinaire-de-togo-debout-ce-dimanche\",\"url\":\"https:\/\/www.africa-press.net\/togo\/politique\/un-webinaire-de-togo-debout-ce-dimanche\",\"name\":\"Un webinaire de Togo Debout ce dimanche - Togo\",\"isPartOf\":{\"@id\":\"https:\/\/www.africa-press.net\/togo\/#website\"},\"primaryImageOfPage\":{\"@id\":\"https:\/\/www.africa-press.net\/togo\/politique\/un-webinaire-de-togo-debout-ce-dimanche#primaryimage\"},\"image\":{\"@id\":\"https:\/\/www.africa-press.net\/togo\/politique\/un-webinaire-de-togo-debout-ce-dimanche#primaryimage\"},\"thumbnailUrl\":\"https:\/\/static.africa-press.net\/togo\/sites\/58\/2023\/02\/postQueueImg_1677229685.94.jpg\",\"datePublished\":\"2023-02-24T12:38:00+00:00\",\"dateModified\":\"2023-02-24T13:01:42+00:00\",\"author\":{\"@id\":\"https:\/\/www.africa-press.net\/togo\/#\/schema\/person\/2b1cf3cd81a31e3cd26889ca66d677f1\"},\"description\":\"Les responsables du Front Citoyen Togo Debout (FCTD) organisent un webinaire ce dimanche 26 fe\u0301vrier 2023. Plusieurs ...\",\"breadcrumb\":{\"@id\":\"https:\/\/www.africa-press.net\/togo\/politique\/un-webinaire-de-togo-debout-ce-dimanche#breadcrumb\"},\"inLanguage\":\"fr-FR\",\"potentialAction\":[{\"@type\":\"ReadAction\",\"target\":[\"https:\/\/www.africa-press.net\/togo\/politique\/un-webinaire-de-togo-debout-ce-dimanche\"]}]},{\"@type\":\"ImageObject\",\"inLanguage\":\"fr-FR\",\"@id\":\"https:\/\/www.africa-press.net\/togo\/politique\/un-webinaire-de-togo-debout-ce-dimanche#primaryimage\",\"url\":\"https:\/\/static.africa-press.net\/togo\/sites\/58\/2023\/02\/postQueueImg_1677229685.94.jpg\",\"contentUrl\":\"https:\/\/static.africa-press.net\/togo\/sites\/58\/2023\/02\/postQueueImg_1677229685.94.jpg\",\"width\":1278,\"height\":800,\"caption\":\"Un webinaire de Togo Debout ce dimanche\"},{\"@type\":\"BreadcrumbList\",\"@id\":\"https:\/\/www.africa-press.net\/togo\/politique\/un-webinaire-de-togo-debout-ce-dimanche#breadcrumb\",\"itemListElement\":[{\"@type\":\"ListItem\",\"position\":1,\"name\":\"Accueil\",\"item\":\"https:\/\/www.africa-press.net\/togo\/\"},{\"@type\":\"ListItem\",\"position\":2,\"name\":\"Un webinaire de Togo Debout ce dimanche\"}]},{\"@type\":\"WebSite\",\"@id\":\"https:\/\/www.africa-press.net\/togo\/#website\",\"url\":\"https:\/\/www.africa-press.net\/togo\/\",\"name\":\"Togo\",\"description\":\"Just another Africa News Agency Sites site\",\"potentialAction\":[{\"@type\":\"SearchAction\",\"target\":{\"@type\":\"EntryPoint\",\"urlTemplate\":\"https:\/\/www.africa-press.net\/togo\/?s={search_term_string}\"},\"query-input\":{\"@type\":\"PropertyValueSpecification\",\"valueRequired\":true,\"valueName\":\"search_term_string\"}}],\"inLanguage\":\"fr-FR\"},{\"@type\":\"Person\",\"@id\":\"https:\/\/www.africa-press.net\/togo\/#\/schema\/person\/2b1cf3cd81a31e3cd26889ca66d677f1\",\"name\":\"cfeditorfr\"}]}<\/script>\n<!-- \/ Yoast SEO Premium plugin. -->","yoast_head_json":{"title":"Un webinaire de Togo Debout ce dimanche - Togo","description":"Les responsables du Front Citoyen Togo Debout (FCTD) organisent un webinaire ce dimanche 26 fe\u0301vrier 2023. Plusieurs ...","robots":{"index":"index","follow":"follow","max-snippet":"max-snippet:-1","max-image-preview":"max-image-preview:large","max-video-preview":"max-video-preview:-1"},"canonical":"https:\/\/www.africa-press.net\/togo\/politique\/un-webinaire-de-togo-debout-ce-dimanche","og_locale":"fr_FR","og_type":"article","og_title":"Un webinaire de Togo Debout ce dimanche","og_description":"Les responsables du Front Citoyen Togo Debout (FCTD) organisent un webinaire ce dimanche 26 fe\u0301vrier 2023. Plusieurs ...","og_url":"https:\/\/www.africa-press.net\/togo\/politique\/un-webinaire-de-togo-debout-ce-dimanche","og_site_name":"Togo","article_published_time":"2023-02-24T12:38:00+00:00","article_modified_time":"2023-02-24T13:01:42+00:00","og_image":[{"width":1278,"height":800,"url":"https:\/\/static.africa-press.net\/togo\/sites\/58\/2023\/02\/postQueueImg_1677229685.94.jpg","type":"image\/jpeg"}],"author":"cfeditorfr","twitter_card":"summary_large_image","twitter_misc":{"\u00c9crit par":"cfeditorfr","Dur\u00e9e de lecture estim\u00e9e":"1 minute"},"schema":{"@context":"https:\/\/schema.org","@graph":[{"@type":"Article","@id":"https:\/\/www.africa-press.net\/togo\/politique\/un-webinaire-de-togo-debout-ce-dimanche#article","isPartOf":{"@id":"https:\/\/www.africa-press.net\/togo\/politique\/un-webinaire-de-togo-debout-ce-dimanche"},"author":{"name":"cfeditorfr","@id":"https:\/\/www.africa-press.net\/togo\/#\/schema\/person\/2b1cf3cd81a31e3cd26889ca66d677f1"},"headline":"Un webinaire de Togo Debout ce dimanche","datePublished":"2023-02-24T12:38:00+00:00","dateModified":"2023-02-24T13:01:42+00:00","mainEntityOfPage":{"@id":"https:\/\/www.africa-press.net\/togo\/politique\/un-webinaire-de-togo-debout-ce-dimanche"},"wordCount":139,"commentCount":0,"image":{"@id":"https:\/\/www.africa-press.net\/togo\/politique\/un-webinaire-de-togo-debout-ce-dimanche#primaryimage"},"thumbnailUrl":"https:\/\/static.africa-press.net\/togo\/sites\/58\/2023\/02\/postQueueImg_1677229685.94.jpg","keywords":["Africa Press","Africa Press-Togo","Togo"],"articleSection":["Politique","Toutes les actualit\u00e9s"],"inLanguage":"fr-FR","potentialAction":[{"@type":"CommentAction","name":"Comment","target":["https:\/\/www.africa-press.net\/togo\/politique\/un-webinaire-de-togo-debout-ce-dimanche#respond"]}]},{"@type":"WebPage","@id":"https:\/\/www.africa-press.net\/togo\/politique\/un-webinaire-de-togo-debout-ce-dimanche","url":"https:\/\/www.africa-press.net\/togo\/politique\/un-webinaire-de-togo-debout-ce-dimanche","name":"Un webinaire de Togo Debout ce dimanche - Togo","isPartOf":{"@id":"https:\/\/www.africa-press.net\/togo\/#website"},"primaryImageOfPage":{"@id":"https:\/\/www.africa-press.net\/togo\/politique\/un-webinaire-de-togo-debout-ce-dimanche#primaryimage"},"image":{"@id":"https:\/\/www.africa-press.net\/togo\/politique\/un-webinaire-de-togo-debout-ce-dimanche#primaryimage"},"thumbnailUrl":"https:\/\/static.africa-press.net\/togo\/sites\/58\/2023\/02\/postQueueImg_1677229685.94.jpg","datePublished":"2023-02-24T12:38:00+00:00","dateModified":"2023-02-24T13:01:42+00:00","author":{"@id":"https:\/\/www.africa-press.net\/togo\/#\/schema\/person\/2b1cf3cd81a31e3cd26889ca66d677f1"},"description":"Les responsables du Front Citoyen Togo Debout (FCTD) organisent un webinaire ce dimanche 26 fe\u0301vrier 2023. Plusieurs ...","breadcrumb":{"@id":"https:\/\/www.africa-press.net\/togo\/politique\/un-webinaire-de-togo-debout-ce-dimanche#breadcrumb"},"inLanguage":"fr-FR","potentialAction":[{"@type":"ReadAction","target":["https:\/\/www.africa-press.net\/togo\/politique\/un-webinaire-de-togo-debout-ce-dimanche"]}]},{"@type":"ImageObject","inLanguage":"fr-FR","@id":"https:\/\/www.africa-press.net\/togo\/politique\/un-webinaire-de-togo-debout-ce-dimanche#primaryimage","url":"https:\/\/static.africa-press.net\/togo\/sites\/58\/2023\/02\/postQueueImg_1677229685.94.jpg","contentUrl":"https:\/\/static.africa-press.net\/togo\/sites\/58\/2023\/02\/postQueueImg_1677229685.94.jpg","width":1278,"height":800,"caption":"Un webinaire de Togo Debout ce dimanche"},{"@type":"BreadcrumbList","@id":"https:\/\/www.africa-press.net\/togo\/politique\/un-webinaire-de-togo-debout-ce-dimanche#breadcrumb","itemListElement":[{"@type":"ListItem","position":1,"name":"Accueil","item":"https:\/\/www.africa-press.net\/togo\/"},{"@type":"ListItem","position":2,"name":"Un webinaire de Togo Debout ce dimanche"}]},{"@type":"WebSite","@id":"https:\/\/www.africa-press.net\/togo\/#website","url":"https:\/\/www.africa-press.net\/togo\/","name":"Togo","description":"Just another Africa News Agency Sites site","potentialAction":[{"@type":"SearchAction","target":{"@type":"EntryPoint","urlTemplate":"https:\/\/www.africa-press.net\/togo\/?s={search_term_string}"},"query-input":{"@type":"PropertyValueSpecification","valueRequired":true,"valueName":"search_term_string"}}],"inLanguage":"fr-FR"},{"@type":"Person","@id":"https:\/\/www.africa-press.net\/togo\/#\/schema\/person\/2b1cf3cd81a31e3cd26889ca66d677f1","name":"cfeditorfr"}]}},"_links":{"self":[{"href":"https:\/\/www.africa-press.net\/togo\/wp-json\/wp\/v2\/posts\/17729","targetHints":{"allow":["GET"]}}],"collection":[{"href":"https:\/\/www.africa-press.net\/togo\/wp-json\/wp\/v2\/posts"}],"about":[{"href":"https:\/\/www.africa-press.net\/togo\/wp-json\/wp\/v2\/types\/post"}],"author":[{"embeddable":true,"href":"https:\/\/www.africa-press.net\/togo\/wp-json\/wp\/v2\/users\/82"}],"replies":[{"embeddable":true,"href":"https:\/\/www.africa-press.net\/togo\/wp-json\/wp\/v2\/comments?post=17729"}],"version-history":[{"count":0,"href":"https:\/\/www.africa-press.net\/togo\/wp-json\/wp\/v2\/posts\/17729\/revisions"}],"wp:featuredmedia":[{"embeddable":true,"href":"https:\/\/www.africa-press.net\/togo\/wp-json\/wp\/v2\/media\/17728"}],"wp:attachment":[{"href":"https:\/\/www.africa-press.net\/togo\/wp-json\/wp\/v2\/media?parent=17729"}],"wp:term":[{"taxonomy":"category","embeddable":true,"href":"https:\/\/www.africa-press.net\/togo\/wp-json\/wp\/v2\/categories?post=17729"},{"taxonomy":"post_tag","embeddable":true,"href":"https:\/\/www.africa-press.net\/togo\/wp-json\/wp\/v2\/tags?post=17729"}],"curies":[{"name":"wp","href":"https:\/\/api.w.org\/{rel}","templated":true}]}}