{"id":17737,"date":"2023-02-24T12:38:26","date_gmt":"2023-02-24T12:38:26","guid":{"rendered":"https:\/\/www.africa-press.net\/togo\/politique\/tunisie-propos-racistes-du-president-kais-saied-le-mmlk-interpelle-lua"},"modified":"2023-02-24T13:03:20","modified_gmt":"2023-02-24T13:03:20","slug":"tunisie-propos-racistes-du-president-kais-saied-le-mmlk-interpelle-lua","status":"publish","type":"post","link":"https:\/\/www.africa-press.net\/togo\/politique\/tunisie-propos-racistes-du-president-kais-saied-le-mmlk-interpelle-lua","title":{"rendered":"Tunisie-Propos racistes du Pr\u00e9sident Ka\u00efs Sa\u00efed : Le MMLK interpelle l\u2019UA"},"content":{"rendered":"<p><span style=\"color: #ff6600\"><strong>Africa-Press &#8211; Togo. <\/strong><\/span><b>Mardi dernier, lors d\u2019une re\u0301union du Conseil de se\u0301curite\u0301 nationale, le pre\u0301sident tunisien, Kai\u0308s Sai\u0308ed, a tenu un discours tre\u0300s dur au sujet des \u00ab migrants clandestins \u00bb en provenance d\u2019Afrique subsaharienne. Des propos \u00ab haineux \u00bb juge\u0301s \u00ab<\/b> <b>racistes \u00bb par bon nombre d\u2019acteurs africains. Dans un communique\u0301, le Mouvement Martin Luther King (MMLK) le\u0300ve aussi la voix et interpelle l\u2019Union Afrique a\u0300 rappeler le Pre\u0301sident Tunisien a\u0300 l\u2019ordre. Lecture<\/b><\/p>\n<p>ATTEINTE AUX DROITS DES ETUDIANTS A LA PEAU NOIRE DE L\u2019 AFRIQUE SUBSAHARIENNE EN TUNISIE :<\/p>\n<p>LE MOUVEMENT MARTIN LUTHER KING CONDAMNE CES COMPORTEMENTS RACISTES D\u2019UNE AUTRE EPOQUE ET APPELLE A LA NORMALISATION DE LA SITUATION<\/p>\n<p>Suite aux propos du Pre\u0301sident Tunisien Kai\u0308s Sai\u0308ed le 21 fe\u0301vier dernier lors du Conseil de Se\u0301curite\u0301 Nationale dont voici la teneur : \u201d L\u2019 immigration clandestine rele\u0300ve d\u2019un complot pour modifier la de\u0301mographie de la Tunisie, afin qu\u2019elle soit conside\u0301re\u0301e comme un pays africain uniquement et non un pays arabe et musulman \u201c. Des ressortissants subsahariens notamment les e\u0301tudiants, ont subi des intimidations, des menaces et des agressions lors des interpellations et des arrestations de ceux qu\u2019ils pensent et disent e\u0302tre des sans-papiers et en situation irre\u0301gulie\u0300re dans le pays. Or, tous les e\u0301tudiants arre\u0302te\u0301s, me\u0302me s\u2019ils ont e\u0301te\u0301 rela\u0302che\u0301s, sont tous en situation re\u0301gulie\u0300re et ne me\u0301ritent pas ce triste sort.<\/p>\n<p>Le Mouvement Martin Luther King tient a\u0300 condamner les attitudes racistes et xe\u0301nophobes entretenues au sommet de l\u2019E\u0301tat et interpelle l\u2019Union Afrique a\u0300 rappeler le Pre\u0301sident Tunisien a\u0300 l\u2019ordre. De\u0300s cet instant, il est indispensable que la Tunisie clarifie sa position du pays africain ou non pour que son sort soit connu dans les instances africaines.<\/p>\n<p>Revenant a\u0300 la situation qui pre\u0301vaut dans le pays, le MMLK s\u2019inquie\u0300te de la se\u0301curite\u0301 des e\u0301tudiants et stagiaires Africains et soutient l\u2019appel de l\u2019AESAT (Association des E\u0301tudiants et Stagiaires Africains en Tunisie) en demandant aux e\u0301tudiants membres et aux africains noirs non membres a\u0300 rester chez eux jusqu\u2019a\u0300 ce que leur protection et se\u0301curite\u0301 effectives soient garanties par les autorite\u0301s.<\/p>\n<p>Le MMLK estime que ces de\u0301rives sont souvent constate\u0301es dans les pays maghre\u0301bins contre les ressortissants d\u2019autres pays de l\u2019Afrique et le sujet me\u0301rite une attention particulie\u0300re avec des approches durables et effectives au sein de l\u2019Union Africaine car, cela fragilise gravement l\u2019institution et ne lui confe\u0300re aucune base juridique d\u2019existence pour la cause des populations sans conside\u0301ration raciale ni ethnique.<\/p>\n<p>Cette distinction entre les peuples est pre\u0301judiciable et attentatoire a\u0300 la cohe\u0301sion et a\u0300 l\u2019unite\u0301 du continent et il faut y mettre fin le plus to\u0302t possible.<\/p>\n<p><strong>Pour plus d&rsquo;informations et d&rsquo;analyses sur la <a href=\"https:\/\/www.africa-press.net\/togo\">Togo<\/a>, suivez <a href=\"https:\/\/www.africa-press.net\/\">Africa-Press<\/a><\/strong><\/p>\n","protected":false},"excerpt":{"rendered":"<p>Africa-Press &#8211; Togo. Mardi dernier, lors d\u2019une re\u0301union du Conseil de se\u0301curite\u0301 nationale, le pre\u0301sident tunisien, Kai\u0308s Sai\u0308ed, a tenu un discours tre\u0300s dur au sujet des \u00ab migrants clandestins \u00bb en provenance d\u2019Afrique subsaharienne. Des propos \u00ab haineux \u00bb juge\u0301s \u00ab racistes \u00bb par bon nombre d\u2019acteurs africains. Dans un communique\u0301, le Mouvement Martin [&hellip;]<\/p>\n","protected":false},"author":82,"featured_media":17736,"comment_status":"open","ping_status":"closed","sticky":false,"template":"","format":"standard","meta":{"footnotes":""},"categories":[2,10],"tags":[36,49,50],"class_list":["post-17737","post","type-post","status-publish","format-standard","has-post-thumbnail","hentry","category-politique","category-toutes-les-actualites","tag-africa-press","tag-africa-press-togo","tag-togo"],"yoast_head":"<!-- This site is optimized with the Yoast SEO Premium plugin v26.1 (Yoast SEO v27.0) - https:\/\/yoast.com\/product\/yoast-seo-premium-wordpress\/ -->\n<title>Tunisie-Propos racistes du Pr\u00e9sident Ka\u00efs Sa\u00efed : Le MMLK interpelle l\u2019UA - Togo<\/title>\n<meta name=\"description\" content=\"Mardi dernier, lors d\u2019une re\u0301union du Conseil de se\u0301curite\u0301 nationale, le pre\u0301sident tunisien, Kai\u0308s Sai\u0308ed, a tenu u ...\" \/>\n<meta name=\"robots\" content=\"index, follow, max-snippet:-1, max-image-preview:large, max-video-preview:-1\" \/>\n<link rel=\"canonical\" href=\"https:\/\/www.africa-press.net\/togo\/politique\/tunisie-propos-racistes-du-president-kais-saied-le-mmlk-interpelle-lua\" \/>\n<meta property=\"og:locale\" content=\"fr_FR\" \/>\n<meta property=\"og:type\" content=\"article\" \/>\n<meta property=\"og:title\" content=\"Tunisie-Propos racistes du Pr\u00e9sident Ka\u00efs Sa\u00efed : Le MMLK interpelle l\u2019UA\" \/>\n<meta property=\"og:description\" content=\"Mardi dernier, lors d\u2019une re\u0301union du Conseil de se\u0301curite\u0301 nationale, le pre\u0301sident tunisien, Kai\u0308s Sai\u0308ed, a tenu u ...\" \/>\n<meta property=\"og:url\" content=\"https:\/\/www.africa-press.net\/togo\/politique\/tunisie-propos-racistes-du-president-kais-saied-le-mmlk-interpelle-lua\" \/>\n<meta property=\"og:site_name\" content=\"Togo\" \/>\n<meta property=\"article:published_time\" content=\"2023-02-24T12:38:26+00:00\" \/>\n<meta property=\"article:modified_time\" content=\"2023-02-24T13:03:20+00:00\" \/>\n<meta property=\"og:image\" content=\"https:\/\/static.africa-press.net\/togo\/sites\/58\/2023\/02\/postQueueImg_1677229713.13.jpg\" \/>\n\t<meta property=\"og:image:width\" content=\"1280\" \/>\n\t<meta property=\"og:image:height\" content=\"800\" \/>\n\t<meta property=\"og:image:type\" content=\"image\/jpeg\" \/>\n<meta name=\"author\" content=\"cfeditorfr\" \/>\n<meta name=\"twitter:card\" content=\"summary_large_image\" \/>\n<meta name=\"twitter:label1\" content=\"\u00c9crit par\" \/>\n\t<meta name=\"twitter:data1\" content=\"cfeditorfr\" \/>\n\t<meta name=\"twitter:label2\" content=\"Dur\u00e9e de lecture estim\u00e9e\" \/>\n\t<meta name=\"twitter:data2\" content=\"3 minutes\" \/>\n<script type=\"application\/ld+json\" class=\"yoast-schema-graph\">{\"@context\":\"https:\/\/schema.org\",\"@graph\":[{\"@type\":\"Article\",\"@id\":\"https:\/\/www.africa-press.net\/togo\/politique\/tunisie-propos-racistes-du-president-kais-saied-le-mmlk-interpelle-lua#article\",\"isPartOf\":{\"@id\":\"https:\/\/www.africa-press.net\/togo\/politique\/tunisie-propos-racistes-du-president-kais-saied-le-mmlk-interpelle-lua\"},\"author\":{\"name\":\"cfeditorfr\",\"@id\":\"https:\/\/www.africa-press.net\/togo\/#\/schema\/person\/2b1cf3cd81a31e3cd26889ca66d677f1\"},\"headline\":\"Tunisie-Propos racistes du Pr\u00e9sident Ka\u00efs Sa\u00efed : Le MMLK interpelle l\u2019UA\",\"datePublished\":\"2023-02-24T12:38:26+00:00\",\"dateModified\":\"2023-02-24T13:03:20+00:00\",\"mainEntityOfPage\":{\"@id\":\"https:\/\/www.africa-press.net\/togo\/politique\/tunisie-propos-racistes-du-president-kais-saied-le-mmlk-interpelle-lua\"},\"wordCount\":520,\"commentCount\":0,\"image\":{\"@id\":\"https:\/\/www.africa-press.net\/togo\/politique\/tunisie-propos-racistes-du-president-kais-saied-le-mmlk-interpelle-lua#primaryimage\"},\"thumbnailUrl\":\"https:\/\/static.africa-press.net\/togo\/sites\/58\/2023\/02\/postQueueImg_1677229713.13.jpg\",\"keywords\":[\"Africa Press\",\"Africa Press-Togo\",\"Togo\"],\"articleSection\":[\"Politique\",\"Toutes les actualit\u00e9s\"],\"inLanguage\":\"fr-FR\",\"potentialAction\":[{\"@type\":\"CommentAction\",\"name\":\"Comment\",\"target\":[\"https:\/\/www.africa-press.net\/togo\/politique\/tunisie-propos-racistes-du-president-kais-saied-le-mmlk-interpelle-lua#respond\"]}]},{\"@type\":\"WebPage\",\"@id\":\"https:\/\/www.africa-press.net\/togo\/politique\/tunisie-propos-racistes-du-president-kais-saied-le-mmlk-interpelle-lua\",\"url\":\"https:\/\/www.africa-press.net\/togo\/politique\/tunisie-propos-racistes-du-president-kais-saied-le-mmlk-interpelle-lua\",\"name\":\"Tunisie-Propos racistes du Pr\u00e9sident Ka\u00efs Sa\u00efed : Le MMLK interpelle l\u2019UA - Togo\",\"isPartOf\":{\"@id\":\"https:\/\/www.africa-press.net\/togo\/#website\"},\"primaryImageOfPage\":{\"@id\":\"https:\/\/www.africa-press.net\/togo\/politique\/tunisie-propos-racistes-du-president-kais-saied-le-mmlk-interpelle-lua#primaryimage\"},\"image\":{\"@id\":\"https:\/\/www.africa-press.net\/togo\/politique\/tunisie-propos-racistes-du-president-kais-saied-le-mmlk-interpelle-lua#primaryimage\"},\"thumbnailUrl\":\"https:\/\/static.africa-press.net\/togo\/sites\/58\/2023\/02\/postQueueImg_1677229713.13.jpg\",\"datePublished\":\"2023-02-24T12:38:26+00:00\",\"dateModified\":\"2023-02-24T13:03:20+00:00\",\"author\":{\"@id\":\"https:\/\/www.africa-press.net\/togo\/#\/schema\/person\/2b1cf3cd81a31e3cd26889ca66d677f1\"},\"description\":\"Mardi dernier, lors d\u2019une re\u0301union du Conseil de se\u0301curite\u0301 nationale, le pre\u0301sident tunisien, Kai\u0308s Sai\u0308ed, a tenu u ...\",\"breadcrumb\":{\"@id\":\"https:\/\/www.africa-press.net\/togo\/politique\/tunisie-propos-racistes-du-president-kais-saied-le-mmlk-interpelle-lua#breadcrumb\"},\"inLanguage\":\"fr-FR\",\"potentialAction\":[{\"@type\":\"ReadAction\",\"target\":[\"https:\/\/www.africa-press.net\/togo\/politique\/tunisie-propos-racistes-du-president-kais-saied-le-mmlk-interpelle-lua\"]}]},{\"@type\":\"ImageObject\",\"inLanguage\":\"fr-FR\",\"@id\":\"https:\/\/www.africa-press.net\/togo\/politique\/tunisie-propos-racistes-du-president-kais-saied-le-mmlk-interpelle-lua#primaryimage\",\"url\":\"https:\/\/static.africa-press.net\/togo\/sites\/58\/2023\/02\/postQueueImg_1677229713.13.jpg\",\"contentUrl\":\"https:\/\/static.africa-press.net\/togo\/sites\/58\/2023\/02\/postQueueImg_1677229713.13.jpg\",\"width\":1280,\"height\":800,\"caption\":\"Tunisie-Propos racistes du Pr\u00e9sident Ka\u00efs Sa\u00efed : Le MMLK interpelle l\u2019UA\"},{\"@type\":\"BreadcrumbList\",\"@id\":\"https:\/\/www.africa-press.net\/togo\/politique\/tunisie-propos-racistes-du-president-kais-saied-le-mmlk-interpelle-lua#breadcrumb\",\"itemListElement\":[{\"@type\":\"ListItem\",\"position\":1,\"name\":\"Accueil\",\"item\":\"https:\/\/www.africa-press.net\/togo\/\"},{\"@type\":\"ListItem\",\"position\":2,\"name\":\"Tunisie-Propos racistes du Pr\u00e9sident Ka\u00efs Sa\u00efed : Le MMLK interpelle l\u2019UA\"}]},{\"@type\":\"WebSite\",\"@id\":\"https:\/\/www.africa-press.net\/togo\/#website\",\"url\":\"https:\/\/www.africa-press.net\/togo\/\",\"name\":\"Togo\",\"description\":\"Just another Africa News Agency Sites site\",\"potentialAction\":[{\"@type\":\"SearchAction\",\"target\":{\"@type\":\"EntryPoint\",\"urlTemplate\":\"https:\/\/www.africa-press.net\/togo\/?s={search_term_string}\"},\"query-input\":{\"@type\":\"PropertyValueSpecification\",\"valueRequired\":true,\"valueName\":\"search_term_string\"}}],\"inLanguage\":\"fr-FR\"},{\"@type\":\"Person\",\"@id\":\"https:\/\/www.africa-press.net\/togo\/#\/schema\/person\/2b1cf3cd81a31e3cd26889ca66d677f1\",\"name\":\"cfeditorfr\"}]}<\/script>\n<!-- \/ Yoast SEO Premium plugin. -->","yoast_head_json":{"title":"Tunisie-Propos racistes du Pr\u00e9sident Ka\u00efs Sa\u00efed : Le MMLK interpelle l\u2019UA - Togo","description":"Mardi dernier, lors d\u2019une re\u0301union du Conseil de se\u0301curite\u0301 nationale, le pre\u0301sident tunisien, Kai\u0308s Sai\u0308ed, a tenu u ...","robots":{"index":"index","follow":"follow","max-snippet":"max-snippet:-1","max-image-preview":"max-image-preview:large","max-video-preview":"max-video-preview:-1"},"canonical":"https:\/\/www.africa-press.net\/togo\/politique\/tunisie-propos-racistes-du-president-kais-saied-le-mmlk-interpelle-lua","og_locale":"fr_FR","og_type":"article","og_title":"Tunisie-Propos racistes du Pr\u00e9sident Ka\u00efs Sa\u00efed : Le MMLK interpelle l\u2019UA","og_description":"Mardi dernier, lors d\u2019une re\u0301union du Conseil de se\u0301curite\u0301 nationale, le pre\u0301sident tunisien, Kai\u0308s Sai\u0308ed, a tenu u ...","og_url":"https:\/\/www.africa-press.net\/togo\/politique\/tunisie-propos-racistes-du-president-kais-saied-le-mmlk-interpelle-lua","og_site_name":"Togo","article_published_time":"2023-02-24T12:38:26+00:00","article_modified_time":"2023-02-24T13:03:20+00:00","og_image":[{"width":1280,"height":800,"url":"https:\/\/static.africa-press.net\/togo\/sites\/58\/2023\/02\/postQueueImg_1677229713.13.jpg","type":"image\/jpeg"}],"author":"cfeditorfr","twitter_card":"summary_large_image","twitter_misc":{"\u00c9crit par":"cfeditorfr","Dur\u00e9e de lecture estim\u00e9e":"3 minutes"},"schema":{"@context":"https:\/\/schema.org","@graph":[{"@type":"Article","@id":"https:\/\/www.africa-press.net\/togo\/politique\/tunisie-propos-racistes-du-president-kais-saied-le-mmlk-interpelle-lua#article","isPartOf":{"@id":"https:\/\/www.africa-press.net\/togo\/politique\/tunisie-propos-racistes-du-president-kais-saied-le-mmlk-interpelle-lua"},"author":{"name":"cfeditorfr","@id":"https:\/\/www.africa-press.net\/togo\/#\/schema\/person\/2b1cf3cd81a31e3cd26889ca66d677f1"},"headline":"Tunisie-Propos racistes du Pr\u00e9sident Ka\u00efs Sa\u00efed : Le MMLK interpelle l\u2019UA","datePublished":"2023-02-24T12:38:26+00:00","dateModified":"2023-02-24T13:03:20+00:00","mainEntityOfPage":{"@id":"https:\/\/www.africa-press.net\/togo\/politique\/tunisie-propos-racistes-du-president-kais-saied-le-mmlk-interpelle-lua"},"wordCount":520,"commentCount":0,"image":{"@id":"https:\/\/www.africa-press.net\/togo\/politique\/tunisie-propos-racistes-du-president-kais-saied-le-mmlk-interpelle-lua#primaryimage"},"thumbnailUrl":"https:\/\/static.africa-press.net\/togo\/sites\/58\/2023\/02\/postQueueImg_1677229713.13.jpg","keywords":["Africa Press","Africa Press-Togo","Togo"],"articleSection":["Politique","Toutes les actualit\u00e9s"],"inLanguage":"fr-FR","potentialAction":[{"@type":"CommentAction","name":"Comment","target":["https:\/\/www.africa-press.net\/togo\/politique\/tunisie-propos-racistes-du-president-kais-saied-le-mmlk-interpelle-lua#respond"]}]},{"@type":"WebPage","@id":"https:\/\/www.africa-press.net\/togo\/politique\/tunisie-propos-racistes-du-president-kais-saied-le-mmlk-interpelle-lua","url":"https:\/\/www.africa-press.net\/togo\/politique\/tunisie-propos-racistes-du-president-kais-saied-le-mmlk-interpelle-lua","name":"Tunisie-Propos racistes du Pr\u00e9sident Ka\u00efs Sa\u00efed : Le MMLK interpelle l\u2019UA - Togo","isPartOf":{"@id":"https:\/\/www.africa-press.net\/togo\/#website"},"primaryImageOfPage":{"@id":"https:\/\/www.africa-press.net\/togo\/politique\/tunisie-propos-racistes-du-president-kais-saied-le-mmlk-interpelle-lua#primaryimage"},"image":{"@id":"https:\/\/www.africa-press.net\/togo\/politique\/tunisie-propos-racistes-du-president-kais-saied-le-mmlk-interpelle-lua#primaryimage"},"thumbnailUrl":"https:\/\/static.africa-press.net\/togo\/sites\/58\/2023\/02\/postQueueImg_1677229713.13.jpg","datePublished":"2023-02-24T12:38:26+00:00","dateModified":"2023-02-24T13:03:20+00:00","author":{"@id":"https:\/\/www.africa-press.net\/togo\/#\/schema\/person\/2b1cf3cd81a31e3cd26889ca66d677f1"},"description":"Mardi dernier, lors d\u2019une re\u0301union du Conseil de se\u0301curite\u0301 nationale, le pre\u0301sident tunisien, Kai\u0308s Sai\u0308ed, a tenu u ...","breadcrumb":{"@id":"https:\/\/www.africa-press.net\/togo\/politique\/tunisie-propos-racistes-du-president-kais-saied-le-mmlk-interpelle-lua#breadcrumb"},"inLanguage":"fr-FR","potentialAction":[{"@type":"ReadAction","target":["https:\/\/www.africa-press.net\/togo\/politique\/tunisie-propos-racistes-du-president-kais-saied-le-mmlk-interpelle-lua"]}]},{"@type":"ImageObject","inLanguage":"fr-FR","@id":"https:\/\/www.africa-press.net\/togo\/politique\/tunisie-propos-racistes-du-president-kais-saied-le-mmlk-interpelle-lua#primaryimage","url":"https:\/\/static.africa-press.net\/togo\/sites\/58\/2023\/02\/postQueueImg_1677229713.13.jpg","contentUrl":"https:\/\/static.africa-press.net\/togo\/sites\/58\/2023\/02\/postQueueImg_1677229713.13.jpg","width":1280,"height":800,"caption":"Tunisie-Propos racistes du Pr\u00e9sident Ka\u00efs Sa\u00efed : Le MMLK interpelle l\u2019UA"},{"@type":"BreadcrumbList","@id":"https:\/\/www.africa-press.net\/togo\/politique\/tunisie-propos-racistes-du-president-kais-saied-le-mmlk-interpelle-lua#breadcrumb","itemListElement":[{"@type":"ListItem","position":1,"name":"Accueil","item":"https:\/\/www.africa-press.net\/togo\/"},{"@type":"ListItem","position":2,"name":"Tunisie-Propos racistes du Pr\u00e9sident Ka\u00efs Sa\u00efed : Le MMLK interpelle l\u2019UA"}]},{"@type":"WebSite","@id":"https:\/\/www.africa-press.net\/togo\/#website","url":"https:\/\/www.africa-press.net\/togo\/","name":"Togo","description":"Just another Africa News Agency Sites site","potentialAction":[{"@type":"SearchAction","target":{"@type":"EntryPoint","urlTemplate":"https:\/\/www.africa-press.net\/togo\/?s={search_term_string}"},"query-input":{"@type":"PropertyValueSpecification","valueRequired":true,"valueName":"search_term_string"}}],"inLanguage":"fr-FR"},{"@type":"Person","@id":"https:\/\/www.africa-press.net\/togo\/#\/schema\/person\/2b1cf3cd81a31e3cd26889ca66d677f1","name":"cfeditorfr"}]}},"_links":{"self":[{"href":"https:\/\/www.africa-press.net\/togo\/wp-json\/wp\/v2\/posts\/17737","targetHints":{"allow":["GET"]}}],"collection":[{"href":"https:\/\/www.africa-press.net\/togo\/wp-json\/wp\/v2\/posts"}],"about":[{"href":"https:\/\/www.africa-press.net\/togo\/wp-json\/wp\/v2\/types\/post"}],"author":[{"embeddable":true,"href":"https:\/\/www.africa-press.net\/togo\/wp-json\/wp\/v2\/users\/82"}],"replies":[{"embeddable":true,"href":"https:\/\/www.africa-press.net\/togo\/wp-json\/wp\/v2\/comments?post=17737"}],"version-history":[{"count":0,"href":"https:\/\/www.africa-press.net\/togo\/wp-json\/wp\/v2\/posts\/17737\/revisions"}],"wp:featuredmedia":[{"embeddable":true,"href":"https:\/\/www.africa-press.net\/togo\/wp-json\/wp\/v2\/media\/17736"}],"wp:attachment":[{"href":"https:\/\/www.africa-press.net\/togo\/wp-json\/wp\/v2\/media?parent=17737"}],"wp:term":[{"taxonomy":"category","embeddable":true,"href":"https:\/\/www.africa-press.net\/togo\/wp-json\/wp\/v2\/categories?post=17737"},{"taxonomy":"post_tag","embeddable":true,"href":"https:\/\/www.africa-press.net\/togo\/wp-json\/wp\/v2\/tags?post=17737"}],"curies":[{"name":"wp","href":"https:\/\/api.w.org\/{rel}","templated":true}]}}