{"id":17785,"date":"2023-02-24T19:28:30","date_gmt":"2023-02-24T19:28:30","guid":{"rendered":"https:\/\/www.africa-press.net\/togo\/politique\/togo-declaration-des-biens-awa-nana-daboya-a-la-primature"},"modified":"2023-02-24T20:05:04","modified_gmt":"2023-02-24T20:05:04","slug":"togo-declaration-des-biens-awa-nana-daboya-a-la-primature","status":"publish","type":"post","link":"https:\/\/www.africa-press.net\/togo\/politique\/togo-declaration-des-biens-awa-nana-daboya-a-la-primature","title":{"rendered":"Togo\/D\u00e9claration des biens\u00a0: Awa Nana-Daboya \u00e0 la Primature"},"content":{"rendered":"<p><span style=\"color: #ff6600\"><strong>Africa-Press &#8211; Togo. <\/strong><\/span>Le Me\u0301diateur de la Re\u0301publique poursuit ses se\u0301ances d\u2019e\u0301changes avec les diffe\u0301rentes entite\u0301s assujetties a\u0300 la de\u0301claration des biens. La de\u0301le\u0301gation a e\u0301change\u0301 avec les membres du gouvernement ce mardi 21 fe\u0301vrier 2023 au cours d\u2019une re\u0301union pre\u0301side\u0301e par Mme le Premier ministre, Victoire Tome\u0301gah-Dogbe\u0301 a\u0300 la Primature.<\/p>\n<p>Le Togo s\u2019est engage\u0301 dans la promotion de la transparence et de la bonne gouvernance sous le leadership du Pre\u0301sident de la Re\u0301publique, Son Excellence Monsieur Faure Essozimna Gnassingbe\u0301. La Loi organique N\u00b0 2020-003 du 24 janvier 2020 fixe les conditions de de\u0301claration de biens et avoirs des hautes personnalite\u0301s, des hauts fonctionnaires et autres agents assujettis.<\/p>\n<p>La rencontre a permis au Me\u0301diateur de la Re\u0301publique, Mme Awa Nana-Daboya d\u2019informer et de sensibiliser les membres du gouvernement sur les modalite\u0301s de de\u0301claration des biens et avoirs.<\/p>\n<p>\u201cNous venons de rencontrer tous les ministres et faire ce que nous appelons le se\u0301minaire gouvernemental. On a e\u0301change\u0301 autour de ce me\u0301canisme de gouvernance e\u0301conomique dont l\u2019E\u0301tat s\u2019est dote\u0301. C\u2019est le lieu de rendre encore un hommage me\u0301rite\u0301 au chef de l\u2019E\u0301tat pour sa vision de dirigeant e\u0301claire\u0301. Il a voulu ce me\u0301canisme dans le but de promouvoir la transparence, de promouvoir la gouvernance e\u0301conomique.\u201d, a de\u0301clare\u0301 Mme Awa Nana-Daboya.<\/p>\n<p>Pour le Me\u0301diateur de la Re\u0301publique, \u201cla loi et la Constitution ont liste\u0301 deux cate\u0301gories d\u2019assujettis: les hautes personnalite\u0301s pre\u0301vues par l\u2019article 145 de la Constitution. Eux, ils sont ce qu\u2019on appelle les assujettis de premie\u0300re cate\u0301gorie qui doivent de\u0301clarer des biens qui sont supe\u0301rieurs a\u0300 50 millions de FCFA en ce qui concerne les biens immeubles et ceux qui sont supe\u0301rieurs a\u0300 20 millions en ce qui concerne leurs biens meubles. La deuxie\u0300me cate\u0301gorie, ceux qu\u2019on appelle les hauts fonctionnaires, les de\u0301pute\u0301s, les partis politiques et tous ceux qui sont pre\u0301vus par la loi. Ils doivent de\u0301clarer les biens qui sont entre 20 millions pour les biens immeubles et deux millions pour les biens meubles. De\u0300s le 1er mars, nous commenc\u0327ons avec le gouvernement qui vient d\u2019e\u0302tre informe\u0301. Et ainsi de suite. C\u2019est au rythme de notre calendrier que nous invitons, parce que c\u2019est le me\u0301diateur qui invite telle cate\u0301gorie, tel assujetti a\u0300 venir faire sa de\u0301claration.\u201d<\/p>\n<p>Cette campagne nationale d\u2019information et de sensibilisation sur la de\u0301claration des biens et avoirs a e\u0301te\u0301 lance\u0301e le 31 janvier 2023.<\/p>\n<p><strong>Pour plus d&rsquo;informations et d&rsquo;analyses sur la <a href=\"https:\/\/www.africa-press.net\/togo\">Togo<\/a>, suivez <a href=\"https:\/\/www.africa-press.net\/\">Africa-Press<\/a><\/strong><\/p>\n","protected":false},"excerpt":{"rendered":"<p>Africa-Press &#8211; Togo. Le Me\u0301diateur de la Re\u0301publique poursuit ses se\u0301ances d\u2019e\u0301changes avec les diffe\u0301rentes entite\u0301s assujetties a\u0300 la de\u0301claration des biens. La de\u0301le\u0301gation a e\u0301change\u0301 avec les membres du gouvernement ce mardi 21 fe\u0301vrier 2023 au cours d\u2019une re\u0301union pre\u0301side\u0301e par Mme le Premier ministre, Victoire Tome\u0301gah-Dogbe\u0301 a\u0300 la Primature. Le Togo s\u2019est engage\u0301 [&hellip;]<\/p>\n","protected":false},"author":82,"featured_media":17784,"comment_status":"open","ping_status":"closed","sticky":false,"template":"","format":"standard","meta":{"footnotes":""},"categories":[2,10],"tags":[36,49,515,50],"class_list":["post-17785","post","type-post","status-publish","format-standard","has-post-thumbnail","hentry","category-politique","category-toutes-les-actualites","tag-africa-press","tag-africa-press-togo","tag-awa-nana","tag-togo"],"yoast_head":"<!-- This site is optimized with the Yoast SEO Premium plugin v26.1 (Yoast SEO v27.0) - https:\/\/yoast.com\/product\/yoast-seo-premium-wordpress\/ -->\n<title>Togo\/D\u00e9claration des biens\u00a0: Awa Nana-Daboya \u00e0 la Primature - Togo<\/title>\n<meta name=\"description\" content=\"Le Me\u0301diateur de la Re\u0301publique poursuit ses se\u0301ances d\u2019e\u0301changes avec les diffe\u0301rentes entite\u0301s assujetties a\u0300 la de\u0301cl ...\" \/>\n<meta name=\"robots\" content=\"index, follow, max-snippet:-1, max-image-preview:large, max-video-preview:-1\" \/>\n<link rel=\"canonical\" href=\"https:\/\/www.africa-press.net\/togo\/politique\/togo-declaration-des-biens-awa-nana-daboya-a-la-primature\" \/>\n<meta property=\"og:locale\" content=\"fr_FR\" \/>\n<meta property=\"og:type\" content=\"article\" \/>\n<meta property=\"og:title\" content=\"Togo\/D\u00e9claration des biens\u00a0: Awa Nana-Daboya \u00e0 la Primature\" \/>\n<meta property=\"og:description\" content=\"Le Me\u0301diateur de la Re\u0301publique poursuit ses se\u0301ances d\u2019e\u0301changes avec les diffe\u0301rentes entite\u0301s assujetties a\u0300 la de\u0301cl ...\" \/>\n<meta property=\"og:url\" content=\"https:\/\/www.africa-press.net\/togo\/politique\/togo-declaration-des-biens-awa-nana-daboya-a-la-primature\" \/>\n<meta property=\"og:site_name\" content=\"Togo\" \/>\n<meta property=\"article:published_time\" content=\"2023-02-24T19:28:30+00:00\" \/>\n<meta property=\"article:modified_time\" content=\"2023-02-24T20:05:04+00:00\" \/>\n<meta property=\"og:image\" content=\"https:\/\/static.africa-press.net\/togo\/sites\/58\/2023\/02\/postQueueImg_1677254316.47.jpg\" \/>\n\t<meta property=\"og:image:width\" content=\"720\" \/>\n\t<meta property=\"og:image:height\" content=\"540\" \/>\n\t<meta property=\"og:image:type\" content=\"image\/jpeg\" \/>\n<meta name=\"author\" content=\"cfeditorfr\" \/>\n<meta name=\"twitter:card\" content=\"summary_large_image\" \/>\n<meta name=\"twitter:label1\" content=\"\u00c9crit par\" \/>\n\t<meta name=\"twitter:data1\" content=\"cfeditorfr\" \/>\n\t<meta name=\"twitter:label2\" content=\"Dur\u00e9e de lecture estim\u00e9e\" \/>\n\t<meta name=\"twitter:data2\" content=\"3 minutes\" \/>\n<script type=\"application\/ld+json\" class=\"yoast-schema-graph\">{\"@context\":\"https:\/\/schema.org\",\"@graph\":[{\"@type\":\"Article\",\"@id\":\"https:\/\/www.africa-press.net\/togo\/politique\/togo-declaration-des-biens-awa-nana-daboya-a-la-primature#article\",\"isPartOf\":{\"@id\":\"https:\/\/www.africa-press.net\/togo\/politique\/togo-declaration-des-biens-awa-nana-daboya-a-la-primature\"},\"author\":{\"name\":\"cfeditorfr\",\"@id\":\"https:\/\/www.africa-press.net\/togo\/#\/schema\/person\/2b1cf3cd81a31e3cd26889ca66d677f1\"},\"headline\":\"Togo\/D\u00e9claration des biens\u00a0: Awa Nana-Daboya \u00e0 la Primature\",\"datePublished\":\"2023-02-24T19:28:30+00:00\",\"dateModified\":\"2023-02-24T20:05:04+00:00\",\"mainEntityOfPage\":{\"@id\":\"https:\/\/www.africa-press.net\/togo\/politique\/togo-declaration-des-biens-awa-nana-daboya-a-la-primature\"},\"wordCount\":473,\"commentCount\":0,\"image\":{\"@id\":\"https:\/\/www.africa-press.net\/togo\/politique\/togo-declaration-des-biens-awa-nana-daboya-a-la-primature#primaryimage\"},\"thumbnailUrl\":\"https:\/\/static.africa-press.net\/togo\/sites\/58\/2023\/02\/postQueueImg_1677254316.47.jpg\",\"keywords\":[\"Africa Press\",\"Africa Press-Togo\",\"Awa NANA\",\"Togo\"],\"articleSection\":[\"Politique\",\"Toutes les actualit\u00e9s\"],\"inLanguage\":\"fr-FR\",\"potentialAction\":[{\"@type\":\"CommentAction\",\"name\":\"Comment\",\"target\":[\"https:\/\/www.africa-press.net\/togo\/politique\/togo-declaration-des-biens-awa-nana-daboya-a-la-primature#respond\"]}]},{\"@type\":\"WebPage\",\"@id\":\"https:\/\/www.africa-press.net\/togo\/politique\/togo-declaration-des-biens-awa-nana-daboya-a-la-primature\",\"url\":\"https:\/\/www.africa-press.net\/togo\/politique\/togo-declaration-des-biens-awa-nana-daboya-a-la-primature\",\"name\":\"Togo\/D\u00e9claration des biens\u00a0: Awa Nana-Daboya \u00e0 la Primature - Togo\",\"isPartOf\":{\"@id\":\"https:\/\/www.africa-press.net\/togo\/#website\"},\"primaryImageOfPage\":{\"@id\":\"https:\/\/www.africa-press.net\/togo\/politique\/togo-declaration-des-biens-awa-nana-daboya-a-la-primature#primaryimage\"},\"image\":{\"@id\":\"https:\/\/www.africa-press.net\/togo\/politique\/togo-declaration-des-biens-awa-nana-daboya-a-la-primature#primaryimage\"},\"thumbnailUrl\":\"https:\/\/static.africa-press.net\/togo\/sites\/58\/2023\/02\/postQueueImg_1677254316.47.jpg\",\"datePublished\":\"2023-02-24T19:28:30+00:00\",\"dateModified\":\"2023-02-24T20:05:04+00:00\",\"author\":{\"@id\":\"https:\/\/www.africa-press.net\/togo\/#\/schema\/person\/2b1cf3cd81a31e3cd26889ca66d677f1\"},\"description\":\"Le Me\u0301diateur de la Re\u0301publique poursuit ses se\u0301ances d\u2019e\u0301changes avec les diffe\u0301rentes entite\u0301s assujetties a\u0300 la de\u0301cl ...\",\"breadcrumb\":{\"@id\":\"https:\/\/www.africa-press.net\/togo\/politique\/togo-declaration-des-biens-awa-nana-daboya-a-la-primature#breadcrumb\"},\"inLanguage\":\"fr-FR\",\"potentialAction\":[{\"@type\":\"ReadAction\",\"target\":[\"https:\/\/www.africa-press.net\/togo\/politique\/togo-declaration-des-biens-awa-nana-daboya-a-la-primature\"]}]},{\"@type\":\"ImageObject\",\"inLanguage\":\"fr-FR\",\"@id\":\"https:\/\/www.africa-press.net\/togo\/politique\/togo-declaration-des-biens-awa-nana-daboya-a-la-primature#primaryimage\",\"url\":\"https:\/\/static.africa-press.net\/togo\/sites\/58\/2023\/02\/postQueueImg_1677254316.47.jpg\",\"contentUrl\":\"https:\/\/static.africa-press.net\/togo\/sites\/58\/2023\/02\/postQueueImg_1677254316.47.jpg\",\"width\":720,\"height\":540,\"caption\":\"Togo\/D\u00e9claration des biens\u00a0: Awa Nana-Daboya \u00e0 la Primature\"},{\"@type\":\"BreadcrumbList\",\"@id\":\"https:\/\/www.africa-press.net\/togo\/politique\/togo-declaration-des-biens-awa-nana-daboya-a-la-primature#breadcrumb\",\"itemListElement\":[{\"@type\":\"ListItem\",\"position\":1,\"name\":\"Accueil\",\"item\":\"https:\/\/www.africa-press.net\/togo\/\"},{\"@type\":\"ListItem\",\"position\":2,\"name\":\"Togo\/D\u00e9claration des biens\u00a0: Awa Nana-Daboya \u00e0 la Primature\"}]},{\"@type\":\"WebSite\",\"@id\":\"https:\/\/www.africa-press.net\/togo\/#website\",\"url\":\"https:\/\/www.africa-press.net\/togo\/\",\"name\":\"Togo\",\"description\":\"Just another Africa News Agency Sites site\",\"potentialAction\":[{\"@type\":\"SearchAction\",\"target\":{\"@type\":\"EntryPoint\",\"urlTemplate\":\"https:\/\/www.africa-press.net\/togo\/?s={search_term_string}\"},\"query-input\":{\"@type\":\"PropertyValueSpecification\",\"valueRequired\":true,\"valueName\":\"search_term_string\"}}],\"inLanguage\":\"fr-FR\"},{\"@type\":\"Person\",\"@id\":\"https:\/\/www.africa-press.net\/togo\/#\/schema\/person\/2b1cf3cd81a31e3cd26889ca66d677f1\",\"name\":\"cfeditorfr\"}]}<\/script>\n<!-- \/ Yoast SEO Premium plugin. -->","yoast_head_json":{"title":"Togo\/D\u00e9claration des biens\u00a0: Awa Nana-Daboya \u00e0 la Primature - Togo","description":"Le Me\u0301diateur de la Re\u0301publique poursuit ses se\u0301ances d\u2019e\u0301changes avec les diffe\u0301rentes entite\u0301s assujetties a\u0300 la de\u0301cl ...","robots":{"index":"index","follow":"follow","max-snippet":"max-snippet:-1","max-image-preview":"max-image-preview:large","max-video-preview":"max-video-preview:-1"},"canonical":"https:\/\/www.africa-press.net\/togo\/politique\/togo-declaration-des-biens-awa-nana-daboya-a-la-primature","og_locale":"fr_FR","og_type":"article","og_title":"Togo\/D\u00e9claration des biens\u00a0: Awa Nana-Daboya \u00e0 la Primature","og_description":"Le Me\u0301diateur de la Re\u0301publique poursuit ses se\u0301ances d\u2019e\u0301changes avec les diffe\u0301rentes entite\u0301s assujetties a\u0300 la de\u0301cl ...","og_url":"https:\/\/www.africa-press.net\/togo\/politique\/togo-declaration-des-biens-awa-nana-daboya-a-la-primature","og_site_name":"Togo","article_published_time":"2023-02-24T19:28:30+00:00","article_modified_time":"2023-02-24T20:05:04+00:00","og_image":[{"width":720,"height":540,"url":"https:\/\/static.africa-press.net\/togo\/sites\/58\/2023\/02\/postQueueImg_1677254316.47.jpg","type":"image\/jpeg"}],"author":"cfeditorfr","twitter_card":"summary_large_image","twitter_misc":{"\u00c9crit par":"cfeditorfr","Dur\u00e9e de lecture estim\u00e9e":"3 minutes"},"schema":{"@context":"https:\/\/schema.org","@graph":[{"@type":"Article","@id":"https:\/\/www.africa-press.net\/togo\/politique\/togo-declaration-des-biens-awa-nana-daboya-a-la-primature#article","isPartOf":{"@id":"https:\/\/www.africa-press.net\/togo\/politique\/togo-declaration-des-biens-awa-nana-daboya-a-la-primature"},"author":{"name":"cfeditorfr","@id":"https:\/\/www.africa-press.net\/togo\/#\/schema\/person\/2b1cf3cd81a31e3cd26889ca66d677f1"},"headline":"Togo\/D\u00e9claration des biens\u00a0: Awa Nana-Daboya \u00e0 la Primature","datePublished":"2023-02-24T19:28:30+00:00","dateModified":"2023-02-24T20:05:04+00:00","mainEntityOfPage":{"@id":"https:\/\/www.africa-press.net\/togo\/politique\/togo-declaration-des-biens-awa-nana-daboya-a-la-primature"},"wordCount":473,"commentCount":0,"image":{"@id":"https:\/\/www.africa-press.net\/togo\/politique\/togo-declaration-des-biens-awa-nana-daboya-a-la-primature#primaryimage"},"thumbnailUrl":"https:\/\/static.africa-press.net\/togo\/sites\/58\/2023\/02\/postQueueImg_1677254316.47.jpg","keywords":["Africa Press","Africa Press-Togo","Awa NANA","Togo"],"articleSection":["Politique","Toutes les actualit\u00e9s"],"inLanguage":"fr-FR","potentialAction":[{"@type":"CommentAction","name":"Comment","target":["https:\/\/www.africa-press.net\/togo\/politique\/togo-declaration-des-biens-awa-nana-daboya-a-la-primature#respond"]}]},{"@type":"WebPage","@id":"https:\/\/www.africa-press.net\/togo\/politique\/togo-declaration-des-biens-awa-nana-daboya-a-la-primature","url":"https:\/\/www.africa-press.net\/togo\/politique\/togo-declaration-des-biens-awa-nana-daboya-a-la-primature","name":"Togo\/D\u00e9claration des biens\u00a0: Awa Nana-Daboya \u00e0 la Primature - Togo","isPartOf":{"@id":"https:\/\/www.africa-press.net\/togo\/#website"},"primaryImageOfPage":{"@id":"https:\/\/www.africa-press.net\/togo\/politique\/togo-declaration-des-biens-awa-nana-daboya-a-la-primature#primaryimage"},"image":{"@id":"https:\/\/www.africa-press.net\/togo\/politique\/togo-declaration-des-biens-awa-nana-daboya-a-la-primature#primaryimage"},"thumbnailUrl":"https:\/\/static.africa-press.net\/togo\/sites\/58\/2023\/02\/postQueueImg_1677254316.47.jpg","datePublished":"2023-02-24T19:28:30+00:00","dateModified":"2023-02-24T20:05:04+00:00","author":{"@id":"https:\/\/www.africa-press.net\/togo\/#\/schema\/person\/2b1cf3cd81a31e3cd26889ca66d677f1"},"description":"Le Me\u0301diateur de la Re\u0301publique poursuit ses se\u0301ances d\u2019e\u0301changes avec les diffe\u0301rentes entite\u0301s assujetties a\u0300 la de\u0301cl ...","breadcrumb":{"@id":"https:\/\/www.africa-press.net\/togo\/politique\/togo-declaration-des-biens-awa-nana-daboya-a-la-primature#breadcrumb"},"inLanguage":"fr-FR","potentialAction":[{"@type":"ReadAction","target":["https:\/\/www.africa-press.net\/togo\/politique\/togo-declaration-des-biens-awa-nana-daboya-a-la-primature"]}]},{"@type":"ImageObject","inLanguage":"fr-FR","@id":"https:\/\/www.africa-press.net\/togo\/politique\/togo-declaration-des-biens-awa-nana-daboya-a-la-primature#primaryimage","url":"https:\/\/static.africa-press.net\/togo\/sites\/58\/2023\/02\/postQueueImg_1677254316.47.jpg","contentUrl":"https:\/\/static.africa-press.net\/togo\/sites\/58\/2023\/02\/postQueueImg_1677254316.47.jpg","width":720,"height":540,"caption":"Togo\/D\u00e9claration des biens\u00a0: Awa Nana-Daboya \u00e0 la Primature"},{"@type":"BreadcrumbList","@id":"https:\/\/www.africa-press.net\/togo\/politique\/togo-declaration-des-biens-awa-nana-daboya-a-la-primature#breadcrumb","itemListElement":[{"@type":"ListItem","position":1,"name":"Accueil","item":"https:\/\/www.africa-press.net\/togo\/"},{"@type":"ListItem","position":2,"name":"Togo\/D\u00e9claration des biens\u00a0: Awa Nana-Daboya \u00e0 la Primature"}]},{"@type":"WebSite","@id":"https:\/\/www.africa-press.net\/togo\/#website","url":"https:\/\/www.africa-press.net\/togo\/","name":"Togo","description":"Just another Africa News Agency Sites site","potentialAction":[{"@type":"SearchAction","target":{"@type":"EntryPoint","urlTemplate":"https:\/\/www.africa-press.net\/togo\/?s={search_term_string}"},"query-input":{"@type":"PropertyValueSpecification","valueRequired":true,"valueName":"search_term_string"}}],"inLanguage":"fr-FR"},{"@type":"Person","@id":"https:\/\/www.africa-press.net\/togo\/#\/schema\/person\/2b1cf3cd81a31e3cd26889ca66d677f1","name":"cfeditorfr"}]}},"_links":{"self":[{"href":"https:\/\/www.africa-press.net\/togo\/wp-json\/wp\/v2\/posts\/17785","targetHints":{"allow":["GET"]}}],"collection":[{"href":"https:\/\/www.africa-press.net\/togo\/wp-json\/wp\/v2\/posts"}],"about":[{"href":"https:\/\/www.africa-press.net\/togo\/wp-json\/wp\/v2\/types\/post"}],"author":[{"embeddable":true,"href":"https:\/\/www.africa-press.net\/togo\/wp-json\/wp\/v2\/users\/82"}],"replies":[{"embeddable":true,"href":"https:\/\/www.africa-press.net\/togo\/wp-json\/wp\/v2\/comments?post=17785"}],"version-history":[{"count":0,"href":"https:\/\/www.africa-press.net\/togo\/wp-json\/wp\/v2\/posts\/17785\/revisions"}],"wp:featuredmedia":[{"embeddable":true,"href":"https:\/\/www.africa-press.net\/togo\/wp-json\/wp\/v2\/media\/17784"}],"wp:attachment":[{"href":"https:\/\/www.africa-press.net\/togo\/wp-json\/wp\/v2\/media?parent=17785"}],"wp:term":[{"taxonomy":"category","embeddable":true,"href":"https:\/\/www.africa-press.net\/togo\/wp-json\/wp\/v2\/categories?post=17785"},{"taxonomy":"post_tag","embeddable":true,"href":"https:\/\/www.africa-press.net\/togo\/wp-json\/wp\/v2\/tags?post=17785"}],"curies":[{"name":"wp","href":"https:\/\/api.w.org\/{rel}","templated":true}]}}