{"id":17805,"date":"2023-02-25T18:49:52","date_gmt":"2023-02-25T18:49:52","guid":{"rendered":"https:\/\/www.africa-press.net\/togo\/politique\/togoland-indignation-face-au-choix-de-ho-pour-la-celebration-de-lindependance-du-ghana"},"modified":"2023-02-25T19:20:40","modified_gmt":"2023-02-25T19:20:40","slug":"togoland-indignation-face-au-choix-de-ho-pour-la-celebration-de-lindependance-du-ghana","status":"publish","type":"post","link":"https:\/\/www.africa-press.net\/togo\/politique\/togoland-indignation-face-au-choix-de-ho-pour-la-celebration-de-lindependance-du-ghana","title":{"rendered":"Togoland-Indignation face au choix de Ho pour la c\u00e9l\u00e9bration de l\u2019ind\u00e9pendance du Ghana"},"content":{"rendered":"<p><span style=\"color: #ff6600\"><strong>Africa-Press &#8211; Togo. <\/strong><\/span><b>Les militants revendiquant l\u2019inde\u0301pendance de la partie ouest de l\u2019ancien Togoland, aujourd\u2019hui situe\u0301e au Ghana, expriment leur de\u0301saccord avec les autorite\u0301s ghane\u0301ennes qui ont choisi Ho, comme prochain lieu de ce\u0301le\u0301bration de la 66e inde\u0301pendance du Ghana.<\/b><\/p>\n<p>Dans le communique\u0301 publie\u0301 ce 25 fe\u0301vrier 2023, ils affirment que depuis l\u2019annonce du lieu des ce\u0301le\u0301brations du 66e jour de l\u2019inde\u0301pendance du Ghana, \u00ab le conseil du gouvernement de Togoland occidental a lance\u0301 une enque\u0302te sur les raisons du choix de la zone \u00bb.<\/p>\n<p>Selon ledit Conseil, il a e\u0301te\u0301 re\u0301ve\u0301le\u0301 que l\u2019objectif est juste de peindre un tableau qu\u2019il n\u2019y a pas de demande d\u2019inde\u0301pendance du Togoland occidental : \u201cPour donner plus de cre\u0301dit a\u0300 cette hypothe\u0300se boiteuse, le gouvernement de la re\u0301publique du Ghana a recours a\u0300 la ha\u0302te a\u0300 la gazette et e\u0301lever la norme de certains chefs et leur donner de grosses enveloppes pour honorer l\u2019occasion et leur faire signer des documents pour de\u0301peindre une sorte d\u2019accord et de rejet de l\u2019E\u0301tat du Togoland occidental. \u201c, lit-on dans le communique\u0301.<\/p>\n<p>\u201cIl a e\u0301galement e\u0301te\u0301 porte\u0301 a\u0300 l\u2019attention du conseil comment des postes ont e\u0301te\u0301 offerts a\u0300 certains chefs notables pour garder leur bouche ferme\u0301e a\u0300 jamais. Le conseil aimera rappeler a\u0300 tous que l\u2019inde\u0301pendance du Togoland occidental a e\u0301te\u0301 e\u0301leve\u0301e au-dela\u0300 de quiconque, parlant ou signant des documents avec le leadership du Ghana et sa classe politique ne mettra pas fin a\u0300 notre revendication d\u2019un E\u0301tat se\u0301pare\u0301\u201d, ont-ils ajoute\u0301.<\/p>\n<p>La Homeland Study Group Foundation qui dispose d\u2019une repre\u0301sentation a\u0300 l\u2019UNPO, (Unrepresented Nations and People\u2019s Organization), a donc appele\u0301 au boycott de l\u2019e\u0301ve\u0301nement qui aura lieu le 6 mars prochain, tout en conseillant aux chefs notables locaux de se distancer des arrangements avec la classe politique du Ghana.<\/p>\n<p><strong>Pour plus d&rsquo;informations et d&rsquo;analyses sur la <a href=\"https:\/\/www.africa-press.net\/togo\">Togo<\/a>, suivez <a href=\"https:\/\/www.africa-press.net\/\">Africa-Press<\/a><\/strong><\/p>\n","protected":false},"excerpt":{"rendered":"<p>Africa-Press &#8211; Togo. Les militants revendiquant l\u2019inde\u0301pendance de la partie ouest de l\u2019ancien Togoland, aujourd\u2019hui situe\u0301e au Ghana, expriment leur de\u0301saccord avec les autorite\u0301s ghane\u0301ennes qui ont choisi Ho, comme prochain lieu de ce\u0301le\u0301bration de la 66e inde\u0301pendance du Ghana. Dans le communique\u0301 publie\u0301 ce 25 fe\u0301vrier 2023, ils affirment que depuis l\u2019annonce du lieu [&hellip;]<\/p>\n","protected":false},"author":82,"featured_media":17804,"comment_status":"open","ping_status":"closed","sticky":false,"template":"","format":"standard","meta":{"footnotes":""},"categories":[2,10],"tags":[36,49,50],"class_list":["post-17805","post","type-post","status-publish","format-standard","has-post-thumbnail","hentry","category-politique","category-toutes-les-actualites","tag-africa-press","tag-africa-press-togo","tag-togo"],"yoast_head":"<!-- This site is optimized with the Yoast SEO Premium plugin v26.1 (Yoast SEO v27.0) - https:\/\/yoast.com\/product\/yoast-seo-premium-wordpress\/ -->\n<title>Togoland-Indignation face au choix de Ho pour la c\u00e9l\u00e9bration de l\u2019ind\u00e9pendance du Ghana - Togo<\/title>\n<meta name=\"description\" content=\"Les militants revendiquant l\u2019inde\u0301pendance de la partie ouest de l\u2019ancien Togoland, aujourd\u2019hui situe\u0301e au Ghana, exp ...\" \/>\n<meta name=\"robots\" content=\"index, follow, max-snippet:-1, max-image-preview:large, max-video-preview:-1\" \/>\n<link rel=\"canonical\" href=\"https:\/\/www.africa-press.net\/togo\/politique\/togoland-indignation-face-au-choix-de-ho-pour-la-celebration-de-lindependance-du-ghana\" \/>\n<meta property=\"og:locale\" content=\"fr_FR\" \/>\n<meta property=\"og:type\" content=\"article\" \/>\n<meta property=\"og:title\" content=\"Togoland-Indignation face au choix de Ho pour la c\u00e9l\u00e9bration de l\u2019ind\u00e9pendance du Ghana\" \/>\n<meta property=\"og:description\" content=\"Les militants revendiquant l\u2019inde\u0301pendance de la partie ouest de l\u2019ancien Togoland, aujourd\u2019hui situe\u0301e au Ghana, exp ...\" \/>\n<meta property=\"og:url\" content=\"https:\/\/www.africa-press.net\/togo\/politique\/togoland-indignation-face-au-choix-de-ho-pour-la-celebration-de-lindependance-du-ghana\" \/>\n<meta property=\"og:site_name\" content=\"Togo\" \/>\n<meta property=\"article:published_time\" content=\"2023-02-25T18:49:52+00:00\" \/>\n<meta property=\"article:modified_time\" content=\"2023-02-25T19:20:40+00:00\" \/>\n<meta property=\"og:image\" content=\"https:\/\/static.africa-press.net\/togo\/sites\/58\/2023\/02\/postQueueImg_1677338403.75.jpg\" \/>\n\t<meta property=\"og:image:width\" content=\"1024\" \/>\n\t<meta property=\"og:image:height\" content=\"576\" \/>\n\t<meta property=\"og:image:type\" content=\"image\/jpeg\" \/>\n<meta name=\"author\" content=\"cfeditorfr\" \/>\n<meta name=\"twitter:card\" content=\"summary_large_image\" \/>\n<meta name=\"twitter:label1\" content=\"\u00c9crit par\" \/>\n\t<meta name=\"twitter:data1\" content=\"cfeditorfr\" \/>\n\t<meta name=\"twitter:label2\" content=\"Dur\u00e9e de lecture estim\u00e9e\" \/>\n\t<meta name=\"twitter:data2\" content=\"2 minutes\" \/>\n<script type=\"application\/ld+json\" class=\"yoast-schema-graph\">{\"@context\":\"https:\/\/schema.org\",\"@graph\":[{\"@type\":\"Article\",\"@id\":\"https:\/\/www.africa-press.net\/togo\/politique\/togoland-indignation-face-au-choix-de-ho-pour-la-celebration-de-lindependance-du-ghana#article\",\"isPartOf\":{\"@id\":\"https:\/\/www.africa-press.net\/togo\/politique\/togoland-indignation-face-au-choix-de-ho-pour-la-celebration-de-lindependance-du-ghana\"},\"author\":{\"name\":\"cfeditorfr\",\"@id\":\"https:\/\/www.africa-press.net\/togo\/#\/schema\/person\/2b1cf3cd81a31e3cd26889ca66d677f1\"},\"headline\":\"Togoland-Indignation face au choix de Ho pour la c\u00e9l\u00e9bration de l\u2019ind\u00e9pendance du Ghana\",\"datePublished\":\"2023-02-25T18:49:52+00:00\",\"dateModified\":\"2023-02-25T19:20:40+00:00\",\"mainEntityOfPage\":{\"@id\":\"https:\/\/www.africa-press.net\/togo\/politique\/togoland-indignation-face-au-choix-de-ho-pour-la-celebration-de-lindependance-du-ghana\"},\"wordCount\":370,\"commentCount\":0,\"image\":{\"@id\":\"https:\/\/www.africa-press.net\/togo\/politique\/togoland-indignation-face-au-choix-de-ho-pour-la-celebration-de-lindependance-du-ghana#primaryimage\"},\"thumbnailUrl\":\"https:\/\/static.africa-press.net\/togo\/sites\/58\/2023\/02\/postQueueImg_1677338403.75.jpg\",\"keywords\":[\"Africa Press\",\"Africa Press-Togo\",\"Togo\"],\"articleSection\":[\"Politique\",\"Toutes les actualit\u00e9s\"],\"inLanguage\":\"fr-FR\",\"potentialAction\":[{\"@type\":\"CommentAction\",\"name\":\"Comment\",\"target\":[\"https:\/\/www.africa-press.net\/togo\/politique\/togoland-indignation-face-au-choix-de-ho-pour-la-celebration-de-lindependance-du-ghana#respond\"]}]},{\"@type\":\"WebPage\",\"@id\":\"https:\/\/www.africa-press.net\/togo\/politique\/togoland-indignation-face-au-choix-de-ho-pour-la-celebration-de-lindependance-du-ghana\",\"url\":\"https:\/\/www.africa-press.net\/togo\/politique\/togoland-indignation-face-au-choix-de-ho-pour-la-celebration-de-lindependance-du-ghana\",\"name\":\"Togoland-Indignation face au choix de Ho pour la c\u00e9l\u00e9bration de l\u2019ind\u00e9pendance du Ghana - Togo\",\"isPartOf\":{\"@id\":\"https:\/\/www.africa-press.net\/togo\/#website\"},\"primaryImageOfPage\":{\"@id\":\"https:\/\/www.africa-press.net\/togo\/politique\/togoland-indignation-face-au-choix-de-ho-pour-la-celebration-de-lindependance-du-ghana#primaryimage\"},\"image\":{\"@id\":\"https:\/\/www.africa-press.net\/togo\/politique\/togoland-indignation-face-au-choix-de-ho-pour-la-celebration-de-lindependance-du-ghana#primaryimage\"},\"thumbnailUrl\":\"https:\/\/static.africa-press.net\/togo\/sites\/58\/2023\/02\/postQueueImg_1677338403.75.jpg\",\"datePublished\":\"2023-02-25T18:49:52+00:00\",\"dateModified\":\"2023-02-25T19:20:40+00:00\",\"author\":{\"@id\":\"https:\/\/www.africa-press.net\/togo\/#\/schema\/person\/2b1cf3cd81a31e3cd26889ca66d677f1\"},\"description\":\"Les militants revendiquant l\u2019inde\u0301pendance de la partie ouest de l\u2019ancien Togoland, aujourd\u2019hui situe\u0301e au Ghana, exp ...\",\"breadcrumb\":{\"@id\":\"https:\/\/www.africa-press.net\/togo\/politique\/togoland-indignation-face-au-choix-de-ho-pour-la-celebration-de-lindependance-du-ghana#breadcrumb\"},\"inLanguage\":\"fr-FR\",\"potentialAction\":[{\"@type\":\"ReadAction\",\"target\":[\"https:\/\/www.africa-press.net\/togo\/politique\/togoland-indignation-face-au-choix-de-ho-pour-la-celebration-de-lindependance-du-ghana\"]}]},{\"@type\":\"ImageObject\",\"inLanguage\":\"fr-FR\",\"@id\":\"https:\/\/www.africa-press.net\/togo\/politique\/togoland-indignation-face-au-choix-de-ho-pour-la-celebration-de-lindependance-du-ghana#primaryimage\",\"url\":\"https:\/\/static.africa-press.net\/togo\/sites\/58\/2023\/02\/postQueueImg_1677338403.75.jpg\",\"contentUrl\":\"https:\/\/static.africa-press.net\/togo\/sites\/58\/2023\/02\/postQueueImg_1677338403.75.jpg\",\"width\":1024,\"height\":576,\"caption\":\"Togoland-Indignation face au choix de Ho pour la c\u00e9l\u00e9bration de l\u2019ind\u00e9pendance du Ghana\"},{\"@type\":\"BreadcrumbList\",\"@id\":\"https:\/\/www.africa-press.net\/togo\/politique\/togoland-indignation-face-au-choix-de-ho-pour-la-celebration-de-lindependance-du-ghana#breadcrumb\",\"itemListElement\":[{\"@type\":\"ListItem\",\"position\":1,\"name\":\"Accueil\",\"item\":\"https:\/\/www.africa-press.net\/togo\/\"},{\"@type\":\"ListItem\",\"position\":2,\"name\":\"Togoland-Indignation face au choix de Ho pour la c\u00e9l\u00e9bration de l\u2019ind\u00e9pendance du Ghana\"}]},{\"@type\":\"WebSite\",\"@id\":\"https:\/\/www.africa-press.net\/togo\/#website\",\"url\":\"https:\/\/www.africa-press.net\/togo\/\",\"name\":\"Togo\",\"description\":\"Just another Africa News Agency Sites site\",\"potentialAction\":[{\"@type\":\"SearchAction\",\"target\":{\"@type\":\"EntryPoint\",\"urlTemplate\":\"https:\/\/www.africa-press.net\/togo\/?s={search_term_string}\"},\"query-input\":{\"@type\":\"PropertyValueSpecification\",\"valueRequired\":true,\"valueName\":\"search_term_string\"}}],\"inLanguage\":\"fr-FR\"},{\"@type\":\"Person\",\"@id\":\"https:\/\/www.africa-press.net\/togo\/#\/schema\/person\/2b1cf3cd81a31e3cd26889ca66d677f1\",\"name\":\"cfeditorfr\"}]}<\/script>\n<!-- \/ Yoast SEO Premium plugin. -->","yoast_head_json":{"title":"Togoland-Indignation face au choix de Ho pour la c\u00e9l\u00e9bration de l\u2019ind\u00e9pendance du Ghana - Togo","description":"Les militants revendiquant l\u2019inde\u0301pendance de la partie ouest de l\u2019ancien Togoland, aujourd\u2019hui situe\u0301e au Ghana, exp ...","robots":{"index":"index","follow":"follow","max-snippet":"max-snippet:-1","max-image-preview":"max-image-preview:large","max-video-preview":"max-video-preview:-1"},"canonical":"https:\/\/www.africa-press.net\/togo\/politique\/togoland-indignation-face-au-choix-de-ho-pour-la-celebration-de-lindependance-du-ghana","og_locale":"fr_FR","og_type":"article","og_title":"Togoland-Indignation face au choix de Ho pour la c\u00e9l\u00e9bration de l\u2019ind\u00e9pendance du Ghana","og_description":"Les militants revendiquant l\u2019inde\u0301pendance de la partie ouest de l\u2019ancien Togoland, aujourd\u2019hui situe\u0301e au Ghana, exp ...","og_url":"https:\/\/www.africa-press.net\/togo\/politique\/togoland-indignation-face-au-choix-de-ho-pour-la-celebration-de-lindependance-du-ghana","og_site_name":"Togo","article_published_time":"2023-02-25T18:49:52+00:00","article_modified_time":"2023-02-25T19:20:40+00:00","og_image":[{"width":1024,"height":576,"url":"https:\/\/static.africa-press.net\/togo\/sites\/58\/2023\/02\/postQueueImg_1677338403.75.jpg","type":"image\/jpeg"}],"author":"cfeditorfr","twitter_card":"summary_large_image","twitter_misc":{"\u00c9crit par":"cfeditorfr","Dur\u00e9e de lecture estim\u00e9e":"2 minutes"},"schema":{"@context":"https:\/\/schema.org","@graph":[{"@type":"Article","@id":"https:\/\/www.africa-press.net\/togo\/politique\/togoland-indignation-face-au-choix-de-ho-pour-la-celebration-de-lindependance-du-ghana#article","isPartOf":{"@id":"https:\/\/www.africa-press.net\/togo\/politique\/togoland-indignation-face-au-choix-de-ho-pour-la-celebration-de-lindependance-du-ghana"},"author":{"name":"cfeditorfr","@id":"https:\/\/www.africa-press.net\/togo\/#\/schema\/person\/2b1cf3cd81a31e3cd26889ca66d677f1"},"headline":"Togoland-Indignation face au choix de Ho pour la c\u00e9l\u00e9bration de l\u2019ind\u00e9pendance du Ghana","datePublished":"2023-02-25T18:49:52+00:00","dateModified":"2023-02-25T19:20:40+00:00","mainEntityOfPage":{"@id":"https:\/\/www.africa-press.net\/togo\/politique\/togoland-indignation-face-au-choix-de-ho-pour-la-celebration-de-lindependance-du-ghana"},"wordCount":370,"commentCount":0,"image":{"@id":"https:\/\/www.africa-press.net\/togo\/politique\/togoland-indignation-face-au-choix-de-ho-pour-la-celebration-de-lindependance-du-ghana#primaryimage"},"thumbnailUrl":"https:\/\/static.africa-press.net\/togo\/sites\/58\/2023\/02\/postQueueImg_1677338403.75.jpg","keywords":["Africa Press","Africa Press-Togo","Togo"],"articleSection":["Politique","Toutes les actualit\u00e9s"],"inLanguage":"fr-FR","potentialAction":[{"@type":"CommentAction","name":"Comment","target":["https:\/\/www.africa-press.net\/togo\/politique\/togoland-indignation-face-au-choix-de-ho-pour-la-celebration-de-lindependance-du-ghana#respond"]}]},{"@type":"WebPage","@id":"https:\/\/www.africa-press.net\/togo\/politique\/togoland-indignation-face-au-choix-de-ho-pour-la-celebration-de-lindependance-du-ghana","url":"https:\/\/www.africa-press.net\/togo\/politique\/togoland-indignation-face-au-choix-de-ho-pour-la-celebration-de-lindependance-du-ghana","name":"Togoland-Indignation face au choix de Ho pour la c\u00e9l\u00e9bration de l\u2019ind\u00e9pendance du Ghana - Togo","isPartOf":{"@id":"https:\/\/www.africa-press.net\/togo\/#website"},"primaryImageOfPage":{"@id":"https:\/\/www.africa-press.net\/togo\/politique\/togoland-indignation-face-au-choix-de-ho-pour-la-celebration-de-lindependance-du-ghana#primaryimage"},"image":{"@id":"https:\/\/www.africa-press.net\/togo\/politique\/togoland-indignation-face-au-choix-de-ho-pour-la-celebration-de-lindependance-du-ghana#primaryimage"},"thumbnailUrl":"https:\/\/static.africa-press.net\/togo\/sites\/58\/2023\/02\/postQueueImg_1677338403.75.jpg","datePublished":"2023-02-25T18:49:52+00:00","dateModified":"2023-02-25T19:20:40+00:00","author":{"@id":"https:\/\/www.africa-press.net\/togo\/#\/schema\/person\/2b1cf3cd81a31e3cd26889ca66d677f1"},"description":"Les militants revendiquant l\u2019inde\u0301pendance de la partie ouest de l\u2019ancien Togoland, aujourd\u2019hui situe\u0301e au Ghana, exp ...","breadcrumb":{"@id":"https:\/\/www.africa-press.net\/togo\/politique\/togoland-indignation-face-au-choix-de-ho-pour-la-celebration-de-lindependance-du-ghana#breadcrumb"},"inLanguage":"fr-FR","potentialAction":[{"@type":"ReadAction","target":["https:\/\/www.africa-press.net\/togo\/politique\/togoland-indignation-face-au-choix-de-ho-pour-la-celebration-de-lindependance-du-ghana"]}]},{"@type":"ImageObject","inLanguage":"fr-FR","@id":"https:\/\/www.africa-press.net\/togo\/politique\/togoland-indignation-face-au-choix-de-ho-pour-la-celebration-de-lindependance-du-ghana#primaryimage","url":"https:\/\/static.africa-press.net\/togo\/sites\/58\/2023\/02\/postQueueImg_1677338403.75.jpg","contentUrl":"https:\/\/static.africa-press.net\/togo\/sites\/58\/2023\/02\/postQueueImg_1677338403.75.jpg","width":1024,"height":576,"caption":"Togoland-Indignation face au choix de Ho pour la c\u00e9l\u00e9bration de l\u2019ind\u00e9pendance du Ghana"},{"@type":"BreadcrumbList","@id":"https:\/\/www.africa-press.net\/togo\/politique\/togoland-indignation-face-au-choix-de-ho-pour-la-celebration-de-lindependance-du-ghana#breadcrumb","itemListElement":[{"@type":"ListItem","position":1,"name":"Accueil","item":"https:\/\/www.africa-press.net\/togo\/"},{"@type":"ListItem","position":2,"name":"Togoland-Indignation face au choix de Ho pour la c\u00e9l\u00e9bration de l\u2019ind\u00e9pendance du Ghana"}]},{"@type":"WebSite","@id":"https:\/\/www.africa-press.net\/togo\/#website","url":"https:\/\/www.africa-press.net\/togo\/","name":"Togo","description":"Just another Africa News Agency Sites site","potentialAction":[{"@type":"SearchAction","target":{"@type":"EntryPoint","urlTemplate":"https:\/\/www.africa-press.net\/togo\/?s={search_term_string}"},"query-input":{"@type":"PropertyValueSpecification","valueRequired":true,"valueName":"search_term_string"}}],"inLanguage":"fr-FR"},{"@type":"Person","@id":"https:\/\/www.africa-press.net\/togo\/#\/schema\/person\/2b1cf3cd81a31e3cd26889ca66d677f1","name":"cfeditorfr"}]}},"_links":{"self":[{"href":"https:\/\/www.africa-press.net\/togo\/wp-json\/wp\/v2\/posts\/17805","targetHints":{"allow":["GET"]}}],"collection":[{"href":"https:\/\/www.africa-press.net\/togo\/wp-json\/wp\/v2\/posts"}],"about":[{"href":"https:\/\/www.africa-press.net\/togo\/wp-json\/wp\/v2\/types\/post"}],"author":[{"embeddable":true,"href":"https:\/\/www.africa-press.net\/togo\/wp-json\/wp\/v2\/users\/82"}],"replies":[{"embeddable":true,"href":"https:\/\/www.africa-press.net\/togo\/wp-json\/wp\/v2\/comments?post=17805"}],"version-history":[{"count":0,"href":"https:\/\/www.africa-press.net\/togo\/wp-json\/wp\/v2\/posts\/17805\/revisions"}],"wp:featuredmedia":[{"embeddable":true,"href":"https:\/\/www.africa-press.net\/togo\/wp-json\/wp\/v2\/media\/17804"}],"wp:attachment":[{"href":"https:\/\/www.africa-press.net\/togo\/wp-json\/wp\/v2\/media?parent=17805"}],"wp:term":[{"taxonomy":"category","embeddable":true,"href":"https:\/\/www.africa-press.net\/togo\/wp-json\/wp\/v2\/categories?post=17805"},{"taxonomy":"post_tag","embeddable":true,"href":"https:\/\/www.africa-press.net\/togo\/wp-json\/wp\/v2\/tags?post=17805"}],"curies":[{"name":"wp","href":"https:\/\/api.w.org\/{rel}","templated":true}]}}