{"id":17807,"date":"2023-02-25T18:50:07","date_gmt":"2023-02-25T18:50:07","guid":{"rendered":"https:\/\/www.africa-press.net\/togo\/politique\/togo-presidentielle-de-2020-agbeyome-na-pas-tourne-la-page"},"modified":"2023-02-25T19:20:58","modified_gmt":"2023-02-25T19:20:58","slug":"togo-presidentielle-de-2020-agbeyome-na-pas-tourne-la-page","status":"publish","type":"post","link":"https:\/\/www.africa-press.net\/togo\/politique\/togo-presidentielle-de-2020-agbeyome-na-pas-tourne-la-page","title":{"rendered":"Togo- Pr\u00e9sidentielle de 2020: Agb\u00e9yom\u00e9 n\u2019a pas tourn\u00e9 la page"},"content":{"rendered":"<p><span style=\"color: #ff6600\"><strong>Africa-Press &#8211; Togo. <\/strong><\/span><b>Discours du \u00ab pre\u0301sident de\u0301mocratiquement e\u0301lu \u00bb, Dr Gabriel M. Kodjo Agbe\u0301yome\u0301, a\u0300 l\u2019 occasion du troisie\u0300me anniversaire de la pre\u0301sidentielle du 20 fe\u0301vrier 2020, qu\u2019il qualifie de \u00ab re\u0301volution e\u0301lectorale et pacifique \u00bb.<\/b><\/p>\n<p>Suivez pluto\u0302t le message (audio) de Dr Kodjo a\u0300 la nation togolaise a\u0300 l\u2019occasion de cet anniversaire !<\/p>\n<p><strong>Pour plus d&rsquo;informations et d&rsquo;analyses sur la <a href=\"https:\/\/www.africa-press.net\/togo\">Togo<\/a>, suivez <a href=\"https:\/\/www.africa-press.net\/\">Africa-Press<\/a><\/strong><\/p>\n","protected":false},"excerpt":{"rendered":"<p>Africa-Press &#8211; Togo. Discours du \u00ab pre\u0301sident de\u0301mocratiquement e\u0301lu \u00bb, Dr Gabriel M. Kodjo Agbe\u0301yome\u0301, a\u0300 l\u2019 occasion du troisie\u0300me anniversaire de la pre\u0301sidentielle du 20 fe\u0301vrier 2020, qu\u2019il qualifie de \u00ab re\u0301volution e\u0301lectorale et pacifique \u00bb. Suivez pluto\u0302t le message (audio) de Dr Kodjo a\u0300 la nation togolaise a\u0300 l\u2019occasion de cet anniversaire ! [&hellip;]<\/p>\n","protected":false},"author":82,"featured_media":17806,"comment_status":"open","ping_status":"closed","sticky":false,"template":"","format":"standard","meta":{"footnotes":""},"categories":[2,10],"tags":[36,49,50],"class_list":["post-17807","post","type-post","status-publish","format-standard","has-post-thumbnail","hentry","category-politique","category-toutes-les-actualites","tag-africa-press","tag-africa-press-togo","tag-togo"],"yoast_head":"<!-- This site is optimized with the Yoast SEO Premium plugin v26.1 (Yoast SEO v27.0) - https:\/\/yoast.com\/product\/yoast-seo-premium-wordpress\/ -->\n<title>Togo- Pr\u00e9sidentielle de 2020: Agb\u00e9yom\u00e9 n\u2019a pas tourn\u00e9 la page - Togo<\/title>\n<meta name=\"description\" content=\"Discours du \u00ab pre\u0301sident de\u0301mocratiquement e\u0301lu \u00bb, Dr Gabriel M. Kodjo Agbe\u0301yome\u0301, a\u0300 l\u2019 occasion du troisie\u0300me anniv ...\" \/>\n<meta name=\"robots\" content=\"index, follow, max-snippet:-1, max-image-preview:large, max-video-preview:-1\" \/>\n<link rel=\"canonical\" href=\"https:\/\/www.africa-press.net\/togo\/politique\/togo-presidentielle-de-2020-agbeyome-na-pas-tourne-la-page\" \/>\n<meta property=\"og:locale\" content=\"fr_FR\" \/>\n<meta property=\"og:type\" content=\"article\" \/>\n<meta property=\"og:title\" content=\"Togo- Pr\u00e9sidentielle de 2020: Agb\u00e9yom\u00e9 n\u2019a pas tourn\u00e9 la page\" \/>\n<meta property=\"og:description\" content=\"Discours du \u00ab pre\u0301sident de\u0301mocratiquement e\u0301lu \u00bb, Dr Gabriel M. Kodjo Agbe\u0301yome\u0301, a\u0300 l\u2019 occasion du troisie\u0300me anniv ...\" \/>\n<meta property=\"og:url\" content=\"https:\/\/www.africa-press.net\/togo\/politique\/togo-presidentielle-de-2020-agbeyome-na-pas-tourne-la-page\" \/>\n<meta property=\"og:site_name\" content=\"Togo\" \/>\n<meta property=\"article:published_time\" content=\"2023-02-25T18:50:07+00:00\" \/>\n<meta property=\"article:modified_time\" content=\"2023-02-25T19:20:58+00:00\" \/>\n<meta property=\"og:image\" content=\"https:\/\/static.africa-press.net\/togo\/sites\/58\/2023\/02\/postQueueImg_1677338413.26.jpg\" \/>\n\t<meta property=\"og:image:width\" content=\"1282\" \/>\n\t<meta property=\"og:image:height\" content=\"800\" \/>\n\t<meta property=\"og:image:type\" content=\"image\/jpeg\" \/>\n<meta name=\"author\" content=\"cfeditorfr\" \/>\n<meta name=\"twitter:card\" content=\"summary_large_image\" \/>\n<meta name=\"twitter:label1\" content=\"\u00c9crit par\" \/>\n\t<meta name=\"twitter:data1\" content=\"cfeditorfr\" \/>\n\t<meta name=\"twitter:label2\" content=\"Dur\u00e9e de lecture estim\u00e9e\" \/>\n\t<meta name=\"twitter:data2\" content=\"1 minute\" \/>\n<script type=\"application\/ld+json\" class=\"yoast-schema-graph\">{\"@context\":\"https:\/\/schema.org\",\"@graph\":[{\"@type\":\"Article\",\"@id\":\"https:\/\/www.africa-press.net\/togo\/politique\/togo-presidentielle-de-2020-agbeyome-na-pas-tourne-la-page#article\",\"isPartOf\":{\"@id\":\"https:\/\/www.africa-press.net\/togo\/politique\/togo-presidentielle-de-2020-agbeyome-na-pas-tourne-la-page\"},\"author\":{\"name\":\"cfeditorfr\",\"@id\":\"https:\/\/www.africa-press.net\/togo\/#\/schema\/person\/2b1cf3cd81a31e3cd26889ca66d677f1\"},\"headline\":\"Togo- Pr\u00e9sidentielle de 2020: Agb\u00e9yom\u00e9 n\u2019a pas tourn\u00e9 la page\",\"datePublished\":\"2023-02-25T18:50:07+00:00\",\"dateModified\":\"2023-02-25T19:20:58+00:00\",\"mainEntityOfPage\":{\"@id\":\"https:\/\/www.africa-press.net\/togo\/politique\/togo-presidentielle-de-2020-agbeyome-na-pas-tourne-la-page\"},\"wordCount\":84,\"commentCount\":0,\"image\":{\"@id\":\"https:\/\/www.africa-press.net\/togo\/politique\/togo-presidentielle-de-2020-agbeyome-na-pas-tourne-la-page#primaryimage\"},\"thumbnailUrl\":\"https:\/\/static.africa-press.net\/togo\/sites\/58\/2023\/02\/postQueueImg_1677338413.26.jpg\",\"keywords\":[\"Africa Press\",\"Africa Press-Togo\",\"Togo\"],\"articleSection\":[\"Politique\",\"Toutes les actualit\u00e9s\"],\"inLanguage\":\"fr-FR\",\"potentialAction\":[{\"@type\":\"CommentAction\",\"name\":\"Comment\",\"target\":[\"https:\/\/www.africa-press.net\/togo\/politique\/togo-presidentielle-de-2020-agbeyome-na-pas-tourne-la-page#respond\"]}]},{\"@type\":\"WebPage\",\"@id\":\"https:\/\/www.africa-press.net\/togo\/politique\/togo-presidentielle-de-2020-agbeyome-na-pas-tourne-la-page\",\"url\":\"https:\/\/www.africa-press.net\/togo\/politique\/togo-presidentielle-de-2020-agbeyome-na-pas-tourne-la-page\",\"name\":\"Togo- Pr\u00e9sidentielle de 2020: Agb\u00e9yom\u00e9 n\u2019a pas tourn\u00e9 la page - Togo\",\"isPartOf\":{\"@id\":\"https:\/\/www.africa-press.net\/togo\/#website\"},\"primaryImageOfPage\":{\"@id\":\"https:\/\/www.africa-press.net\/togo\/politique\/togo-presidentielle-de-2020-agbeyome-na-pas-tourne-la-page#primaryimage\"},\"image\":{\"@id\":\"https:\/\/www.africa-press.net\/togo\/politique\/togo-presidentielle-de-2020-agbeyome-na-pas-tourne-la-page#primaryimage\"},\"thumbnailUrl\":\"https:\/\/static.africa-press.net\/togo\/sites\/58\/2023\/02\/postQueueImg_1677338413.26.jpg\",\"datePublished\":\"2023-02-25T18:50:07+00:00\",\"dateModified\":\"2023-02-25T19:20:58+00:00\",\"author\":{\"@id\":\"https:\/\/www.africa-press.net\/togo\/#\/schema\/person\/2b1cf3cd81a31e3cd26889ca66d677f1\"},\"description\":\"Discours du \u00ab pre\u0301sident de\u0301mocratiquement e\u0301lu \u00bb, Dr Gabriel M. Kodjo Agbe\u0301yome\u0301, a\u0300 l\u2019 occasion du troisie\u0300me anniv ...\",\"breadcrumb\":{\"@id\":\"https:\/\/www.africa-press.net\/togo\/politique\/togo-presidentielle-de-2020-agbeyome-na-pas-tourne-la-page#breadcrumb\"},\"inLanguage\":\"fr-FR\",\"potentialAction\":[{\"@type\":\"ReadAction\",\"target\":[\"https:\/\/www.africa-press.net\/togo\/politique\/togo-presidentielle-de-2020-agbeyome-na-pas-tourne-la-page\"]}]},{\"@type\":\"ImageObject\",\"inLanguage\":\"fr-FR\",\"@id\":\"https:\/\/www.africa-press.net\/togo\/politique\/togo-presidentielle-de-2020-agbeyome-na-pas-tourne-la-page#primaryimage\",\"url\":\"https:\/\/static.africa-press.net\/togo\/sites\/58\/2023\/02\/postQueueImg_1677338413.26.jpg\",\"contentUrl\":\"https:\/\/static.africa-press.net\/togo\/sites\/58\/2023\/02\/postQueueImg_1677338413.26.jpg\",\"width\":1282,\"height\":800,\"caption\":\"Togo- Pr\u00e9sidentielle de 2020: Agb\u00e9yom\u00e9 n\u2019a pas tourn\u00e9 la page\"},{\"@type\":\"BreadcrumbList\",\"@id\":\"https:\/\/www.africa-press.net\/togo\/politique\/togo-presidentielle-de-2020-agbeyome-na-pas-tourne-la-page#breadcrumb\",\"itemListElement\":[{\"@type\":\"ListItem\",\"position\":1,\"name\":\"Accueil\",\"item\":\"https:\/\/www.africa-press.net\/togo\/\"},{\"@type\":\"ListItem\",\"position\":2,\"name\":\"Togo- Pr\u00e9sidentielle de 2020: Agb\u00e9yom\u00e9 n\u2019a pas tourn\u00e9 la page\"}]},{\"@type\":\"WebSite\",\"@id\":\"https:\/\/www.africa-press.net\/togo\/#website\",\"url\":\"https:\/\/www.africa-press.net\/togo\/\",\"name\":\"Togo\",\"description\":\"Just another Africa News Agency Sites site\",\"potentialAction\":[{\"@type\":\"SearchAction\",\"target\":{\"@type\":\"EntryPoint\",\"urlTemplate\":\"https:\/\/www.africa-press.net\/togo\/?s={search_term_string}\"},\"query-input\":{\"@type\":\"PropertyValueSpecification\",\"valueRequired\":true,\"valueName\":\"search_term_string\"}}],\"inLanguage\":\"fr-FR\"},{\"@type\":\"Person\",\"@id\":\"https:\/\/www.africa-press.net\/togo\/#\/schema\/person\/2b1cf3cd81a31e3cd26889ca66d677f1\",\"name\":\"cfeditorfr\"}]}<\/script>\n<!-- \/ Yoast SEO Premium plugin. -->","yoast_head_json":{"title":"Togo- Pr\u00e9sidentielle de 2020: Agb\u00e9yom\u00e9 n\u2019a pas tourn\u00e9 la page - Togo","description":"Discours du \u00ab pre\u0301sident de\u0301mocratiquement e\u0301lu \u00bb, Dr Gabriel M. Kodjo Agbe\u0301yome\u0301, a\u0300 l\u2019 occasion du troisie\u0300me anniv ...","robots":{"index":"index","follow":"follow","max-snippet":"max-snippet:-1","max-image-preview":"max-image-preview:large","max-video-preview":"max-video-preview:-1"},"canonical":"https:\/\/www.africa-press.net\/togo\/politique\/togo-presidentielle-de-2020-agbeyome-na-pas-tourne-la-page","og_locale":"fr_FR","og_type":"article","og_title":"Togo- Pr\u00e9sidentielle de 2020: Agb\u00e9yom\u00e9 n\u2019a pas tourn\u00e9 la page","og_description":"Discours du \u00ab pre\u0301sident de\u0301mocratiquement e\u0301lu \u00bb, Dr Gabriel M. Kodjo Agbe\u0301yome\u0301, a\u0300 l\u2019 occasion du troisie\u0300me anniv ...","og_url":"https:\/\/www.africa-press.net\/togo\/politique\/togo-presidentielle-de-2020-agbeyome-na-pas-tourne-la-page","og_site_name":"Togo","article_published_time":"2023-02-25T18:50:07+00:00","article_modified_time":"2023-02-25T19:20:58+00:00","og_image":[{"width":1282,"height":800,"url":"https:\/\/static.africa-press.net\/togo\/sites\/58\/2023\/02\/postQueueImg_1677338413.26.jpg","type":"image\/jpeg"}],"author":"cfeditorfr","twitter_card":"summary_large_image","twitter_misc":{"\u00c9crit par":"cfeditorfr","Dur\u00e9e de lecture estim\u00e9e":"1 minute"},"schema":{"@context":"https:\/\/schema.org","@graph":[{"@type":"Article","@id":"https:\/\/www.africa-press.net\/togo\/politique\/togo-presidentielle-de-2020-agbeyome-na-pas-tourne-la-page#article","isPartOf":{"@id":"https:\/\/www.africa-press.net\/togo\/politique\/togo-presidentielle-de-2020-agbeyome-na-pas-tourne-la-page"},"author":{"name":"cfeditorfr","@id":"https:\/\/www.africa-press.net\/togo\/#\/schema\/person\/2b1cf3cd81a31e3cd26889ca66d677f1"},"headline":"Togo- Pr\u00e9sidentielle de 2020: Agb\u00e9yom\u00e9 n\u2019a pas tourn\u00e9 la page","datePublished":"2023-02-25T18:50:07+00:00","dateModified":"2023-02-25T19:20:58+00:00","mainEntityOfPage":{"@id":"https:\/\/www.africa-press.net\/togo\/politique\/togo-presidentielle-de-2020-agbeyome-na-pas-tourne-la-page"},"wordCount":84,"commentCount":0,"image":{"@id":"https:\/\/www.africa-press.net\/togo\/politique\/togo-presidentielle-de-2020-agbeyome-na-pas-tourne-la-page#primaryimage"},"thumbnailUrl":"https:\/\/static.africa-press.net\/togo\/sites\/58\/2023\/02\/postQueueImg_1677338413.26.jpg","keywords":["Africa Press","Africa Press-Togo","Togo"],"articleSection":["Politique","Toutes les actualit\u00e9s"],"inLanguage":"fr-FR","potentialAction":[{"@type":"CommentAction","name":"Comment","target":["https:\/\/www.africa-press.net\/togo\/politique\/togo-presidentielle-de-2020-agbeyome-na-pas-tourne-la-page#respond"]}]},{"@type":"WebPage","@id":"https:\/\/www.africa-press.net\/togo\/politique\/togo-presidentielle-de-2020-agbeyome-na-pas-tourne-la-page","url":"https:\/\/www.africa-press.net\/togo\/politique\/togo-presidentielle-de-2020-agbeyome-na-pas-tourne-la-page","name":"Togo- Pr\u00e9sidentielle de 2020: Agb\u00e9yom\u00e9 n\u2019a pas tourn\u00e9 la page - Togo","isPartOf":{"@id":"https:\/\/www.africa-press.net\/togo\/#website"},"primaryImageOfPage":{"@id":"https:\/\/www.africa-press.net\/togo\/politique\/togo-presidentielle-de-2020-agbeyome-na-pas-tourne-la-page#primaryimage"},"image":{"@id":"https:\/\/www.africa-press.net\/togo\/politique\/togo-presidentielle-de-2020-agbeyome-na-pas-tourne-la-page#primaryimage"},"thumbnailUrl":"https:\/\/static.africa-press.net\/togo\/sites\/58\/2023\/02\/postQueueImg_1677338413.26.jpg","datePublished":"2023-02-25T18:50:07+00:00","dateModified":"2023-02-25T19:20:58+00:00","author":{"@id":"https:\/\/www.africa-press.net\/togo\/#\/schema\/person\/2b1cf3cd81a31e3cd26889ca66d677f1"},"description":"Discours du \u00ab pre\u0301sident de\u0301mocratiquement e\u0301lu \u00bb, Dr Gabriel M. Kodjo Agbe\u0301yome\u0301, a\u0300 l\u2019 occasion du troisie\u0300me anniv ...","breadcrumb":{"@id":"https:\/\/www.africa-press.net\/togo\/politique\/togo-presidentielle-de-2020-agbeyome-na-pas-tourne-la-page#breadcrumb"},"inLanguage":"fr-FR","potentialAction":[{"@type":"ReadAction","target":["https:\/\/www.africa-press.net\/togo\/politique\/togo-presidentielle-de-2020-agbeyome-na-pas-tourne-la-page"]}]},{"@type":"ImageObject","inLanguage":"fr-FR","@id":"https:\/\/www.africa-press.net\/togo\/politique\/togo-presidentielle-de-2020-agbeyome-na-pas-tourne-la-page#primaryimage","url":"https:\/\/static.africa-press.net\/togo\/sites\/58\/2023\/02\/postQueueImg_1677338413.26.jpg","contentUrl":"https:\/\/static.africa-press.net\/togo\/sites\/58\/2023\/02\/postQueueImg_1677338413.26.jpg","width":1282,"height":800,"caption":"Togo- Pr\u00e9sidentielle de 2020: Agb\u00e9yom\u00e9 n\u2019a pas tourn\u00e9 la page"},{"@type":"BreadcrumbList","@id":"https:\/\/www.africa-press.net\/togo\/politique\/togo-presidentielle-de-2020-agbeyome-na-pas-tourne-la-page#breadcrumb","itemListElement":[{"@type":"ListItem","position":1,"name":"Accueil","item":"https:\/\/www.africa-press.net\/togo\/"},{"@type":"ListItem","position":2,"name":"Togo- Pr\u00e9sidentielle de 2020: Agb\u00e9yom\u00e9 n\u2019a pas tourn\u00e9 la page"}]},{"@type":"WebSite","@id":"https:\/\/www.africa-press.net\/togo\/#website","url":"https:\/\/www.africa-press.net\/togo\/","name":"Togo","description":"Just another Africa News Agency Sites site","potentialAction":[{"@type":"SearchAction","target":{"@type":"EntryPoint","urlTemplate":"https:\/\/www.africa-press.net\/togo\/?s={search_term_string}"},"query-input":{"@type":"PropertyValueSpecification","valueRequired":true,"valueName":"search_term_string"}}],"inLanguage":"fr-FR"},{"@type":"Person","@id":"https:\/\/www.africa-press.net\/togo\/#\/schema\/person\/2b1cf3cd81a31e3cd26889ca66d677f1","name":"cfeditorfr"}]}},"_links":{"self":[{"href":"https:\/\/www.africa-press.net\/togo\/wp-json\/wp\/v2\/posts\/17807","targetHints":{"allow":["GET"]}}],"collection":[{"href":"https:\/\/www.africa-press.net\/togo\/wp-json\/wp\/v2\/posts"}],"about":[{"href":"https:\/\/www.africa-press.net\/togo\/wp-json\/wp\/v2\/types\/post"}],"author":[{"embeddable":true,"href":"https:\/\/www.africa-press.net\/togo\/wp-json\/wp\/v2\/users\/82"}],"replies":[{"embeddable":true,"href":"https:\/\/www.africa-press.net\/togo\/wp-json\/wp\/v2\/comments?post=17807"}],"version-history":[{"count":0,"href":"https:\/\/www.africa-press.net\/togo\/wp-json\/wp\/v2\/posts\/17807\/revisions"}],"wp:featuredmedia":[{"embeddable":true,"href":"https:\/\/www.africa-press.net\/togo\/wp-json\/wp\/v2\/media\/17806"}],"wp:attachment":[{"href":"https:\/\/www.africa-press.net\/togo\/wp-json\/wp\/v2\/media?parent=17807"}],"wp:term":[{"taxonomy":"category","embeddable":true,"href":"https:\/\/www.africa-press.net\/togo\/wp-json\/wp\/v2\/categories?post=17807"},{"taxonomy":"post_tag","embeddable":true,"href":"https:\/\/www.africa-press.net\/togo\/wp-json\/wp\/v2\/tags?post=17807"}],"curies":[{"name":"wp","href":"https:\/\/api.w.org\/{rel}","templated":true}]}}