{"id":17809,"date":"2023-02-25T18:50:23","date_gmt":"2023-02-25T18:50:23","guid":{"rendered":"https:\/\/www.africa-press.net\/togo\/politique\/le-togolais-kodjo-avuletey-elu-membre-du-comite-executif-daips-afrique"},"modified":"2023-02-25T19:21:22","modified_gmt":"2023-02-25T19:21:22","slug":"le-togolais-kodjo-avuletey-elu-membre-du-comite-executif-daips-afrique","status":"publish","type":"post","link":"https:\/\/www.africa-press.net\/togo\/politique\/le-togolais-kodjo-avuletey-elu-membre-du-comite-executif-daips-afrique","title":{"rendered":"Le Togolais Kodjo Avuletey \u00e9lu membre du comit\u00e9 ex\u00e9cutif d\u2019AIPS Afrique"},"content":{"rendered":"<p><span style=\"color: #ff6600\"><strong>Africa-Press &#8211; Togo. <\/strong><\/span><b>Le Dr Kodjo Avuletey, Secre\u0301taire Ge\u0301ne\u0301ral de l\u2019Association des journalistes sportifs du Togo (AJST), a e\u0301te\u0301 e\u0301lu, ce samedi 25 fe\u0301vrier 2023, membre du comite\u0301 exe\u0301cutif de l\u2019instance africaine de l\u2019Association internationale de la presse sportive (AIPS).<\/b><\/p>\n<p>Au sein du comite\u0301, quatre nouveaux membres ont e\u0301te\u0301 e\u0301lus avec Je\u0301ro\u0302me Tiendrebeogo du Burkina Faso en te\u0302te (17 voix), Kodjo Avuletey du Togo a rec\u0327u 14 voix, Fridolin Wambombo de la Re\u0301publique centrafricaine a obtenu 12 voix et Mme Kadiatou Traore\u0301 de Guine\u0301e a obtenu 11 voix, a annonce\u0301 l\u2019association ce samedi, dernier jour des trois jours du congre\u0300s AIPS Afrique a\u0300 Dakar.<\/p>\n<p>Le Marocain Morad Moutaouakkil, qui a de\u0301missionne\u0301 de sa candidature au poste de pre\u0301sident, a conserve\u0301 son premier sie\u0300ge de vice-pre\u0301sident sans opposition apre\u0300s le retrait du mufti soudanais Mohammed et de Nazim Bessol d\u2019Alge\u0301rie.<\/p>\n<p>Le Se\u0301ne\u0301galais Abdoualye Thiam est e\u0301galement devenu le nouveau pre\u0301sident de l\u2019AIPS Afrique. Thiam, qui dirige l\u2019Association nationale de la presse sportive du Se\u0301ne\u0301gal, succe\u0300de au Nige\u0301rian Mitchell Obi qui a choisi de ne pas se repre\u0301senter apre\u0300s dix ans.<\/p>\n<p>\u00abComme nous nous sommes mis d\u2019accord sur les postes de direction, nous voulons montrer la voie que nous allons suivre en tant que nouvelle e\u0301quipe pre\u0301sentant l\u2019Afrique comme un continent uni avec une volonte\u0301 de faire avancer les choses&#8230; Je suis heureux que nos colle\u0300gues africains aient compris ceci et les remercie pour la confiance \u00bb, a confie\u0301 le nouveau patron de l\u2019instance continentale.<\/p>\n<p>Fonde\u0301e en 1924 lors des Jeux olympiques de Paris, l\u2019AIPS s\u2019est construite avec la conviction de renforcer la coope\u0301ration entre ses associations membres dans la de\u0301fense des inte\u0301re\u0302ts sportifs et professionnels et de renforcer l\u2019amitie\u0301 et la solidarite\u0301 entre les journalistes sportifs de tous les pays.<\/p>\n<p><b>Liste comple\u0300te du nouveau bureau exe\u0301cutif <\/b>: <b>Pre\u0301sident: <\/b>Abdoulaye Thiam \u2013 Se\u0301ne\u0301gal<\/p>\n<p><b>1er vice-pre\u0301sident<\/b> : Morad Moutaouakkil \u2013 Maroc <b>Vice-pre\u0301sidents<\/b>: Chris Mbaisi \u2013 Kenya Mme Bertille Missi Bikoun \u2013 Cameroom, Oumar Baba Traore\u0301 \u2013 Mali, Nazim Bessol \u2013 Alge\u0301rie<\/p>\n<p><b>Secre\u0301taire ge\u0301ne\u0301ral<\/b>: Moussa Sisse\u0301<\/p>\n<p><b>Tre\u0301sorie\u0300re<\/b> Liliane Nshimirinana <b>Membres<\/b>: Je\u0301ro\u0302me Tiendrebeogo \u2013 Burkina Faso Kodjo Avuletey \u2013 Togo, Fridolin Wambobo Kpengoulagna \u2013 Re\u0301publique centrafricaine, Kadiatou Traore\u0301 \u2013 Guine\u0301e<\/p>\n<p><strong>Pour plus d&rsquo;informations et d&rsquo;analyses sur la <a href=\"https:\/\/www.africa-press.net\/togo\">Togo<\/a>, suivez <a href=\"https:\/\/www.africa-press.net\/\">Africa-Press<\/a><\/strong><\/p>\n","protected":false},"excerpt":{"rendered":"<p>Africa-Press &#8211; Togo. Le Dr Kodjo Avuletey, Secre\u0301taire Ge\u0301ne\u0301ral de l\u2019Association des journalistes sportifs du Togo (AJST), a e\u0301te\u0301 e\u0301lu, ce samedi 25 fe\u0301vrier 2023, membre du comite\u0301 exe\u0301cutif de l\u2019instance africaine de l\u2019Association internationale de la presse sportive (AIPS). Au sein du comite\u0301, quatre nouveaux membres ont e\u0301te\u0301 e\u0301lus avec Je\u0301ro\u0302me Tiendrebeogo du Burkina [&hellip;]<\/p>\n","protected":false},"author":82,"featured_media":17808,"comment_status":"open","ping_status":"closed","sticky":false,"template":"","format":"standard","meta":{"footnotes":""},"categories":[2,10],"tags":[36,49,50],"class_list":["post-17809","post","type-post","status-publish","format-standard","has-post-thumbnail","hentry","category-politique","category-toutes-les-actualites","tag-africa-press","tag-africa-press-togo","tag-togo"],"yoast_head":"<!-- This site is optimized with the Yoast SEO Premium plugin v26.1 (Yoast SEO v27.0) - https:\/\/yoast.com\/product\/yoast-seo-premium-wordpress\/ -->\n<title>Le Togolais Kodjo Avuletey \u00e9lu membre du comit\u00e9 ex\u00e9cutif d\u2019AIPS Afrique - Togo<\/title>\n<meta name=\"description\" content=\"Le Dr Kodjo Avuletey, Secre\u0301taire Ge\u0301ne\u0301ral de l\u2019Association des journalistes sportifs du Togo (AJST), a e\u0301te\u0301 e\u0301lu, ...\" \/>\n<meta name=\"robots\" content=\"index, follow, max-snippet:-1, max-image-preview:large, max-video-preview:-1\" \/>\n<link rel=\"canonical\" href=\"https:\/\/www.africa-press.net\/togo\/politique\/le-togolais-kodjo-avuletey-elu-membre-du-comite-executif-daips-afrique\" \/>\n<meta property=\"og:locale\" content=\"fr_FR\" \/>\n<meta property=\"og:type\" content=\"article\" \/>\n<meta property=\"og:title\" content=\"Le Togolais Kodjo Avuletey \u00e9lu membre du comit\u00e9 ex\u00e9cutif d\u2019AIPS Afrique\" \/>\n<meta property=\"og:description\" content=\"Le Dr Kodjo Avuletey, Secre\u0301taire Ge\u0301ne\u0301ral de l\u2019Association des journalistes sportifs du Togo (AJST), a e\u0301te\u0301 e\u0301lu, ...\" \/>\n<meta property=\"og:url\" content=\"https:\/\/www.africa-press.net\/togo\/politique\/le-togolais-kodjo-avuletey-elu-membre-du-comite-executif-daips-afrique\" \/>\n<meta property=\"og:site_name\" content=\"Togo\" \/>\n<meta property=\"article:published_time\" content=\"2023-02-25T18:50:23+00:00\" \/>\n<meta property=\"article:modified_time\" content=\"2023-02-25T19:21:22+00:00\" \/>\n<meta property=\"og:image\" content=\"https:\/\/static.africa-press.net\/togo\/sites\/58\/2023\/02\/postQueueImg_1677338427.88.jpg\" \/>\n\t<meta property=\"og:image:width\" content=\"1729\" \/>\n\t<meta property=\"og:image:height\" content=\"1080\" \/>\n\t<meta property=\"og:image:type\" content=\"image\/jpeg\" \/>\n<meta name=\"author\" content=\"cfeditorfr\" \/>\n<meta name=\"twitter:card\" content=\"summary_large_image\" \/>\n<meta name=\"twitter:label1\" content=\"\u00c9crit par\" \/>\n\t<meta name=\"twitter:data1\" content=\"cfeditorfr\" \/>\n\t<meta name=\"twitter:label2\" content=\"Dur\u00e9e de lecture estim\u00e9e\" \/>\n\t<meta name=\"twitter:data2\" content=\"2 minutes\" \/>\n<script type=\"application\/ld+json\" class=\"yoast-schema-graph\">{\"@context\":\"https:\/\/schema.org\",\"@graph\":[{\"@type\":\"Article\",\"@id\":\"https:\/\/www.africa-press.net\/togo\/politique\/le-togolais-kodjo-avuletey-elu-membre-du-comite-executif-daips-afrique#article\",\"isPartOf\":{\"@id\":\"https:\/\/www.africa-press.net\/togo\/politique\/le-togolais-kodjo-avuletey-elu-membre-du-comite-executif-daips-afrique\"},\"author\":{\"name\":\"cfeditorfr\",\"@id\":\"https:\/\/www.africa-press.net\/togo\/#\/schema\/person\/2b1cf3cd81a31e3cd26889ca66d677f1\"},\"headline\":\"Le Togolais Kodjo Avuletey \u00e9lu membre du comit\u00e9 ex\u00e9cutif d\u2019AIPS Afrique\",\"datePublished\":\"2023-02-25T18:50:23+00:00\",\"dateModified\":\"2023-02-25T19:21:22+00:00\",\"mainEntityOfPage\":{\"@id\":\"https:\/\/www.africa-press.net\/togo\/politique\/le-togolais-kodjo-avuletey-elu-membre-du-comite-executif-daips-afrique\"},\"wordCount\":430,\"commentCount\":0,\"image\":{\"@id\":\"https:\/\/www.africa-press.net\/togo\/politique\/le-togolais-kodjo-avuletey-elu-membre-du-comite-executif-daips-afrique#primaryimage\"},\"thumbnailUrl\":\"https:\/\/static.africa-press.net\/togo\/sites\/58\/2023\/02\/postQueueImg_1677338427.88.jpg\",\"keywords\":[\"Africa Press\",\"Africa Press-Togo\",\"Togo\"],\"articleSection\":[\"Politique\",\"Toutes les actualit\u00e9s\"],\"inLanguage\":\"fr-FR\",\"potentialAction\":[{\"@type\":\"CommentAction\",\"name\":\"Comment\",\"target\":[\"https:\/\/www.africa-press.net\/togo\/politique\/le-togolais-kodjo-avuletey-elu-membre-du-comite-executif-daips-afrique#respond\"]}]},{\"@type\":\"WebPage\",\"@id\":\"https:\/\/www.africa-press.net\/togo\/politique\/le-togolais-kodjo-avuletey-elu-membre-du-comite-executif-daips-afrique\",\"url\":\"https:\/\/www.africa-press.net\/togo\/politique\/le-togolais-kodjo-avuletey-elu-membre-du-comite-executif-daips-afrique\",\"name\":\"Le Togolais Kodjo Avuletey \u00e9lu membre du comit\u00e9 ex\u00e9cutif d\u2019AIPS Afrique - Togo\",\"isPartOf\":{\"@id\":\"https:\/\/www.africa-press.net\/togo\/#website\"},\"primaryImageOfPage\":{\"@id\":\"https:\/\/www.africa-press.net\/togo\/politique\/le-togolais-kodjo-avuletey-elu-membre-du-comite-executif-daips-afrique#primaryimage\"},\"image\":{\"@id\":\"https:\/\/www.africa-press.net\/togo\/politique\/le-togolais-kodjo-avuletey-elu-membre-du-comite-executif-daips-afrique#primaryimage\"},\"thumbnailUrl\":\"https:\/\/static.africa-press.net\/togo\/sites\/58\/2023\/02\/postQueueImg_1677338427.88.jpg\",\"datePublished\":\"2023-02-25T18:50:23+00:00\",\"dateModified\":\"2023-02-25T19:21:22+00:00\",\"author\":{\"@id\":\"https:\/\/www.africa-press.net\/togo\/#\/schema\/person\/2b1cf3cd81a31e3cd26889ca66d677f1\"},\"description\":\"Le Dr Kodjo Avuletey, Secre\u0301taire Ge\u0301ne\u0301ral de l\u2019Association des journalistes sportifs du Togo (AJST), a e\u0301te\u0301 e\u0301lu, ...\",\"breadcrumb\":{\"@id\":\"https:\/\/www.africa-press.net\/togo\/politique\/le-togolais-kodjo-avuletey-elu-membre-du-comite-executif-daips-afrique#breadcrumb\"},\"inLanguage\":\"fr-FR\",\"potentialAction\":[{\"@type\":\"ReadAction\",\"target\":[\"https:\/\/www.africa-press.net\/togo\/politique\/le-togolais-kodjo-avuletey-elu-membre-du-comite-executif-daips-afrique\"]}]},{\"@type\":\"ImageObject\",\"inLanguage\":\"fr-FR\",\"@id\":\"https:\/\/www.africa-press.net\/togo\/politique\/le-togolais-kodjo-avuletey-elu-membre-du-comite-executif-daips-afrique#primaryimage\",\"url\":\"https:\/\/static.africa-press.net\/togo\/sites\/58\/2023\/02\/postQueueImg_1677338427.88.jpg\",\"contentUrl\":\"https:\/\/static.africa-press.net\/togo\/sites\/58\/2023\/02\/postQueueImg_1677338427.88.jpg\",\"width\":1729,\"height\":1080,\"caption\":\"Le Togolais Kodjo Avuletey \u00e9lu membre du comit\u00e9 ex\u00e9cutif d\u2019AIPS Afrique\"},{\"@type\":\"BreadcrumbList\",\"@id\":\"https:\/\/www.africa-press.net\/togo\/politique\/le-togolais-kodjo-avuletey-elu-membre-du-comite-executif-daips-afrique#breadcrumb\",\"itemListElement\":[{\"@type\":\"ListItem\",\"position\":1,\"name\":\"Accueil\",\"item\":\"https:\/\/www.africa-press.net\/togo\/\"},{\"@type\":\"ListItem\",\"position\":2,\"name\":\"Le Togolais Kodjo Avuletey \u00e9lu membre du comit\u00e9 ex\u00e9cutif d\u2019AIPS Afrique\"}]},{\"@type\":\"WebSite\",\"@id\":\"https:\/\/www.africa-press.net\/togo\/#website\",\"url\":\"https:\/\/www.africa-press.net\/togo\/\",\"name\":\"Togo\",\"description\":\"Just another Africa News Agency Sites site\",\"potentialAction\":[{\"@type\":\"SearchAction\",\"target\":{\"@type\":\"EntryPoint\",\"urlTemplate\":\"https:\/\/www.africa-press.net\/togo\/?s={search_term_string}\"},\"query-input\":{\"@type\":\"PropertyValueSpecification\",\"valueRequired\":true,\"valueName\":\"search_term_string\"}}],\"inLanguage\":\"fr-FR\"},{\"@type\":\"Person\",\"@id\":\"https:\/\/www.africa-press.net\/togo\/#\/schema\/person\/2b1cf3cd81a31e3cd26889ca66d677f1\",\"name\":\"cfeditorfr\"}]}<\/script>\n<!-- \/ Yoast SEO Premium plugin. -->","yoast_head_json":{"title":"Le Togolais Kodjo Avuletey \u00e9lu membre du comit\u00e9 ex\u00e9cutif d\u2019AIPS Afrique - Togo","description":"Le Dr Kodjo Avuletey, Secre\u0301taire Ge\u0301ne\u0301ral de l\u2019Association des journalistes sportifs du Togo (AJST), a e\u0301te\u0301 e\u0301lu, ...","robots":{"index":"index","follow":"follow","max-snippet":"max-snippet:-1","max-image-preview":"max-image-preview:large","max-video-preview":"max-video-preview:-1"},"canonical":"https:\/\/www.africa-press.net\/togo\/politique\/le-togolais-kodjo-avuletey-elu-membre-du-comite-executif-daips-afrique","og_locale":"fr_FR","og_type":"article","og_title":"Le Togolais Kodjo Avuletey \u00e9lu membre du comit\u00e9 ex\u00e9cutif d\u2019AIPS Afrique","og_description":"Le Dr Kodjo Avuletey, Secre\u0301taire Ge\u0301ne\u0301ral de l\u2019Association des journalistes sportifs du Togo (AJST), a e\u0301te\u0301 e\u0301lu, ...","og_url":"https:\/\/www.africa-press.net\/togo\/politique\/le-togolais-kodjo-avuletey-elu-membre-du-comite-executif-daips-afrique","og_site_name":"Togo","article_published_time":"2023-02-25T18:50:23+00:00","article_modified_time":"2023-02-25T19:21:22+00:00","og_image":[{"width":1729,"height":1080,"url":"https:\/\/static.africa-press.net\/togo\/sites\/58\/2023\/02\/postQueueImg_1677338427.88.jpg","type":"image\/jpeg"}],"author":"cfeditorfr","twitter_card":"summary_large_image","twitter_misc":{"\u00c9crit par":"cfeditorfr","Dur\u00e9e de lecture estim\u00e9e":"2 minutes"},"schema":{"@context":"https:\/\/schema.org","@graph":[{"@type":"Article","@id":"https:\/\/www.africa-press.net\/togo\/politique\/le-togolais-kodjo-avuletey-elu-membre-du-comite-executif-daips-afrique#article","isPartOf":{"@id":"https:\/\/www.africa-press.net\/togo\/politique\/le-togolais-kodjo-avuletey-elu-membre-du-comite-executif-daips-afrique"},"author":{"name":"cfeditorfr","@id":"https:\/\/www.africa-press.net\/togo\/#\/schema\/person\/2b1cf3cd81a31e3cd26889ca66d677f1"},"headline":"Le Togolais Kodjo Avuletey \u00e9lu membre du comit\u00e9 ex\u00e9cutif d\u2019AIPS Afrique","datePublished":"2023-02-25T18:50:23+00:00","dateModified":"2023-02-25T19:21:22+00:00","mainEntityOfPage":{"@id":"https:\/\/www.africa-press.net\/togo\/politique\/le-togolais-kodjo-avuletey-elu-membre-du-comite-executif-daips-afrique"},"wordCount":430,"commentCount":0,"image":{"@id":"https:\/\/www.africa-press.net\/togo\/politique\/le-togolais-kodjo-avuletey-elu-membre-du-comite-executif-daips-afrique#primaryimage"},"thumbnailUrl":"https:\/\/static.africa-press.net\/togo\/sites\/58\/2023\/02\/postQueueImg_1677338427.88.jpg","keywords":["Africa Press","Africa Press-Togo","Togo"],"articleSection":["Politique","Toutes les actualit\u00e9s"],"inLanguage":"fr-FR","potentialAction":[{"@type":"CommentAction","name":"Comment","target":["https:\/\/www.africa-press.net\/togo\/politique\/le-togolais-kodjo-avuletey-elu-membre-du-comite-executif-daips-afrique#respond"]}]},{"@type":"WebPage","@id":"https:\/\/www.africa-press.net\/togo\/politique\/le-togolais-kodjo-avuletey-elu-membre-du-comite-executif-daips-afrique","url":"https:\/\/www.africa-press.net\/togo\/politique\/le-togolais-kodjo-avuletey-elu-membre-du-comite-executif-daips-afrique","name":"Le Togolais Kodjo Avuletey \u00e9lu membre du comit\u00e9 ex\u00e9cutif d\u2019AIPS Afrique - Togo","isPartOf":{"@id":"https:\/\/www.africa-press.net\/togo\/#website"},"primaryImageOfPage":{"@id":"https:\/\/www.africa-press.net\/togo\/politique\/le-togolais-kodjo-avuletey-elu-membre-du-comite-executif-daips-afrique#primaryimage"},"image":{"@id":"https:\/\/www.africa-press.net\/togo\/politique\/le-togolais-kodjo-avuletey-elu-membre-du-comite-executif-daips-afrique#primaryimage"},"thumbnailUrl":"https:\/\/static.africa-press.net\/togo\/sites\/58\/2023\/02\/postQueueImg_1677338427.88.jpg","datePublished":"2023-02-25T18:50:23+00:00","dateModified":"2023-02-25T19:21:22+00:00","author":{"@id":"https:\/\/www.africa-press.net\/togo\/#\/schema\/person\/2b1cf3cd81a31e3cd26889ca66d677f1"},"description":"Le Dr Kodjo Avuletey, Secre\u0301taire Ge\u0301ne\u0301ral de l\u2019Association des journalistes sportifs du Togo (AJST), a e\u0301te\u0301 e\u0301lu, ...","breadcrumb":{"@id":"https:\/\/www.africa-press.net\/togo\/politique\/le-togolais-kodjo-avuletey-elu-membre-du-comite-executif-daips-afrique#breadcrumb"},"inLanguage":"fr-FR","potentialAction":[{"@type":"ReadAction","target":["https:\/\/www.africa-press.net\/togo\/politique\/le-togolais-kodjo-avuletey-elu-membre-du-comite-executif-daips-afrique"]}]},{"@type":"ImageObject","inLanguage":"fr-FR","@id":"https:\/\/www.africa-press.net\/togo\/politique\/le-togolais-kodjo-avuletey-elu-membre-du-comite-executif-daips-afrique#primaryimage","url":"https:\/\/static.africa-press.net\/togo\/sites\/58\/2023\/02\/postQueueImg_1677338427.88.jpg","contentUrl":"https:\/\/static.africa-press.net\/togo\/sites\/58\/2023\/02\/postQueueImg_1677338427.88.jpg","width":1729,"height":1080,"caption":"Le Togolais Kodjo Avuletey \u00e9lu membre du comit\u00e9 ex\u00e9cutif d\u2019AIPS Afrique"},{"@type":"BreadcrumbList","@id":"https:\/\/www.africa-press.net\/togo\/politique\/le-togolais-kodjo-avuletey-elu-membre-du-comite-executif-daips-afrique#breadcrumb","itemListElement":[{"@type":"ListItem","position":1,"name":"Accueil","item":"https:\/\/www.africa-press.net\/togo\/"},{"@type":"ListItem","position":2,"name":"Le Togolais Kodjo Avuletey \u00e9lu membre du comit\u00e9 ex\u00e9cutif d\u2019AIPS Afrique"}]},{"@type":"WebSite","@id":"https:\/\/www.africa-press.net\/togo\/#website","url":"https:\/\/www.africa-press.net\/togo\/","name":"Togo","description":"Just another Africa News Agency Sites site","potentialAction":[{"@type":"SearchAction","target":{"@type":"EntryPoint","urlTemplate":"https:\/\/www.africa-press.net\/togo\/?s={search_term_string}"},"query-input":{"@type":"PropertyValueSpecification","valueRequired":true,"valueName":"search_term_string"}}],"inLanguage":"fr-FR"},{"@type":"Person","@id":"https:\/\/www.africa-press.net\/togo\/#\/schema\/person\/2b1cf3cd81a31e3cd26889ca66d677f1","name":"cfeditorfr"}]}},"_links":{"self":[{"href":"https:\/\/www.africa-press.net\/togo\/wp-json\/wp\/v2\/posts\/17809","targetHints":{"allow":["GET"]}}],"collection":[{"href":"https:\/\/www.africa-press.net\/togo\/wp-json\/wp\/v2\/posts"}],"about":[{"href":"https:\/\/www.africa-press.net\/togo\/wp-json\/wp\/v2\/types\/post"}],"author":[{"embeddable":true,"href":"https:\/\/www.africa-press.net\/togo\/wp-json\/wp\/v2\/users\/82"}],"replies":[{"embeddable":true,"href":"https:\/\/www.africa-press.net\/togo\/wp-json\/wp\/v2\/comments?post=17809"}],"version-history":[{"count":0,"href":"https:\/\/www.africa-press.net\/togo\/wp-json\/wp\/v2\/posts\/17809\/revisions"}],"wp:featuredmedia":[{"embeddable":true,"href":"https:\/\/www.africa-press.net\/togo\/wp-json\/wp\/v2\/media\/17808"}],"wp:attachment":[{"href":"https:\/\/www.africa-press.net\/togo\/wp-json\/wp\/v2\/media?parent=17809"}],"wp:term":[{"taxonomy":"category","embeddable":true,"href":"https:\/\/www.africa-press.net\/togo\/wp-json\/wp\/v2\/categories?post=17809"},{"taxonomy":"post_tag","embeddable":true,"href":"https:\/\/www.africa-press.net\/togo\/wp-json\/wp\/v2\/tags?post=17809"}],"curies":[{"name":"wp","href":"https:\/\/api.w.org\/{rel}","templated":true}]}}