{"id":17823,"date":"2023-02-26T19:32:32","date_gmt":"2023-02-26T19:32:32","guid":{"rendered":"https:\/\/www.africa-press.net\/togo\/politique\/que-font-des-parlementaires-togolais-en-belgique-ce-week-end"},"modified":"2023-02-26T20:21:35","modified_gmt":"2023-02-26T20:21:35","slug":"que-font-des-parlementaires-togolais-en-belgique-ce-week-end","status":"publish","type":"post","link":"https:\/\/www.africa-press.net\/togo\/politique\/que-font-des-parlementaires-togolais-en-belgique-ce-week-end","title":{"rendered":"Que font des parlementaires Togolais en Belgique ce week-end?"},"content":{"rendered":"<p><span style=\"color: #ff6600\"><strong>Africa-Press &#8211; Togo. <\/strong><\/span><b>L\u2019Assemble\u0301e parlementaire de l\u2019Organisation des E\u0301tats d\u2019Afrique, des Carai\u0308bes et du Pacifique (OEACP) organise une session spe\u0301ciale sur l\u2019accord de partenariat OACPS-UE. Le Togo a e\u0301galement envoye\u0301 une de\u0301le\u0301gation a\u0300 cet e\u0301ve\u0301nement qui se tient ce week-end au Secre\u0301tariat de l\u2019OEACP a\u0300 Bruxelles, en Belgique.<\/b><\/p>\n<p>Selon nos informations, une de\u0301le\u0301gation du Togo compose\u0301e d\u2019un certain nombre de de\u0301pute\u0301s Togolais prend part a\u0300 cette session.<\/p>\n<p>En tant que ne\u0301gociateur en chef de l\u2019OACPS du nouvel accord entre l\u2019organisation et l\u2019Union Europe\u0301enne, le ministre Togolais des Affaires e\u0301trange\u0300res, Robert Dussey, participe e\u0301galement a\u0300 la re\u0301union.<\/p>\n<p>Selon les organisateurs, Dussey a pre\u0301sente\u0301 samedi, son rapport, tout en appelant les parlementaires a\u0300 solliciter le soutien de leurs colle\u0300gues du Parlement Europe\u0301en pour la signature du nouvel accord.<\/p>\n<p>Compose\u0301e de 79 E\u0301tats membres d\u2019Afrique, des Carai\u0308bes et du Pacifique, l\u2019Organisation des E\u0301tats d\u2019Afrique, des Carai\u0308bes et du Pacifique (OEACP) s\u2019efforce de re\u0301aliser le de\u0301veloppement durable de ses membres et leur inte\u0301gration progressive dans l\u2019e\u0301conomie mondiale.<\/p>\n<p><strong>Pour plus d&rsquo;informations et d&rsquo;analyses sur la <a href=\"https:\/\/www.africa-press.net\/togo\">Togo<\/a>, suivez <a href=\"https:\/\/www.africa-press.net\/\">Africa-Press<\/a><\/strong><\/p>\n","protected":false},"excerpt":{"rendered":"<p>Africa-Press &#8211; Togo. L\u2019Assemble\u0301e parlementaire de l\u2019Organisation des E\u0301tats d\u2019Afrique, des Carai\u0308bes et du Pacifique (OEACP) organise une session spe\u0301ciale sur l\u2019accord de partenariat OACPS-UE. Le Togo a e\u0301galement envoye\u0301 une de\u0301le\u0301gation a\u0300 cet e\u0301ve\u0301nement qui se tient ce week-end au Secre\u0301tariat de l\u2019OEACP a\u0300 Bruxelles, en Belgique. Selon nos informations, une de\u0301le\u0301gation du Togo [&hellip;]<\/p>\n","protected":false},"author":82,"featured_media":17822,"comment_status":"open","ping_status":"closed","sticky":false,"template":"","format":"standard","meta":{"footnotes":""},"categories":[2,10],"tags":[36,49,50],"class_list":["post-17823","post","type-post","status-publish","format-standard","has-post-thumbnail","hentry","category-politique","category-toutes-les-actualites","tag-africa-press","tag-africa-press-togo","tag-togo"],"yoast_head":"<!-- This site is optimized with the Yoast SEO Premium plugin v26.1 (Yoast SEO v27.0) - https:\/\/yoast.com\/product\/yoast-seo-premium-wordpress\/ -->\n<title>Que font des parlementaires Togolais en Belgique ce week-end? - Togo<\/title>\n<meta name=\"description\" content=\"L\u2019Assemble\u0301e parlementaire de l\u2019Organisation des E\u0301tats d\u2019Afrique, des Carai\u0308bes et du Pacifique (OEACP) organise une ...\" \/>\n<meta name=\"robots\" content=\"index, follow, max-snippet:-1, max-image-preview:large, max-video-preview:-1\" \/>\n<link rel=\"canonical\" href=\"https:\/\/www.africa-press.net\/togo\/politique\/que-font-des-parlementaires-togolais-en-belgique-ce-week-end\" \/>\n<meta property=\"og:locale\" content=\"fr_FR\" \/>\n<meta property=\"og:type\" content=\"article\" \/>\n<meta property=\"og:title\" content=\"Que font des parlementaires Togolais en Belgique ce week-end?\" \/>\n<meta property=\"og:description\" content=\"L\u2019Assemble\u0301e parlementaire de l\u2019Organisation des E\u0301tats d\u2019Afrique, des Carai\u0308bes et du Pacifique (OEACP) organise une ...\" \/>\n<meta property=\"og:url\" content=\"https:\/\/www.africa-press.net\/togo\/politique\/que-font-des-parlementaires-togolais-en-belgique-ce-week-end\" \/>\n<meta property=\"og:site_name\" content=\"Togo\" \/>\n<meta property=\"article:published_time\" content=\"2023-02-26T19:32:32+00:00\" \/>\n<meta property=\"article:modified_time\" content=\"2023-02-26T20:21:35+00:00\" \/>\n<meta property=\"og:image\" content=\"https:\/\/static.africa-press.net\/togo\/sites\/58\/2023\/02\/postQueueImg_1677427354.70.jpg\" \/>\n\t<meta property=\"og:image:width\" content=\"1024\" \/>\n\t<meta property=\"og:image:height\" content=\"768\" \/>\n\t<meta property=\"og:image:type\" content=\"image\/jpeg\" \/>\n<meta name=\"author\" content=\"cfeditorfr\" \/>\n<meta name=\"twitter:card\" content=\"summary_large_image\" \/>\n<meta name=\"twitter:label1\" content=\"\u00c9crit par\" \/>\n\t<meta name=\"twitter:data1\" content=\"cfeditorfr\" \/>\n\t<meta name=\"twitter:label2\" content=\"Dur\u00e9e de lecture estim\u00e9e\" \/>\n\t<meta name=\"twitter:data2\" content=\"1 minute\" \/>\n<script type=\"application\/ld+json\" class=\"yoast-schema-graph\">{\"@context\":\"https:\/\/schema.org\",\"@graph\":[{\"@type\":\"Article\",\"@id\":\"https:\/\/www.africa-press.net\/togo\/politique\/que-font-des-parlementaires-togolais-en-belgique-ce-week-end#article\",\"isPartOf\":{\"@id\":\"https:\/\/www.africa-press.net\/togo\/politique\/que-font-des-parlementaires-togolais-en-belgique-ce-week-end\"},\"author\":{\"name\":\"cfeditorfr\",\"@id\":\"https:\/\/www.africa-press.net\/togo\/#\/schema\/person\/2b1cf3cd81a31e3cd26889ca66d677f1\"},\"headline\":\"Que font des parlementaires Togolais en Belgique ce week-end?\",\"datePublished\":\"2023-02-26T19:32:32+00:00\",\"dateModified\":\"2023-02-26T20:21:35+00:00\",\"mainEntityOfPage\":{\"@id\":\"https:\/\/www.africa-press.net\/togo\/politique\/que-font-des-parlementaires-togolais-en-belgique-ce-week-end\"},\"wordCount\":230,\"commentCount\":0,\"image\":{\"@id\":\"https:\/\/www.africa-press.net\/togo\/politique\/que-font-des-parlementaires-togolais-en-belgique-ce-week-end#primaryimage\"},\"thumbnailUrl\":\"https:\/\/static.africa-press.net\/togo\/sites\/58\/2023\/02\/postQueueImg_1677427354.70.jpg\",\"keywords\":[\"Africa Press\",\"Africa Press-Togo\",\"Togo\"],\"articleSection\":[\"Politique\",\"Toutes les actualit\u00e9s\"],\"inLanguage\":\"fr-FR\",\"potentialAction\":[{\"@type\":\"CommentAction\",\"name\":\"Comment\",\"target\":[\"https:\/\/www.africa-press.net\/togo\/politique\/que-font-des-parlementaires-togolais-en-belgique-ce-week-end#respond\"]}]},{\"@type\":\"WebPage\",\"@id\":\"https:\/\/www.africa-press.net\/togo\/politique\/que-font-des-parlementaires-togolais-en-belgique-ce-week-end\",\"url\":\"https:\/\/www.africa-press.net\/togo\/politique\/que-font-des-parlementaires-togolais-en-belgique-ce-week-end\",\"name\":\"Que font des parlementaires Togolais en Belgique ce week-end? - Togo\",\"isPartOf\":{\"@id\":\"https:\/\/www.africa-press.net\/togo\/#website\"},\"primaryImageOfPage\":{\"@id\":\"https:\/\/www.africa-press.net\/togo\/politique\/que-font-des-parlementaires-togolais-en-belgique-ce-week-end#primaryimage\"},\"image\":{\"@id\":\"https:\/\/www.africa-press.net\/togo\/politique\/que-font-des-parlementaires-togolais-en-belgique-ce-week-end#primaryimage\"},\"thumbnailUrl\":\"https:\/\/static.africa-press.net\/togo\/sites\/58\/2023\/02\/postQueueImg_1677427354.70.jpg\",\"datePublished\":\"2023-02-26T19:32:32+00:00\",\"dateModified\":\"2023-02-26T20:21:35+00:00\",\"author\":{\"@id\":\"https:\/\/www.africa-press.net\/togo\/#\/schema\/person\/2b1cf3cd81a31e3cd26889ca66d677f1\"},\"description\":\"L\u2019Assemble\u0301e parlementaire de l\u2019Organisation des E\u0301tats d\u2019Afrique, des Carai\u0308bes et du Pacifique (OEACP) organise une ...\",\"breadcrumb\":{\"@id\":\"https:\/\/www.africa-press.net\/togo\/politique\/que-font-des-parlementaires-togolais-en-belgique-ce-week-end#breadcrumb\"},\"inLanguage\":\"fr-FR\",\"potentialAction\":[{\"@type\":\"ReadAction\",\"target\":[\"https:\/\/www.africa-press.net\/togo\/politique\/que-font-des-parlementaires-togolais-en-belgique-ce-week-end\"]}]},{\"@type\":\"ImageObject\",\"inLanguage\":\"fr-FR\",\"@id\":\"https:\/\/www.africa-press.net\/togo\/politique\/que-font-des-parlementaires-togolais-en-belgique-ce-week-end#primaryimage\",\"url\":\"https:\/\/static.africa-press.net\/togo\/sites\/58\/2023\/02\/postQueueImg_1677427354.70.jpg\",\"contentUrl\":\"https:\/\/static.africa-press.net\/togo\/sites\/58\/2023\/02\/postQueueImg_1677427354.70.jpg\",\"width\":1024,\"height\":768,\"caption\":\"Que font des parlementaires Togolais en Belgique ce week-end?\"},{\"@type\":\"BreadcrumbList\",\"@id\":\"https:\/\/www.africa-press.net\/togo\/politique\/que-font-des-parlementaires-togolais-en-belgique-ce-week-end#breadcrumb\",\"itemListElement\":[{\"@type\":\"ListItem\",\"position\":1,\"name\":\"Accueil\",\"item\":\"https:\/\/www.africa-press.net\/togo\/\"},{\"@type\":\"ListItem\",\"position\":2,\"name\":\"Que font des parlementaires Togolais en Belgique ce week-end?\"}]},{\"@type\":\"WebSite\",\"@id\":\"https:\/\/www.africa-press.net\/togo\/#website\",\"url\":\"https:\/\/www.africa-press.net\/togo\/\",\"name\":\"Togo\",\"description\":\"Just another Africa News Agency Sites site\",\"potentialAction\":[{\"@type\":\"SearchAction\",\"target\":{\"@type\":\"EntryPoint\",\"urlTemplate\":\"https:\/\/www.africa-press.net\/togo\/?s={search_term_string}\"},\"query-input\":{\"@type\":\"PropertyValueSpecification\",\"valueRequired\":true,\"valueName\":\"search_term_string\"}}],\"inLanguage\":\"fr-FR\"},{\"@type\":\"Person\",\"@id\":\"https:\/\/www.africa-press.net\/togo\/#\/schema\/person\/2b1cf3cd81a31e3cd26889ca66d677f1\",\"name\":\"cfeditorfr\"}]}<\/script>\n<!-- \/ Yoast SEO Premium plugin. -->","yoast_head_json":{"title":"Que font des parlementaires Togolais en Belgique ce week-end? - Togo","description":"L\u2019Assemble\u0301e parlementaire de l\u2019Organisation des E\u0301tats d\u2019Afrique, des Carai\u0308bes et du Pacifique (OEACP) organise une ...","robots":{"index":"index","follow":"follow","max-snippet":"max-snippet:-1","max-image-preview":"max-image-preview:large","max-video-preview":"max-video-preview:-1"},"canonical":"https:\/\/www.africa-press.net\/togo\/politique\/que-font-des-parlementaires-togolais-en-belgique-ce-week-end","og_locale":"fr_FR","og_type":"article","og_title":"Que font des parlementaires Togolais en Belgique ce week-end?","og_description":"L\u2019Assemble\u0301e parlementaire de l\u2019Organisation des E\u0301tats d\u2019Afrique, des Carai\u0308bes et du Pacifique (OEACP) organise une ...","og_url":"https:\/\/www.africa-press.net\/togo\/politique\/que-font-des-parlementaires-togolais-en-belgique-ce-week-end","og_site_name":"Togo","article_published_time":"2023-02-26T19:32:32+00:00","article_modified_time":"2023-02-26T20:21:35+00:00","og_image":[{"width":1024,"height":768,"url":"https:\/\/static.africa-press.net\/togo\/sites\/58\/2023\/02\/postQueueImg_1677427354.70.jpg","type":"image\/jpeg"}],"author":"cfeditorfr","twitter_card":"summary_large_image","twitter_misc":{"\u00c9crit par":"cfeditorfr","Dur\u00e9e de lecture estim\u00e9e":"1 minute"},"schema":{"@context":"https:\/\/schema.org","@graph":[{"@type":"Article","@id":"https:\/\/www.africa-press.net\/togo\/politique\/que-font-des-parlementaires-togolais-en-belgique-ce-week-end#article","isPartOf":{"@id":"https:\/\/www.africa-press.net\/togo\/politique\/que-font-des-parlementaires-togolais-en-belgique-ce-week-end"},"author":{"name":"cfeditorfr","@id":"https:\/\/www.africa-press.net\/togo\/#\/schema\/person\/2b1cf3cd81a31e3cd26889ca66d677f1"},"headline":"Que font des parlementaires Togolais en Belgique ce week-end?","datePublished":"2023-02-26T19:32:32+00:00","dateModified":"2023-02-26T20:21:35+00:00","mainEntityOfPage":{"@id":"https:\/\/www.africa-press.net\/togo\/politique\/que-font-des-parlementaires-togolais-en-belgique-ce-week-end"},"wordCount":230,"commentCount":0,"image":{"@id":"https:\/\/www.africa-press.net\/togo\/politique\/que-font-des-parlementaires-togolais-en-belgique-ce-week-end#primaryimage"},"thumbnailUrl":"https:\/\/static.africa-press.net\/togo\/sites\/58\/2023\/02\/postQueueImg_1677427354.70.jpg","keywords":["Africa Press","Africa Press-Togo","Togo"],"articleSection":["Politique","Toutes les actualit\u00e9s"],"inLanguage":"fr-FR","potentialAction":[{"@type":"CommentAction","name":"Comment","target":["https:\/\/www.africa-press.net\/togo\/politique\/que-font-des-parlementaires-togolais-en-belgique-ce-week-end#respond"]}]},{"@type":"WebPage","@id":"https:\/\/www.africa-press.net\/togo\/politique\/que-font-des-parlementaires-togolais-en-belgique-ce-week-end","url":"https:\/\/www.africa-press.net\/togo\/politique\/que-font-des-parlementaires-togolais-en-belgique-ce-week-end","name":"Que font des parlementaires Togolais en Belgique ce week-end? - Togo","isPartOf":{"@id":"https:\/\/www.africa-press.net\/togo\/#website"},"primaryImageOfPage":{"@id":"https:\/\/www.africa-press.net\/togo\/politique\/que-font-des-parlementaires-togolais-en-belgique-ce-week-end#primaryimage"},"image":{"@id":"https:\/\/www.africa-press.net\/togo\/politique\/que-font-des-parlementaires-togolais-en-belgique-ce-week-end#primaryimage"},"thumbnailUrl":"https:\/\/static.africa-press.net\/togo\/sites\/58\/2023\/02\/postQueueImg_1677427354.70.jpg","datePublished":"2023-02-26T19:32:32+00:00","dateModified":"2023-02-26T20:21:35+00:00","author":{"@id":"https:\/\/www.africa-press.net\/togo\/#\/schema\/person\/2b1cf3cd81a31e3cd26889ca66d677f1"},"description":"L\u2019Assemble\u0301e parlementaire de l\u2019Organisation des E\u0301tats d\u2019Afrique, des Carai\u0308bes et du Pacifique (OEACP) organise une ...","breadcrumb":{"@id":"https:\/\/www.africa-press.net\/togo\/politique\/que-font-des-parlementaires-togolais-en-belgique-ce-week-end#breadcrumb"},"inLanguage":"fr-FR","potentialAction":[{"@type":"ReadAction","target":["https:\/\/www.africa-press.net\/togo\/politique\/que-font-des-parlementaires-togolais-en-belgique-ce-week-end"]}]},{"@type":"ImageObject","inLanguage":"fr-FR","@id":"https:\/\/www.africa-press.net\/togo\/politique\/que-font-des-parlementaires-togolais-en-belgique-ce-week-end#primaryimage","url":"https:\/\/static.africa-press.net\/togo\/sites\/58\/2023\/02\/postQueueImg_1677427354.70.jpg","contentUrl":"https:\/\/static.africa-press.net\/togo\/sites\/58\/2023\/02\/postQueueImg_1677427354.70.jpg","width":1024,"height":768,"caption":"Que font des parlementaires Togolais en Belgique ce week-end?"},{"@type":"BreadcrumbList","@id":"https:\/\/www.africa-press.net\/togo\/politique\/que-font-des-parlementaires-togolais-en-belgique-ce-week-end#breadcrumb","itemListElement":[{"@type":"ListItem","position":1,"name":"Accueil","item":"https:\/\/www.africa-press.net\/togo\/"},{"@type":"ListItem","position":2,"name":"Que font des parlementaires Togolais en Belgique ce week-end?"}]},{"@type":"WebSite","@id":"https:\/\/www.africa-press.net\/togo\/#website","url":"https:\/\/www.africa-press.net\/togo\/","name":"Togo","description":"Just another Africa News Agency Sites site","potentialAction":[{"@type":"SearchAction","target":{"@type":"EntryPoint","urlTemplate":"https:\/\/www.africa-press.net\/togo\/?s={search_term_string}"},"query-input":{"@type":"PropertyValueSpecification","valueRequired":true,"valueName":"search_term_string"}}],"inLanguage":"fr-FR"},{"@type":"Person","@id":"https:\/\/www.africa-press.net\/togo\/#\/schema\/person\/2b1cf3cd81a31e3cd26889ca66d677f1","name":"cfeditorfr"}]}},"_links":{"self":[{"href":"https:\/\/www.africa-press.net\/togo\/wp-json\/wp\/v2\/posts\/17823","targetHints":{"allow":["GET"]}}],"collection":[{"href":"https:\/\/www.africa-press.net\/togo\/wp-json\/wp\/v2\/posts"}],"about":[{"href":"https:\/\/www.africa-press.net\/togo\/wp-json\/wp\/v2\/types\/post"}],"author":[{"embeddable":true,"href":"https:\/\/www.africa-press.net\/togo\/wp-json\/wp\/v2\/users\/82"}],"replies":[{"embeddable":true,"href":"https:\/\/www.africa-press.net\/togo\/wp-json\/wp\/v2\/comments?post=17823"}],"version-history":[{"count":0,"href":"https:\/\/www.africa-press.net\/togo\/wp-json\/wp\/v2\/posts\/17823\/revisions"}],"wp:featuredmedia":[{"embeddable":true,"href":"https:\/\/www.africa-press.net\/togo\/wp-json\/wp\/v2\/media\/17822"}],"wp:attachment":[{"href":"https:\/\/www.africa-press.net\/togo\/wp-json\/wp\/v2\/media?parent=17823"}],"wp:term":[{"taxonomy":"category","embeddable":true,"href":"https:\/\/www.africa-press.net\/togo\/wp-json\/wp\/v2\/categories?post=17823"},{"taxonomy":"post_tag","embeddable":true,"href":"https:\/\/www.africa-press.net\/togo\/wp-json\/wp\/v2\/tags?post=17823"}],"curies":[{"name":"wp","href":"https:\/\/api.w.org\/{rel}","templated":true}]}}